{"id":20748,"date":"2026-09-03T11:02:16","date_gmt":"2026-09-03T09:02:16","guid":{"rendered":"https:\/\/meiser-tv.de\/medienkritik\/moskau-schliesst-goethe-institute-als-vergeltung-fuer-russisches-haus-in-berlin\/"},"modified":"2026-09-03T11:02:16","modified_gmt":"2026-09-03T09:02:16","slug":"moskau-schliesst-goethe-institute-als-vergeltung-fuer-russisches-haus-in-berlin","status":"publish","type":"post","link":"https:\/\/meiser-tv.de\/en\/medienkritik\/moskau-schliesst-goethe-institute-als-vergeltung-fuer-russisches-haus-in-berlin\/","title":{"rendered":"Moskau schlie\u00dft Goethe-Institute als Vergeltung f\u00fcr \u201eRussisches Haus\u201c in Berlin"},"content":{"rendered":"<div>\n<p>Russland wird alle drei Goethe-Institute im Land schlie\u00dfen \u2013 als direkte Reaktion auf Ma\u00dfnahmen der Bundesregierung gegen das russische Kulturzentrum \u201eRussisches Haus\u201c in Berlin.<\/p>\n<p>Die Bundesregierung hatte nach dem versuchten Drohnenanschlag auf den Flughafen Leipzig\/Halle angek\u00fcndigt, den bilateralen Vertrag mit dem Russischen Haus zu k\u00fcndigen, das als zentraler Arm russischer Kultur- und Einflussarbeit in Deutschland gilt. Moskau reagiert nun spiegelbildlich: Au\u00dfenminister Sergej Lawrow erkl\u00e4rte, die Niederlassungen des Goethe-Instituts w\u00fcrden geschlossen, nachdem das russische Kulturzentrum in Berlin \u201evertrieben\u201c worden sei.<\/p>\n<p>Nach Angaben des Goethe-Instituts betreibt die deutsche Kultureinrichtung in Russland drei Standorte \u2013 in Moskau, St. Petersburg und Jekaterinburg (teilweise auch Nowosibirsk genannt, je nach Quelle und fr\u00fcherer Struktur). Dort werden Sprachkurse, Pr\u00fcfungen, Bibliotheken und Kulturprogramme angeboten und seit Jahrzehnten als zentrale Plattform des deutsch-russischen Kulturaustauschs genutzt. Mit der Schlie\u00dfung gehen sowohl niedrigschwellige Deutsch-Sprachangebote als auch gemeinsame Kulturprojekte verloren.<\/p>\n<p>Die Entscheidung steht in einer l\u00e4ngeren Eskalationslinie: Bereits zuvor hatten russische Beschr\u00e4nkungen zur Reduzierung deutschen Personals in Russland gef\u00fchrt, wovon das Goethe-Institut und andere Bildungs- und Kultureinrichtungen stark betroffen waren. Nun eskaliert der Konflikt weiter in Form eines vollst\u00e4ndigen Kultur-Gegenembargos, das den institutionellen Kulturaustausch zwischen Deutschland und Russland massiv einschr\u00e4nkt.<\/p>\n<p>Ob und in welcher Form das Goethe-Institut k\u00fcnftig noch mit russischen Partnern digital oder \u00fcber Drittstandorte zusammenarbeiten kann, ist derzeit offen; die praktischen Details der Abwicklung der drei Standorte waren in den j\u00fcngsten Meldungen noch nicht abschlie\u00dfend gekl\u00e4rt.<\/p>\n<p><strong>+++<\/strong><\/p>\n<p>Bildquelle: <a target=\"_blank\" rel=\"noopener noreferrer\" href=\"https:\/\/www.shutterstock.com\/de\/g\/ArDanMe?ref=apolut.net\">ArDanMe<\/a> \/ shutterstock<\/p>\n<\/div>","protected":false},"excerpt":{"rendered":"<div>Russland wird alle drei Goethe-Institute im Land schlie\u00dfen \u2013 als direkte Reaktion auf Ma\u00dfnahmen der Bundesregierung gegen das russische Kulturzentrum \u201eRussisches Haus\u201c in Berlin.<\/div>","protected":false},"author":1,"featured_media":20749,"comment_status":"closed","ping_status":"closed","sticky":false,"template":"","format":"standard","meta":{"_gspb_post_css":"","_uag_custom_page_level_css":"","fifu_image_url":"","fifu_image_alt":"","footnotes":""},"categories":[17],"tags":[],"class_list":["post-20748","post","type-post","status-publish","format-standard","has-post-thumbnail","hentry","category-medienkritik"],"blocksy_meta":{"styles_descriptor":{"styles":{"desktop":"","tablet":"","mobile":""},"google_fonts":[],"version":7}},"uagb_featured_image_src":{"full":["https:\/\/mleexelnfod5.i.optimole.com\/cb:wVCc.d1f\/w:auto\/h:auto\/q:mauto\/f:best\/https:\/\/meiser-tv.de\/wp-content\/uploads\/2026\/09\/goethe.jpg",1920,1080,false],"thumbnail":["https:\/\/mleexelnfod5.i.optimole.com\/cb:wVCc.d1f\/w:150\/h:150\/q:mauto\/rt:fill\/g:ce\/f:best\/https:\/\/meiser-tv.de\/wp-content\/uploads\/2026\/09\/goethe.jpg",150,150,true],"medium":["https:\/\/mleexelnfod5.i.optimole.com\/cb:wVCc.d1f\/w:300\/h:169\/q:mauto\/f:best\/https:\/\/meiser-tv.de\/wp-content\/uploads\/2026\/09\/goethe.jpg",300,169,true],"medium_large":["https:\/\/mleexelnfod5.i.optimole.com\/cb:wVCc.d1f\/w:768\/h:432\/q:mauto\/f:best\/https:\/\/meiser-tv.de\/wp-content\/uploads\/2026\/09\/goethe.jpg",768,432,true],"large":["https:\/\/mleexelnfod5.i.optimole.com\/cb:wVCc.d1f\/w:1024\/h:576\/q:mauto\/f:best\/https:\/\/meiser-tv.de\/wp-content\/uploads\/2026\/09\/goethe.jpg",1024,576,true],"1536x1536":["https:\/\/mleexelnfod5.i.optimole.com\/cb:wVCc.d1f\/w:1536\/h:864\/q:mauto\/f:best\/https:\/\/meiser-tv.de\/wp-content\/uploads\/2026\/09\/goethe.jpg",1536,864,true],"2048x2048":["https:\/\/mleexelnfod5.i.optimole.com\/cb:wVCc.d1f\/w:auto\/h:auto\/q:mauto\/f:best\/https:\/\/meiser-tv.de\/wp-content\/uploads\/2026\/09\/goethe.jpg",1920,1080,false],"trp-custom-language-flag":["https:\/\/mleexelnfod5.i.optimole.com\/cb:wVCc.d1f\/w:18\/h:10\/q:mauto\/f:best\/dpr:2\/https:\/\/meiser-tv.de\/wp-content\/uploads\/2026\/09\/goethe.jpg",18,10,true]},"uagb_author_info":{"display_name":"admin","author_link":"https:\/\/meiser-tv.de\/en\/author\/admin\/"},"uagb_comment_info":0,"uagb_excerpt":"Russland wird alle drei Goethe-Institute im Land schlie\u00dfen \u2013 als direkte Reaktion auf Ma\u00dfnahmen der Bundesregierung gegen das russische Kulturzentrum \u201eRussisches Haus\u201c in Berlin.","_links":{"self":[{"href":"https:\/\/meiser-tv.de\/en\/wp-json\/wp\/v2\/posts\/20748","targetHints":{"allow":["GET"]}}],"collection":[{"href":"https:\/\/meiser-tv.de\/en\/wp-json\/wp\/v2\/posts"}],"about":[{"href":"https:\/\/meiser-tv.de\/en\/wp-json\/wp\/v2\/types\/post"}],"author":[{"embeddable":true,"href":"https:\/\/meiser-tv.de\/en\/wp-json\/wp\/v2\/users\/1"}],"replies":[{"embeddable":true,"href":"https:\/\/meiser-tv.de\/en\/wp-json\/wp\/v2\/comments?post=20748"}],"version-history":[{"count":0,"href":"https:\/\/meiser-tv.de\/en\/wp-json\/wp\/v2\/posts\/20748\/revisions"}],"wp:featuredmedia":[{"embeddable":true,"href":"https:\/\/meiser-tv.de\/en\/wp-json\/wp\/v2\/media\/20749"}],"wp:attachment":[{"href":"https:\/\/meiser-tv.de\/en\/wp-json\/wp\/v2\/media?parent=20748"}],"wp:term":[{"taxonomy":"category","embeddable":true,"href":"https:\/\/meiser-tv.de\/en\/wp-json\/wp\/v2\/categories?post=20748"},{"taxonomy":"post_tag","embeddable":true,"href":"https:\/\/meiser-tv.de\/en\/wp-json\/wp\/v2\/tags?post=20748"}],"curies":[{"name":"wp","href":"https:\/\/api.w.org\/{rel}","templated":true}]}}