{"id":20750,"date":"2026-09-03T11:03:04","date_gmt":"2026-09-03T09:03:04","guid":{"rendered":"https:\/\/meiser-tv.de\/politik\/nordische-laender-bauen-zusammenarbeit-bei-katastrophenvorsorge-aus\/"},"modified":"2026-09-03T11:03:04","modified_gmt":"2026-09-03T09:03:04","slug":"nordische-laender-bauen-zusammenarbeit-bei-katastrophenvorsorge-aus","status":"publish","type":"post","link":"https:\/\/meiser-tv.de\/en\/politik\/nordische-laender-bauen-zusammenarbeit-bei-katastrophenvorsorge-aus\/","title":{"rendered":"Nordische L\u00e4nder bauen Zusammenarbeit bei Katastrophenvorsorge aus"},"content":{"rendered":"<div>\n<p>In einer gemeinsamen Erkl\u00e4rung haben sich Norwegen, Schweden, Finnland, Island und D\u00e4nemark sowie \u00c5land, die F\u00e4r\u00f6er-Inseln und Gr\u00f6nland bereit erkl\u00e4rt, bei der Versorgungssicherheit und der Katastrophenvorsorge verst\u00e4rkt zusammenzuarbeiten. Die Nachrichtenseite <em>BusinessPortal Norwegen<\/em>\u00a0<a href=\"https:\/\/businessportal-norwegen.com\/2026\/09\/02\/nordische-laender-verstaerken-zusammenarbeit-im-bereich-der-versorgungssicherheit\/\" target=\"_blank\" rel=\"noopener noreferrer\">berichtet<\/a> dar\u00fcber am Mittwoch.<\/p>\n<p>Wie es hei\u00dft, einigten sich die nordischen L\u00e4nder darauf, die Kooperation zur Aufrechterhaltung der Produktion, Logistik und des Vertriebs lebenswichtiger G\u00fcter und Dienstleistungen in Krisen- und Kriegszeiten weiter auszubauen. Die Zusammenarbeit werde im Nordic Security of Supply Network (NSSN) verankert sein, das 2023 gegr\u00fcndet wurde. Es werde unter anderem eine Studie \u00fcber die M\u00f6glichkeiten einer weiteren Zusammenarbeit erarbeitet, hei\u00dft es weiter im Bericht.<\/p>\n<p>Dank der j\u00fcngst unterzeichneten Erkl\u00e4rung k\u00f6nne die verst\u00e4rkte Zusammenarbeit in folgenden Bereichen erleichtert werden:<\/p>\n<ul>\n<li>Weiterentwicklung von Systemen zur Sicherstellung des Waren- und Dienstleistungsflusses in Krisen- und Kriegszeiten;<\/li>\n<li>\u00d6ffentlich-private Zusammenarbeit in den Bereichen Versorgungssicherheit und Notfallvorsorge;<\/li>\n<li>Notfalllagerung und Materialbereitschaft;<\/li>\n<li>Zugang zu kritischen Rohstoffen und strategischen Ressourcen;<\/li>\n<li>Austausch von Erfahrungen und Wissen zwischen den L\u00e4ndern.<\/li>\n<\/ul>\n<p>Wie die norwegische Handels- und Industrieministerin Cecilie Myrseth feststellte, k\u00f6nne dies f\u00fcr die Industrie in Krisenzeiten zu mehr Sicherheit und einem besseren Zugang zu Rohstoffen und Fachkr\u00e4ften beitragen. Der Warenverkehr \u00fcber die nordischen Grenzen hinweg k\u00f6nne fortgesetzt werden.<\/p>\n<p>&#8222;Auch unsere Exportindustrien profitieren in Krisen- und Kriegszeiten von einer h\u00f6heren Planbarkeit&#8220;, so die Ministerin weiter. &#8222;Wir begr\u00fc\u00dfen diese Initiative daher und freuen uns auf den weiteren Ausbau der Zusammenarbeit mit unseren nordischen Nachbarn&#8220;, f\u00fcgte sie hinzu.<\/p>\n<p>&#8222;Eine starke Gesellschaft braucht eine zuverl\u00e4ssige Versorgung&#8220;, <a href=\"https:\/\/www.government.se\/press-releases\/2026\/09\/nordic-countries-sign-joint-nordic-declaration-on-security-of-supply\/\" target=\"_blank\" rel=\"noopener noreferrer\">meinte<\/a>\u00a0Schwedens Minister f\u00fcr Zivilschutz, Carl-Oskar Bohlin, laut einer Mitteilung der schwedischen Regierung. Durch engere Zusammenarbeit k\u00f6nnten die nordischen L\u00e4nder die gesamte Region st\u00e4rken und die F\u00e4higkeit verbessern, Herausforderungen vorzubeugen und sie zu bew\u00e4ltigen.<\/p>\n<p>Man werde gemeinsam sicherstellen, dass Menschen und Organisationen auch in schweren Krisen Zugang zu den ben\u00f6tigten G\u00fctern und Dienstleistungen erhalten, betonte der Minister.<\/p>\n<p><strong>Mehr zum Thema<\/strong>\u00a0\u2012 <a target=\"_blank\" rel=\"noopener noreferrer\" href=\"https:\/\/freedert.online\/europa\/290321-harter-rueckschlag-fuer-bruessel-islaender\/\">Harter R\u00fcckschlag f\u00fcr Br\u00fcssel: Isl\u00e4nder lehnen einen Beitritt zur EU ab\u00a0<\/a><\/p>\n<div class=\"EmbedBlock-root EmbedBlock-externalVideo EmbedBlock-rumble\">\n<div class=\"VkEmbed\"><iframe class=\"lazyload\" data-src=\"https:\/\/rumble.com\/embed\/v7ct56i\" frameborder=\"0\" width=\"853\" height=\"480\" allowfullscreen><\/iframe><\/div>\n<\/p><\/div>\n<\/div>","protected":false},"excerpt":{"rendered":"<p>In einer gemeinsamen Erkl\u00e4rung haben sich Norwegen, Schweden, Finnland, Island und D\u00e4nemark sowie \u00c5land, die F\u00e4r\u00f6er-Inseln und Gr\u00f6nland bereit erkl\u00e4rt, bei der Versorgungssicherheit und der Katastrophenvorsorge verst\u00e4rkt zusammenzuarbeiten. Die Nachrichtenseite BusinessPortal Norwegen\u00a0berichtet dar\u00fcber am Mittwoch. Wie es hei\u00dft, einigten sich die nordischen L\u00e4nder darauf, die Kooperation zur Aufrechterhaltung der Produktion, Logistik und des Vertriebs lebenswichtiger [&hellip;]<\/p>\n","protected":false},"author":1,"featured_media":4846,"comment_status":"closed","ping_status":"closed","sticky":false,"template":"","format":"standard","meta":{"_gspb_post_css":"","_uag_custom_page_level_css":"","fifu_image_url":"","fifu_image_alt":"","footnotes":""},"categories":[5],"tags":[],"class_list":["post-20750","post","type-post","status-publish","format-standard","has-post-thumbnail","hentry","category-politik"],"blocksy_meta":{"styles_descriptor":{"styles":{"desktop":"","tablet":"","mobile":""},"google_fonts":[],"version":7}},"uagb_featured_image_src":{"full":["https:\/\/mleexelnfod5.i.optimole.com\/w:auto\/h:auto\/q:mauto\/f:best\/https:\/\/i2.wp.com\/meiser-tv.de\/wp-content\/uploads\/2026\/05\/RSS-Hintergrund.jpg?w=1920&fit=1920,1080&ssl=1",1920,1080,true],"thumbnail":["https:\/\/mleexelnfod5.i.optimole.com\/w:auto\/h:auto\/q:mauto\/f:best\/https:\/\/i2.wp.com\/meiser-tv.de\/wp-content\/uploads\/2026\/05\/RSS-Hintergrund.jpg?w=150&resize=150,150&ssl=1",150,150,true],"medium":["https:\/\/mleexelnfod5.i.optimole.com\/w:auto\/h:auto\/q:mauto\/f:best\/https:\/\/i2.wp.com\/meiser-tv.de\/wp-content\/uploads\/2026\/05\/RSS-Hintergrund.jpg?w=300&fit=300,300&ssl=1",300,300,true],"medium_large":["https:\/\/mleexelnfod5.i.optimole.com\/w:auto\/h:auto\/q:mauto\/f:best\/https:\/\/i2.wp.com\/meiser-tv.de\/wp-content\/uploads\/2026\/05\/RSS-Hintergrund.jpg?w=768&resize=768,0&ssl=1",768,0,true],"large":["https:\/\/mleexelnfod5.i.optimole.com\/w:auto\/h:auto\/q:mauto\/f:best\/https:\/\/i2.wp.com\/meiser-tv.de\/wp-content\/uploads\/2026\/05\/RSS-Hintergrund.jpg?w=1024&fit=1024,1024&ssl=1",1024,1024,true],"1536x1536":["https:\/\/mleexelnfod5.i.optimole.com\/w:auto\/h:auto\/q:mauto\/f:best\/https:\/\/i2.wp.com\/meiser-tv.de\/wp-content\/uploads\/2026\/05\/RSS-Hintergrund.jpg?w=1536&fit=1536,1536&ssl=1",1536,1536,true],"2048x2048":["https:\/\/mleexelnfod5.i.optimole.com\/w:auto\/h:auto\/q:mauto\/f:best\/https:\/\/i2.wp.com\/meiser-tv.de\/wp-content\/uploads\/2026\/05\/RSS-Hintergrund.jpg?w=2048&fit=2048,2048&ssl=1",2048,2048,true],"trp-custom-language-flag":["https:\/\/mleexelnfod5.i.optimole.com\/w:auto\/h:auto\/q:mauto\/f:best\/https:\/\/i2.wp.com\/meiser-tv.de\/wp-content\/uploads\/2026\/05\/RSS-Hintergrund.jpg?w=18&fit=18,12&ssl=1",18,12,true]},"uagb_author_info":{"display_name":"admin","author_link":"https:\/\/meiser-tv.de\/en\/author\/admin\/"},"uagb_comment_info":0,"uagb_excerpt":"In einer gemeinsamen Erkl\u00e4rung haben sich Norwegen, Schweden, Finnland, Island und D\u00e4nemark sowie \u00c5land, die F\u00e4r\u00f6er-Inseln und Gr\u00f6nland bereit erkl\u00e4rt, bei der Versorgungssicherheit und der Katastrophenvorsorge verst\u00e4rkt zusammenzuarbeiten. Die Nachrichtenseite BusinessPortal Norwegen\u00a0berichtet dar\u00fcber am Mittwoch. Wie es hei\u00dft, einigten sich die nordischen L\u00e4nder darauf, die Kooperation zur Aufrechterhaltung der Produktion, Logistik und des Vertriebs lebenswichtiger&hellip;","_links":{"self":[{"href":"https:\/\/meiser-tv.de\/en\/wp-json\/wp\/v2\/posts\/20750","targetHints":{"allow":["GET"]}}],"collection":[{"href":"https:\/\/meiser-tv.de\/en\/wp-json\/wp\/v2\/posts"}],"about":[{"href":"https:\/\/meiser-tv.de\/en\/wp-json\/wp\/v2\/types\/post"}],"author":[{"embeddable":true,"href":"https:\/\/meiser-tv.de\/en\/wp-json\/wp\/v2\/users\/1"}],"replies":[{"embeddable":true,"href":"https:\/\/meiser-tv.de\/en\/wp-json\/wp\/v2\/comments?post=20750"}],"version-history":[{"count":0,"href":"https:\/\/meiser-tv.de\/en\/wp-json\/wp\/v2\/posts\/20750\/revisions"}],"wp:featuredmedia":[{"embeddable":true,"href":"https:\/\/meiser-tv.de\/en\/wp-json\/wp\/v2\/media\/4846"}],"wp:attachment":[{"href":"https:\/\/meiser-tv.de\/en\/wp-json\/wp\/v2\/media?parent=20750"}],"wp:term":[{"taxonomy":"category","embeddable":true,"href":"https:\/\/meiser-tv.de\/en\/wp-json\/wp\/v2\/categories?post=20750"},{"taxonomy":"post_tag","embeddable":true,"href":"https:\/\/meiser-tv.de\/en\/wp-json\/wp\/v2\/tags?post=20750"}],"curies":[{"name":"wp","href":"https:\/\/api.w.org\/{rel}","templated":true}]}}