{"id":20751,"date":"2026-09-03T11:03:04","date_gmt":"2026-09-03T09:03:04","guid":{"rendered":"https:\/\/meiser-tv.de\/politik\/anschlagsversuch-auf-ruestungsunternehmen-in-muenchen-vermutet-zwei-festnahmen\/"},"modified":"2026-09-03T11:03:04","modified_gmt":"2026-09-03T09:03:04","slug":"anschlagsversuch-auf-ruestungsunternehmen-in-muenchen-vermutet-zwei-festnahmen","status":"publish","type":"post","link":"https:\/\/meiser-tv.de\/en\/politik\/anschlagsversuch-auf-ruestungsunternehmen-in-muenchen-vermutet-zwei-festnahmen\/","title":{"rendered":"Anschlagsversuch auf R\u00fcstungsunternehmen in M\u00fcnchen vermutet \u2013 zwei Festnahmen"},"content":{"rendered":"<div>\n<p>In der Nacht zu Donnerstag ist in M\u00fcnchen ein mutma\u00dflicher Brandanschlag auf ein R\u00fcstungsunternehmen gescheitert. Das Bayerische Landeskriminalamt (BLKA), das die Ermittlungen \u00fcbernommen hat, geht von einem m\u00f6glichen Anschlagsversuch mit politischem Hintergrund aus.<\/p>\n<p>Gegen Mitternacht alarmierte ein Passant die Polizei, nachdem er beobachtet hatte, wie aus einem Auto heraus mehrere Brands\u00e4tze auf eine Baustelle in der M\u00fchldorfstra\u00dfe im Stadtteil Berg am Laim geworfen wurden, berichtet die\u00a0<em>S\u00fcddeutsche<\/em>\u00a0<em>Zeitung (SZ).<\/em> In unmittelbarer N\u00e4he befinden sich unter anderem die R\u00fcstungsunternehmen Rohde &amp; Schwarz und Helsing.<\/p>\n<p>Nach Angaben der M\u00fcnchner Polizei wurde einer der Brands\u00e4tze von den eintreffenden Beamten gel\u00f6scht. Mindestens ein weiterer Brandsatz, der nicht gez\u00fcndet hatte, wurde sp\u00e4ter von Spezialisten des Bayerischen Landeskriminalamts (BLKA) entsch\u00e4rft. Dies best\u00e4tigte ein Sprecher der Beh\u00f6rde gegen\u00fcber der <em>SZ<\/em>.<\/p>\n<p>Bei der umgehend eingeleiteten Fahndung nahm die Polizei zwei Tatverd\u00e4chtige fest: eine 28-j\u00e4hrige Frau und einen 38-j\u00e4hrigen Mann. Beide haben die bulgarische Staatsangeh\u00f6rigkeit.<\/p>\n<p data-pm-slice=\"1 1 []\">Dem Vernehmen nach wurden die Brands\u00e4tze vor der Firmenzentrale von Rohde &amp; Schwarz aus einem Auto geworfen. Der Hauptsitz des Drohnenherstellers Helsing liegt schr\u00e4g gegen\u00fcber. Deswegen wird durch die Ermittler auch ein politischer Hintergrund der Aktion gepr\u00fcft. Rohde &amp; Schwarz entwickelt unter anderem Kommunikationssysteme f\u00fcr Beh\u00f6rden und die Bundeswehr. Das 2021 gegr\u00fcndete Start-up Helsing ist vor allem auf die Entwicklung von Drohnen und Verteidigungstechnologien spezialisiert.<\/p>\n<p data-pm-slice=\"1 1 []\">Bereits gestern\u00a0hatte ein mutma\u00dflicher Anschlagsversuch im Rheinland f\u00fcr Aufsehen gesorgt. Nach einer St\u00f6rung an einem Umspannwerk im Rhein-Erft-Kreis bei K\u00f6ln ging die Polizei von einer vors\u00e4tzlichen Tat aus. In der Folge mussten f\u00fcnf Kraftwerksbl\u00f6cke vom Netz genommen werden.<\/p>\n<p data-pm-slice=\"1 1 []\"><strong>Mehr zum Thema<\/strong>\u00a0\u2013 <a href=\"https:\/\/freedert.online\/russland\/290527-moskau-schliesst-goethe-institut-in\/\" target=\"_blank\" rel=\"noopener noreferrer\">Moskau schlie\u00dft alle drei Goethe-Institute in Russland<\/a><\/p>\n<div class=\"EmbedBlock-root EmbedBlock-externalVideo EmbedBlock-rumble\">\n<div class=\"VkEmbed\"><iframe class=\"lazyload\" data-src=\"https:\/\/rumble.com\/embed\/v7cto54\" frameborder=\"0\" width=\"853\" height=\"480\" allowfullscreen><\/iframe><\/div>\n<\/p><\/div>\n<\/p>\n<\/div>","protected":false},"excerpt":{"rendered":"<p>In der Nacht zu Donnerstag ist in M\u00fcnchen ein mutma\u00dflicher Brandanschlag auf ein R\u00fcstungsunternehmen gescheitert. Das Bayerische Landeskriminalamt (BLKA), das die Ermittlungen \u00fcbernommen hat, geht von einem m\u00f6glichen Anschlagsversuch mit politischem Hintergrund aus. Gegen Mitternacht alarmierte ein Passant die Polizei, nachdem er beobachtet hatte, wie aus einem Auto heraus mehrere Brands\u00e4tze auf eine Baustelle in [&hellip;]<\/p>\n","protected":false},"author":1,"featured_media":4846,"comment_status":"closed","ping_status":"closed","sticky":false,"template":"","format":"standard","meta":{"_gspb_post_css":"","_uag_custom_page_level_css":"","fifu_image_url":"","fifu_image_alt":"","footnotes":""},"categories":[5],"tags":[],"class_list":["post-20751","post","type-post","status-publish","format-standard","has-post-thumbnail","hentry","category-politik"],"blocksy_meta":{"styles_descriptor":{"styles":{"desktop":"","tablet":"","mobile":""},"google_fonts":[],"version":7}},"uagb_featured_image_src":{"full":["https:\/\/mleexelnfod5.i.optimole.com\/w:auto\/h:auto\/q:mauto\/f:best\/https:\/\/i2.wp.com\/meiser-tv.de\/wp-content\/uploads\/2026\/05\/RSS-Hintergrund.jpg?w=1920&fit=1920,1080&ssl=1",1920,1080,true],"thumbnail":["https:\/\/mleexelnfod5.i.optimole.com\/w:auto\/h:auto\/q:mauto\/f:best\/https:\/\/i2.wp.com\/meiser-tv.de\/wp-content\/uploads\/2026\/05\/RSS-Hintergrund.jpg?w=150&resize=150,150&ssl=1",150,150,true],"medium":["https:\/\/mleexelnfod5.i.optimole.com\/w:auto\/h:auto\/q:mauto\/f:best\/https:\/\/i2.wp.com\/meiser-tv.de\/wp-content\/uploads\/2026\/05\/RSS-Hintergrund.jpg?w=300&fit=300,300&ssl=1",300,300,true],"medium_large":["https:\/\/mleexelnfod5.i.optimole.com\/w:auto\/h:auto\/q:mauto\/f:best\/https:\/\/i2.wp.com\/meiser-tv.de\/wp-content\/uploads\/2026\/05\/RSS-Hintergrund.jpg?w=768&resize=768,0&ssl=1",768,0,true],"large":["https:\/\/mleexelnfod5.i.optimole.com\/w:auto\/h:auto\/q:mauto\/f:best\/https:\/\/i2.wp.com\/meiser-tv.de\/wp-content\/uploads\/2026\/05\/RSS-Hintergrund.jpg?w=1024&fit=1024,1024&ssl=1",1024,1024,true],"1536x1536":["https:\/\/mleexelnfod5.i.optimole.com\/w:auto\/h:auto\/q:mauto\/f:best\/https:\/\/i2.wp.com\/meiser-tv.de\/wp-content\/uploads\/2026\/05\/RSS-Hintergrund.jpg?w=1536&fit=1536,1536&ssl=1",1536,1536,true],"2048x2048":["https:\/\/mleexelnfod5.i.optimole.com\/w:auto\/h:auto\/q:mauto\/f:best\/https:\/\/i2.wp.com\/meiser-tv.de\/wp-content\/uploads\/2026\/05\/RSS-Hintergrund.jpg?w=2048&fit=2048,2048&ssl=1",2048,2048,true],"trp-custom-language-flag":["https:\/\/mleexelnfod5.i.optimole.com\/w:auto\/h:auto\/q:mauto\/f:best\/https:\/\/i2.wp.com\/meiser-tv.de\/wp-content\/uploads\/2026\/05\/RSS-Hintergrund.jpg?w=18&fit=18,12&ssl=1",18,12,true]},"uagb_author_info":{"display_name":"admin","author_link":"https:\/\/meiser-tv.de\/en\/author\/admin\/"},"uagb_comment_info":0,"uagb_excerpt":"In der Nacht zu Donnerstag ist in M\u00fcnchen ein mutma\u00dflicher Brandanschlag auf ein R\u00fcstungsunternehmen gescheitert. Das Bayerische Landeskriminalamt (BLKA), das die Ermittlungen \u00fcbernommen hat, geht von einem m\u00f6glichen Anschlagsversuch mit politischem Hintergrund aus. Gegen Mitternacht alarmierte ein Passant die Polizei, nachdem er beobachtet hatte, wie aus einem Auto heraus mehrere Brands\u00e4tze auf eine Baustelle in&hellip;","_links":{"self":[{"href":"https:\/\/meiser-tv.de\/en\/wp-json\/wp\/v2\/posts\/20751","targetHints":{"allow":["GET"]}}],"collection":[{"href":"https:\/\/meiser-tv.de\/en\/wp-json\/wp\/v2\/posts"}],"about":[{"href":"https:\/\/meiser-tv.de\/en\/wp-json\/wp\/v2\/types\/post"}],"author":[{"embeddable":true,"href":"https:\/\/meiser-tv.de\/en\/wp-json\/wp\/v2\/users\/1"}],"replies":[{"embeddable":true,"href":"https:\/\/meiser-tv.de\/en\/wp-json\/wp\/v2\/comments?post=20751"}],"version-history":[{"count":0,"href":"https:\/\/meiser-tv.de\/en\/wp-json\/wp\/v2\/posts\/20751\/revisions"}],"wp:featuredmedia":[{"embeddable":true,"href":"https:\/\/meiser-tv.de\/en\/wp-json\/wp\/v2\/media\/4846"}],"wp:attachment":[{"href":"https:\/\/meiser-tv.de\/en\/wp-json\/wp\/v2\/media?parent=20751"}],"wp:term":[{"taxonomy":"category","embeddable":true,"href":"https:\/\/meiser-tv.de\/en\/wp-json\/wp\/v2\/categories?post=20751"},{"taxonomy":"post_tag","embeddable":true,"href":"https:\/\/meiser-tv.de\/en\/wp-json\/wp\/v2\/tags?post=20751"}],"curies":[{"name":"wp","href":"https:\/\/api.w.org\/{rel}","templated":true}]}}