{"id":20775,"date":"2026-09-03T13:02:24","date_gmt":"2026-09-03T11:02:24","guid":{"rendered":"https:\/\/meiser-tv.de\/news\/volkswagen-krise-die-hoechst-gefaehrliche-lage-vor-dem-gipfel-des-aufsichtsrats-a-491260f2-808b-4525-9821-722a58cc3ea0\/"},"modified":"2026-09-03T13:02:24","modified_gmt":"2026-09-03T11:02:24","slug":"volkswagen-krise-die-hoechst-gefaehrliche-lage-vor-dem-gipfel-des-aufsichtsrats-a-491260f2-808b-4525-9821-722a58cc3ea0","status":"publish","type":"post","link":"https:\/\/meiser-tv.de\/en\/news\/volkswagen-krise-die-hoechst-gefaehrliche-lage-vor-dem-gipfel-des-aufsichtsrats-a-491260f2-808b-4525-9821-722a58cc3ea0\/","title":{"rendered":"Volkswagen-Krise: Die h\u00f6chst gef\u00e4hrliche Lage vor dem Gipfel des Aufsichtsrats"},"content":{"rendered":"<div>Vor der Aufsichtsratssitzung steigt die Nervosit\u00e4t. Die Gespr\u00e4che \u00fcber die Zukunft von mehr als 50.000 Jobs laufen weiter, eigentlich soll auch eine L\u00f6sung f\u00fcr das Werk in Osnabr\u00fcck beschlossen werden. Doch am Ende k\u00f6nnte alles platzen.<\/div>","protected":false},"excerpt":{"rendered":"<div>Vor der Aufsichtsratssitzung steigt die Nervosit\u00e4t. Die Gespr\u00e4che \u00fcber die Zukunft von mehr als 50.000 Jobs laufen weiter, eigentlich soll auch eine L\u00f6sung f\u00fcr das Werk in Osnabr\u00fcck beschlossen werden. Doch am Ende k\u00f6nnte alles platzen.<\/div>","protected":false},"author":1,"featured_media":4846,"comment_status":"closed","ping_status":"closed","sticky":false,"template":"","format":"standard","meta":{"_gspb_post_css":"","_uag_custom_page_level_css":"","fifu_image_url":"","fifu_image_alt":"","footnotes":""},"categories":[18],"tags":[],"class_list":["post-20775","post","type-post","status-publish","format-standard","has-post-thumbnail","hentry","category-news"],"blocksy_meta":{"styles_descriptor":{"styles":{"desktop":"","tablet":"","mobile":""},"google_fonts":[],"version":8}},"uagb_featured_image_src":{"full":["https:\/\/mleexelnfod5.i.optimole.com\/w:auto\/h:auto\/q:mauto\/f:best\/https:\/\/i2.wp.com\/meiser-tv.de\/wp-content\/uploads\/2026\/05\/RSS-Hintergrund.jpg?w=1920&fit=1920,1080&ssl=1",1920,1080,true],"thumbnail":["https:\/\/mleexelnfod5.i.optimole.com\/w:auto\/h:auto\/q:mauto\/f:best\/https:\/\/i2.wp.com\/meiser-tv.de\/wp-content\/uploads\/2026\/05\/RSS-Hintergrund.jpg?w=150&resize=150,150&ssl=1",150,150,true],"medium":["https:\/\/mleexelnfod5.i.optimole.com\/w:auto\/h:auto\/q:mauto\/f:best\/https:\/\/i2.wp.com\/meiser-tv.de\/wp-content\/uploads\/2026\/05\/RSS-Hintergrund.jpg?w=300&fit=300,300&ssl=1",300,300,true],"medium_large":["https:\/\/mleexelnfod5.i.optimole.com\/w:auto\/h:auto\/q:mauto\/f:best\/https:\/\/i2.wp.com\/meiser-tv.de\/wp-content\/uploads\/2026\/05\/RSS-Hintergrund.jpg?w=768&resize=768,0&ssl=1",768,0,true],"large":["https:\/\/mleexelnfod5.i.optimole.com\/w:auto\/h:auto\/q:mauto\/f:best\/https:\/\/i2.wp.com\/meiser-tv.de\/wp-content\/uploads\/2026\/05\/RSS-Hintergrund.jpg?w=1024&fit=1024,1024&ssl=1",1024,1024,true],"1536x1536":["https:\/\/mleexelnfod5.i.optimole.com\/w:auto\/h:auto\/q:mauto\/f:best\/https:\/\/i2.wp.com\/meiser-tv.de\/wp-content\/uploads\/2026\/05\/RSS-Hintergrund.jpg?w=1536&fit=1536,1536&ssl=1",1536,1536,true],"2048x2048":["https:\/\/mleexelnfod5.i.optimole.com\/w:auto\/h:auto\/q:mauto\/f:best\/https:\/\/i2.wp.com\/meiser-tv.de\/wp-content\/uploads\/2026\/05\/RSS-Hintergrund.jpg?w=2048&fit=2048,2048&ssl=1",2048,2048,true],"trp-custom-language-flag":["https:\/\/mleexelnfod5.i.optimole.com\/w:auto\/h:auto\/q:mauto\/f:best\/https:\/\/i2.wp.com\/meiser-tv.de\/wp-content\/uploads\/2026\/05\/RSS-Hintergrund.jpg?w=18&fit=18,12&ssl=1",18,12,true]},"uagb_author_info":{"display_name":"admin","author_link":"https:\/\/meiser-tv.de\/en\/author\/admin\/"},"uagb_comment_info":0,"uagb_excerpt":"Vor der Aufsichtsratssitzung steigt die Nervosit\u00e4t. Die Gespr\u00e4che \u00fcber die Zukunft von mehr als 50.000 Jobs laufen weiter, eigentlich soll auch eine L\u00f6sung f\u00fcr das Werk in Osnabr\u00fcck beschlossen werden. Doch am Ende k\u00f6nnte alles platzen.","_links":{"self":[{"href":"https:\/\/meiser-tv.de\/en\/wp-json\/wp\/v2\/posts\/20775","targetHints":{"allow":["GET"]}}],"collection":[{"href":"https:\/\/meiser-tv.de\/en\/wp-json\/wp\/v2\/posts"}],"about":[{"href":"https:\/\/meiser-tv.de\/en\/wp-json\/wp\/v2\/types\/post"}],"author":[{"embeddable":true,"href":"https:\/\/meiser-tv.de\/en\/wp-json\/wp\/v2\/users\/1"}],"replies":[{"embeddable":true,"href":"https:\/\/meiser-tv.de\/en\/wp-json\/wp\/v2\/comments?post=20775"}],"version-history":[{"count":0,"href":"https:\/\/meiser-tv.de\/en\/wp-json\/wp\/v2\/posts\/20775\/revisions"}],"wp:featuredmedia":[{"embeddable":true,"href":"https:\/\/meiser-tv.de\/en\/wp-json\/wp\/v2\/media\/4846"}],"wp:attachment":[{"href":"https:\/\/meiser-tv.de\/en\/wp-json\/wp\/v2\/media?parent=20775"}],"wp:term":[{"taxonomy":"category","embeddable":true,"href":"https:\/\/meiser-tv.de\/en\/wp-json\/wp\/v2\/categories?post=20775"},{"taxonomy":"post_tag","embeddable":true,"href":"https:\/\/meiser-tv.de\/en\/wp-json\/wp\/v2\/tags?post=20775"}],"curies":[{"name":"wp","href":"https:\/\/api.w.org\/{rel}","templated":true}]}}