{"id":20777,"date":"2026-09-03T13:02:48","date_gmt":"2026-09-03T11:02:48","guid":{"rendered":"https:\/\/meiser-tv.de\/politik\/bsw-sonderparteitag-in-erfurt-landesverband-thueringen-vor-zerreissprobe\/"},"modified":"2026-09-03T13:02:48","modified_gmt":"2026-09-03T11:02:48","slug":"bsw-sonderparteitag-in-erfurt-landesverband-thueringen-vor-zerreissprobe","status":"publish","type":"post","link":"https:\/\/meiser-tv.de\/en\/politik\/bsw-sonderparteitag-in-erfurt-landesverband-thueringen-vor-zerreissprobe\/","title":{"rendered":"BSW-Sonderparteitag in Erfurt \u2013 Landesverband Th\u00fcringen vor Zerrei\u00dfprobe"},"content":{"rendered":"<div>\n<p>In Th\u00fcringen eskaliert der sich kontinuierlich aufbauende\u00a0interne Machtkampf des BSW-Landesverbands.\u00a0Am 6. September soll nun ein Sonderparteitag in Erfurt den andauernden Streit rund um die Brombeer-Koalition und damit verbundene Parteiaustritte kl\u00e4ren. Zuvor hatte der\u00a0Th\u00fcringer Landesvorstand um Katja Wolf und Gernot S\u00fc\u00dfmuth abgelehnt, die sogenannte &#8222;Brombeer-Koalition&#8220; mit der CDU und der SPD zu beenden, ausgehend von der Aberkennung des Doktorgrades von CDU-Ministerpr\u00e4sident Mario Voigt.<\/p>\n<p>Am kommenden Sonntag k\u00e4mpft das BSW in Sachsen-Anhalt um das politische \u00dcberleben. Daf\u00fcr sind erhoffte W\u00e4hlerstimmen rund um die fragile Chance des Einzugs in das Landesparlament in Magdeburg notwendig. Rund 160 Kilometer entfernt treffen sich die Parteikollegen des Landesverbands Th\u00fcringen, um das andauernde Chaos seit Jahresbeginn zu diskutieren. Hauptthema ist die Zukunft als aktuelle Koalitionspartei in der Landesregierung.<\/p>\n<p>Dabei verlie\u00dfen am Mittwoch\u00a0drei BSW-Abgeordnete die Partei und die Fraktion, wodurch das BSW mit seiner\u00a0Fraktion in der mitregierenden Partei von urspr\u00fcnglich 15 auf 12 Mitglieder schrumpft. Die bisherige Patt-Regierung wird somit zur Minderheitsregierung. Auf der Webseite des BSW hei\u00dft es zum Sonderparteitag am 6. September:<\/p>\n<p><em>&#8222;Im Fokus steht die Generaldebatte und Aussprache auf Grundlage der Antr\u00e4ge zur Einberufung des Sonderparteitags der\u00a0<\/em><em>Kreisverb\u00e4nde\u00a0Nordhausen,\u00a0Eichsfeld,\u00a0Kyffh\u00e4userkreis, Unstrut-Hainich, Ilm-Kreis und Wartburgkreis.&#8220;<\/em><\/p>\n<p>Die <em>Th\u00fcringer Allgemeine<\/em> (Bezahlschranke) stellt zum j\u00fcngsten Chaos im BSW-Landesverband die Frage:<\/p>\n<p><em>&#8222;Steht jetzt die Regierungskoalition final auf der Kippe? Die Landtagsabgeordneten Stefan Wogawa, Dirk Hoffmeister und Roberto Kobelt sind am Mittwoch aus dem BSW und aus der Fraktion ausgetreten. Damit haben binnen weniger Tage insgesamt vier Landtagsabgeordnete der Wagenknecht-Partei in Th\u00fcringen den R\u00fccken gekehrt. Bereits am Montag hatte Matthias Herzog seinen Austritt erkl\u00e4rt. Jetzt zerf\u00e4llt auch die Fraktion.&#8220;\u00a0\u00a0<\/em><\/p>\n<p>Der Termin am Sonntag sorgte im Vorfeld laut <em>Welt<\/em>-Artikel (Bezahlschranke) &#8222;f\u00fcr Unmut&#8220; bei den anderen 15 Landesverb\u00e4nden der Partei. Grund sei die mit Spannung erwartete Landtagswahl in Sachsen-Anhalt. In einem Brief forderten die Landesvorsitzenden daher, den Sonderparteitag in Th\u00fcringen zu verschieben. Dass dieser am Tag der Landtagswahl in Sachsen-Anhalt geplant sei, &#8222;haben wir mit Irritation zur Kenntnis genommen&#8220;, hei\u00dft es in dem Schreiben, das von der <em>dpa<\/em>-Agentur zitiert wurde.<\/p>\n<p>Die <em>Berliner Zeitung<\/em>\u00a0<a href=\"https:\/\/www.berliner-zeitung.de\/article\/bsw-aufstand-gegen-katja-wolf-in-thueringen-eskaliert-der-machtkampf-10349567\" target=\"_blank\" rel=\"noopener noreferrer\">berichtet<\/a>, dass\u00a0zuvor bereits &#8222;80 von etwa 550 Th\u00fcringer BSW-Mitgliedern&#8220; bereits im Sommer einen kritischen Brief unterst\u00fctzten, in dem im politischen Alltag &#8222;zu wenig BSW-Politik und zu viel N\u00e4he zu CDU und SPD beklagt wurden&#8220;. Die entsprechenden Landesverb\u00e4nde der Brombeer-Kritiker forderten daraufhin den Sonderparteitag in Erfurt.<\/p>\n<p>Exemplarisch f\u00fcr das parteiinterne Chaos und damit das uneinheitliche Bild in der Au\u00dfenwirkung bei W\u00e4hlern und Sympathisanten pr\u00e4sentieren sich die j\u00fcngsten Umfragewerte.\u00a0So erreichte die Partei bei der Landtagswahl 2024 noch 15,8 Prozent. In der j\u00fcngsten ver\u00f6ffentlichten Th\u00fcringer Insa-Umfrage vom Juli 2026 waren es noch sieben Prozent. Die <em>Berliner Zeitung<\/em> kommentiert zu m\u00f6glichen Gr\u00fcnden und Wahrnehmungen:<\/p>\n<p><em>&#8222;F\u00fcr die Kritiker ist das der Preis des sogenannten Th\u00fcringer Weges: Wer als Protest gegen das Weiter-so gew\u00e4hlt werde und anschlie\u00dfend gemeinsam mit CDU und SPD regiere, verliere sein Alleinstellungsmerkmal.&#8220;<\/em>\u00a0\u00a0<\/p>\n<p>Die politische Realit\u00e4t lautete mit der Entwicklung vor dem Krisentreffen, dass aufgrund der vorliegenden\u00a0Mehrheitsverh\u00e4ltnisse im Landtag die Koalition bis dato auf Stimmen oder Enthaltungen aus der Opposition angewiesen war.<\/p>\n<p>CDU, BSW und SPD verf\u00fcgen als &#8222;Brombeer-Koalition&#8220; dabei ebenso \u00fcber 44 Sitze wie Linke und AfD. Durch den Austritt der drei Abgeordneten fehlen der Landesregierung damit mindestens vier Stimmen f\u00fcr eine Mehrheit.<\/p>\n<p>Die Mitglieder entscheiden nun beim Sonderparteitag \u00fcber den weiteren machtpolitischen Weg des BSW in Th\u00fcringen und damit auch \u00fcber die Zukunft der stellvertretenden Ministerpr\u00e4sidentin Katja Wolf. Diese hatte laut\u00a0eigenen Angaben das letzte Gespr\u00e4ch mit BSW-Gr\u00fcnderin Sahra Wagenknecht &#8222;vor dem Parteitag im letzten Jahr, Ende April 2025&#8220; hatte,\u00a0wie Wolf Ende August in der <em>ZDF<\/em>-Talkshow von Markus Lanz <a href=\"https:\/\/www.welt.de\/politik\/deutschland\/article6a913534009bbca54925b0ab\/wagenknecht-und-thueringens-bswchefin-wolf-haben-seit-april-2025-nicht-mehr-direkt-miteinander-gesprochen.html\" target=\"_blank\" rel=\"noopener noreferrer\">mitteilte<\/a>.\u00a0<\/p>\n<p><strong>Mehr zum Thema \u2013<\/strong>\u00a0<a href=\"https:\/\/freedert.online\/inland\/290463-umfrage-in-sachsen-anhalt-afd-kommt-auf-43-prozent\/\" target=\"_blank\" rel=\"noopener noreferrer\">Umfrage in Sachsen-Anhalt: AfD kommt auf 43 Prozent, CDU verharrt bei 22 Prozent <\/a><\/p>\n<div class=\"EmbedBlock-root EmbedBlock-externalVideo EmbedBlock-rumble\">\n<div class=\"VkEmbed\"><iframe class=\"lazyload\" data-src=\"https:\/\/rumble.com\/embed\/v7co1j2\" frameborder=\"0\" width=\"853\" height=\"480\" allowfullscreen><\/iframe><\/div>\n<\/p><\/div>\n<\/p>\n<\/div>","protected":false},"excerpt":{"rendered":"<p>In Th\u00fcringen eskaliert der sich kontinuierlich aufbauende\u00a0interne Machtkampf des BSW-Landesverbands.\u00a0Am 6. September soll nun ein Sonderparteitag in Erfurt den andauernden Streit rund um die Brombeer-Koalition und damit verbundene Parteiaustritte kl\u00e4ren. Zuvor hatte der\u00a0Th\u00fcringer Landesvorstand um Katja Wolf und Gernot S\u00fc\u00dfmuth abgelehnt, die sogenannte &#8222;Brombeer-Koalition&#8220; mit der CDU und der SPD zu beenden, ausgehend von der [&hellip;]<\/p>\n","protected":false},"author":1,"featured_media":4846,"comment_status":"closed","ping_status":"closed","sticky":false,"template":"","format":"standard","meta":{"_gspb_post_css":"","_uag_custom_page_level_css":"","fifu_image_url":"","fifu_image_alt":"","footnotes":""},"categories":[5],"tags":[],"class_list":["post-20777","post","type-post","status-publish","format-standard","has-post-thumbnail","hentry","category-politik"],"blocksy_meta":{"styles_descriptor":{"styles":{"desktop":"","tablet":"","mobile":""},"google_fonts":[],"version":7}},"uagb_featured_image_src":{"full":["https:\/\/mleexelnfod5.i.optimole.com\/w:auto\/h:auto\/q:mauto\/f:best\/https:\/\/i2.wp.com\/meiser-tv.de\/wp-content\/uploads\/2026\/05\/RSS-Hintergrund.jpg?w=1920&fit=1920,1080&ssl=1",1920,1080,true],"thumbnail":["https:\/\/mleexelnfod5.i.optimole.com\/w:auto\/h:auto\/q:mauto\/f:best\/https:\/\/i2.wp.com\/meiser-tv.de\/wp-content\/uploads\/2026\/05\/RSS-Hintergrund.jpg?w=150&resize=150,150&ssl=1",150,150,true],"medium":["https:\/\/mleexelnfod5.i.optimole.com\/w:auto\/h:auto\/q:mauto\/f:best\/https:\/\/i2.wp.com\/meiser-tv.de\/wp-content\/uploads\/2026\/05\/RSS-Hintergrund.jpg?w=300&fit=300,300&ssl=1",300,300,true],"medium_large":["https:\/\/mleexelnfod5.i.optimole.com\/w:auto\/h:auto\/q:mauto\/f:best\/https:\/\/i2.wp.com\/meiser-tv.de\/wp-content\/uploads\/2026\/05\/RSS-Hintergrund.jpg?w=768&resize=768,0&ssl=1",768,0,true],"large":["https:\/\/mleexelnfod5.i.optimole.com\/w:auto\/h:auto\/q:mauto\/f:best\/https:\/\/i2.wp.com\/meiser-tv.de\/wp-content\/uploads\/2026\/05\/RSS-Hintergrund.jpg?w=1024&fit=1024,1024&ssl=1",1024,1024,true],"1536x1536":["https:\/\/mleexelnfod5.i.optimole.com\/w:auto\/h:auto\/q:mauto\/f:best\/https:\/\/i2.wp.com\/meiser-tv.de\/wp-content\/uploads\/2026\/05\/RSS-Hintergrund.jpg?w=1536&fit=1536,1536&ssl=1",1536,1536,true],"2048x2048":["https:\/\/mleexelnfod5.i.optimole.com\/w:auto\/h:auto\/q:mauto\/f:best\/https:\/\/i2.wp.com\/meiser-tv.de\/wp-content\/uploads\/2026\/05\/RSS-Hintergrund.jpg?w=2048&fit=2048,2048&ssl=1",2048,2048,true],"trp-custom-language-flag":["https:\/\/mleexelnfod5.i.optimole.com\/w:auto\/h:auto\/q:mauto\/f:best\/https:\/\/i2.wp.com\/meiser-tv.de\/wp-content\/uploads\/2026\/05\/RSS-Hintergrund.jpg?w=18&fit=18,12&ssl=1",18,12,true]},"uagb_author_info":{"display_name":"admin","author_link":"https:\/\/meiser-tv.de\/en\/author\/admin\/"},"uagb_comment_info":0,"uagb_excerpt":"In Th\u00fcringen eskaliert der sich kontinuierlich aufbauende\u00a0interne Machtkampf des BSW-Landesverbands.\u00a0Am 6. September soll nun ein Sonderparteitag in Erfurt den andauernden Streit rund um die Brombeer-Koalition und damit verbundene Parteiaustritte kl\u00e4ren. Zuvor hatte der\u00a0Th\u00fcringer Landesvorstand um Katja Wolf und Gernot S\u00fc\u00dfmuth abgelehnt, die sogenannte &#8222;Brombeer-Koalition&#8220; mit der CDU und der SPD zu beenden, ausgehend von der&hellip;","_links":{"self":[{"href":"https:\/\/meiser-tv.de\/en\/wp-json\/wp\/v2\/posts\/20777","targetHints":{"allow":["GET"]}}],"collection":[{"href":"https:\/\/meiser-tv.de\/en\/wp-json\/wp\/v2\/posts"}],"about":[{"href":"https:\/\/meiser-tv.de\/en\/wp-json\/wp\/v2\/types\/post"}],"author":[{"embeddable":true,"href":"https:\/\/meiser-tv.de\/en\/wp-json\/wp\/v2\/users\/1"}],"replies":[{"embeddable":true,"href":"https:\/\/meiser-tv.de\/en\/wp-json\/wp\/v2\/comments?post=20777"}],"version-history":[{"count":0,"href":"https:\/\/meiser-tv.de\/en\/wp-json\/wp\/v2\/posts\/20777\/revisions"}],"wp:featuredmedia":[{"embeddable":true,"href":"https:\/\/meiser-tv.de\/en\/wp-json\/wp\/v2\/media\/4846"}],"wp:attachment":[{"href":"https:\/\/meiser-tv.de\/en\/wp-json\/wp\/v2\/media?parent=20777"}],"wp:term":[{"taxonomy":"category","embeddable":true,"href":"https:\/\/meiser-tv.de\/en\/wp-json\/wp\/v2\/categories?post=20777"},{"taxonomy":"post_tag","embeddable":true,"href":"https:\/\/meiser-tv.de\/en\/wp-json\/wp\/v2\/tags?post=20777"}],"curies":[{"name":"wp","href":"https:\/\/api.w.org\/{rel}","templated":true}]}}