{"id":20778,"date":"2026-09-03T13:02:48","date_gmt":"2026-09-03T11:02:48","guid":{"rendered":"https:\/\/meiser-tv.de\/politik\/estlands-verteidigungsminister-tritt-zurueck-skandal-um-munitionsbeschaffung-fuer-kiew\/"},"modified":"2026-09-03T13:02:48","modified_gmt":"2026-09-03T11:02:48","slug":"estlands-verteidigungsminister-tritt-zurueck-skandal-um-munitionsbeschaffung-fuer-kiew","status":"publish","type":"post","link":"https:\/\/meiser-tv.de\/en\/politik\/estlands-verteidigungsminister-tritt-zurueck-skandal-um-munitionsbeschaffung-fuer-kiew\/","title":{"rendered":"Estlands Verteidigungsminister tritt zur\u00fcck: Skandal um Munitionsbeschaffung f\u00fcr Kiew"},"content":{"rendered":"<div>\n<p>Der estnische Verteidigungsminister Hanno Pevkur hat am Mittwoch seinen R\u00fccktritt bekannt gegeben, nach Kritik des Nationalen Rechnungshofs an den Aktivit\u00e4ten der estnischen Streitkr\u00e4fte und des staatlichen estnischen Zentrums f\u00fcr Verteidigungsinvestitionen (RKIK). Er bekleidete den Posten seit Juli 2022. Das Verteidigungsministerium des Landes <a href=\"https:\/\/x.com\/MoD_Estonia\/status\/2095228978009162126\" target=\"_blank\" rel=\"noopener noreferrer\">hat<\/a> Pevkurs R\u00fccktritt am Mittwoch auf X best\u00e4tigt.\u00a0<\/p>\n<p>Im Jahr 2024 habe Estland einen Vertrag \u00fcber Munition mit dem in Italien registrierten Unternehmen Datasel S.R.L. abgeschlossen, das sich im Besitz des indischen Unternehmens Neco Defence Munitions befinde. Dies <a href=\"https:\/\/news.err.ee\/1610125852\/estonia-takes-defense-firm-to-court-over-70-million-contract-for-shells-for-ukraine\" target=\"_blank\" rel=\"noopener noreferrer\">teilte<\/a> der Sender <em>ERR<\/em> unter Berufung auf die Zeitung <em>Eesti Ekspress<\/em> mit. Die beiden Firmen h\u00e4tten zuvor noch keine Munition produziert. Wie es hei\u00dft, habe Estland Mittel aus der Europ\u00e4ischen Friedensfazilit\u00e4t f\u00fcr die Vorauszahlungen genutzt. Im August desselben Jahres habe das RKIK seinen ersten Kaufvertrag mit Datasel S.R.L. unterzeichnet und die erste Zahlung in H\u00f6he von 15 Millionen Euro geleistet. Im Oktober h\u00e4tten die Seiten einen zweiten Vertrag abgeschossen. Estand habe eine weitere Vorauszahlung in H\u00f6he von 10 Millionen Euro geleistet.<\/p>\n<p>Die erste Munitionslieferung sollte im November in der Ukraine eintreffen, doch Datasel S.R.L. meldete Verz\u00f6gerungen und Probleme, so <em>ERR<\/em> weiter. Trotz dieser Situation seien Ende 2024 zwei weitere Vertr\u00e4ge unterzeichnet worden. Insgesamt habe Estland etwa 70 Millionen Euro als Vorauszahlungen an indische Unternehmer \u00fcberwiesen. Trotz der Vertragsbedingungen habe die Firma keine Munition geliefert. Die estnischen Beh\u00f6rden haben den Fall nun vor den Europ\u00e4ischen Schiedshof in Stra\u00dfburg gebracht.<\/p>\n<p>Das Unternehmen Datasel S.R.L. <a href=\"https:\/\/www.err.ee\/1610126809\/eestile-murske-lubanud-indialaste-firma-kahju-kandsime-hoopis-meie\" target=\"_blank\" rel=\"noopener noreferrer\">erkl\u00e4rte<\/a> jedoch, es habe dem estnischen RKIK Raketen im Wert von 59 Millionen Euro geliefert und h\u00e4tte alle seine Verpflichtungen erf\u00fcllen k\u00f6nnen, wenn Estland den Vertrag nicht gek\u00fcndigt h\u00e4tte.<\/p>\n<p>Der derzeitige Generaldirektor von RKIK, Elmar Vaher, <a href=\"https:\/\/rus.err.ee\/1610126080\/vaher-o-sdelke-s-boepripasami-na-70-mln-evro-otvetstvennost-neset-byvshij-gendirektor-rkik\" target=\"_blank\" rel=\"noopener noreferrer\">sagte<\/a> in einem Interview mit <em>ERR<\/em>, dass der fr\u00fchere RKIK-Chef Magnus-Waldemar Saar die Verantwortung f\u00fcr das Scheitern der Munitionsbeschaffung trage. &#8222;Einen Vertrag \u00fcber eine so hohe Summe abzuschlie\u00dfen und eine enorme Vorauszahlung an eine Firma zu leisten, die niemand wirklich kennt und die nicht einmal Munition herstellt, ist meiner Meinung nach falsch&#8220;, so Vaher.<\/p>\n<p>Magnus-Valdemar Saar, der ehemalige Leiter des RKIK, hat die Vorw\u00fcrfe bereits zur\u00fcckgewiesen. Gegen\u00fcber <em>ERR<\/em>\u00a0<a href=\"https:\/\/rus.err.ee\/1610126551\/byvshij-glava-rkik-o-sdelke-na-70-mln-evro-nash-centr-ne-prinimal-reshenija-edinolichno\" target=\"_blank\" rel=\"noopener noreferrer\">sagte<\/a> er, dass das RKIK keine eigenen Entscheidungen getroffen und keine Lieferanten f\u00fcr den 70-Millionen-Euro-Deal ausgew\u00e4hlt habe. Ihm zufolge habe der Verteidigungsminister die Materialien im Zusammenhang mit den Transaktionen erhalten. &#8222;Das RKIK hat alle Vertr\u00e4ge und alle dazugeh\u00f6rigen Unterlagen zu den Transaktionen, und davon gibt es eine ganze Menge, vollst\u00e4ndig ausgedruckt an den Verteidigungsminister Hanno Pevkur und den Generalsekret\u00e4r des Verteidigungsministeriums Kaimo Kuus weitergeleitet&#8220;, f\u00fcgte Saar hinzu.<\/p>\n<p>Verteidugungsminister Pevkur <a href=\"https:\/\/www.err.ee\/1610126425\/kaitseminister-hanno-pevkur-astus-ametist-tagasi\" target=\"_blank\" rel=\"noopener noreferrer\">erkl\u00e4rte<\/a> seinerseits, er habe diese Vertr\u00e4ge nicht gelesen, obwohl sie ihm vom RKIK vorgelegt worden seien. Er behauptete, dass der Verteidigungsminister nicht f\u00fcr die Details zust\u00e4ndig sei.\u00a0 &#8222;Der Verteidigungsminister verhandelt nicht \u00fcber Vertr\u00e4ge. Er z\u00e4hlt keine Socken und Patronen. Er trifft die grundlegende Entscheidung, die Ukraine zu unterst\u00fctzen. Die Vorbereitungsarbeiten f\u00fcr die Vertragsverhandlungen, die Suche nach Vertragspartnern \u2013 das ist Aufgabe des RKIK&#8220;, so Pevkur. Er r\u00e4umte jedoch ein, dass er als Verteidigungsminister &#8222;die politische Verantwortung f\u00fcr den gesamten Verteidigungssektor&#8220; trage. &#8222;Ich werde sie tragen, und der Ministerpr\u00e4sident muss einen neuen Verteidigungsminister finden&#8220;, sagte Pevkur.<\/p>\n<p>Estlands Ministerpr\u00e4sident Kristen Michal <a href=\"https:\/\/rus.err.ee\/1610126251\/mihal-reshenie-ob-otstavke-ministr-oborony-mozhet-prinjat-v-chetverg\" target=\"_blank\" rel=\"noopener noreferrer\">hat<\/a> den Skandal um die Munitionsbeschaffung bereits kommentiert. Er sehe zwar keine pers\u00f6nliche Schuld bei Verteidigungsminister Pevkur, dies schlie\u00dfe aber eine \u00dcbernahme politischer Verantwortung nicht aus. Laut Michal stellten sich vor allem Fragen an ehemalige Mitarbeiter und die F\u00fchrung des RKIK, die Vertr\u00e4ge abgeschlossen und Zahlungen geleistet h\u00e4tten.<\/p>\n<p><strong>Mehr zum Thema<\/strong> \u2013 <a href=\"https:\/\/de-rtnews.com\/europa\/288500-premierminister-kulbergs-lettland-vergisst-munition\/\" target=\"_blank\" rel=\"noopener noreferrer\">Premierminister Kulbergs: Lettland vergisst, Munition f\u00fcr erworbene Drohnenabwehrsysteme zu kaufen<\/a><\/p>\n<div class=\"EmbedBlock-root EmbedBlock-externalVideo EmbedBlock-rumble\">\n<div class=\"VkEmbed\"><iframe class=\"lazyload\" data-src=\"https:\/\/rumble.com\/embed\/v7crg38\" frameborder=\"0\" width=\"853\" height=\"480\" allowfullscreen><\/iframe><\/div>\n<\/p><\/div>\n<\/p>\n<\/div>","protected":false},"excerpt":{"rendered":"<p>Der estnische Verteidigungsminister Hanno Pevkur hat am Mittwoch seinen R\u00fccktritt bekannt gegeben, nach Kritik des Nationalen Rechnungshofs an den Aktivit\u00e4ten der estnischen Streitkr\u00e4fte und des staatlichen estnischen Zentrums f\u00fcr Verteidigungsinvestitionen (RKIK). Er bekleidete den Posten seit Juli 2022. Das Verteidigungsministerium des Landes hat Pevkurs R\u00fccktritt am Mittwoch auf X best\u00e4tigt.\u00a0 Im Jahr 2024 habe Estland [&hellip;]<\/p>\n","protected":false},"author":1,"featured_media":4846,"comment_status":"closed","ping_status":"closed","sticky":false,"template":"","format":"standard","meta":{"_gspb_post_css":"","_uag_custom_page_level_css":"","fifu_image_url":"","fifu_image_alt":"","footnotes":""},"categories":[5],"tags":[],"class_list":["post-20778","post","type-post","status-publish","format-standard","has-post-thumbnail","hentry","category-politik"],"blocksy_meta":{"styles_descriptor":{"styles":{"desktop":"","tablet":"","mobile":""},"google_fonts":[],"version":7}},"uagb_featured_image_src":{"full":["https:\/\/mleexelnfod5.i.optimole.com\/w:auto\/h:auto\/q:mauto\/f:best\/https:\/\/i2.wp.com\/meiser-tv.de\/wp-content\/uploads\/2026\/05\/RSS-Hintergrund.jpg?w=1920&fit=1920,1080&ssl=1",1920,1080,true],"thumbnail":["https:\/\/mleexelnfod5.i.optimole.com\/w:auto\/h:auto\/q:mauto\/f:best\/https:\/\/i2.wp.com\/meiser-tv.de\/wp-content\/uploads\/2026\/05\/RSS-Hintergrund.jpg?w=150&resize=150,150&ssl=1",150,150,true],"medium":["https:\/\/mleexelnfod5.i.optimole.com\/w:auto\/h:auto\/q:mauto\/f:best\/https:\/\/i2.wp.com\/meiser-tv.de\/wp-content\/uploads\/2026\/05\/RSS-Hintergrund.jpg?w=300&fit=300,300&ssl=1",300,300,true],"medium_large":["https:\/\/mleexelnfod5.i.optimole.com\/w:auto\/h:auto\/q:mauto\/f:best\/https:\/\/i2.wp.com\/meiser-tv.de\/wp-content\/uploads\/2026\/05\/RSS-Hintergrund.jpg?w=768&resize=768,0&ssl=1",768,0,true],"large":["https:\/\/mleexelnfod5.i.optimole.com\/w:auto\/h:auto\/q:mauto\/f:best\/https:\/\/i2.wp.com\/meiser-tv.de\/wp-content\/uploads\/2026\/05\/RSS-Hintergrund.jpg?w=1024&fit=1024,1024&ssl=1",1024,1024,true],"1536x1536":["https:\/\/mleexelnfod5.i.optimole.com\/w:auto\/h:auto\/q:mauto\/f:best\/https:\/\/i2.wp.com\/meiser-tv.de\/wp-content\/uploads\/2026\/05\/RSS-Hintergrund.jpg?w=1536&fit=1536,1536&ssl=1",1536,1536,true],"2048x2048":["https:\/\/mleexelnfod5.i.optimole.com\/w:auto\/h:auto\/q:mauto\/f:best\/https:\/\/i2.wp.com\/meiser-tv.de\/wp-content\/uploads\/2026\/05\/RSS-Hintergrund.jpg?w=2048&fit=2048,2048&ssl=1",2048,2048,true],"trp-custom-language-flag":["https:\/\/mleexelnfod5.i.optimole.com\/w:auto\/h:auto\/q:mauto\/f:best\/https:\/\/i2.wp.com\/meiser-tv.de\/wp-content\/uploads\/2026\/05\/RSS-Hintergrund.jpg?w=18&fit=18,12&ssl=1",18,12,true]},"uagb_author_info":{"display_name":"admin","author_link":"https:\/\/meiser-tv.de\/en\/author\/admin\/"},"uagb_comment_info":0,"uagb_excerpt":"Der estnische Verteidigungsminister Hanno Pevkur hat am Mittwoch seinen R\u00fccktritt bekannt gegeben, nach Kritik des Nationalen Rechnungshofs an den Aktivit\u00e4ten der estnischen Streitkr\u00e4fte und des staatlichen estnischen Zentrums f\u00fcr Verteidigungsinvestitionen (RKIK). Er bekleidete den Posten seit Juli 2022. Das Verteidigungsministerium des Landes hat Pevkurs R\u00fccktritt am Mittwoch auf X best\u00e4tigt.\u00a0 Im Jahr 2024 habe Estland&hellip;","_links":{"self":[{"href":"https:\/\/meiser-tv.de\/en\/wp-json\/wp\/v2\/posts\/20778","targetHints":{"allow":["GET"]}}],"collection":[{"href":"https:\/\/meiser-tv.de\/en\/wp-json\/wp\/v2\/posts"}],"about":[{"href":"https:\/\/meiser-tv.de\/en\/wp-json\/wp\/v2\/types\/post"}],"author":[{"embeddable":true,"href":"https:\/\/meiser-tv.de\/en\/wp-json\/wp\/v2\/users\/1"}],"replies":[{"embeddable":true,"href":"https:\/\/meiser-tv.de\/en\/wp-json\/wp\/v2\/comments?post=20778"}],"version-history":[{"count":0,"href":"https:\/\/meiser-tv.de\/en\/wp-json\/wp\/v2\/posts\/20778\/revisions"}],"wp:featuredmedia":[{"embeddable":true,"href":"https:\/\/meiser-tv.de\/en\/wp-json\/wp\/v2\/media\/4846"}],"wp:attachment":[{"href":"https:\/\/meiser-tv.de\/en\/wp-json\/wp\/v2\/media?parent=20778"}],"wp:term":[{"taxonomy":"category","embeddable":true,"href":"https:\/\/meiser-tv.de\/en\/wp-json\/wp\/v2\/categories?post=20778"},{"taxonomy":"post_tag","embeddable":true,"href":"https:\/\/meiser-tv.de\/en\/wp-json\/wp\/v2\/tags?post=20778"}],"curies":[{"name":"wp","href":"https:\/\/api.w.org\/{rel}","templated":true}]}}