{"id":20782,"date":"2026-09-03T13:03:21","date_gmt":"2026-09-03T11:03:21","guid":{"rendered":"https:\/\/meiser-tv.de\/uncategorized\/der-herbst-des-protests\/"},"modified":"2026-09-03T13:03:21","modified_gmt":"2026-09-03T11:03:21","slug":"der-herbst-des-protests","status":"publish","type":"post","link":"https:\/\/meiser-tv.de\/en\/uncategorized\/der-herbst-des-protests\/","title":{"rendered":"Der Herbst des Protests"},"content":{"rendered":"<div>\n<p class=\"wp-block-paragraph\">Deutschland und Europa stehen vor einem Herbst des Protests gegen Hochr\u00fcstung und Krieg. Rheinmetall will Kassel und sein Umland in einen Defence Hub Nordhessen transformieren \u2013 ein Beispiel f\u00fcr die konkreten Folgen der Militarisierung.<\/p>\n<p class=\"wp-block-paragraph\">Rund 200 Gedenkveranstaltungen zur Erinnerung an den Beginn des Zweiten Weltkriegs haben am gestrigen Dienstag eine Art Startsignal f\u00fcr den sich abzeichnenden Herbst des Protests gegen Militarisierung und Krieg gegeben. Bis Ende des Jahres sind in Deutschland sowie in zahlreichen weiteren Staaten Europas Proteste aller Art angek\u00fcndigt, die sich gegen die umfassende Hochr\u00fcstung des Kontinents, gegen den mit ihr unmittelbar verbundenen Abriss der Sozialsysteme und gegen die immer konkreteren Kriegsvorbereitungen auch in der Bundesrepublik richten \u2013 von Schulstreiks \u00fcber Aktionen von Hafenarbeitern bis hin zu Gro\u00dfdemonstrationen. Am gestrigen Dienstag begann in K\u00f6ln unter dem Motto \u201eRheinmetall entwaffnen\u201c eine Aktionswoche gegen die hemmungslos eskalierende Militarisierung. Wie diese die Bundesrepublik transformiert, zeigt beispielhaft eine Ank\u00fcndigung von Deutschlands<\/p>\n<\/div>","protected":false},"excerpt":{"rendered":"<p>Deutschland und Europa stehen vor einem Herbst des Protests gegen Hochr\u00fcstung und Krieg. Rheinmetall will Kassel und sein Umland in einen Defence Hub Nordhessen transformieren \u2013 ein Beispiel f\u00fcr die konkreten Folgen der Militarisierung. Rund 200 Gedenkveranstaltungen zur Erinnerung an den Beginn des Zweiten Weltkriegs haben am gestrigen Dienstag eine Art Startsignal f\u00fcr den sich [&hellip;]<\/p>\n","protected":false},"author":1,"featured_media":4846,"comment_status":"closed","ping_status":"closed","sticky":false,"template":"","format":"standard","meta":{"_gspb_post_css":"","_uag_custom_page_level_css":"","fifu_image_url":"","fifu_image_alt":"","footnotes":""},"categories":[1],"tags":[],"class_list":["post-20782","post","type-post","status-publish","format-standard","has-post-thumbnail","hentry","category-uncategorized"],"blocksy_meta":{"styles_descriptor":{"styles":{"desktop":"","tablet":"","mobile":""},"google_fonts":[],"version":7}},"uagb_featured_image_src":{"full":["https:\/\/mleexelnfod5.i.optimole.com\/w:auto\/h:auto\/q:mauto\/f:best\/https:\/\/i2.wp.com\/meiser-tv.de\/wp-content\/uploads\/2026\/05\/RSS-Hintergrund.jpg?w=1920&fit=1920,1080&ssl=1",1920,1080,true],"thumbnail":["https:\/\/mleexelnfod5.i.optimole.com\/w:auto\/h:auto\/q:mauto\/f:best\/https:\/\/i2.wp.com\/meiser-tv.de\/wp-content\/uploads\/2026\/05\/RSS-Hintergrund.jpg?w=150&resize=150,150&ssl=1",150,150,true],"medium":["https:\/\/mleexelnfod5.i.optimole.com\/w:auto\/h:auto\/q:mauto\/f:best\/https:\/\/i2.wp.com\/meiser-tv.de\/wp-content\/uploads\/2026\/05\/RSS-Hintergrund.jpg?w=300&fit=300,300&ssl=1",300,300,true],"medium_large":["https:\/\/mleexelnfod5.i.optimole.com\/w:auto\/h:auto\/q:mauto\/f:best\/https:\/\/i2.wp.com\/meiser-tv.de\/wp-content\/uploads\/2026\/05\/RSS-Hintergrund.jpg?w=768&resize=768,0&ssl=1",768,0,true],"large":["https:\/\/mleexelnfod5.i.optimole.com\/w:auto\/h:auto\/q:mauto\/f:best\/https:\/\/i2.wp.com\/meiser-tv.de\/wp-content\/uploads\/2026\/05\/RSS-Hintergrund.jpg?w=1024&fit=1024,1024&ssl=1",1024,1024,true],"1536x1536":["https:\/\/mleexelnfod5.i.optimole.com\/w:auto\/h:auto\/q:mauto\/f:best\/https:\/\/i2.wp.com\/meiser-tv.de\/wp-content\/uploads\/2026\/05\/RSS-Hintergrund.jpg?w=1536&fit=1536,1536&ssl=1",1536,1536,true],"2048x2048":["https:\/\/mleexelnfod5.i.optimole.com\/w:auto\/h:auto\/q:mauto\/f:best\/https:\/\/i2.wp.com\/meiser-tv.de\/wp-content\/uploads\/2026\/05\/RSS-Hintergrund.jpg?w=2048&fit=2048,2048&ssl=1",2048,2048,true],"trp-custom-language-flag":["https:\/\/mleexelnfod5.i.optimole.com\/w:auto\/h:auto\/q:mauto\/f:best\/https:\/\/i2.wp.com\/meiser-tv.de\/wp-content\/uploads\/2026\/05\/RSS-Hintergrund.jpg?w=18&fit=18,12&ssl=1",18,12,true]},"uagb_author_info":{"display_name":"admin","author_link":"https:\/\/meiser-tv.de\/en\/author\/admin\/"},"uagb_comment_info":0,"uagb_excerpt":"Deutschland und Europa stehen vor einem Herbst des Protests gegen Hochr\u00fcstung und Krieg. Rheinmetall will Kassel und sein Umland in einen Defence Hub Nordhessen transformieren \u2013 ein Beispiel f\u00fcr die konkreten Folgen der Militarisierung. Rund 200 Gedenkveranstaltungen zur Erinnerung an den Beginn des Zweiten Weltkriegs haben am gestrigen Dienstag eine Art Startsignal f\u00fcr den sich&hellip;","_links":{"self":[{"href":"https:\/\/meiser-tv.de\/en\/wp-json\/wp\/v2\/posts\/20782","targetHints":{"allow":["GET"]}}],"collection":[{"href":"https:\/\/meiser-tv.de\/en\/wp-json\/wp\/v2\/posts"}],"about":[{"href":"https:\/\/meiser-tv.de\/en\/wp-json\/wp\/v2\/types\/post"}],"author":[{"embeddable":true,"href":"https:\/\/meiser-tv.de\/en\/wp-json\/wp\/v2\/users\/1"}],"replies":[{"embeddable":true,"href":"https:\/\/meiser-tv.de\/en\/wp-json\/wp\/v2\/comments?post=20782"}],"version-history":[{"count":0,"href":"https:\/\/meiser-tv.de\/en\/wp-json\/wp\/v2\/posts\/20782\/revisions"}],"wp:featuredmedia":[{"embeddable":true,"href":"https:\/\/meiser-tv.de\/en\/wp-json\/wp\/v2\/media\/4846"}],"wp:attachment":[{"href":"https:\/\/meiser-tv.de\/en\/wp-json\/wp\/v2\/media?parent=20782"}],"wp:term":[{"taxonomy":"category","embeddable":true,"href":"https:\/\/meiser-tv.de\/en\/wp-json\/wp\/v2\/categories?post=20782"},{"taxonomy":"post_tag","embeddable":true,"href":"https:\/\/meiser-tv.de\/en\/wp-json\/wp\/v2\/tags?post=20782"}],"curies":[{"name":"wp","href":"https:\/\/api.w.org\/{rel}","templated":true}]}}