{"id":20797,"date":"2026-09-03T14:03:47","date_gmt":"2026-09-03T12:03:47","guid":{"rendered":"https:\/\/meiser-tv.de\/uncategorized\/vorne-erzfeinde-hinten-millionen-die-kaum-bekannte-geldverbindung-zwischen-soros-und-der-kushner-familie\/"},"modified":"2026-09-03T14:03:47","modified_gmt":"2026-09-03T12:03:47","slug":"vorne-erzfeinde-hinten-millionen-die-kaum-bekannte-geldverbindung-zwischen-soros-und-der-kushner-familie","status":"publish","type":"post","link":"https:\/\/meiser-tv.de\/en\/uncategorized\/vorne-erzfeinde-hinten-millionen-die-kaum-bekannte-geldverbindung-zwischen-soros-und-der-kushner-familie\/","title":{"rendered":"Vorne Erzfeinde, hinten Millionen: Die kaum bekannte Geldverbindung zwischen Soros und der Kushner-Familie"},"content":{"rendered":"<div>\n<p class=\"wp-block-paragraph\">Donald Trump zeichnet George Soros seit Jahren als einen seiner gro\u00dfen politischen Gegner. Im August 2025 ging er noch einen Schritt weiter: Soros und dessen Sohn Alex sollten nach dem RICO-Gesetz angeklagt werden, forderte Trump \u00f6ffentlich. Er warf ihnen vor, \u201egewaltt\u00e4tige Proteste\u201c in den USA zu unterst\u00fctzen. Beweise daf\u00fcr legte der Pr\u00e4sident nicht vor.<\/p>\n<p class=\"wp-block-paragraph\">Umso bemerkenswerter ist eine weit weniger bekannte Geschichte aus dem unmittelbaren Umfeld der Trump-Familie.<\/p>\n<blockquote class=\"twitter-tweet\">\n<p lang=\"en\" dir=\"ltr\">Last August, Trump demanded the public arrest of George Soros and his son Alex on RICO charges for financing violent unrest.<\/p>\n<p>Yet the same Soros quietly invested $250 million into Jared Kushner\u2019s Cadre real-estate platform.<\/p>\n<p>Soros Fund Management sat alongside Goldman and Thiel\u2026 <a target=\"_blank\" rel=\"noopener noreferrer\" href=\"https:\/\/t.co\/hpW3hVaTgL\">https:\/\/t.co\/hpW3hVaTgL<\/a> <a target=\"_blank\" rel=\"noopener noreferrer\" href=\"https:\/\/t.co\/MAulATOihZ\">pic.twitter.com\/MAulATOihZ<\/a><\/p>\n<p>\u2014 Shadow of Ezra (@ShadowofEzra) <a target=\"_blank\" rel=\"noopener noreferrer\" href=\"https:\/\/x.com\/ShadowofEzra\/status\/2095245283261403555?ref_src=twsrc%5Etfw\">September 2, 2026<\/a><\/p><\/blockquote>\n<p> <script async src=\"https:\/\/platform.x.com\/widgets.js\" charset=\"utf-8\"><\/script><\/p>\n<p class=\"wp-block-paragraph\">Bereits 2015 ging Soros Fund Management eine bedeutende <a href=\"https:\/\/www.forbes.com\/sites\/nathanvardi\/2019\/01\/31\/ryan-williams-30-started-a-revolutionary-800m-fintech-but-can-he-escape-his-kushner-trump-connection\/\" data-type=\"link\" data-id=\"https:\/\/www.forbes.com\/sites\/nathanvardi\/2019\/01\/31\/ryan-williams-30-started-a-revolutionary-800m-fintech-but-can-he-escape-his-kushner-trump-connection\/\" target=\"_blank\" rel=\"noopener\">Gesch\u00e4ftsbeziehung<\/a> mit <strong>Cadre<\/strong> ein, der Immobilien-Investmentplattform von Ryan Williams sowie Jared und Josh Kushner. Soros Fund Management erwarb eine Beteiligung und stellte eine Finanzierungsabsicherung von <strong>250 Millionen Dollar<\/strong> bereit. Forbes best\u00e4tigte sp\u00e4ter ausdr\u00fccklich diese Verbindung.<\/p>\n<p class=\"wp-block-paragraph\">Das war kein bedeutungsloser Kontakt. Ein ehemaliger Cadre-Mitarbeiter sagte sp\u00e4ter gegen\u00fcber <em><a href=\"https:\/\/therealdeal.com\/magazine\/new-york-october-2018\/cracking-cadres-code\/\" data-type=\"link\" data-id=\"https:\/\/therealdeal.com\/magazine\/new-york-october-2018\/cracking-cadres-code\/\" target=\"_blank\" rel=\"noopener\">The Real Deal<\/a><\/em>, Soros und Kushner h\u00e4tten Ryan Williams vermutlich rund <strong>100 Kontakte vermittelt<\/strong>, die dem jungen Unternehmen entscheidenden Schwung gegeben h\u00e4tten.<\/p>\n<p class=\"wp-block-paragraph\">Besonders brisant wurde die Angelegenheit, als Jared Kushner ins Wei\u00dfe Haus wechselte. Seine Beteiligung an Cadre tauchte zun\u00e4chst nicht in seinen finanziellen Offenlegungsunterlagen auf. Erst sp\u00e4ter wurde sie nachgemeldet. Die <em>Washington Post<\/em> <a href=\"https:\/\/www.washingtonpost.com\/politics\/kushner-failed-to-disclose-dozens-of-financial-holdings-new-document-shows\/2017\/07\/21\/1a11a566-6e35-11e7-96ab-5f38140b38cc_story.html\" data-type=\"link\" data-id=\"https:\/\/www.washingtonpost.com\/politics\/kushner-failed-to-disclose-dozens-of-financial-holdings-new-document-shows\/2017\/07\/21\/1a11a566-6e35-11e7-96ab-5f38140b38cc_story.html\" target=\"_blank\" rel=\"noopener\">bezifferte<\/a> Kushners Anteil damals auf <strong>5 bis 25 Millionen Dollar<\/strong>. Kushner erkl\u00e4rte die urspr\u00fcngliche Nichtangabe als Versehen.<\/p>\n<p class=\"wp-block-paragraph\">Damit ergibt sich ein bemerkenswerter Kontrast: Auf der politischen B\u00fchne wurde Soros zu einem der gr\u00f6\u00dften Feindbilder Trumps. Hinter den Kulissen hatte Soros Fund Management jedoch l\u00e4ngst erhebliches Kapital in ein Unternehmen gesteckt, das von Trumps eigenem Schwiegersohn und dessen Bruder mitgegr\u00fcndet worden war.<\/p>\n<p class=\"wp-block-paragraph\">Das beweist keine geheime politische Allianz zwischen Soros und Trump \u2013 eine solche Behauptung w\u00e4re durch die bekannten Fakten nicht gedeckt. Aber es zeigt eindrucksvoll, wie wenig die \u00f6ffentlich gepflegten politischen Fronten manchmal mit den Netzwerken des gro\u00dfen Geldes \u00fcbereinstimmen.<\/p>\n<p class=\"wp-block-paragraph\"><strong>Vorne Feindbild, hinten Gesch\u00e4ft:<\/strong> W\u00e4hrend Trump heute Soros strafrechtlich verfolgen lassen will, geh\u00f6rte Soros-Kapital einst zu den wichtigen finanziellen St\u00fctzen eines Unternehmens der Kushner-Br\u00fcder.<\/p>\n<p class=\"wp-block-paragraph\">Vielleicht ist genau das die interessantere Geschichte: <strong>In der Politik k\u00f6nnen Welten zwischen ihnen liegen \u2013 beim Geld waren die Grenzen offenbar deutlich durchl\u00e4ssiger.<\/strong><\/p>\n<\/div>","protected":false},"excerpt":{"rendered":"<p>Donald Trump zeichnet George Soros seit Jahren als einen seiner gro\u00dfen politischen Gegner. Im August 2025 ging er noch einen Schritt weiter: Soros und dessen Sohn Alex sollten nach dem RICO-Gesetz angeklagt werden, forderte Trump \u00f6ffentlich. Er warf ihnen vor, \u201egewaltt\u00e4tige Proteste\u201c in den USA zu unterst\u00fctzen. Beweise daf\u00fcr legte der Pr\u00e4sident nicht vor. Umso [&hellip;]<\/p>\n","protected":false},"author":1,"featured_media":4846,"comment_status":"closed","ping_status":"closed","sticky":false,"template":"","format":"standard","meta":{"_gspb_post_css":"","_uag_custom_page_level_css":"","fifu_image_url":"","fifu_image_alt":"","footnotes":""},"categories":[1],"tags":[],"class_list":["post-20797","post","type-post","status-publish","format-standard","has-post-thumbnail","hentry","category-uncategorized"],"blocksy_meta":{"styles_descriptor":{"styles":{"desktop":"","tablet":"","mobile":""},"google_fonts":[],"version":7}},"uagb_featured_image_src":{"full":["https:\/\/mleexelnfod5.i.optimole.com\/w:auto\/h:auto\/q:mauto\/f:best\/https:\/\/i2.wp.com\/meiser-tv.de\/wp-content\/uploads\/2026\/05\/RSS-Hintergrund.jpg?w=1920&fit=1920,1080&ssl=1",1920,1080,true],"thumbnail":["https:\/\/mleexelnfod5.i.optimole.com\/w:auto\/h:auto\/q:mauto\/f:best\/https:\/\/i2.wp.com\/meiser-tv.de\/wp-content\/uploads\/2026\/05\/RSS-Hintergrund.jpg?w=150&resize=150,150&ssl=1",150,150,true],"medium":["https:\/\/mleexelnfod5.i.optimole.com\/w:auto\/h:auto\/q:mauto\/f:best\/https:\/\/i2.wp.com\/meiser-tv.de\/wp-content\/uploads\/2026\/05\/RSS-Hintergrund.jpg?w=300&fit=300,300&ssl=1",300,300,true],"medium_large":["https:\/\/mleexelnfod5.i.optimole.com\/w:auto\/h:auto\/q:mauto\/f:best\/https:\/\/i2.wp.com\/meiser-tv.de\/wp-content\/uploads\/2026\/05\/RSS-Hintergrund.jpg?w=768&resize=768,0&ssl=1",768,0,true],"large":["https:\/\/mleexelnfod5.i.optimole.com\/w:auto\/h:auto\/q:mauto\/f:best\/https:\/\/i2.wp.com\/meiser-tv.de\/wp-content\/uploads\/2026\/05\/RSS-Hintergrund.jpg?w=1024&fit=1024,1024&ssl=1",1024,1024,true],"1536x1536":["https:\/\/mleexelnfod5.i.optimole.com\/w:auto\/h:auto\/q:mauto\/f:best\/https:\/\/i2.wp.com\/meiser-tv.de\/wp-content\/uploads\/2026\/05\/RSS-Hintergrund.jpg?w=1536&fit=1536,1536&ssl=1",1536,1536,true],"2048x2048":["https:\/\/mleexelnfod5.i.optimole.com\/w:auto\/h:auto\/q:mauto\/f:best\/https:\/\/i2.wp.com\/meiser-tv.de\/wp-content\/uploads\/2026\/05\/RSS-Hintergrund.jpg?w=2048&fit=2048,2048&ssl=1",2048,2048,true],"trp-custom-language-flag":["https:\/\/mleexelnfod5.i.optimole.com\/w:auto\/h:auto\/q:mauto\/f:best\/https:\/\/i2.wp.com\/meiser-tv.de\/wp-content\/uploads\/2026\/05\/RSS-Hintergrund.jpg?w=18&fit=18,12&ssl=1",18,12,true]},"uagb_author_info":{"display_name":"admin","author_link":"https:\/\/meiser-tv.de\/en\/author\/admin\/"},"uagb_comment_info":0,"uagb_excerpt":"Donald Trump zeichnet George Soros seit Jahren als einen seiner gro\u00dfen politischen Gegner. Im August 2025 ging er noch einen Schritt weiter: Soros und dessen Sohn Alex sollten nach dem RICO-Gesetz angeklagt werden, forderte Trump \u00f6ffentlich. Er warf ihnen vor, \u201egewaltt\u00e4tige Proteste\u201c in den USA zu unterst\u00fctzen. Beweise daf\u00fcr legte der Pr\u00e4sident nicht vor. Umso&hellip;","_links":{"self":[{"href":"https:\/\/meiser-tv.de\/en\/wp-json\/wp\/v2\/posts\/20797","targetHints":{"allow":["GET"]}}],"collection":[{"href":"https:\/\/meiser-tv.de\/en\/wp-json\/wp\/v2\/posts"}],"about":[{"href":"https:\/\/meiser-tv.de\/en\/wp-json\/wp\/v2\/types\/post"}],"author":[{"embeddable":true,"href":"https:\/\/meiser-tv.de\/en\/wp-json\/wp\/v2\/users\/1"}],"replies":[{"embeddable":true,"href":"https:\/\/meiser-tv.de\/en\/wp-json\/wp\/v2\/comments?post=20797"}],"version-history":[{"count":0,"href":"https:\/\/meiser-tv.de\/en\/wp-json\/wp\/v2\/posts\/20797\/revisions"}],"wp:featuredmedia":[{"embeddable":true,"href":"https:\/\/meiser-tv.de\/en\/wp-json\/wp\/v2\/media\/4846"}],"wp:attachment":[{"href":"https:\/\/meiser-tv.de\/en\/wp-json\/wp\/v2\/media?parent=20797"}],"wp:term":[{"taxonomy":"category","embeddable":true,"href":"https:\/\/meiser-tv.de\/en\/wp-json\/wp\/v2\/categories?post=20797"},{"taxonomy":"post_tag","embeddable":true,"href":"https:\/\/meiser-tv.de\/en\/wp-json\/wp\/v2\/tags?post=20797"}],"curies":[{"name":"wp","href":"https:\/\/api.w.org\/{rel}","templated":true}]}}