{"id":20806,"date":"2026-09-03T15:04:00","date_gmt":"2026-09-03T13:04:00","guid":{"rendered":"https:\/\/meiser-tv.de\/politik\/china-geschichte-des-zweiten-weltkriegs-nicht-verfaelschen\/"},"modified":"2026-09-03T15:04:00","modified_gmt":"2026-09-03T13:04:00","slug":"china-geschichte-des-zweiten-weltkriegs-nicht-verfaelschen","status":"publish","type":"post","link":"https:\/\/meiser-tv.de\/en\/politik\/china-geschichte-des-zweiten-weltkriegs-nicht-verfaelschen\/","title":{"rendered":"China: Geschichte des Zweiten Weltkriegs nicht verf\u00e4lschen"},"content":{"rendered":"<div>\n<p>China\u00a0verteidigt die nach dem Zweiten Weltkrieg entstandene internationale Ordnung und wird sich Versuchen entgegenstellen, die Geschichte umzuschreiben und das bestehende System der internationalen Beziehungen zu ver\u00e4ndern. Das <a href=\"https:\/\/tass.ru\/mezhdunarodnaya-panorama\/28074937\" target=\"_blank\" rel=\"noopener noreferrer\">berichtet<\/a>\u00a0die russische Nachrichtenagentur\u00a0<em>TASS\u00a0<\/em>unter Berufung auf\u00a0den Vizeministerpr\u00e4sident des chinesischen Staatsrats, Ding Xuexiang. Auf der Plenarsitzung des \u00d6stlichen Wirtschaftsforums sagte Ding:<\/p>\n<blockquote>\n<p><em>&#8222;Wir sind bereit, gemeinsam mit unseren Partnern die Kontakte und die Zusammenarbeit zu vertiefen, die Ziele der UN-Charta einzuhalten, die internationale Gerechtigkeit zu verteidigen und uns Versuchen entgegenzustellen, die Ergebnisse des Zweiten Weltkriegs und die Nachkriegsordnung infragezustellen.&#8220;<\/em><\/p>\n<\/blockquote>\n<p>Peking hatte diese Position bereits mehrfach betont: Bei einem Staatsbesuch des chinesischen Pr\u00e4sidenten Xi Jinping vom 7. bis 10. Mai 2025 anl\u00e4sslich der Feierlichkeiten zum Tag des Sieges <a target=\"_blank\" rel=\"noopener noreferrer\" href=\"https:\/\/de-rtnews.com\/international\/244763-sicht-aus-china-warum-moskau-und-peking-zusammenstehen\/\">unterzeichneten<\/a> China und Russland sogar eine gemeinsame Erkl\u00e4rung zur Vertiefung ihrer strategischen Partnerschaft, die eine wahrheitsgetreue Darstellung der Geschichte des Zweiten Weltkriegs zu einem festen Bestandteil der bilateralen Zusammenarbeit erkl\u00e4rt \u2013 etwa durch gemeinsame Gedenkveranstaltungen, die Suche nach den \u00dcberresten gefallener Soldaten, die Restaurierung von Gedenkst\u00e4tten sowie eine engere Zusammenarbeit in den Bereichen Bildung, Archivwesen und Medien.<\/p>\n<p>Xi <a target=\"_blank\" rel=\"noopener noreferrer\" href=\"https:\/\/de-rtnews.com\/international\/244446-hueter-der-weltordnung-xi-jinping-trifft-zu-gespraechen-mit-putin-im-kreml-ein\/\">erkl\u00e4rte<\/a> damals, beide L\u00e4nder w\u00fcrden gemeinsam f\u00fcr eine korrekte Sichtweise auf die Geschichte des Zweiten Weltkriegs sowie f\u00fcr Autorit\u00e4t und Status der Vereinten Nationen eintreten und sich f\u00fcr eine gleichberechtigte, geordnete und inklusive wirtschaftliche Globalisierung einsetzen.<\/p>\n<p>Russlands\u00a0Pr\u00e4sident Wladimir Putin hatte am 1. September <a href=\"http:\/\/kremlin.ru\/events\/president\/news\/80655\" target=\"_blank\" rel=\"noopener noreferrer\">erkl\u00e4rt<\/a>, das Potenzial der Vereinten Nationen werde bislang nicht voll ausgesch\u00f6pft, weshalb die Effizienz ihrer Arbeit gesteigert werden m\u00fcsse. Es gehe um die Herausbildung einer neuen, gerechten, multipolaren Weltordnung \u2013 dieser Prozess sei objektiv bedingt und unumkehrbar.<\/p>\n<p><strong>Mehr zum Thema<\/strong>\u00a0\u2013 <a target=\"_blank\" rel=\"noopener noreferrer\" href=\"https:\/\/de-rtnews.com\/inland\/290368-russischer-botschafter-netschajew-auf-uz\/\">Russischer Botschafter Netschajew auf UZ-Friedensfest \u2012 Gegen Geschichtsf\u00e4lschung und Russophobie<\/a><\/p>\n<div class=\"EmbedBlock-root EmbedBlock-externalVideo EmbedBlock-rumble\">\n<div class=\"VkEmbed\"><iframe class=\"lazyload\" data-src=\"https:\/\/rumble.com\/embed\/v7c8mja\" frameborder=\"0\" width=\"853\" height=\"480\" allowfullscreen><\/iframe><\/div>\n<\/p><\/div>\n<\/div>","protected":false},"excerpt":{"rendered":"<p>China\u00a0verteidigt die nach dem Zweiten Weltkrieg entstandene internationale Ordnung und wird sich Versuchen entgegenstellen, die Geschichte umzuschreiben und das bestehende System der internationalen Beziehungen zu ver\u00e4ndern. Das berichtet\u00a0die russische Nachrichtenagentur\u00a0TASS\u00a0unter Berufung auf\u00a0den Vizeministerpr\u00e4sident des chinesischen Staatsrats, Ding Xuexiang. Auf der Plenarsitzung des \u00d6stlichen Wirtschaftsforums sagte Ding: &#8222;Wir sind bereit, gemeinsam mit unseren Partnern die Kontakte [&hellip;]<\/p>\n","protected":false},"author":1,"featured_media":4846,"comment_status":"closed","ping_status":"closed","sticky":false,"template":"","format":"standard","meta":{"_gspb_post_css":"","_uag_custom_page_level_css":"","fifu_image_url":"","fifu_image_alt":"","footnotes":""},"categories":[5],"tags":[],"class_list":["post-20806","post","type-post","status-publish","format-standard","has-post-thumbnail","hentry","category-politik"],"blocksy_meta":{"styles_descriptor":{"styles":{"desktop":"","tablet":"","mobile":""},"google_fonts":[],"version":7}},"uagb_featured_image_src":{"full":["https:\/\/mleexelnfod5.i.optimole.com\/w:auto\/h:auto\/q:mauto\/f:best\/https:\/\/i2.wp.com\/meiser-tv.de\/wp-content\/uploads\/2026\/05\/RSS-Hintergrund.jpg?w=1920&fit=1920,1080&ssl=1",1920,1080,true],"thumbnail":["https:\/\/mleexelnfod5.i.optimole.com\/w:auto\/h:auto\/q:mauto\/f:best\/https:\/\/i2.wp.com\/meiser-tv.de\/wp-content\/uploads\/2026\/05\/RSS-Hintergrund.jpg?w=150&resize=150,150&ssl=1",150,150,true],"medium":["https:\/\/mleexelnfod5.i.optimole.com\/w:auto\/h:auto\/q:mauto\/f:best\/https:\/\/i2.wp.com\/meiser-tv.de\/wp-content\/uploads\/2026\/05\/RSS-Hintergrund.jpg?w=300&fit=300,300&ssl=1",300,300,true],"medium_large":["https:\/\/mleexelnfod5.i.optimole.com\/w:auto\/h:auto\/q:mauto\/f:best\/https:\/\/i2.wp.com\/meiser-tv.de\/wp-content\/uploads\/2026\/05\/RSS-Hintergrund.jpg?w=768&resize=768,0&ssl=1",768,0,true],"large":["https:\/\/mleexelnfod5.i.optimole.com\/w:auto\/h:auto\/q:mauto\/f:best\/https:\/\/i2.wp.com\/meiser-tv.de\/wp-content\/uploads\/2026\/05\/RSS-Hintergrund.jpg?w=1024&fit=1024,1024&ssl=1",1024,1024,true],"1536x1536":["https:\/\/mleexelnfod5.i.optimole.com\/w:auto\/h:auto\/q:mauto\/f:best\/https:\/\/i2.wp.com\/meiser-tv.de\/wp-content\/uploads\/2026\/05\/RSS-Hintergrund.jpg?w=1536&fit=1536,1536&ssl=1",1536,1536,true],"2048x2048":["https:\/\/mleexelnfod5.i.optimole.com\/w:auto\/h:auto\/q:mauto\/f:best\/https:\/\/i2.wp.com\/meiser-tv.de\/wp-content\/uploads\/2026\/05\/RSS-Hintergrund.jpg?w=2048&fit=2048,2048&ssl=1",2048,2048,true],"trp-custom-language-flag":["https:\/\/mleexelnfod5.i.optimole.com\/w:auto\/h:auto\/q:mauto\/f:best\/https:\/\/i2.wp.com\/meiser-tv.de\/wp-content\/uploads\/2026\/05\/RSS-Hintergrund.jpg?w=18&fit=18,12&ssl=1",18,12,true]},"uagb_author_info":{"display_name":"admin","author_link":"https:\/\/meiser-tv.de\/en\/author\/admin\/"},"uagb_comment_info":0,"uagb_excerpt":"China\u00a0verteidigt die nach dem Zweiten Weltkrieg entstandene internationale Ordnung und wird sich Versuchen entgegenstellen, die Geschichte umzuschreiben und das bestehende System der internationalen Beziehungen zu ver\u00e4ndern. Das berichtet\u00a0die russische Nachrichtenagentur\u00a0TASS\u00a0unter Berufung auf\u00a0den Vizeministerpr\u00e4sident des chinesischen Staatsrats, Ding Xuexiang. Auf der Plenarsitzung des \u00d6stlichen Wirtschaftsforums sagte Ding: &#8222;Wir sind bereit, gemeinsam mit unseren Partnern die Kontakte&hellip;","_links":{"self":[{"href":"https:\/\/meiser-tv.de\/en\/wp-json\/wp\/v2\/posts\/20806","targetHints":{"allow":["GET"]}}],"collection":[{"href":"https:\/\/meiser-tv.de\/en\/wp-json\/wp\/v2\/posts"}],"about":[{"href":"https:\/\/meiser-tv.de\/en\/wp-json\/wp\/v2\/types\/post"}],"author":[{"embeddable":true,"href":"https:\/\/meiser-tv.de\/en\/wp-json\/wp\/v2\/users\/1"}],"replies":[{"embeddable":true,"href":"https:\/\/meiser-tv.de\/en\/wp-json\/wp\/v2\/comments?post=20806"}],"version-history":[{"count":0,"href":"https:\/\/meiser-tv.de\/en\/wp-json\/wp\/v2\/posts\/20806\/revisions"}],"wp:featuredmedia":[{"embeddable":true,"href":"https:\/\/meiser-tv.de\/en\/wp-json\/wp\/v2\/media\/4846"}],"wp:attachment":[{"href":"https:\/\/meiser-tv.de\/en\/wp-json\/wp\/v2\/media?parent=20806"}],"wp:term":[{"taxonomy":"category","embeddable":true,"href":"https:\/\/meiser-tv.de\/en\/wp-json\/wp\/v2\/categories?post=20806"},{"taxonomy":"post_tag","embeddable":true,"href":"https:\/\/meiser-tv.de\/en\/wp-json\/wp\/v2\/tags?post=20806"}],"curies":[{"name":"wp","href":"https:\/\/api.w.org\/{rel}","templated":true}]}}