{"id":20811,"date":"2026-09-03T16:02:14","date_gmt":"2026-09-03T14:02:14","guid":{"rendered":"https:\/\/meiser-tv.de\/medienkritik\/brennpunkt-migration-so-will-die-afd-in-sachsen-anhalt-jetzt-aufraeumen\/"},"modified":"2026-09-03T16:02:14","modified_gmt":"2026-09-03T14:02:14","slug":"brennpunkt-migration-so-will-die-afd-in-sachsen-anhalt-jetzt-aufraeumen","status":"publish","type":"post","link":"https:\/\/meiser-tv.de\/en\/medienkritik\/brennpunkt-migration-so-will-die-afd-in-sachsen-anhalt-jetzt-aufraeumen\/","title":{"rendered":"BRENNPUNKT MIGRATION: So will die AfD in Sachsen-Anhalt jetzt AUFR\u00c4UMEN!"},"content":{"rendered":"<div>\n<p class=\"wp-block-paragraph\">Die Masseneinwanderung treibt auch die Kriminalit\u00e4tszahlen in Sachsen-Anhalt nach oben \u2013 und steht deshalb im Zentrum des Landtagswahlkampfs der AfD. Doch wie will die Partei konkret gegen kriminelle und arbeitsunwillige Migranten vorgehen?<\/p>\n<p class=\"wp-block-paragraph\">Dar\u00fcber sprach DK-Reporter Johannes Sch\u00fcller mit Matthias B\u00fcttner in dessen Wahlkreis Sta\u00dffurt. B\u00fcttner ist Vorsitzender des Ausschusses f\u00fcr Inneres und Sport sowie innenpolitischer Sprecher der AfD-Fraktion im Landtag von Sachsen-Anhalt.<\/p>\n<p class=\"wp-block-paragraph\"><img data-opt-id=1901676023  fetchpriority=\"high\" decoding=\"async\" src=\"https:\/\/mleexelnfod5.i.optimole.com\/cb:9GYU.d27\/w:auto\/h:auto\/q:mauto\/f:best\/https:\/\/meiser-tv.de\/wp-content\/uploads\/2026\/09\/1f525-1.png\" alt=\"\ud83d\udd25\" class=\"wp-smiley\" style=\"height: 1em; max-height: 1em;\"><\/p>\n<p class=\"wp-block-paragraph\">\n<p><strong>Beitrag:<\/strong> <a target=\"_blank\" rel=\"noopener noreferrer\" href=\"https:\/\/deutschlandkurier.de\/2026\/09\/brennpunkt-migration-so-will-die-afd-in-sachsen-anhalt-jetzt-aufraeumen\/\">BRENNPUNKT MIGRATION: So will die AfD in Sachsen-Anhalt jetzt AUFR\u00c4UMEN!<\/a> <br><strong>Quelle:<\/strong> Deutschland-Kurier.<\/p>\n<\/div>","protected":false},"excerpt":{"rendered":"<div>\n<p>Die Masseneinwanderung treibt auch die Kriminalit\u00e4tszahlen in Sachsen-Anhalt nach oben \u2013 und steht deshalb im Zentrum des Landtagswahlkampfs der AfD. Doch wie will die Partei konkret gegen kriminelle und arbeitsunwillige Migranten vorgehen? Dar\u00fcber sprach DK\ud83c\udde9\ud83c\uddea-Reporter Johannes Sch\u00fcller mit Matthias B\u00fcttner in dessen Wahlkreis Sta\u00dffurt. B\u00fcttner ist Vorsitzender des Ausschusses f\u00fcr Inneres und Sport sowie innenpolitischer [\u2026]<\/p>\n<p>The post <a href=\"https:\/\/deutschlandkurier.de\/2026\/09\/brennpunkt-migration-so-will-die-afd-in-sachsen-anhalt-jetzt-aufraeumen\/\">BRENNPUNKT MIGRATION: So will die AfD in Sachsen-Anhalt jetzt AUFR\u00c4UMEN!<\/a> appeared first on <a href=\"https:\/\/deutschlandkurier.de\/\">Deutschland-Kurier<\/a>.<\/p>\n<\/div>\n","protected":false},"author":1,"featured_media":20812,"comment_status":"closed","ping_status":"closed","sticky":false,"template":"","format":"standard","meta":{"_gspb_post_css":"","_uag_custom_page_level_css":"","fifu_image_url":"","fifu_image_alt":"","footnotes":""},"categories":[17],"tags":[],"class_list":["post-20811","post","type-post","status-publish","format-standard","has-post-thumbnail","hentry","category-medienkritik"],"blocksy_meta":{"styles_descriptor":{"styles":{"desktop":"","tablet":"","mobile":""},"google_fonts":[],"version":7}},"uagb_featured_image_src":{"full":["https:\/\/mleexelnfod5.i.optimole.com\/cb:9GYU.d27\/w:auto\/h:auto\/q:mauto\/f:best\/https:\/\/meiser-tv.de\/wp-content\/uploads\/2026\/09\/1f1e9-1f1ea-2.png",72,72,false],"thumbnail":["https:\/\/mleexelnfod5.i.optimole.com\/cb:9GYU.d27\/w:auto\/h:auto\/q:mauto\/f:best\/https:\/\/meiser-tv.de\/wp-content\/uploads\/2026\/09\/1f1e9-1f1ea-2.png",72,72,false],"medium":["https:\/\/mleexelnfod5.i.optimole.com\/cb:9GYU.d27\/w:auto\/h:auto\/q:mauto\/f:best\/https:\/\/meiser-tv.de\/wp-content\/uploads\/2026\/09\/1f1e9-1f1ea-2.png",72,72,false],"medium_large":["https:\/\/mleexelnfod5.i.optimole.com\/cb:9GYU.d27\/w:auto\/h:auto\/q:mauto\/f:best\/https:\/\/meiser-tv.de\/wp-content\/uploads\/2026\/09\/1f1e9-1f1ea-2.png",72,72,false],"large":["https:\/\/mleexelnfod5.i.optimole.com\/cb:9GYU.d27\/w:auto\/h:auto\/q:mauto\/f:best\/https:\/\/meiser-tv.de\/wp-content\/uploads\/2026\/09\/1f1e9-1f1ea-2.png",72,72,false],"1536x1536":["https:\/\/mleexelnfod5.i.optimole.com\/cb:9GYU.d27\/w:auto\/h:auto\/q:mauto\/f:best\/https:\/\/meiser-tv.de\/wp-content\/uploads\/2026\/09\/1f1e9-1f1ea-2.png",72,72,false],"2048x2048":["https:\/\/mleexelnfod5.i.optimole.com\/cb:9GYU.d27\/w:auto\/h:auto\/q:mauto\/f:best\/https:\/\/meiser-tv.de\/wp-content\/uploads\/2026\/09\/1f1e9-1f1ea-2.png",72,72,false],"trp-custom-language-flag":["https:\/\/mleexelnfod5.i.optimole.com\/cb:9GYU.d27\/w:12\/h:12\/q:mauto\/f:best\/dpr:2\/https:\/\/meiser-tv.de\/wp-content\/uploads\/2026\/09\/1f1e9-1f1ea-2.png",12,12,true]},"uagb_author_info":{"display_name":"admin","author_link":"https:\/\/meiser-tv.de\/en\/author\/admin\/"},"uagb_comment_info":0,"uagb_excerpt":"Die Masseneinwanderung treibt auch die Kriminalit\u00e4tszahlen in Sachsen-Anhalt nach oben \u2013 und steht deshalb im Zentrum des Landtagswahlkampfs der AfD. Doch wie will die Partei konkret gegen kriminelle und arbeitsunwillige Migranten vorgehen? Dar\u00fcber sprach DK\ud83c\udde9\ud83c\uddea-Reporter Johannes Sch\u00fcller mit Matthias B\u00fcttner in dessen Wahlkreis Sta\u00dffurt. B\u00fcttner ist Vorsitzender des Ausschusses f\u00fcr Inneres und Sport sowie innenpolitischer&hellip;","_links":{"self":[{"href":"https:\/\/meiser-tv.de\/en\/wp-json\/wp\/v2\/posts\/20811","targetHints":{"allow":["GET"]}}],"collection":[{"href":"https:\/\/meiser-tv.de\/en\/wp-json\/wp\/v2\/posts"}],"about":[{"href":"https:\/\/meiser-tv.de\/en\/wp-json\/wp\/v2\/types\/post"}],"author":[{"embeddable":true,"href":"https:\/\/meiser-tv.de\/en\/wp-json\/wp\/v2\/users\/1"}],"replies":[{"embeddable":true,"href":"https:\/\/meiser-tv.de\/en\/wp-json\/wp\/v2\/comments?post=20811"}],"version-history":[{"count":0,"href":"https:\/\/meiser-tv.de\/en\/wp-json\/wp\/v2\/posts\/20811\/revisions"}],"wp:featuredmedia":[{"embeddable":true,"href":"https:\/\/meiser-tv.de\/en\/wp-json\/wp\/v2\/media\/20812"}],"wp:attachment":[{"href":"https:\/\/meiser-tv.de\/en\/wp-json\/wp\/v2\/media?parent=20811"}],"wp:term":[{"taxonomy":"category","embeddable":true,"href":"https:\/\/meiser-tv.de\/en\/wp-json\/wp\/v2\/categories?post=20811"},{"taxonomy":"post_tag","embeddable":true,"href":"https:\/\/meiser-tv.de\/en\/wp-json\/wp\/v2\/tags?post=20811"}],"curies":[{"name":"wp","href":"https:\/\/api.w.org\/{rel}","templated":true}]}}