{"id":20817,"date":"2026-09-03T16:03:28","date_gmt":"2026-09-03T14:03:28","guid":{"rendered":"https:\/\/meiser-tv.de\/politik\/wadephul-bedauert-schliessung-der-goethe-institute-in-russland\/"},"modified":"2026-09-03T16:03:28","modified_gmt":"2026-09-03T14:03:28","slug":"wadephul-bedauert-schliessung-der-goethe-institute-in-russland","status":"publish","type":"post","link":"https:\/\/meiser-tv.de\/en\/politik\/wadephul-bedauert-schliessung-der-goethe-institute-in-russland\/","title":{"rendered":"Wadephul bedauert Schlie\u00dfung der Goethe-Institute in Russland"},"content":{"rendered":"<div>\n<p>Auf der Pressekonferenz nach dem Treffen der Au\u00dfenminister des Weimarer Dreiecks, also Frankreichs, Deutschlands und Polens, das zum 35.\u00a0Jubil\u00e4um dieser Konstellation in Weimar stattfand, antworte Au\u00dfenminister Johann Wadephul auf eine Frage nach der Schlie\u00dfung der Goethe-Institute in Russland, er bedauere, dass Russland diesen Schritt gegangen sei.<\/p>\n<p>&#8222;Das Goethe-Institut hat auch in Russland eine wichtige Funktion als Kulturbr\u00fccke \u00fcbernommen. Und wir w\u00e4ren bereit gewesen, das fortzusetzen.&#8220;<\/p>\n<p>Einzig die russische F\u00fchrung sei das Problem in der jetzigen Situation. &#8222;Ich m\u00f6chte in diesem Zusammenhang noch mal darauf hinweisen, dass die Schritte, die wir hier ergriffen haben, und die Schlie\u00dfungen, die ich veranlasst habe, eine Reaktion gewesen sind auf vorheriges russisches Verhalten.&#8220;<\/p>\n<p>Damit verwies er auf die vermeintlich russische Drohne, die Anfang August im Leipziger Flughafen in der N\u00e4he eines ukrainischen Frachtflugzeugs, das Munition transportieren sollte, gefunden worden sein soll.<\/p>\n<p>&#8222;Wir sind in unserem B\u00fcndnis und auch mit den Freunden, die hier stehen, immer bereit gewesen, mit Russland einen vern\u00fcnftigen Dialog zu f\u00fchren.&#8220;<\/p>\n<p>Voraussetzung sei, dass der &#8222;Aggressionskrieg gegen die Ukraine&#8220; beendet werde und &#8222;alle Attacken jeder Art und Weise gegen uns und unsere Verb\u00fcndeten&#8220; unterblieben.<\/p>\n<p>Die Frage wurde vom Vertreter der Deutschen Welle gestellt. Am Dienstag hatte Wadephul auf einer Pressekonferenz verk\u00fcndet, er habe in Absprache mit dem Bundeskanzler angeordnet, das russische Generalkonsulat in Bonn zu schlie\u00dfen und den Vertrag \u00fcber das Russische Haus in Berlin zu k\u00fcndigen. Die Schlie\u00dfung des Goethe-Instituts wurde am Donnerstagmorgen vom russischen Au\u00dfenminister Sergei Lawrow angek\u00fcndigt und entspricht der diplomatischen Gepflogenheit spiegelgleicher Reaktionen.<\/p>\n<p><strong>Mehr zum Thema<\/strong>\u00a0\u2013 <a target=\"_blank\" rel=\"noopener noreferrer\" href=\"https:\/\/de-rtnews.com\/russland\/290527-moskau-schliesst-goethe-institut-in\/\">Moskau schlie\u00dft alle drei Goethe-Institute in Russland<\/a><\/p>\n<div class=\"EmbedBlock-root EmbedBlock-externalVideo EmbedBlock-rumble\">\n<div class=\"VkEmbed\"><iframe class=\"lazyload\" data-src=\"https:\/\/rumble.com\/embed\/v7cto54\" frameborder=\"0\" width=\"853\" height=\"480\" allowfullscreen><\/iframe><\/div>\n<\/p><\/div>\n<\/div>","protected":false},"excerpt":{"rendered":"<p>Auf der Pressekonferenz nach dem Treffen der Au\u00dfenminister des Weimarer Dreiecks, also Frankreichs, Deutschlands und Polens, das zum 35.\u00a0Jubil\u00e4um dieser Konstellation in Weimar stattfand, antworte Au\u00dfenminister Johann Wadephul auf eine Frage nach der Schlie\u00dfung der Goethe-Institute in Russland, er bedauere, dass Russland diesen Schritt gegangen sei. &#8222;Das Goethe-Institut hat auch in Russland eine wichtige Funktion [&hellip;]<\/p>\n","protected":false},"author":1,"featured_media":4846,"comment_status":"closed","ping_status":"closed","sticky":false,"template":"","format":"standard","meta":{"_gspb_post_css":"","_uag_custom_page_level_css":"","fifu_image_url":"","fifu_image_alt":"","footnotes":""},"categories":[5],"tags":[],"class_list":["post-20817","post","type-post","status-publish","format-standard","has-post-thumbnail","hentry","category-politik"],"blocksy_meta":{"styles_descriptor":{"styles":{"desktop":"","tablet":"","mobile":""},"google_fonts":[],"version":7}},"uagb_featured_image_src":{"full":["https:\/\/mleexelnfod5.i.optimole.com\/w:auto\/h:auto\/q:mauto\/f:best\/https:\/\/i2.wp.com\/meiser-tv.de\/wp-content\/uploads\/2026\/05\/RSS-Hintergrund.jpg?w=1920&fit=1920,1080&ssl=1",1920,1080,true],"thumbnail":["https:\/\/mleexelnfod5.i.optimole.com\/w:auto\/h:auto\/q:mauto\/f:best\/https:\/\/i2.wp.com\/meiser-tv.de\/wp-content\/uploads\/2026\/05\/RSS-Hintergrund.jpg?w=150&resize=150,150&ssl=1",150,150,true],"medium":["https:\/\/mleexelnfod5.i.optimole.com\/w:auto\/h:auto\/q:mauto\/f:best\/https:\/\/i2.wp.com\/meiser-tv.de\/wp-content\/uploads\/2026\/05\/RSS-Hintergrund.jpg?w=300&fit=300,300&ssl=1",300,300,true],"medium_large":["https:\/\/mleexelnfod5.i.optimole.com\/w:auto\/h:auto\/q:mauto\/f:best\/https:\/\/i2.wp.com\/meiser-tv.de\/wp-content\/uploads\/2026\/05\/RSS-Hintergrund.jpg?w=768&resize=768,0&ssl=1",768,0,true],"large":["https:\/\/mleexelnfod5.i.optimole.com\/w:auto\/h:auto\/q:mauto\/f:best\/https:\/\/i2.wp.com\/meiser-tv.de\/wp-content\/uploads\/2026\/05\/RSS-Hintergrund.jpg?w=1024&fit=1024,1024&ssl=1",1024,1024,true],"1536x1536":["https:\/\/mleexelnfod5.i.optimole.com\/w:auto\/h:auto\/q:mauto\/f:best\/https:\/\/i2.wp.com\/meiser-tv.de\/wp-content\/uploads\/2026\/05\/RSS-Hintergrund.jpg?w=1536&fit=1536,1536&ssl=1",1536,1536,true],"2048x2048":["https:\/\/mleexelnfod5.i.optimole.com\/w:auto\/h:auto\/q:mauto\/f:best\/https:\/\/i2.wp.com\/meiser-tv.de\/wp-content\/uploads\/2026\/05\/RSS-Hintergrund.jpg?w=2048&fit=2048,2048&ssl=1",2048,2048,true],"trp-custom-language-flag":["https:\/\/mleexelnfod5.i.optimole.com\/w:auto\/h:auto\/q:mauto\/f:best\/https:\/\/i2.wp.com\/meiser-tv.de\/wp-content\/uploads\/2026\/05\/RSS-Hintergrund.jpg?w=18&fit=18,12&ssl=1",18,12,true]},"uagb_author_info":{"display_name":"admin","author_link":"https:\/\/meiser-tv.de\/en\/author\/admin\/"},"uagb_comment_info":0,"uagb_excerpt":"Auf der Pressekonferenz nach dem Treffen der Au\u00dfenminister des Weimarer Dreiecks, also Frankreichs, Deutschlands und Polens, das zum 35.\u00a0Jubil\u00e4um dieser Konstellation in Weimar stattfand, antworte Au\u00dfenminister Johann Wadephul auf eine Frage nach der Schlie\u00dfung der Goethe-Institute in Russland, er bedauere, dass Russland diesen Schritt gegangen sei. &#8222;Das Goethe-Institut hat auch in Russland eine wichtige Funktion&hellip;","_links":{"self":[{"href":"https:\/\/meiser-tv.de\/en\/wp-json\/wp\/v2\/posts\/20817","targetHints":{"allow":["GET"]}}],"collection":[{"href":"https:\/\/meiser-tv.de\/en\/wp-json\/wp\/v2\/posts"}],"about":[{"href":"https:\/\/meiser-tv.de\/en\/wp-json\/wp\/v2\/types\/post"}],"author":[{"embeddable":true,"href":"https:\/\/meiser-tv.de\/en\/wp-json\/wp\/v2\/users\/1"}],"replies":[{"embeddable":true,"href":"https:\/\/meiser-tv.de\/en\/wp-json\/wp\/v2\/comments?post=20817"}],"version-history":[{"count":0,"href":"https:\/\/meiser-tv.de\/en\/wp-json\/wp\/v2\/posts\/20817\/revisions"}],"wp:featuredmedia":[{"embeddable":true,"href":"https:\/\/meiser-tv.de\/en\/wp-json\/wp\/v2\/media\/4846"}],"wp:attachment":[{"href":"https:\/\/meiser-tv.de\/en\/wp-json\/wp\/v2\/media?parent=20817"}],"wp:term":[{"taxonomy":"category","embeddable":true,"href":"https:\/\/meiser-tv.de\/en\/wp-json\/wp\/v2\/categories?post=20817"},{"taxonomy":"post_tag","embeddable":true,"href":"https:\/\/meiser-tv.de\/en\/wp-json\/wp\/v2\/tags?post=20817"}],"curies":[{"name":"wp","href":"https:\/\/api.w.org\/{rel}","templated":true}]}}