{"id":20818,"date":"2026-09-03T16:03:57","date_gmt":"2026-09-03T14:03:57","guid":{"rendered":"https:\/\/meiser-tv.de\/uncategorized\/40-fakten-die-sie-unbedingt-wissen-muessen-die-wahre-geschichte-von-covid\/"},"modified":"2026-09-03T16:03:57","modified_gmt":"2026-09-03T14:03:57","slug":"40-fakten-die-sie-unbedingt-wissen-muessen-die-wahre-geschichte-von-covid","status":"publish","type":"post","link":"https:\/\/meiser-tv.de\/en\/uncategorized\/40-fakten-die-sie-unbedingt-wissen-muessen-die-wahre-geschichte-von-covid\/","title":{"rendered":"40 Fakten, die Sie UNBEDINGT wissen m\u00fcssen: Die WAHRE Geschichte von \u201eCovid\u201c"},"content":{"rendered":"<div>\n<p class=\"wp-block-paragraph\"><em>Von Kit Knightly<\/em><\/p>\n<p class=\"wp-block-paragraph\">Wir haben unser \u00e4u\u00dferst beliebtes \u201eCribsheet\u201c erstmals im September 2021 ver\u00f6ffentlicht, als Reaktion auf Dutzende \u2013 ja sogar Hunderte \u2013 von Leseranfragen nach Quellen und Daten. Es war ebenso sehr als Informationsquelle und Linksammlung gedacht wie als Artikel und bewusst frei von Interpretationen, redaktionellen Kommentaren oder Meinungen.<\/p>\n<p class=\"wp-block-paragraph\">Die Resonanz war unglaublich: Innerhalb weniger Wochen wurde es zu unserem meistgelesenen Artikel aller Zeiten und verzeichnet seitdem stetig hohe Besucherzahlen.<\/p>\n<p class=\"wp-block-paragraph\">Doch die Zeit schreitet voran, und als neue Daten ver\u00f6ffentlicht wurden und neue Fakten ans Licht kamen, wurde klar, dass wir den Beitrag aktualisieren mussten \u2013 nicht nur in Bezug auf die Fakten, sondern auch hinsichtlich des Ansatzes.<\/p>\n<p class=\"wp-block-paragraph\">Hier sind also alle <em>aktualisierten<\/em> wichtigen Fakten und Quellen zur angeblichen \u201ePandemie\u201c, um euch zu helfen, einen \u00dcberblick dar\u00fcber zu gewinnen, was seit Januar 2020 in der Welt geschehen ist, und um euch dabei zu unterst\u00fctzen, Freunde aufzukl\u00e4ren, die vielleicht noch immer im Nebel des \u201eNew Normal\u201c gefangen sind.<\/p>\n<h4 class=\"wp-block-heading has-medium-font-size\"><strong>Teil I: Symptome<\/strong><\/h4>\n<p class=\"wp-block-paragraph\"><strong><sup>NEU!<\/sup>1. \u201eCovid-19\u201c und die Grippe weisen IDENTISCHE Symptome auf.<\/strong> Es gibt keine Symptome oder Symptomkomplexe, die einzigartig oder spezifisch f\u00fcr \u201eCovid\u201c und nur f\u00fcr \u201eCovid\u201c sind. Alle \u201eCovid\u201c-Symptome treten auch bei vielen anderen Krankheiten und Beschwerden auf, einschlie\u00dflich der Gruppe der h\u00e4ufigen Atemwegsinfektionen, die umgangssprachlich als \u201eGrippe\u201c bezeichnet werden.<\/p>\n<p class=\"wp-block-paragraph\">Dies wird von Mainstream-Quellen und \u201eExperten\u201c ohne Weiteres einger\u00e4umt, die \u201eCovid\u201c-Symptome routinem\u00e4\u00dfig als <em>\u201egrippe\u00e4hnlich\u201c<\/em> beschreiben.<\/p>\n<p class=\"wp-block-paragraph\">Laut der Website des US-amerikanischen Centers for Disease Control (CDC), auf der <a href=\"https:\/\/www.cdc.gov\/flu\/symptoms\/flu-vs-covid19.htm\" target=\"_blank\" rel=\"noopener\">\u201eCovid\u201c und die Grippe verglichen werden<\/a>:<\/p>\n<blockquote class=\"wp-block-quote is-layout-flow wp-block-quote-is-layout-flow\">\n<p class=\"wp-block-paragraph\"><em><strong>Man kann allein anhand der Symptome keinen Unterschied zwischen einer Grippe und COVID-19 feststellen, da beide Erkrankungen teilweise die gleichen Symptome aufweisen.<\/strong><\/em><\/p>\n<\/blockquote>\n<p class=\"wp-block-paragraph\">Der britische <a href=\"https:\/\/www.nhs.uk\/conditions\/covid-19\/covid-19-symptoms-and-what-to-do\/\" target=\"_blank\" rel=\"noopener\">NHS erkl\u00e4rt<\/a> hingegen:<\/p>\n<blockquote class=\"wp-block-quote is-layout-flow wp-block-quote-is-layout-flow\">\n<p class=\"wp-block-paragraph\"><em><strong>Die Symptome [von Covid] \u00e4hneln stark den Symptomen anderer Erkrankungen, wie beispielsweise Erk\u00e4ltungen und Grippe.<\/strong><\/em><\/p>\n<\/blockquote>\n<p class=\"wp-block-paragraph\">W\u00e4hrend alle etablierten Quellen diese Erkenntnis in milde Formulierungen verpacken \u2013 <em>\u201eeinige der gleichen Symptome\u201c<\/em>, <em>\u201esehr \u00e4hnlich\u201c<\/em> \u2013, sind die Symptome in Wahrheit identisch. Die einzigen jemals beobachteten Unterschiede betreffen den Schweregrad und den Zeitpunkt des Auftretens.<\/p>\n<p class=\"wp-block-paragraph\">Dieser <a target=\"_blank\" rel=\"noopener noreferrer\" href=\"https:\/\/www.healthpartners.com\/blog\/covid-19-vs-flu-symptoms\/\">Artikel von Health Partners<\/a> hebt hervor, dass \u201eCovid\u201c sowohl schwerer als auch milder als die Grippe verlaufen kann, und merkt an, dass sich \u201eCovid\u201c manchmal <em>\u201eeher wie eine Erk\u00e4ltung anf\u00fchlt\u201c<\/em><\/p>\n<p class=\"wp-block-paragraph\">W\u00e4hrend laut der Mayo Clinic in ihrem Artikel \u00fcber <a target=\"_blank\" rel=\"noopener noreferrer\" href=\"https:\/\/www.mayoclinic.org\/diseases-conditions\/coronavirus\/in-depth\/coronavirus-vs-flu\/art-20490339\">\u201eCovid\u201c im Vergleich zur Grippe<\/a> der einzige Unterschied bei den Symptomen darin besteht, dass sie <em>\u201ezu unterschiedlichen Zeitpunkten auftreten\u201c<\/em>.<\/p>\n<p class=\"wp-block-paragraph\">*<\/p>\n<p class=\"wp-block-paragraph\"><strong><sup>NEU!<\/sup>2. \u201eMilchglastr\u00fcbungen\u201c sind KEIN Alleinmerkmal von \u201eCovid\u201c.<\/strong> Zu Beginn der Pandemie wurde berichtet, dass bildgebende Verfahren sogenannte \u201eMilchglastr\u00fcbungen\u201c in den Lungen von Verdachtsf\u00e4llen auf \u201eCovid\u201c zeigten und dass dies zur Diagnose von Patienten herangezogen wurde, aber <em>Milchglastr\u00fcbungen sind kein Alleinmerkmal von \u201eCovid\u201c<\/em>.<\/p>\n<p class=\"wp-block-paragraph\">Laut einer deutschen Studie, die 2010 in der <a href=\"https:\/\/pubmed.ncbi.nlm.nih.gov\/20978735\/\" target=\"_blank\" rel=\"noopener\"><em>Zeitschrift Radiologie<\/em> ver\u00f6ffentlicht wurde<\/a>:<\/p>\n<blockquote class=\"wp-block-quote is-layout-flow wp-block-quote-is-layout-flow\">\n<p class=\"wp-block-paragraph\"><em><strong>Eine milchglasartige Verschattung (GGO) wird als diffuse Lungeninfiltration definiert, [die verursacht werden kann durch] \u00d6deme, alveol\u00e4re und interstitielle Pneumonien, nichtinfekti\u00f6se Pneumonitis sowie tumorbedingte Erscheinungsformen. Auch physiologische Vorg\u00e4nge, wie eine unzureichende Bel\u00fcftung der abh\u00e4ngigen Lungenbereiche und Auswirkungen der Ausatmung, k\u00f6nnen sich als milchglasartige Verschattung \u00e4u\u00dfern.<\/strong><\/em><\/p>\n<\/blockquote>\n<p class=\"wp-block-paragraph\">Im Jahr 2012 ver\u00f6ffentlichte das \u201eJournal of Respiratory Care\u201c einen Artikel zum Thema <em><a href=\"https:\/\/rc.rcjournal.com\/content\/respcare\/57\/4\/607.full.pdf\" target=\"_blank\" rel=\"noopener\">\u201eDie Bildgebung beim akuten Atemnotsyndrom\u201c<\/a><\/em>, in dem GGOs wie folgt beschrieben wurden [Hervorhebung hinzugef\u00fcgt]:<\/p>\n<blockquote class=\"wp-block-quote is-layout-flow wp-block-quote-is-layout-flow\">\n<p class=\"wp-block-paragraph\"><em><strong>Eine milchglasartige Tr\u00fcbung im CT ist <\/strong><\/em><strong>ein unspezifisches Anzeichen<\/strong><em><strong>, das auf eine allgemeine Verringerung des Luftgehalts in der betroffenen Lunge hindeutet.<\/strong><\/em><\/p>\n<\/blockquote>\n<p class=\"wp-block-paragraph\">Im Jahr 2022 ver\u00f6ffentlichte The Lancet <a href=\"https:\/\/www.thelancet.com\/article\/S0140-6736(22)00009-5\/fulltext\" target=\"_blank\" rel=\"noopener\">eine Fallstudie<\/a> eines indischen Arztes mit dem w\u00f6rtlichen Titel <em>\u201eMilchglastr\u00fcbungen sind nicht immer COVID-19\u201c<\/em>.<\/p>\n<p class=\"wp-block-paragraph\">Ein weiterer Artikel, der <a href=\"https:\/\/www.health.com\/condition\/infectious-diseases\/coronavirus\/ground-glass-opacities-covid-19\" target=\"_blank\" rel=\"noopener\">im Mai 2022 auf Health.com<\/a> ver\u00f6ffentlicht wurde, unterstreicht, dass:<\/p>\n<blockquote class=\"wp-block-quote is-layout-flow wp-block-quote-is-layout-flow\">\n<p class=\"wp-block-paragraph\"><em><strong>Milchglastr\u00fcbungen (GCOs) sind kein spezifisches Anzeichen f\u00fcr COVID-19 [\u2026] sie k\u00f6nnen auch bei anderen Erkrankungen und Infektionen auftreten<\/strong><\/em><\/p>\n<\/blockquote>\n<p class=\"wp-block-paragraph\">Kurz gesagt: GGOs sind ein h\u00e4ufiges Erscheinungsbild bei Lungenerkrankungen oder -verletzungen und stehen im Zusammenhang mit Lungenentz\u00fcndung, Pneumonitis, <a href=\"https:\/\/www.sciencedirect.com\/science\/article\/pii\/S0954611114001255\" target=\"_blank\" rel=\"noopener\">Tuberkulose<\/a> und vielen anderen Erkrankungen.<\/p>\n<p class=\"wp-block-paragraph\"><strong><sup>NEU!<\/sup>3. Ein Verlust des Geruchs- und Geschmackssinns ist KEIN ausschlie\u00dfliches Merkmal von \u201eCovid\u201c.<\/strong> \u00c4hnlich wie bei GVO wurde vielfach berichtet, dass ein Verlust des Geschmacks- und Geruchssinns <a href=\"https:\/\/www.healthychildren.org\/English\/health-issues\/conditions\/COVID-19\/Pages\/How-is-the-Flu-Different-From-COVID-19.aspx\" target=\"_blank\" rel=\"noopener\">das eindeutige Anzeichen f\u00fcr \u201eCovid\u201c<\/a> sei, doch dies ist ein bekanntes Symptom vieler Infektionen der oberen Atemwege.<\/p>\n<p class=\"wp-block-paragraph\">Laut einem Artikel aus dem Jahr 2001, der auf der Website der <a href=\"https:\/\/health.uconn.edu\/tasteandsmell\/patient-care\/viral-damage-and-nasal-sinus-disease\/\" target=\"_blank\" rel=\"noopener\">Connecticut School of Medicine<\/a> ver\u00f6ffentlicht wurde:<\/p>\n<blockquote class=\"wp-block-quote is-layout-flow wp-block-quote-is-layout-flow\">\n<p class=\"wp-block-paragraph\"><em>Bei Erwachsenen sind die beiden h\u00e4ufigsten Ursachen f\u00fcr Geruchsprobleme, die wir in unserer Klinik beobachten, folgende: (1) Geruchsverlust aufgrund eines fortlaufenden Prozesses in der Nase und\/oder den Nasennebenh\u00f6hlen, wie beispielsweise Nasenallergien, und (2) Geruchsverlust aufgrund einer Sch\u00e4digung des spezialisierten Nervengewebes im oberen Bereich der Nase (oder m\u00f6glicherweise der h\u00f6heren Geruchsbahnen im Gehirn) <strong>infolge einer fr\u00fcheren viralen Infektion der oberen Atemwege.<\/strong><\/em><\/p>\n<\/blockquote>\n<p class=\"wp-block-paragraph\"><a href=\"https:\/\/www.nhs.uk\/conditions\/lost-or-changed-sense-smell\/\" target=\"_blank\" rel=\"noopener\">Laut dem britischen Gesundheitsdienst NHS<\/a> ist bekannt, dass viele h\u00e4ufige Erkrankungen sowohl akute als auch chronische Beeintr\u00e4chtigungen des Geruchs- und Geschmackssinns verursachen:<\/p>\n<blockquote class=\"wp-block-quote is-layout-flow wp-block-quote-is-layout-flow\">\n<p class=\"wp-block-paragraph\"><em><strong>Ver\u00e4nderungen des Geruchssinns werden meist durch eine Erk\u00e4ltung oder Grippe, eine Nasennebenh\u00f6hlenentz\u00fcndung (Sinusitis) [oder] Allergien (wie Heuschnupfen) verursacht.<\/strong><\/em><\/p>\n<\/blockquote>\n<h4 class=\"wp-block-heading has-medium-font-size\"><strong>Teil II: Diagnose und PCR-Tests<\/strong><\/h4>\n<p class=\"wp-block-paragraph\"><strong><sup>NEU!<\/sup>4. Eine klinische Diagnose von \u201eCovid-19\u201c ist nicht m\u00f6glich.<\/strong> Unter klinischer Diagnose versteht man die Diagnose einer Krankheit anhand eines bestimmten Symptoms oder einer Reihe von Symptomen. Wiktionary <a href=\"https:\/\/en.wiktionary.org\/wiki\/clinical_diagnosis\" target=\"_blank\" rel=\"noopener\">definiert den Begriff wie folgt<\/a>:<\/p>\n<blockquote class=\"wp-block-quote is-layout-flow wp-block-quote-is-layout-flow\">\n<p class=\"wp-block-paragraph\"><em><strong>Die vorl\u00e4ufige Diagnose der Erkrankung, die den Beschwerden eines Patienten zugrunde liegt, die sich ausschlie\u00dflich auf Anzeichen, Symptome und die Anamnese des Patienten st\u00fctzt und nicht auf Laboruntersuchungen oder bildgebende Verfahren.<\/strong><\/em><\/p>\n<\/blockquote>\n<p class=\"wp-block-paragraph\">Da \u201eCovid-19\u201c kein eindeutiges Symptomprofil aufweist[<a target=\"_blank\" rel=\"noopener noreferrer\" href=\"https:\/\/off-guardian.org\/2023\/03\/24\/40-facts-you-need-to-know-the-real-story-of-covid\/#1\">1<\/a>] und da ALLE wesentlichen Symptome von \u201eCovid\u201c potenziell auf buchst\u00e4blich jede gew\u00f6hnliche Atemwegsinfektion zutreffen k\u00f6nnen, ist es unm\u00f6glich, \u201eCovid-19\u201c anhand der Symptome zu diagnostizieren.<\/p>\n<p class=\"wp-block-paragraph\">*<\/p>\n<p class=\"wp-block-paragraph\"><strong><sup>NEU!<\/sup>5. Lateral-Flow-Tests sind unzuverl\u00e4ssig.<\/strong> W\u00e4hrend der gesamten \u201ePandemie\u201c waren Lateral-Flow-Tests (LFTs) die am h\u00e4ufigsten verwendeten \u201eSelbsttests\u201c f\u00fcr \u201eCovid\u201c. Diese Tests sind \u00e4u\u00dferst unzuverl\u00e4ssig und daf\u00fcr bekannt, dass sie bei Haushaltsfl\u00fcssigkeiten wie Fruchtsaft und Limonade positive Testergebnisse liefern.<\/p>\n<p class=\"wp-block-paragraph\">Kinder im Vereinigten K\u00f6nigreich haben ihre LFTs h\u00e4ufig <a href=\"https:\/\/www.parents.com\/news\/viral-tiktok-video-shows-teens-faking-covid-test-results-to-get-out-of-school\/\" target=\"_blank\" rel=\"noopener\">mit Essig oder Coca-Cola manipuliert<\/a>, um falsch-positive Testergebnisse zu erzeugen und ein paar Tage schulfrei zu bekommen.<\/p>\n<p class=\"wp-block-paragraph\">Im Februar 2022 erkl\u00e4rte ein <a href=\"https:\/\/www.dumptheguardian.com\/world\/2022\/feb\/16\/covid-tests-how-can-people-be-positive-on-lateral-flow-and-negative-on-pcrs\" target=\"_blank\" rel=\"noopener\">\u201eExperte\u201c gegen\u00fcber <em>The Guardian<\/em><\/a>, dass LFTs aufgrund der Ern\u00e4hrung der getesteten Person oder durch eine \u201eKreuzreaktion\u201c mit einem anderen Virus falsch-positive Ergebnisse liefern k\u00f6nnten.<\/p>\n<p class=\"wp-block-paragraph\">Im Februar 2022 berichtete zudem ein Team von \u201eExperten\u201c des Imperial College, dass LFTs <a href=\"https:\/\/www.imperial.ac.uk\/news\/234154\/lateral-flow-tests-missing-substantial-number\/#:~:text=Dr%20Singanayagam%20said%3A%20%E2%80%9CLateral%20flow,could%20be%20providing%20false%20reassurance.\" target=\"_blank\" rel=\"noopener\">\u201einfekti\u00f6se Personen \u00fcbersehen\u201c k\u00f6nnen.<\/a> Mit anderen Worten: Die offizielle Position lautet, dass LFTs sowohl falsch <em>negative<\/em> als auch falsch <em>positive<\/em> Ergebnisse liefern.<\/p>\n<p class=\"wp-block-paragraph\">Dar\u00fcber hinaus wird anerkannt \u2013 und dies ist <a href=\"https:\/\/www.gavi.org\/vaccineswork\/covid-why-are-people-testing-positive-lateral-flow-tests-then-negative-pcr\" target=\"_blank\" rel=\"noopener\">Gegenstand von Erkl\u00e4rartikeln<\/a> \u2013, dass sich LFT- und PCR-Ergebnisse h\u00e4ufig widersprechen. Das bedeutet, dass man bei dem einen Test positiv, bei dem anderen jedoch negativ getestet werden kann.<\/p>\n<p class=\"wp-block-paragraph\">Kurz gesagt: Lateral-Flow-Tests haben so gut wie keinen diagnostischen Wert.<\/p>\n<p class=\"wp-block-paragraph\">*<\/p>\n<p class=\"wp-block-paragraph\"><strong>6. PCR-Tests wurden nicht zur Diagnose von Krankheiten entwickelt.<\/strong> Der Reverse-Transkriptase-Polymerase-Kettenreaktionstest (RT-PCR) wird in den Medien als \u201eGoldstandard\u201c f\u00fcr die \u201eCovid\u201c-Diagnose beschrieben.<\/p>\n<p class=\"wp-block-paragraph\">Doch Kary Mullis, der mit dem Nobelpreis ausgezeichnete Erfinder des Verfahrens, hatte nie die Absicht, es als diagnostisches Instrument einzusetzen, und <a href=\"https:\/\/off-guardian.org\/2020\/10\/05\/pcr-inventor-it-doesnt-tell-you-that-you-are-sick\/\" target=\"_blank\" rel=\"noopener\">hat dies auch \u00f6ffentlich erkl\u00e4rt<\/a>:<\/p>\n<blockquote class=\"wp-block-quote is-layout-flow wp-block-quote-is-layout-flow\">\n<p class=\"wp-block-paragraph\"><em><strong>\u201eDie PCR ist lediglich ein Verfahren, mit dem man aus etwas eine ganze Menge von etwas anderem herstellen kann. Sie sagt dir nicht, dass du krank bist, oder dass das, was dabei herauskommt, dir schaden w\u00fcrde oder so etwas in der Art.\u201c<\/strong><\/em><\/p>\n<\/blockquote>\n<p class=\"wp-block-paragraph\">*<\/p>\n<p class=\"wp-block-paragraph\"><strong>7. PCR-Tests sind seit jeher ungenau und unzuverl\u00e4ssig.<\/strong> Es ist bekannt, dass die als \u201eGoldstandard\u201c geltenden PCR-Tests f\u00fcr \u201eCovid\u201c viele falsch-positive Ergebnisse liefern, da sie auf DNA-Material reagieren, das nicht spezifisch f\u00fcr SARS-CoV-2 ist.<\/p>\n<p class=\"wp-block-paragraph\">Eine chinesische Studie ergab, dass ein und derselbe Patient <a href=\"https:\/\/pubmed.ncbi.nlm.nih.gov\/32219885\/\" target=\"_blank\" rel=\"noopener\">bei ein und demselben Test am selben Tag<\/a> zwei unterschiedliche Ergebnisse erhalten konnte. In Deutschland ist <a href=\"https:\/\/www.schwerin.de\/news\/4a3e5560-78c9-11ea-b543-1967de695b51\/\" target=\"_blank\" rel=\"noopener\">bekannt, dass die Tests auf Erk\u00e4ltungsviren reagiert haben<\/a>. Einige Tests in den USA reagierten sogar <a href=\"https:\/\/www.science.org\/news\/2020\/02\/united-states-badly-bungled-coronavirus-testing-things-may-soon-improve\" target=\"_blank\" rel=\"noopener\">auf die Negativkontrollprobe<\/a>.<\/p>\n<p class=\"wp-block-paragraph\">Der <a href=\"https:\/\/off-guardian.org\/2021\/03\/18\/discuss-president-magufuli-dead-at-61\/\" target=\"_blank\" rel=\"noopener\">verstorbene Pr\u00e4sident Tansanias<\/a>, John Magufuli, reichte Proben von Ziegen, Papaya und Motor\u00f6l f\u00fcr PCR-Tests ein, <a href=\"https:\/\/www.reuters.com\/article\/us-health-coronavirus-tanzania-idUSKBN22F0KF\" target=\"_blank\" rel=\"noopener\">die alle positiv auf das Virus getestet wurden.<\/a><\/p>\n<p class=\"wp-block-paragraph\">Bereits im Februar 2020 r\u00e4umten Experten ein, dass der Test unzuverl\u00e4ssig sei. Dr. Wang Cheng, Pr\u00e4sident der Chinesischen Akademie der Medizinischen Wissenschaften, erkl\u00e4rte gegen\u00fcber dem chinesischen Staatsfernsehen: <em>\u201eDie Genauigkeit der Tests liegt nur bei 30\u201350 %\u201c<\/em>. Auf der <a href=\"https:\/\/off-guardian.org\/2020\/09\/05\/australian-govts-own-website-admits-covid-tests-are-totally-unreliable\/\" target=\"_blank\" rel=\"noopener\">eigenen Website<\/a> der australischen Regierung hie\u00df es: <em>\u201eEs liegen nur begrenzte Belege vor, um die Genauigkeit und den klinischen Nutzen der verf\u00fcgbaren COVID-19-Tests zu bewerten.\u201c<\/em> Und ein <a href=\"https:\/\/www-dgsi-pt.translate.goog\/jtrl.nsf\/33182fc732316039802565fa00497eec\/79d6ba338dcbe5e28025861f003e7b30?_x_tr_sch=http&amp;_x_tr_sl=pt&amp;_x_tr_tl=en&amp;_x_tr_hl=en-GB&amp;_x_tr_pto=nui,elem\" target=\"_blank\" rel=\"noopener\">portugiesisches Gericht entschied, dass PCR-Tests <em>\u201eunzuverl\u00e4ssig\u201c<\/em><\/a> seien und nicht zur Diagnose verwendet werden sollten.<\/p>\n<p class=\"wp-block-paragraph\">Die Unzuverl\u00e4ssigkeit von PCR-Tests ist zudem kein Ph\u00e4nomen, das ausschlie\u00dflich \u201eCovid\u201c betrifft. Eine Studie aus dem Jahr 2006 ergab, dass <a href=\"https:\/\/www.ncbi.nlm.nih.gov\/pmc\/articles\/PMC2095096\/\" target=\"_blank\" rel=\"noopener\">PCR-Tests f\u00fcr ein Virus auch auf andere Viren ansprachen<\/a>. Im Jahr 2007 f\u00fchrte das Vertrauen in PCR-Tests zu einem \u201eAusbruch\u201c von Keuchhusten<a href=\"https:\/\/www.nytimes.com\/2007\/01\/22\/health\/22whoop.html\" target=\"_blank\" rel=\"noopener\">, der in Wirklichkeit nie stattgefunden hatte<\/a>.<\/p>\n<p class=\"wp-block-paragraph\">Ausf\u00fchrliche Darstellungen der M\u00e4ngel von PCR-Tests finden Sie <a href=\"https:\/\/off-guardian.org\/2020\/04\/15\/has-covid-19-testing-made-the-problem-worse\/\" target=\"_blank\" rel=\"noopener\">hier<\/a>, <a href=\"https:\/\/off-guardian.org\/2020\/06\/27\/covid19-pcr-tests-are-scientifically-meaningless\/\" target=\"_blank\" rel=\"noopener\">hier<\/a> und <a href=\"https:\/\/off-guardian.org\/2021\/03\/27\/making-something-out-of-nothing-pcr-tests-ct-values-and-false-positives\/\" target=\"_blank\" rel=\"noopener\">hier<\/a>.<\/p>\n<p class=\"wp-block-paragraph\">*<\/p>\n<p class=\"wp-block-paragraph\"><strong>8. Die CT-Werte der PCR-Tests sind zu hoch.<\/strong> PCR-Tests werden in Zyklen durchgef\u00fchrt; die Anzahl der Zyklen, die ben\u00f6tigt wird, um ein Ergebnis zu erhalten, wird als \u201eZyklusschwelle\u201c oder CT-Wert bezeichnet. <a href=\"https:\/\/books.google.de\/books?id=Z5jwZ2rbVe8C&amp;pg=PA8&amp;lpg=PA8&amp;dq=mullis+If+you+have+to+go+more+than+40+cycles+to+amplify+a+single-copy+gene,+there+is+something+seriously+wrong+with+your+PCR&amp;source=bl&amp;ots=IAOUJm-S7E&amp;sig=ACfU3U0_lUu2J2K0HPhch_nFHoYtFwVKhg&amp;hl=de&amp;sa=X&amp;ved=2ahUKEwjsqoOLi47qAhXIR5oKHcCdDMMQ6AEwAHoECAYQAQ#v=onepage&amp;q=mullis%20If%20you%20have%20to%20go%20more%20than%2040%20cycles%20to%20amplify%20a%20single-copy%20gene%2C%20there%20is%20something%20seriously%20wrong%20with%20your%20PCR&amp;f=false\" target=\"_blank\" rel=\"noopener\">Kary Mullis sagte<\/a>: <em>\u201eWenn man mehr als 40 Zyklen durchf\u00fchren muss [\u2026], stimmt etwas ernsthaft nicht mit der PCR.\u201c<\/em><\/p>\n<p class=\"wp-block-paragraph\">Die <a href=\"https:\/\/www.gene-quantification.de\/miqe-bustin-et-al-clin-chem-2009.pdf\" target=\"_blank\" rel=\"noopener\">MIQE-PCR-Richtlinien<\/a> stimmen dem zu und besagen: <em>\u201e[CT]-Werte \u00fcber 40 sind aufgrund der damit verbundenen geringen Effizienz verd\u00e4chtig und sollten im Allgemeinen nicht gemeldet werden\u201c<\/em>.<\/p>\n<p class=\"wp-block-paragraph\">Dr. Fauci selbst <a href=\"https:\/\/www.youtube.com\/watch?v=a_Vy6fgaBPE\" target=\"_blank\" rel=\"noopener\">r\u00e4umte sogar ein, dass alles \u00fcber 35 Zyklen fast nie kultivierbar ist<\/a>.<\/p>\n<p class=\"wp-block-paragraph\">Dr. Juliet Morrison, Virologin an der University of California, Riverside, <a href=\"https:\/\/www.nytimes.com\/2020\/08\/29\/health\/coronavirus-testing.html\" target=\"_blank\" rel=\"noopener\">erkl\u00e4rte gegen\u00fcber der New York Times<\/a>: <em>Jeder Test mit einem Zyklusschwellenwert \u00fcber 35 ist zu empfindlich \u2026 Ich bin schockiert, dass Menschen glauben k\u00f6nnten, 40 [Zyklen] k\u00f6nnten ein positives Ergebnis darstellen \u2026 Ein vern\u00fcnftigerer Grenzwert w\u00e4re 30 bis 35\u2033<\/em>.<\/p>\n<p class=\"wp-block-paragraph\">Im selben Artikel sagte Dr. Michael Mina von der Harvard School of Public Health, der Grenzwert sollte bei 30 liegen, und der Autor weist weiter darauf hin, dass eine Senkung des CT-Werts von 40 auf 30 die \u201eCovid-F\u00e4lle\u201c in einigen Bundesstaaten<strong>um bis zu 90 %<\/strong> reduziert h\u00e4tte.<\/p>\n<p class=\"wp-block-paragraph\">Die <a href=\"https:\/\/web.archive.org\/web\/20200828153214\/https:\/\/www.cdc.gov\/coronavirus\/2019-ncov\/hcp\/duration-isolation.html\" target=\"_blank\" rel=\"noopener\">eigenen Daten der CDC legen nahe<\/a>, dass keine Probe mit mehr als 33 Zyklen kultiviert werden konnte, und das deutsche Robert-Koch-Institut sagt, dass <a href=\"https:\/\/web.archive.org\/web\/20200925013250\/https:\/\/www.rki.de\/DE\/Content\/InfAZ\/N\/Neuartiges_Coronavirus\/Vorl_Testung_nCoV.html\" target=\"_blank\" rel=\"noopener\">nichts, was \u00fcber 30 Zyklen liegt, wahrscheinlich infekti\u00f6s ist<\/a>.<\/p>\n<p class=\"wp-block-paragraph\">Trotzdem ist bekannt, dass fast alle Labore in den USA ihre Tests <a href=\"https:\/\/www.nytimes.com\/2020\/08\/29\/health\/coronavirus-testing.html\" target=\"_blank\" rel=\"noopener\">mit mindestens 37 Zyklen und manchmal sogar mit bis zu 45<\/a> durchf\u00fchren. Die <a href=\"https:\/\/www.rcpath.org\/uploads\/assets\/90111431-8aca-4614-b06633d07e2a3dd9\/Guidance-and-SOP-COVID-19-Testing-NHS-Laboratories.pdf\" target=\"_blank\" rel=\"noopener\">\u201eStandardarbeitsanweisung\u201c des NHS f\u00fcr PCR-Tests<\/a> legt den Grenzwert auf 40 Zyklen fest.<\/p>\n<p class=\"wp-block-paragraph\">Basierend auf dem, was wir \u00fcber die CT-Werte wissen, ist die Mehrheit der PCR-Testergebnisse bestenfalls fragw\u00fcrdig.<\/p>\n<p class=\"wp-block-paragraph\">*<\/p>\n<p class=\"wp-block-paragraph\"><strong>9. Die Weltgesundheitsorganisation (WHO) r\u00e4umte (zweimal) ein, dass PCR-Tests falsch-positive Ergebnisse liefern.<\/strong> Im Dezember 2020 ver\u00f6ffentlichte die WHO ein <a href=\"https:\/\/off-guardian.org\/2020\/12\/18\/who-finally-admits-pcr-tests-create-false-positives\/\" target=\"_blank\" rel=\"noopener\">Informationsmemo zum PCR-Verfahren<\/a>, in dem Labore angewiesen wurden, bei hohen CT-Werten, die zu falsch-positiven Ergebnissen f\u00fchren k\u00f6nnen, Vorsicht walten zu lassen:<\/p>\n<blockquote class=\"wp-block-quote is-layout-flow wp-block-quote-is-layout-flow\">\n<p class=\"wp-block-paragraph\"><em><strong>Wenn Proben einen hohen Ct-Wert aufweisen, bedeutet dies, dass viele Zyklen erforderlich waren, um das Virus nachzuweisen. Unter bestimmten Umst\u00e4nden ist es schwierig, zwischen Hintergrundrauschen und dem tats\u00e4chlichen Vorhandensein des Zielvirus zu unterscheiden.<\/strong><\/em><\/p>\n<\/blockquote>\n<p class=\"wp-block-paragraph\">Im Januar 2021 ver\u00f6ffentlichte <a href=\"https:\/\/off-guardian.org\/2021\/01\/25\/who-finally-admits-pcr-is-not-a-diagnostic-test\/\" target=\"_blank\" rel=\"noopener\">die WHO dann ein weiteres Memo<\/a>, in dem diesmal davor gewarnt wurde, dass \u201easymptomatische\u201c positive PCR-Tests erneut getestet werden sollten, da es sich um falsch-positive Ergebnisse handeln k\u00f6nnte:<\/p>\n<blockquote class=\"wp-block-quote is-layout-flow wp-block-quote-is-layout-flow\">\n<p class=\"wp-block-paragraph\"><em><strong>Wenn die Testergebnisse nicht mit dem klinischen Bild \u00fcbereinstimmen, sollte eine neue Probe entnommen und unter Verwendung derselben oder einer anderen NAT-Technologie erneut untersucht werden.<\/strong><\/em><\/p>\n<\/blockquote>\n<p class=\"wp-block-paragraph\">Diese Ank\u00fcndigungen fielen mit der ersten Markteinf\u00fchrung der \u201eCovid-Impfstoffe\u201c zusammen.<\/p>\n<p class=\"wp-block-paragraph\">*<\/p>\n<p class=\"wp-block-paragraph\"><strong>10. Die wissenschaftliche Grundlage f\u00fcr ALLE \u201eCovid\u201c-Tests ist fragw\u00fcrdig.<\/strong> Das Genom des Sars-Cov-2-Virus wurde angeblich im Dezember 2019 von chinesischen Wissenschaftlern sequenziert und anschlie\u00dfend am 10. Januar 2020 ver\u00f6ffentlicht. Weniger als zwei Wochen sp\u00e4ter hatten deutsche Virologen (Christian Drosten et al.) das Genom angeblich zur Entwicklung von Assays f\u00fcr PCR-Tests genutzt.<\/p>\n<p class=\"wp-block-paragraph\">Sie verfassten einen Artikel mit dem Titel <em><a href=\"https:\/\/www.eurosurveillance.org\/content\/10.2807\/1560-7917.ES.2020.25.3.2000045\" target=\"_blank\" rel=\"noopener\">Detection of 2019 novel coronavirus (2019-nCoV) by real-time RT-PCR<\/a><\/em>, der am 21. Januar 2020 zur Ver\u00f6ffentlichung eingereicht und am 22. Januar angenommen wurde. Das bedeutet, dass die Arbeit <strong>angeblich in weniger als 24 Stunden \u201ebegutachtet\u201c wurde<\/strong>. Ein Prozess, der normalerweise Wochen dauert.<\/p>\n<p class=\"wp-block-paragraph\">Seitdem hat ein Konsortium aus \u00fcber vierzig Biowissenschaftlern den R\u00fcckzug der Arbeit gefordert und einen ausf\u00fchrlichen Bericht verfasst, in dem <a href=\"https:\/\/cormandrostenreview.com\/report\/\" target=\"_blank\" rel=\"noopener\">10 schwerwiegende Fehler in der Methodik der Arbeit<\/a> detailliert aufgef\u00fchrt sind.<\/p>\n<p class=\"wp-block-paragraph\">Au\u00dferdem haben sie die Ver\u00f6ffentlichung des Peer-Review-Berichts der Fachzeitschrift gefordert, um nachzuweisen, dass die Arbeit tats\u00e4chlich den Peer-Review-Prozess durchlaufen hat. Die Fachzeitschrift ist dieser Aufforderung bislang nicht nachgekommen.<\/p>\n<p class=\"wp-block-paragraph\">Die Corman-Drosten-Assays bilden die Grundlage f\u00fcr jeden \u201eCovid\u201c-PCR-Test weltweit. Ist die Arbeit fragw\u00fcrdig, ist auch jeder PCR-Test fragw\u00fcrdig.<\/p>\n<p class=\"wp-block-paragraph\">*<\/p>\n<h4 class=\"wp-block-heading has-medium-font-size\"><strong>Teil III: \u201eF\u00e4lle\u201c &amp; \u201eTodesf\u00e4lle\u201c<\/strong><\/h4>\n<p class=\"wp-block-paragraph\"><strong>11. Eine gro\u00dfe Zahl von \u201eCovid-F\u00e4llen\u201c verl\u00e4uft \u201easymptomatisch\u201c.<\/strong> Schon zu Beginn der \u201ePandemie\u201c wurde berichtet, dass die Mehrheit der \u201eCovid-F\u00e4lle\u201c niemals Symptome zeigte. Im M\u00e4rz 2020 deuteten in Italien durchgef\u00fchrte Studien darauf hin, dass <a href=\"https:\/\/www.repubblica.it\/salute\/medicina-e-ricerca\/2020\/03\/16\/news\/coronavirus_studio_il_50-75_dei_casi_a_vo_sono_asintomatici_e_molto_contagiosi-251474302\/\" target=\"_blank\" rel=\"noopener\">50\u201375 % der positiven Covid-Tests symptomfrei waren.<\/a> Eine weitere britische Studie vom August 2020 ergab, dass <a href=\"https:\/\/www.news-medical.net\/news\/20201009\/86-percent-of-the-UKs-COVID-19-patients-have-no-symptoms.aspx\" target=\"_blank\" rel=\"noopener\">sogar 86 % der \u201eCovid-Patienten\u201c<\/a> <em>\u00fcberhaupt keine viralen Symptome aufwiesen<\/em>.<\/p>\n<p class=\"wp-block-paragraph\">Eine <a href=\"https:\/\/web.archive.org\/web\/20200315014616\/https:\/\/www.ncbi.nlm.nih.gov\/pubmed\/32133832\" target=\"_blank\" rel=\"noopener\">chinesische Studie vom M\u00e4rz 2020<\/a> stellte fest, dass <strong>\u00fcber 80 % der \u201easymptomatischen F\u00e4lle\u201c tats\u00e4chlich falsch-positive Testergebnisse waren<\/strong>.<\/p>\n<p class=\"wp-block-paragraph\">Kurz gesagt: <strong>Die \u00fcberwiegende Mehrheit der \u201eF\u00e4lle\u201c im ersten Jahr der \u201ePandemie\u201c waren Menschen, die \u00fcberhaupt nie erkrankt waren.<\/strong><\/p>\n<p class=\"wp-block-paragraph\">Nach einer WHO-Richtlinie zur erneuten Testung asymptomatischer F\u00e4lle [<a target=\"_blank\" rel=\"noopener noreferrer\" href=\"https:\/\/off-guardian.org\/2023\/03\/24\/40-facts-you-need-to-know-the-real-story-of-covid\/#9\">9<\/a>] im Januar 2021 \u2013 gerade als die \u201eImpfstoffe\u201c erstmals eingef\u00fchrt wurden \u2013 ist der Anteil der \u201easymptomatischen F\u00e4lle\u201c Berichten zufolge gesunken, auf <a href=\"https:\/\/jamanetwork.com\/journals\/jamanetworkopen\/fullarticle\/2787098?utm_source=For_The_Media&amp;utm_medium=referral&amp;utm_campaign=ftm_links&amp;utm_term=121421\" target=\"_blank\" rel=\"noopener\">etwa 40 %<\/a>.<\/p>\n<p class=\"wp-block-paragraph\">*<\/p>\n<p class=\"wp-block-paragraph\"><strong><sup>NEU!<\/sup>12. Die Zahlen der \u201eCovid-F\u00e4lle\u201c sind von Natur aus <em>bedeutungslos<\/em>.<\/strong> Seit Beginn der \u201ePandemie\u201c wird ein \u201eCovid-Fall\u201c so definiert, dass die Statistiken garantiert k\u00fcnstlich aufgebl\u00e4ht werden.<\/p>\n<p class=\"wp-block-paragraph\">Die <a href=\"https:\/\/off-guardian.org\/wp-content\/medialibrary\/WHO-2019-nCoV-Surveillance-Case-Definition-2022.1-eng.pdf?x91067\" target=\"_blank\" rel=\"noopener\">Definition der Weltgesundheitsorganisation f\u00fcr einen \u201ebest\u00e4tigten Fall\u201c<\/a> lautet: <em>jede Person, die ein positives PCR-Ergebnis erh\u00e4lt, unabh\u00e4ngig von Symptomen oder Vorerkrankungen<\/em>. Dar\u00fcber hinaus ist bekannt, dass viele Gesundheitsbeh\u00f6rden weltweit \u2013 <a href=\"https:\/\/www.cdc.gov\/coronavirus\/2019-ncov\/covid-data\/faq-surveillance.html\" target=\"_blank\" rel=\"noopener\">einschlie\u00dflich der US-amerikanischen CDC<\/a> \u2013 \u201ewahrscheinliche F\u00e4lle\u201c in ihre Statistiken einbeziehen.<\/p>\n<p class=\"wp-block-paragraph\">Die WHO definiert einen \u201ewahrscheinlichen Fall\u201c als jede Person, die die \u201eklinischen Kriterien\u201c erf\u00fcllt (d.\u202fh. grippe\u00e4hnliche Symptome aufweist) und entweder mit einem \u201ebest\u00e4tigten Fall\u201c ODER <em>einem anderen<\/em> \u201ewahrscheinlichen Fall\u201c in Kontakt gekommen ist:<\/p>\n<blockquote class=\"wp-block-quote is-layout-flow wp-block-quote-is-layout-flow\">\n<p class=\"wp-block-paragraph\"><em><strong>Verdachtsfall: Ein Patient, der die klinischen Kriterien erf\u00fcllt UND Kontakt zu einem Verdachts- oder best\u00e4tigten Fall hatte oder mit einem COVID-19-Cluster in Verbindung steht.<\/strong><\/em><\/p>\n<\/blockquote>\n<p class=\"wp-block-paragraph\">Wie oben dargelegt, funktionieren PCR-Tests nicht und liefern falsch-positive Ergebnisse. Auch Lateral-Flow-Tests liefern falsch-positive Ergebnisse. Es ist bekannt, dass diese Tests bei ein und derselben Person zur gleichen Zeit sogar widerspr\u00fcchliche Ergebnisse liefern k\u00f6nnen. \u201eCovid-19\u201c weist zudem kein eindeutiges Symptomprofil auf, was eine klinische Diagnose ausschlie\u00dft.<\/p>\n<p class=\"wp-block-paragraph\">Wenn man die Krankheit nicht zuverl\u00e4ssig im Labor testen und nicht anhand eines eindeutigen Symptomprofils identifizieren kann und viele \u201eF\u00e4lle\u201c als \u201easymptomatisch\u201c eingestuft werden, dann wird \u201eCovid-19\u201c zu einer Bezeichnung ohne Bedeutung.<\/p>\n<p class=\"wp-block-paragraph\">Ohne eine zuverl\u00e4ssige Diagnosemethode sind Fallstatistiken f\u00fcr jede Krankheit <em>von Natur aus bedeutungslos<\/em>.<\/p>\n<p class=\"wp-block-paragraph\">*<\/p>\n<p class=\"wp-block-paragraph\"><strong>13. \u201eCovid-Todesf\u00e4lle\u201c wurden durch statistische Manipulation geschaffen.<\/strong> Da die \u201eCovid\u201c-Fallzahlen aufgebl\u00e4ht sind [<a href=\"https:\/\/off-guardian.org\/2023\/03\/24\/40-facts-you-need-to-know-the-real-story-of-covid\/#12\" target=\"_blank\" rel=\"noopener\">12<\/a>], folgt daraus nat\u00fcrlich, dass auch die \u201eCovid\u201c-Todesfallzahlen ebenso unzuverl\u00e4ssig sind. Tats\u00e4chlich wurde bereits zu Beginn der \u201ePandemie\u201c festgestellt, dass die Zahlen der \u201eCovid-Todesf\u00e4lle\u201c k\u00fcnstlich aufgebl\u00e4ht wurden.<\/p>\n<p class=\"wp-block-paragraph\">Laut der <a href=\"https:\/\/ukhsa.blog.gov.uk\/2020\/08\/12\/behind-the-headlines-counting-covid-19-deaths\/\" target=\"_blank\" rel=\"noopener\">britischen Health Standards Agency<\/a> definierte die WHO einen \u201eCovid-Todesfall\u201c wie folgt:<\/p>\n<blockquote class=\"wp-block-quote is-layout-flow wp-block-quote-is-layout-flow\">\n<p class=\"wp-block-paragraph\"><em><strong>Ein COVID-19-Todesfall wird f\u00fcr \u00dcberwachungszwecke definiert als ein Todesfall, der auf eine klinisch vereinbare Erkrankung bei einem wahrscheinlichen oder best\u00e4tigten COVID-19-Fall zur\u00fcckzuf\u00fchren ist, es sei denn, es liegt eine eindeutige alternative Todesursache vor, die nicht mit einer COVID-19-Erkrankung in Zusammenhang gebracht werden kann (z. B. ein Trauma).<\/strong><\/em><\/p>\n<\/blockquote>\n<p class=\"wp-block-paragraph\">W\u00e4hrend der gesamten \u201ePandemie\u201c gingen viele L\u00e4nder weltweit sogar noch weiter und definierten einen \u201eCovid-Tod\u201c als einen <em>\u201eTod<\/em> <strong><em>aus beliebiger Ursache<\/em><\/strong> <em>innerhalb von 28\/30\/60 Tagen nach einem positiven Test\u201c<\/em>.<\/p>\n<p class=\"wp-block-paragraph\">Gesundheitsbeh\u00f6rden aus <a href=\"https:\/\/www.sst.dk\/en\/english\/corona-eng\/status-of-the-epidemic\/covid-19-updates-statistics-and-charts\" target=\"_blank\" rel=\"noopener\">D\u00e4nemark<\/a>, Italien, Deutschland, dem Vereinigten K\u00f6nigreich, den USA, Nordirland und anderen L\u00e4ndern <a href=\"https:\/\/off-guardian.org\/2020\/04\/05\/covid19-death-figures-a-substantial-over-estimate\/\" target=\"_blank\" rel=\"noopener\">haben diese Praxis alle einger\u00e4umt<\/a>:<\/p>\n<figure class=\"wp-block-embed aligncenter is-type-video is-provider-youtube wp-block-embed-youtube wp-embed-aspect-4-3 wp-has-aspect-ratio\">\n<div class=\"wp-block-embed__wrapper\">\n<iframe title=\"Dr. Ngozi Ezike | How COVID Deaths are Classified\" width=\"800\" height=\"600\" src=\"https:\/\/www.youtube.com\/embed\/Tw9Ci2PZKZg?feature=oembed\" frameborder=\"0\" allow=\"accelerometer; autoplay; clipboard-write; encrypted-media; gyroscope; picture-in-picture; web-share\" referrerpolicy=\"strict-origin-when-cross-origin\" allowfullscreen><\/iframe>\n<\/div>\n<\/figure>\n<p class=\"wp-block-paragraph\">Die US-Gesundheitsbeh\u00f6rde CDC erfasst in ihren Statistiken sogar <a href=\"https:\/\/www.cdc.gov\/nchs\/nvss\/vsrr\/covid19\/tech_notes.htm\" target=\"_blank\" rel=\"noopener\">\u201ewahrscheinliche\u201c Covid-Todesf\u00e4lle<\/a>.<\/p>\n<p class=\"wp-block-paragraph\">Wird jegliche Unterscheidung zwischen dem Sterben <em>an<\/em> \u201eCovid\u201c und dem Sterben an einer anderen Ursache <em>nach einem positiven Covid-Test<\/em> aufgehoben, f\u00fchrt dies zwangsl\u00e4ufig zu v\u00f6llig bedeutungslosen Zahlen bei den \u201eCovid-Todesf\u00e4llen\u201c.<\/p>\n<p class=\"wp-block-paragraph\">Der britische Pathologe Dr. John Lee warnte bereits im April 2020 vor dieser <a href=\"https:\/\/www.spectator.co.uk\/article\/how-to-understand-and-report-figures-for-covid-19-deaths-\" target=\"_blank\" rel=\"noopener\">\u201eerheblichen \u00dcbersch\u00e4tzung\u201c<\/a>. Auch andere <a href=\"https:\/\/www.dailymail.co.uk\/news\/article-9279767\/BEL-MOONEY-dad-died-chronic-illness-hes-officially-Covid-victim.html\" target=\"_blank\" rel=\"noopener\">Mainstream-Quellen<\/a> haben <a href=\"https:\/\/www.spectator.co.uk\/article\/why-no-one-can-ever-recover-from-covid-19-in-england\" target=\"_blank\" rel=\"noopener\">dar\u00fcber berichtet<\/a>.<\/p>\n<p class=\"wp-block-paragraph\">Angesichts des enormen Anteils \u201easymptomatischer Covid-Infektionen\u201c [<a target=\"_blank\" rel=\"noopener noreferrer\" href=\"https:\/\/off-guardian.org\/2023\/03\/24\/40-facts-you-need-to-know-the-real-story-of-covid\/#11\">11<\/a>], der bekannten Pr\u00e4valenz schwerwiegender Begleiterkrankungen [<a target=\"_blank\" rel=\"noopener noreferrer\" href=\"https:\/\/off-guardian.org\/2023\/03\/24\/40-facts-you-need-to-know-the-real-story-of-covid\/#30\">30<\/a>] und der Tatsache, dass alle \u201eCovid-Tests\u201c v\u00f6llig unzuverl\u00e4ssig sind [<a target=\"_blank\" rel=\"noopener noreferrer\" href=\"https:\/\/off-guardian.org\/2023\/03\/24\/40-facts-you-need-to-know-the-real-story-of-covid\/#ii\">II<\/a>], werden die \u201eCovid\u201c-Todeszahlen zu einer v\u00f6llig bedeutungslosen Statistik.<\/p>\n<p class=\"wp-block-paragraph\">*<\/p>\n<h4 class=\"wp-block-heading has-medium-font-size\"><strong>Teil IV: Lockdowns<\/strong><\/h4>\n<p class=\"wp-block-paragraph\"><strong>14. Lockdowns verhindern nicht die Ausbreitung von Krankheiten.<\/strong> Es gibt kaum bis gar keine Belege daf\u00fcr, dass Lockdowns einen Einfluss auf die Eind\u00e4mmung von \u201eCovid-Todesf\u00e4llen\u201c haben. Vergleicht man Regionen, in denen ein Lockdown verh\u00e4ngt wurde, mit <a href=\"https:\/\/fee.org\/articles\/sweden-saw-lower-mortality-rate-than-most-of-europe-in-2020-despite-no-lockdown\/\" target=\"_blank\" rel=\"noopener\">Regionen, in denen dies nicht der Fall war<\/a>, l\u00e4sst sich keinerlei Muster erkennen.<\/p>\n<p class=\"wp-block-paragraph\">Eine <a href=\"https:\/\/sites.krieger.jhu.edu\/iae\/files\/2022\/01\/A-Literature-Review-and-Meta-Analysis-of-the-Effects-of-Lockdowns-on-COVID-19-Mortality.pdf\" target=\"_blank\" rel=\"noopener\">vorab ver\u00f6ffentlichte Metaanalyse<\/a> der Johns Hopkins University ergab, dass Lockdowns so gut wie keinen Einfluss auf die \u201eCovid-19\u201c-Sterblichkeit hatten, w\u00e4hrend eine weitere Studie zum Thema <em><a href=\"https:\/\/papers.ssrn.com\/sol3\/papers.cfm?abstract_id=3832483\" target=\"_blank\" rel=\"noopener\">\u201eDeterminanten von COVID-19-Todesf\u00e4llen\u201c<\/a><\/em>, die im April 2021 ver\u00f6ffentlicht wurde, Folgendes feststellte:<\/p>\n<blockquote class=\"wp-block-quote is-layout-flow wp-block-quote-is-layout-flow\">\n<p class=\"wp-block-paragraph\"><em><strong>Es gibt kaum Anhaltspunkte daf\u00fcr, dass Lockdowns die Zahl der Todesf\u00e4lle gesenkt haben<\/strong><\/em><\/p>\n<\/blockquote>\n<p class=\"wp-block-paragraph\"><strong>15. Lockdowns kosten Menschenleben.<\/strong> Es gibt eindeutige Belege daf\u00fcr, dass Lockdowns \u2013 durch soziale, wirtschaftliche und andere Sch\u00e4den f\u00fcr die \u00f6ffentliche Gesundheit \u2013 <a href=\"https:\/\/off-guardian.org\/2020\/04\/01\/could-the-covid19-response-be-more-deadly-than-the-virus\/\" target=\"_blank\" rel=\"noopener\">t\u00f6dlicher sind als das angebliche \u201eVirus\u201c<\/a>.<\/p>\n<p class=\"wp-block-paragraph\">Dr. David Nabarro, Sonderbeauftragter der Weltgesundheitsorganisation f\u00fcr Covid-19, bezeichnete Lockdowns im Oktober 2020 als \u201eglobale Katastrophe\u201c:<\/p>\n<blockquote class=\"wp-block-quote is-layout-flow wp-block-quote-is-layout-flow\">\n<p class=\"wp-block-paragraph\"><em>\u201eWir bei <strong>der Weltgesundheitsorganisation bef\u00fcrworten keine Lockdowns<\/strong> als prim\u00e4res Mittel zur Eind\u00e4mmung des Virus [\u2026] Es sieht so aus, als k\u00f6nnte sich die weltweite Armut bis zum n\u00e4chsten Jahr verdoppeln. Es k\u00f6nnte durchaus sein, dass sich die Unterern\u00e4hrung bei Kindern mindestens verdoppelt [\u2026] Das ist eine schreckliche, grauenhafte globale Katastrophe.\u201c<\/em><\/p>\n<\/blockquote>\n<p class=\"wp-block-paragraph\">Ein UN-Bericht vom April 2020 warnte davor, dass <a href=\"https:\/\/www.reuters.com\/article\/us-health-coronavirus-children-un\/u-n-warns-economic-downturn-could-kill-hundreds-of-thousands-of-children-in-2020-idUSKBN21Y2X7\" target=\"_blank\" rel=\"noopener\">100.000 Kinder<\/a> durch die wirtschaftlichen Folgen der Lockdowns ums Leben kommen k\u00f6nnten, w\u00e4hrend <a href=\"https:\/\/www.washingtonpost.com\/world\/national-security\/un-pandemic-could-push-tens-of-millions-into-chronic-hunger\/2020\/07\/13\/0733e34e-c51e-11ea-a825-8722004e4150_story.html\" target=\"_blank\" rel=\"noopener\">weitere zig Millionen<\/a> von Armut und Hungersnot bedroht seien.<\/p>\n<p class=\"wp-block-paragraph\"><a href=\"https:\/\/news.un.org\/en\/story\/2020\/06\/1067432\" target=\"_blank\" rel=\"noopener\">Arbeitslosigkeit<\/a>, Armut, <a href=\"https:\/\/pubmed.ncbi.nlm.nih.gov\/32275300\/\" target=\"_blank\" rel=\"noopener\">Selbstmord<\/a>, Alkoholismus, Drogenkonsum und andere soziale sowie psychische Gesundheitskrisen nehmen weltweit sprunghaft zu. Da <a href=\"https:\/\/www.birmingham.ac.uk\/news\/latest\/2020\/05\/covid-disruption-28-million-surgeries-cancelled.aspx\" target=\"_blank\" rel=\"noopener\">verschobene und verz\u00f6gerte Operationen<\/a> sowie <a href=\"https:\/\/web.archive.org\/web\/20200724212540\/https:\/\/amp.theguardian.com\/society\/2020\/jun\/01\/millions-in-uk-miss-cancer-screenings-tests-and-treatments-due-to-covid-19\" target=\"_blank\" rel=\"noopener\">Vorsorgeuntersuchungen<\/a> in vielen L\u00e4ndern weltweit bereits zu einer erh\u00f6hten Sterblichkeit aufgrund von Herzerkrankungen, Krebs und anderen Leiden gef\u00fchrt haben.<\/p>\n<p class=\"wp-block-paragraph\">Ein <a href=\"https:\/\/blogs.worldbank.org\/opendata\/updated-estimates-impact-covid-19-global-poverty-turning-corner-pandemic-2021\" target=\"_blank\" rel=\"noopener\">Bericht der Weltbank vom Juni 2021<\/a> sch\u00e4tzte, dass fast <strong>100 Millionen Menschen durch sogenannte \u201eAnti-Covid-Ma\u00dfnahmen\u201c in extreme Armut gest\u00fcrzt wurden<\/strong>.<\/p>\n<p class=\"wp-block-paragraph\">Seit Januar 2023 leiden Gesundheitsdienste weltweit <a href=\"https:\/\/web.archive.org\/web\/20230116084254\/https:\/\/www.economist.com\/finance-and-economics\/2023\/01\/15\/why-health-care-services-are-in-chaos-everywhere\" target=\"_blank\" rel=\"noopener\">nach wie vor unter chaotischen R\u00fcckst\u00e4nden<\/a> bei Behandlung und Diagnose. Die Folgewirkungen des Lockdowns werden die \u00f6ffentliche Gesundheit wahrscheinlich noch jahrelang beeintr\u00e4chtigen.<\/p>\n<p class=\"wp-block-paragraph\">Die Auswirkungen des Lockdowns k\u00f6nnten f\u00fcr alle beobachteten Anstiege der \u00dcbersterblichkeit verantwortlich sein.[<a href=\"https:\/\/off-guardian.org\/2023\/03\/24\/40-facts-you-need-to-know-the-real-story-of-covid\/#33\" target=\"_blank\" rel=\"noopener\">33<\/a>]<\/p>\n<p class=\"wp-block-paragraph\">*<\/p>\n<p class=\"wp-block-paragraph\"><strong><sup>NEU!<\/sup>16. Babys, die w\u00e4hrend des Lockdowns geboren wurden, haben niedrigere IQ-Werte.<\/strong> Eine <a href=\"https:\/\/www.medrxiv.org\/content\/10.1101\/2021.08.10.21261846v1.full.pdf\" target=\"_blank\" rel=\"noopener\">an der Brown University durchgef\u00fchrte<\/a> Studie ergab, dass Kinder, die nach M\u00e4rz 2020 geboren wurden, im Durchschnitt einen um 21 Punkte niedrigeren IQ hatten als fr\u00fchere Generationen, und kam zu folgendem Schluss:<\/p>\n<blockquote class=\"wp-block-quote is-layout-flow wp-block-quote-is-layout-flow\">\n<p class=\"wp-block-paragraph\"><em><strong>Es bleiben Fragen offen hinsichtlich der Auswirkungen von Homeoffice, Ausgangsbeschr\u00e4nkungen und anderen Ma\u00dfnahmen zum Schutz der \u00f6ffentlichen Gesundheit, die die sozialen Kontakte und typische Kindheitserfahrungen eingeschr\u00e4nkt haben, auf die fr\u00fchkindliche neurologische Entwicklung.<\/strong><\/em><\/p>\n<\/blockquote>\n<p class=\"wp-block-paragraph\">Dies deckt sich mit <a href=\"https:\/\/www.dumptheguardian.com\/society\/2022\/apr\/04\/pandemic-has-delayed-social-skills-of-young-children-says-ofsted-chief\" target=\"_blank\" rel=\"noopener\">Berichten \u00fcber \u00e4ltere Kinder<\/a> (im Alter von 4\u20135 Jahren), bei denen eine verz\u00f6gerte Entwicklung sozialer Kompetenzen und die Unf\u00e4higkeit, Gesichtsausdr\u00fccke zu deuten, festgestellt wurden.<\/p>\n<p class=\"wp-block-paragraph\">*<\/p>\n<p class=\"wp-block-paragraph\"><strong><sup>Aktualisiert<\/sup>17. Die Krankenh\u00e4user waren zu keinem Zeitpunkt ungew\u00f6hnlich \u00fcberlastet.<\/strong> Das Hauptargument zur Rechtfertigung von Lockdowns lautet, dass das \u201eAbflachen der Kurve\u201c einen raschen Anstieg der Fallzahlen verhindern und die Gesundheitssysteme vor dem Zusammenbruch sch\u00fctzen w\u00fcrde. Doch die meisten Gesundheitssysteme waren zu keinem Zeitpunkt auch nur ann\u00e4hernd vom Zusammenbruch bedroht.<\/p>\n<p class=\"wp-block-paragraph\">Im M\u00e4rz 2020 wurde berichtet, dass Krankenh\u00e4user in Spanien und Italien mit Patienten \u00fcberf\u00fcllt waren, doch dies geschieht in jeder Grippesaison. Im Jahr 2017 <a href=\"https:\/\/www.lasexta.com\/noticias\/nacional\/el-hospital-madrileno-de-la-paz-colapsado-los-sindicatos-llevan-a-la-justicia-la-eliminacion-de-camas-video_201903195c90fbcf0cf2877038852c8e.html\" target=\"_blank\" rel=\"noopener\">waren spanische Krankenh\u00e4user zu 200 % ausgelastet<\/a>, und 2015 <a href=\"https:\/\/elpais.com\/ccaa\/2015\/01\/13\/madrid\/1421182112_975809.html\" target=\"_blank\" rel=\"noopener\">mussten Patienten in Fluren schlafen<\/a>. Eine JAMA-Studie vom M\u00e4rz 2020 ergab, dass italienische Krankenh\u00e4user <em><a href=\"https:\/\/jamanetwork.com\/journals\/jama\/fullarticle\/2763188\" target=\"_blank\" rel=\"noopener\">\u201ein den Wintermonaten typischerweise zu 85\u201390 % ausgelastet sind\u201c<\/a><\/em>.<\/p>\n<p class=\"wp-block-paragraph\">Im Vereinigten K\u00f6nigreich ist der NHS <a href=\"https:\/\/www.theguardian.com\/society\/2019\/dec\/02\/nhs-winter-crisis-extra-beds-created-by-52-per-cent-of-uk-hospitals\" target=\"_blank\" rel=\"noopener\">im Winter regelm\u00e4\u00dfig bis an seine Grenzen belastet<\/a>.<\/p>\n<p class=\"wp-block-paragraph\">Im Rahmen seiner Covid-Strategie <a href=\"https:\/\/www.england.nhs.uk\/statistics\/statistical-work-areas\/bed-availability-and-occupancy\/\" target=\"_blank\" rel=\"noopener\">k\u00fcndigte der NHS im Fr\u00fchjahr 2020 an<\/a>, dass man <em>\u201edie Krankenhauskapazit\u00e4ten neu organisieren werde, um Covid- und Nicht-Covid-Patienten getrennt zu behandeln\u201c<\/em> und dass <em>\u201edie Krankenh\u00e4user infolgedessen bereits bei niedrigeren Gesamtbelegungsraten als bisher Kapazit\u00e4tsengp\u00e4sse erleben werden\u201c<\/em>.<\/p>\n<p class=\"wp-block-paragraph\">Das bedeutet, <strong><em>dass Tausende von Betten abgeschafft wurden.<\/em><\/strong><\/p>\n<p class=\"wp-block-paragraph\">Ja, w\u00e4hrend einer angeblich t\u00f6dlichen Pandemie haben sie tats\u00e4chlich <strong>die maximale Auslastung der Krankenh\u00e4user reduziert<\/strong>.<\/p>\n<p class=\"wp-block-paragraph\">Trotzdem stand der NHS nie unter einem Druck, der \u00fcber den einer typischen Grippesaison hinausging, und verf\u00fcgte zeitweise sogar \u00fcber <a href=\"https:\/\/www.hsj.co.uk\/acute-care\/nhs-hospitals-have-four-times-more-empty-beds-than-normal\/7027392.article\" target=\"_blank\" rel=\"noopener\">viermal mehr freie Betten als \u00fcblich<\/a>.<\/p>\n<p class=\"wp-block-paragraph\">Sowohl im Vereinigten K\u00f6nigreich als auch in den USA wurden Millionen f\u00fcr <a href=\"https:\/\/www.bbc.co.uk\/news\/health-56327214\" target=\"_blank\" rel=\"noopener\">provisorische Notfallkrankenh\u00e4user<\/a> ausgegeben, die <a href=\"https:\/\/apnews.com\/article\/virus-outbreak-ap-top-news-international-news-weekend-reads-manhattan-e593ba57f37206b495521503d7e5e4c5\" target=\"_blank\" rel=\"noopener\">nie genutzt wurden<\/a>.<\/p>\n<p class=\"wp-block-paragraph\">Ein <a href=\"https:\/\/off-guardian.org\/wp-content\/medialibrary\/A-country-level-analysis-comparing-hospital-capacity-and-utilis_2022_Health-.pdf?x91067\" target=\"_blank\" rel=\"noopener\">Artikel in <em>Health Policy<\/em><\/a> vom November 2021 ergab, dass in ganz Westeuropa die \u201eSpitzenkapazit\u00e4t\u201c an Intensivbetten nur an einem einzigen Tag \u00fcberschritten wurde \u2013 in der Lombardei am 3. April 2020.<\/p>\n<p class=\"wp-block-paragraph\">*<\/p>\n<p class=\"wp-block-paragraph\"><strong>18. Es gab einen massiven Anstieg bei der Verwendung \u201erechtswidriger\u201c DNRs.<\/strong> Aufsichtsbeh\u00f6rden und Regierungsstellen berichteten in den Jahren 2020\u20132021 von einem enormen Anstieg bei der Verwendung von Wiederbelebungsverweigerungserkl\u00e4rungen (DNRs).<\/p>\n<p class=\"wp-block-paragraph\">Bereits im M\u00e4rz 2020, als sich die \u201ePandemie\u201c noch in einem fr\u00fchen Stadium befand, erschienen <a href=\"https:\/\/jamanetwork.com\/journals\/jama\/fullarticle\/2763952\" target=\"_blank\" rel=\"noopener\">Artikel in renommierten Fachzeitschriften<\/a>, die eine \u201eeinseitige\u201c Anwendung von DNRs prognostizierten \u2013 etwas, das <em>\u201evor Covid selten eine Rolle gespielt hatte\u201c<\/em>:<\/p>\n<blockquote class=\"wp-block-quote is-layout-flow wp-block-quote-is-layout-flow\">\n<p class=\"wp-block-paragraph\"><em>In manchen Einrichtungen des Gesundheitswesens k\u00f6nnen \u00c4rzte einseitig beschlie\u00dfen, eine DNR-Anordnung zu erlassen. Dieser Ansatz wird nicht einheitlich akzeptiert und <strong>spielte vor COVID-19 kaum eine Rolle.<\/strong> W\u00e4hrend dieser Pandemie kann jedoch in Extremsituationen \u2013 beispielsweise bei einem Patienten mit einer schweren chronischen Grunderkrankung und akutem Herz-Lungen-Versagen, dessen Zustand sich trotz maximaler Therapie verschlechtert \u2013 eine einseitige DNR-Anordnung sinnvoll sein, um das Risiko einer medizinisch sinnlosen Herz-Lungen-Wiederbelebung f\u00fcr Patienten, Angeh\u00f6rige und medizinisches Personal zu verringern.<\/em><\/p>\n<\/blockquote>\n<p class=\"wp-block-paragraph\">In den USA erwogen Krankenh\u00e4user <a href=\"https:\/\/www.washingtonpost.com\/health\/2020\/03\/25\/coronavirus-patients-do-not-resucitate\/\" target=\"_blank\" rel=\"noopener\">\u201eallgemeine DNR-Verf\u00fcgungen\u201c<\/a> f\u00fcr jeden Patienten, der positiv auf Covid getestet wurde, und Whistleblower unter den Pflegekr\u00e4ften <a href=\"https:\/\/off-guardian.org\/2020\/06\/11\/watch-perspectives-on-the-pandemic-9\/\" target=\"_blank\" rel=\"noopener\">haben zugegeben, dass das DNR-System in New York missbraucht wurde<\/a>.<\/p>\n<p class=\"wp-block-paragraph\">Im Vereinigten K\u00f6nigreich gab es einen <a href=\"https:\/\/www.hsj.co.uk\/coronavirus\/unprecedented-number-of-dnr-orders-for-learning-disabilities-patients\/7027480.article\" target=\"_blank\" rel=\"noopener\">\u201ebeispiellosen\u201c Anstieg<\/a> bei <a href=\"https:\/\/www.independent.co.uk\/news\/health\/covid-do-not-resuscitate-nhs-b1816413.html\" target=\"_blank\" rel=\"noopener\">\u201eillegalen\u201c DNRs<\/a> f\u00fcr Menschen mit Behinderung; Hausarztpraxen verschickten Briefe an nicht todkranke Patienten, in denen ihnen empfohlen wurde, DNR-Verf\u00fcgungen zu unterzeichnen, w\u00e4hrend andere \u00c4rzte <a href=\"https:\/\/www.pulsetoday.co.uk\/news\/regulation\/cqc-to-review-blanket-do-not-resuscitate-orders\/\" target=\"_blank\" rel=\"noopener\">\u201epauschale DNRs\u201c<\/a> f\u00fcr <strong>ganze Pflegeheime<\/strong> unterzeichneten.<\/p>\n<p class=\"wp-block-paragraph\">Eine <a href=\"https:\/\/www.sheffield.ac.uk\/news\/do-not-resuscitate-orders-were-common-patients-admitted-suspected-covid-19\" target=\"_blank\" rel=\"noopener\">Studie der Universit\u00e4t Sheffield<\/a> ergab, dass <strong>\u00fcber ein Drittel<\/strong> aller \u201emutma\u00dflichen\u201c Covid-Patienten innerhalb von 24 Stunden nach der Einweisung ins Krankenhaus eine DNR-Verf\u00fcgung in ihrer Akte hatten.<\/p>\n<p class=\"wp-block-paragraph\">Ein im Mai 2021 in der Fachzeitschrift <a href=\"https:\/\/www.ncbi.nlm.nih.gov\/pmc\/articles\/PMC8149588\/#B24\" target=\"_blank\" rel=\"noopener\">\u201ePublic Health Frontiers\u201c<\/a> ver\u00f6ffentlichter Artikel lieferte die \u201eethischen\u201c Argumente f\u00fcr den \u201eeinseitigen\u201c Einsatz von DNRs bei Covid-Patienten:<\/p>\n<blockquote class=\"wp-block-quote is-layout-flow wp-block-quote-is-layout-flow\">\n<p class=\"wp-block-paragraph\"><em><strong>Einige L\u00e4nder sahen sich gezwungen, f\u00fcr bestimmte Patientengruppen eine einseitige DNR-Richtlinie einzuf\u00fchren [\u2026] In der derzeitigen schwierigen Lage \u2026 m\u00fcssen schwierige Entscheidungen getroffen werden. Dabei k\u00f6nnten gesellschaftliche statt individueller Interessen Vorrang haben.<\/strong><\/em><\/p>\n<\/blockquote>\n<p class=\"wp-block-paragraph\">Der pauschale Einsatz von erzwungenen oder rechtswidrigen DNR-Anordnungen k\u00f6nnte f\u00fcr einen etwaigen Anstieg der Sterblichkeitsrate in den Jahren 2020\/21 verantwortlich sein.[<a href=\"https:\/\/off-guardian.org\/2023\/03\/24\/40-facts-you-need-to-know-the-real-story-of-covid\/#33\" target=\"_blank\" rel=\"noopener\">33<\/a>]<\/p>\n<p class=\"wp-block-paragraph\">*<\/p>\n<h4 class=\"wp-block-heading has-medium-font-size\"><strong>Teil V: Beatmungsger\u00e4te<\/strong><\/h4>\n<p class=\"wp-block-paragraph\"><strong><sup>Aktualisiert<\/sup>19. Die Beatmung ist KEINE Behandlung f\u00fcr Atemwegsinfektionen.<\/strong> Die mechanische Beatmung ist keine empfohlene Behandlung f\u00fcr Atemwegsinfektionen jeglicher Art und war es auch nie. In den fr\u00fchen Tagen der Pandemie \u00e4u\u00dferten viele \u00c4rzte Bedenken hinsichtlich des Einsatzes von Beatmungsger\u00e4ten zur Behandlung von \u201eCovid\u201c.<\/p>\n<p class=\"wp-block-paragraph\">In einem Artikel in The Spectator erkl\u00e4rte Dr. Matt Strauss:<\/p>\n<blockquote class=\"wp-block-quote is-layout-flow wp-block-quote-is-layout-flow\">\n<p class=\"wp-block-paragraph\"><em><strong>Beatmungsger\u00e4te heilen keine Krankheiten. Sie k\u00f6nnen Ihre Lungen mit Luft f\u00fcllen, wenn Sie dazu selbst nicht mehr in der Lage sind. In der \u00f6ffentlichen Wahrnehmung werden sie mit Lungenerkrankungen in Verbindung gebracht, doch dies ist in Wirklichkeit weder ihre h\u00e4ufigste noch ihre geeignetste Anwendungsm\u00f6glichkeit.<\/strong><\/em><\/p>\n<\/blockquote>\n<p class=\"wp-block-paragraph\">Der deutsche Lungenfacharzt Dr. Thomas Voshaar, Vorsitzender des Verbandes der Pneumologischen Kliniken, <a href=\"https:\/\/archive.is\/KX5IQ#selection-4609.23-4621.63\" target=\"_blank\" rel=\"noopener\">sagte<\/a>:<\/p>\n<blockquote class=\"wp-block-quote is-layout-flow wp-block-quote-is-layout-flow\">\n<p class=\"wp-block-paragraph\"><em>Als wir die ersten Studien und Berichte aus China und Italien lasen, fragten wir uns sofort, warum dort so h\u00e4ufig intubiert wurde. <strong>Dies stand im Widerspruch zu unseren klinischen Erfahrungen mit viraler Lungenentz\u00fcndung.<\/strong><\/em><\/p>\n<\/blockquote>\n<p class=\"wp-block-paragraph\">Trotzdem \u201eempfahlen\u201c die <a href=\"https:\/\/www.who.int\/news-room\/commentaries\/detail\/modes-of-transmission-of-virus-causing-covid-19-implications-for-ipc-precaution-recommendations\" target=\"_blank\" rel=\"noopener\">WHO<\/a>, die <a href=\"https:\/\/www.cdc.gov\/coronavirus\/2019-ncov\/hcp\/infection-control-recommendations.html?CDC_AA_refVal=https%3A%2F%2Fwww.cdc.gov%2Fcoronavirus%2F2019-ncov%2Finfection-control%2Fcontrol-recommendations.html\" target=\"_blank\" rel=\"noopener\">CDC<\/a>, das <a href=\"https:\/\/www.ecdc.europa.eu\/sites\/default\/files\/documents\/Infection-prevention-control-for-the-care-of-patients-with-2019-nCoV-healthcare-settings_update-31-March-2020.pdf\" target=\"_blank\" rel=\"noopener\">ECDC<\/a> und der <a href=\"https:\/\/web.archive.org\/web\/20201105022131\/https:\/\/www.england.nhs.uk\/coronavirus\/wp-content\/uploads\/sites\/52\/2020\/03\/clinical-management-of-persons-admitted-to-hospita-v1-19-march-2020.pdf\" target=\"_blank\" rel=\"noopener\">NHS<\/a>, Covid-Patienten zu beatmen, anstatt nicht-invasive Methoden anzuwenden.<\/p>\n<p class=\"wp-block-paragraph\">Dies war <strong>keine medizinische Strategie, die darauf abzielte, die Patienten bestm\u00f6glich zu behandeln<\/strong>, sondern vielmehr darauf, die hypothetische Ausbreitung von Covid einzud\u00e4mmen, indem <a href=\"https:\/\/www.beckershospitalreview.com\/patient-safety-outcomes\/new-guidelines-for-hospitals-providing-cpr-to-covid-19-patients.html\" target=\"_blank\" rel=\"noopener\">verhindert wurde, dass Patienten Aerosoltr\u00f6pfchen ausatmen<\/a>; dies wurde in offiziell ver\u00f6ffentlichten Leitlinien deutlich gemacht.<\/p>\n<p class=\"wp-block-paragraph\">*<\/p>\n<p class=\"wp-block-paragraph\"><strong>20. Beatmungsger\u00e4te t\u00f6ten Menschen.<\/strong> Jemandem, der an Grippe, einer Lungenentz\u00fcndung, einer chronisch obstruktiven Lungenerkrankung oder einer anderen Erkrankung leidet, die die Atmung einschr\u00e4nkt oder die Lunge beeintr\u00e4chtigt, ein Beatmungsger\u00e4t anzuschlie\u00dfen, wird keines dieser Symptome <em>lindern<\/em>. Tats\u00e4chlich wird es den Zustand mit ziemlicher Sicherheit verschlimmern und viele der Betroffenen t\u00f6ten.<\/p>\n<p class=\"wp-block-paragraph\">Intubationsschl\u00e4uche sind eine potenzielle Infektionsquelle f\u00fcr eine als \u201ebeatmungsassoziierte Pneumonie\u201c bezeichnete Erkrankung, von der Studien zeigen, dass sie <a href=\"https:\/\/www.atsjournals.org\/doi\/full\/10.1164\/ajrccm.165.7.2105078\" target=\"_blank\" rel=\"noopener\">bis zu 28 % aller beatmeten Personen<\/a> betrifft und <a href=\"https:\/\/europepmc.org\/article\/med\/3706887\" target=\"_blank\" rel=\"noopener\">20\u201355 % der Infizierten<\/a> t\u00f6tet.<\/p>\n<p class=\"wp-block-paragraph\">Die mechanische Beatmung sch\u00e4digt zudem die physische Struktur der Lunge und f\u00fchrt zu einer <a href=\"https:\/\/www.sciencedirect.com\/science\/article\/abs\/pii\/S027252311630079X?via%3Dihub\" target=\"_blank\" rel=\"noopener\">\u201ebeatmungsinduzierten Lungenverletzung\u201c<\/a>, die die Lebensqualit\u00e4t drastisch beeintr\u00e4chtigen und sogar zum Tod f\u00fchren kann.<\/p>\n<p class=\"wp-block-paragraph\">Experten sch\u00e4tzen, dass <a href=\"https:\/\/www.webmd.com\/lung\/news\/20200415\/ventilators-helping-or-harming-covid-19-patients#1\" target=\"_blank\" rel=\"noopener\">40\u201350 % der beatmeten Patienten sterben, unabh\u00e4ngig von ihrer Erkrankung<\/a>. Weltweit starben <a href=\"https:\/\/apnews.com\/article\/health-us-news-ap-top-news-international-news-virus-outbreak-8ccd325c2be9bf454c2128dcb7bd616d\" target=\"_blank\" rel=\"noopener\">zwischen 66 und 86 % aller \u201eCovid-Patienten\u201c<\/a>, die beatmet wurden.<\/p>\n<p class=\"wp-block-paragraph\">Laut der \u201eUndercover-Krankenschwester\u201c wurden Beatmungsger\u00e4te in New York so unsachgem\u00e4\u00df eingesetzt, dass sie die Lungen der Patienten zerst\u00f6rten:<\/p>\n<figure class=\"wp-block-embed aligncenter is-type-video is-provider-youtube wp-block-embed-youtube wp-embed-aspect-16-9 wp-has-aspect-ratio\">\n<div class=\"wp-block-embed__wrapper\">\n<iframe title=\"Perspectives on the Pandemic | The (Undercover) Epicenter Nurse | Episode Nine\" width=\"800\" height=\"450\" src=\"https:\/\/www.youtube.com\/embed\/UIDsKdeFOmQ?feature=oembed\" frameborder=\"0\" allow=\"accelerometer; autoplay; clipboard-write; encrypted-media; gyroscope; picture-in-picture; web-share\" referrerpolicy=\"strict-origin-when-cross-origin\" allowfullscreen><\/iframe>\n<\/div>\n<\/figure>\n<p class=\"wp-block-paragraph\">Diese Vorgehensweise war im besten Fall fahrl\u00e4ssig und im schlimmsten Fall m\u00f6glicherweise vors\u00e4tzlicher Mord. Dieser Missbrauch von Beatmungsger\u00e4ten k\u00f6nnte f\u00fcr einen etwaigen Anstieg der Sterblichkeitsrate in den Jahren 2020\/21 verantwortlich sein [<a href=\"https:\/\/off-guardian.org\/2023\/03\/24\/40-facts-you-need-to-know-the-real-story-of-covid\/#33\" target=\"_blank\" rel=\"noopener\">33<\/a>]<\/p>\n<p class=\"wp-block-paragraph\">*<\/p>\n<h4 class=\"wp-block-heading has-medium-font-size\"><strong>Teil VI: Masken<\/strong><\/h4>\n<p class=\"wp-block-paragraph\"><strong><sup>Aktualisiert<\/sup>21. Masken wirken nicht.<\/strong> Mindestens ein Dutzend wissenschaftliche Studien haben gezeigt, dass Masken nichts dazu beitragen, die Ausbreitung von Atemwegsviren zu verhindern.<\/p>\n<p class=\"wp-block-paragraph\">Eine <a href=\"https:\/\/wwwnc.cdc.gov\/eid\/article\/26\/5\/19-0994_article\" target=\"_blank\" rel=\"noopener\">im Mai 2020 von der CDC ver\u00f6ffentlichte<\/a> Metaanalyse ergab <em>\u201ekeine signifikante Verringerung der Influenza-\u00dcbertragung durch das Tragen von Gesichtsmasken\u201c<\/em>.<\/p>\n<p class=\"wp-block-paragraph\">Eine kanadische \u00dcbersichtsarbeit <a href=\"https:\/\/www.cfp.ca\/content\/66\/7\/509\" target=\"_blank\" rel=\"noopener\">vom Juli 2020<\/a> ergab <em>\u201ebegrenzte Belege daf\u00fcr, dass das Tragen von Masken das Risiko viraler Atemwegsinfektionen verringern k\u00f6nnte\u201c.<\/em><\/p>\n<p class=\"wp-block-paragraph\">Eine weitere <a href=\"https:\/\/journals.plos.org\/plosone\/article?id=10.1371\/journal.pone.0240287\" target=\"_blank\" rel=\"noopener\">Studie<\/a> mit \u00fcber 8.000 Probanden kam zu dem Ergebnis, dass Masken <em>\u201eweder gegen laborbest\u00e4tigte virale Atemwegsinfektionen noch gegen klinische Atemwegsinfektionen wirksam zu sein schienen\u201c.<\/em><\/p>\n<p class=\"wp-block-paragraph\">Es gibt buchst\u00e4blich zu viele, um sie alle zu zitieren, lesen Sie <a href=\"https:\/\/swprs.org\/face-masks-and-covid-the-evidence\/\" target=\"_blank\" rel=\"noopener\">hier<\/a> eine Zusammenfassung von SPR.<\/p>\n<p class=\"wp-block-paragraph\">Zwar wurden einige Studien durchgef\u00fchrt, die behaupten, Masken w\u00fcrden bei Covid wirken, doch weisen sie alle gravierende M\u00e4ngel auf. Eine st\u00fctzte sich auf <a href=\"https:\/\/www.nature.com\/articles\/s41467-021-24115-7\" target=\"_blank\" rel=\"noopener\">Umfragen mit Selbstausk\u00fcnften als Daten<\/a>. Eine andere war so schlecht konzipiert, dass <a href=\"https:\/\/reason.com\/2020\/06\/22\/prominent-researchers-say-a-widely-cited-study-on-wearing-masks-is-badly-flawed\/\" target=\"_blank\" rel=\"noopener\">ein Expertengremium deren R\u00fccknahme forderte<\/a>. Eine dritte wurde zur\u00fcckgezogen, nachdem sich ihre Vorhersagen <a href=\"https:\/\/www.medrxiv.org\/content\/10.1101\/2020.10.21.20208728v2\" target=\"_blank\" rel=\"noopener\">als v\u00f6llig falsch erwiesen hatten<\/a>.<\/p>\n<p class=\"wp-block-paragraph\">Die WHO gab eine eigene Metaanalyse im \u201eLancet\u201c in Auftrag, doch diese Studie befasste sich ausschlie\u00dflich mit N95-Masken und ausschlie\u00dflich in Krankenh\u00e4usern. [Eine vollst\u00e4ndige \u00dcbersicht \u00fcber die fehlerhaften Daten in dieser Studie finden Sie <a href=\"https:\/\/swprs.org\/who-mask-study-seriously-flawed\/\" target=\"_blank\" rel=\"noopener\">hier<\/a>.]<\/p>\n<p class=\"wp-block-paragraph\">Abgesehen von wissenschaftlichen Belegen gibt es zahlreiche Beispiele aus der Praxis daf\u00fcr, dass Masken nichts dazu beitragen, die Ausbreitung von Krankheiten zu stoppen.<\/p>\n<p class=\"wp-block-paragraph\">So wiesen beispielsweise North Dakota und South Dakota <a href=\"https:\/\/www.grandforksherald.com\/newsmd\/coronavirus\/6824462-North-Dakota-got-a-mask-mandate-South-Dakota-didnt.-COVID-19-cases-have-plummeted-in-both\" target=\"_blank\" rel=\"noopener\">nahezu identische \u201eFallzahlen\u201c<\/a> auf, obwohl in dem einen Bundesstaat eine Maskenpflicht galt und im anderen nicht.<\/p>\n<p class=\"wp-block-paragraph\">In Kansas verzeichneten Bezirke ohne Maskenpflicht tats\u00e4chlich <a href=\"https:\/\/sentinelksmo.org\/more-deception-kdhe-hid-data-to-justify-mask-mandate\/\" target=\"_blank\" rel=\"noopener\">weniger Covid-\u201eF\u00e4lle\u201c<\/a> als Bezirke <em>mit<\/em> Maskenpflicht. Und obwohl Masken in Japan weit verbreitet sind, gab es dort <a href=\"https:\/\/www.upi.com\/Top_News\/World-News\/2019\/02\/01\/Millions-in-Japan-affected-as-flu-outbreak-grips-country\/9191549043797\/\" target=\"_blank\" rel=\"noopener\">2019 den schlimmsten Grippeausbruch seit Jahrzehnten<\/a>.<\/p>\n<p class=\"wp-block-paragraph\">Masken wirken nicht nur nicht, sondern es war <em>bereits vor 2020 allgemein bekannt, dass sie nicht wirken<\/em>.<\/p>\n<p class=\"wp-block-paragraph\">Eine 2016 im \u201eJournal of Oral Health\u201c ver\u00f6ffentlichte Literatur\u00fcbersicht kam zu folgendem Ergebnis:<\/p>\n<blockquote class=\"wp-block-quote is-layout-flow wp-block-quote-is-layout-flow\">\n<p class=\"wp-block-paragraph\"><em><strong>Es gibt keine \u00fcberzeugenden wissenschaftlichen Daten, die die Wirksamkeit von Masken zum Atemschutz belegen.<\/strong><\/em><\/p>\n<\/blockquote>\n<p class=\"wp-block-paragraph\">(Diese Studie wurde im Juni 2020 <a href=\"https:\/\/off-guardian.org\/2020\/09\/23\/is-evidence-masks-dont-work-being-purged-from-the-internet\/\" target=\"_blank\" rel=\"noopener\">stillschweigend<\/a> von der Website der Fachzeitschrift entfernt, da sie <em>\u201eunter den derzeitigen Umst\u00e4nden nicht mehr relevant\u201c<\/em> sei.)<\/p>\n<p class=\"wp-block-paragraph\"><a href=\"https:\/\/www.ncbi.nlm.nih.gov\/pmc\/articles\/PMC7181938\/\" target=\"_blank\" rel=\"noopener\">Eine weitere Studie<\/a>, die 2020 ver\u00f6ffentlicht, aber bereits 2019 durchgef\u00fchrt wurde, kam zu folgendem Ergebnis:<\/p>\n<blockquote class=\"wp-block-quote is-layout-flow wp-block-quote-is-layout-flow\">\n<p class=\"wp-block-paragraph\"><em>Keine signifikante Auswirkung von Gesichtsmasken auf die \u00dcbertragung von laborbest\u00e4tigter Influenza.<\/em><\/p>\n<\/blockquote>\n<p class=\"wp-block-paragraph\">In seiner \u00dcbersicht aus dem Jahr 2020, <em><a href=\"https:\/\/denisrancourt.ca\/entries.php?id=8&amp;name=2020_04_11_masks_dont_work_a_review_of_science_relevant_to_covid_19_social_policy\" target=\"_blank\" rel=\"noopener\">\u201eMasken wirken nicht\u201c<\/a><\/em>, zitiert Dr. Denis Rancourt Studien aus den Jahren 2009, 2010, 2012, 2016, 2017 und 2019 \u2026 von denen keine auch nur den geringsten Nutzen durch das Tragen einer Maske nachweisen konnte.<\/p>\n<p class=\"wp-block-paragraph\">Und am aussagekr\u00e4ftigsten ist, dass die <strong>WHO selbst<\/strong> in ihrem <a href=\"https:\/\/apps.who.int\/iris\/bitstream\/handle\/10665\/329438\/9789241516839-eng.pdf#page=9\" target=\"_blank\" rel=\"noopener\">eigenen Bericht zur Influenza<\/a> aus dem Jahr 2019 feststellte, dass:<\/p>\n<blockquote class=\"wp-block-quote is-layout-flow wp-block-quote-is-layout-flow\">\n<p class=\"wp-block-paragraph\"><em><strong>Es gibt keine Belege daf\u00fcr, dass [Masken] die \u00dcbertragung wirksam eind\u00e4mmen.<\/strong><\/em><\/p>\n<\/blockquote>\n<p class=\"wp-block-paragraph\">*<\/p>\n<p class=\"wp-block-paragraph\"><strong><sup>Aktualisiert<\/sup>22. Masken sind gesundheitssch\u00e4dlich.<\/strong> Das Tragen einer Maske \u00fcber l\u00e4ngere Zeit, die mehrmalige Verwendung derselben Maske sowie weitere Aspekte von Stoffmasken k\u00f6nnen gesundheitssch\u00e4dlich sein. Eine umfangreiche Studie zu den sch\u00e4dlichen Auswirkungen des Maskentragens wurde k\u00fcrzlich im <em><a href=\"https:\/\/www.ncbi.nlm.nih.gov\/pmc\/articles\/PMC8072811\/pdf\/ijerph-18-04344.pdf#page37\" target=\"_blank\" rel=\"noopener\">International Journal of Environmental Research and Public Health<\/a><\/em> ver\u00f6ffentlicht<\/p>\n<p class=\"wp-block-paragraph\">Dr. James Meehan <a href=\"https:\/\/www.globalresearch.ca\/medical-doctor-warns-bacterial-pneumonias-rise-mask-wearing\" target=\"_blank\" rel=\"noopener\">berichtete im August 2020<\/a>, dass er einen Anstieg von bakteriellen Lungenentz\u00fcndungen, Pilzinfektionen und Hautausschl\u00e4gen im Gesicht beobachtete.<\/p>\n<p class=\"wp-block-paragraph\">Es ist zudem bekannt, dass Masken <a href=\"https:\/\/off-guardian.org\/2020\/11\/06\/face-masks-a-danger-to-our-planet-our-children-ourselves\/\" target=\"_blank\" rel=\"noopener\">Kunststoff-Mikrofasern<\/a> enthalten, die beim Einatmen die Lunge sch\u00e4digen und potenziell krebserregend sein k\u00f6nnen.<\/p>\n<p class=\"wp-block-paragraph\">Das Tragen von Masken bei Kindern f\u00f6rdert die Mundatmung, was <a href=\"https:\/\/pubmed.ncbi.nlm.nih.gov\/20129889\/\" target=\"_blank\" rel=\"noopener\">zu Gesichtsdeformit\u00e4ten f\u00fchrt<\/a>.<\/p>\n<p class=\"wp-block-paragraph\">Weltweit sind Menschen <a href=\"https:\/\/nypost.com\/2020\/04\/24\/driver-crashes-car-after-passing-out-from-wearing-n95-mask\/\" target=\"_blank\" rel=\"noopener\">aufgrund einer CO\u2082-Vergiftung<\/a> beim Tragen ihrer Masken ohnm\u00e4chtig geworden, und einige Kinder in China erlitten sogar <a href=\"https:\/\/www.thatsmags.com\/china\/post\/31100\/student-deaths-lead-schools-to-adjust-rules-on-masks-while-exercising\" target=\"_blank\" rel=\"noopener\">einen pl\u00f6tzlichen Herzstillstand<\/a>.<\/p>\n<p class=\"wp-block-paragraph\">Dar\u00fcber hinaus k\u00f6nnen Masken die Wahrscheinlichkeit von Atemwegserkrankungen sogar erh\u00f6hen. Eine <a href=\"https:\/\/bmjopen.bmj.com\/content\/5\/4\/e006577\" target=\"_blank\" rel=\"noopener\">Studie zu Stoffmasken aus dem Jahr 2015<\/a> ergab, dass:<\/p>\n<blockquote class=\"wp-block-quote is-layout-flow wp-block-quote-is-layout-flow\">\n<p class=\"wp-block-paragraph\"><em><strong>Feuchtigkeitsansammlung, die wiederholte Verwendung von Stoffmasken und eine unzureichende Filterwirkung k\u00f6nnen zu einem erh\u00f6hten Infektionsrisiko f\u00fchren.<\/strong><\/em><\/p>\n<\/blockquote>\n<p class=\"wp-block-paragraph\">Eine neue Studie, die <a href=\"https:\/\/www.nature.com\/articles\/s41598-022-15409-x\" target=\"_blank\" rel=\"noopener\">im Juli 2022 ver\u00f6ffentlicht wurde<\/a>, ergab hingegen, dass Masken \u2013 insbesondere solche, die mehr als einmal getragen wurden \u2013 Brutst\u00e4tten f\u00fcr Bakterien und Pilze sind.<\/p>\n<p class=\"wp-block-paragraph\">Eine weitere <a href=\"https:\/\/www.cureus.com\/articles\/93826-correlation-between-mask-compliance-and-covid-19-outcomes-in-europe#!\/\" target=\"_blank\" rel=\"noopener\">von Fachkollegen begutachtete Studie<\/a> zur Wirksamkeit von Masken aus dem April 2022 kam zu folgendem Ergebnis:<\/p>\n<blockquote class=\"wp-block-quote is-layout-flow wp-block-quote-is-layout-flow\">\n<p class=\"wp-block-paragraph\"><em>Zwar lassen sich aus dieser Beobachtungsstudie keine Schlussfolgerungen hinsichtlich eines Ursache-Wirkungs-Zusammenhangs ziehen, doch deutet das Fehlen negativer Korrelationen zwischen dem Tragen von Masken und den COVID-19-F\u00e4llen sowie den Todesf\u00e4llen darauf hin, dass das fl\u00e4chendeckende Tragen von Masken [\u2026] nicht in der Lage war, die COVID-19-\u00dcbertragung einzud\u00e4mmen. Dar\u00fcber hinaus <strong>deutet die m\u00e4\u00dfig positive Korrelation zwischen dem Tragen von Masken und den Todesf\u00e4llen in Westeuropa ebenfalls darauf hin, dass das fl\u00e4chendeckende Tragen von Masken m\u00f6glicherweise sch\u00e4dliche unbeabsichtigte Folgen hatte.<\/strong><\/em><\/p>\n<\/blockquote>\n<p class=\"wp-block-paragraph\">*<\/p>\n<p class=\"wp-block-paragraph\"><strong><sup>Aktualisiert<\/sup>23. Masken sind schlecht f\u00fcr den Planeten.<\/strong> Seit \u00fcber einem Jahr werden jeden Monat <a href=\"https:\/\/off-guardian.org\/2020\/11\/06\/face-masks-a-danger-to-our-planet-our-children-ourselves\/\" target=\"_blank\" rel=\"noopener\">Millionen und Abermillionen von Einwegmasken<\/a> verbraucht. Ein Bericht der UNO kam zu dem Ergebnis, dass die Covid-19-Pandemie wahrscheinlich dazu f\u00fchren wird, dass sich der Plastikm\u00fcll <a href=\"https:\/\/www.ncbi.nlm.nih.gov\/pmc\/articles\/PMC7430241\/\" target=\"_blank\" rel=\"noopener\">in den n\u00e4chsten Jahren mehr als verdoppeln wird<\/a>, wobei der \u00fcberwiegende Teil davon auf Gesichtsmasken entf\u00e4llt.<\/p>\n<p class=\"wp-block-paragraph\">Der Bericht warnt ferner davor, dass diese Masken (und anderer medizinischer Abfall) Abwasser- und Bew\u00e4sserungssysteme verstopfen werden, was Folgewirkungen auf die \u00f6ffentliche Gesundheit, die Bew\u00e4sserung und die Landwirtschaft haben wird.<\/p>\n<p class=\"wp-block-paragraph\">Eine Studie der <a href=\"https:\/\/www.bbc.co.uk\/news\/uk-wales-56972074\" target=\"_blank\" rel=\"noopener\">Universit\u00e4t Swansea<\/a> ergab, dass <em>\u201eSchwermetalle und Kunststofffasern freigesetzt wurden, wenn Einwegmasken in Wasser getaucht wurden.\u201c<\/em> Diese Stoffe sind sowohl f\u00fcr Menschen als auch f\u00fcr Wildtiere giftig.<\/p>\n<p class=\"wp-block-paragraph\">Eine weitere Studie, die <a href=\"https:\/\/www.nhm.ac.uk\/discover\/news\/2022\/august\/pandemic-face-masks-could-harm-wildlife-for-years-to-come.html\" target=\"_blank\" rel=\"noopener\">im Jahr 2022 ver\u00f6ffentlicht wurde<\/a>, ergab, dass:<\/p>\n<blockquote class=\"wp-block-quote is-layout-flow wp-block-quote-is-layout-flow\">\n<p class=\"wp-block-paragraph\"><em><strong>Einweg-Gesichtsmasken und Plastikhandschuhe k\u00f6nnten f\u00fcr Wildtiere \u00fcber Jahrzehnte, wenn nicht sogar \u00fcber Jahrhunderte hinweg ein anhaltendes Risiko darstellen.<\/strong><\/em><\/p>\n<\/blockquote>\n<p class=\"wp-block-paragraph\">*<\/p>\n<h4 class=\"wp-block-heading has-medium-font-size\"><strong>Teil VII: Impfstoffe<\/strong><\/h4>\n<p class=\"wp-block-paragraph\"><strong>24. Covid-\u201eImpfstoffe\u201c sind v\u00f6llig beispiellos.<\/strong> Vor 2020 <a href=\"https:\/\/www.abc.net.au\/news\/health\/2020-04-17\/coronavirus-vaccine-ian-frazer\/12146616\" target=\"_blank\" rel=\"noopener\">war noch nie ein erfolgreicher Impfstoff gegen ein menschliches Coronavirus entwickelt worden<\/a>.<\/p>\n<p class=\"wp-block-paragraph\">Nach dem Auftreten von \u201eCovid\u201c haben wir angeblich <em><a href=\"https:\/\/en.wikipedia.org\/wiki\/List_of_COVID-19_vaccine_authorizations\" target=\"_blank\" rel=\"noopener\">innerhalb von 18 Monaten \u00fcber 20 davon hergestellt<\/a><\/em>.<\/p>\n<p class=\"wp-block-paragraph\">Wissenschaftler versuchen seit Jahren, einen Impfstoff gegen SARS und MERS zu entwickeln, bisher jedoch mit wenig Erfolg. Einige der <a href=\"https:\/\/www.ncbi.nlm.nih.gov\/pmc\/articles\/PMC3335060\/\" target=\"_blank\" rel=\"noopener\">gescheiterten SARS-Impfstoffe l\u00f6sten tats\u00e4chlich eine \u00dcberempfindlichkeit<\/a> gegen\u00fcber dem SARS-Virus aus. Das bedeutet, dass geimpfte M\u00e4use die Krankheit potenziell <em>schwerer<\/em> verlaufen lassen k\u00f6nnten als ungeimpfte M\u00e4use. Ein anderer Versuch <a href=\"https:\/\/www.cidrap.umn.edu\/news-perspective\/2004\/12\/sars-vaccine-linked-liver-damage-ferret-study\" target=\"_blank\" rel=\"noopener\">verursachte Lebersch\u00e4den bei Frettchen<\/a>.<\/p>\n<p class=\"wp-block-paragraph\">W\u00e4hrend die Theorie hinter herk\u00f6mmlichen Impfstoffen besagt, dass die Exposition des K\u00f6rpers gegen\u00fcber einem abgeschw\u00e4chten Stamm eines Mikroorganismus eine Immunantwort ausl\u00f6st, handelt es sich bei vielen dieser neuen Covid-\u201eImpfstoffe\u201c um <a href=\"https:\/\/horizon-magazine.eu\/article\/five-things-you-need-know-about-mrna-vaccines.html\" target=\"_blank\" rel=\"noopener\">mRNA-Impfstoffe<\/a>.<\/p>\n<p class=\"wp-block-paragraph\">mRNA-Impfstoffe (Messenger-Ribonukleins\u00e4ure) funktionieren theoretisch so, dass virale mRNA in den K\u00f6rper injiziert wird, wo sie sich in den Zellen vermehrt und den K\u00f6rper dazu anregt, die \u201eSpike-Proteine\u201c des Virus zu erkennen und Antigene gegen sie zu bilden.<\/p>\n<p class=\"wp-block-paragraph\">mRNA-Impfstoffe sind seit den 1990er Jahren <a href=\"http:\/\/sitn.hms.harvard.edu\/flash\/2015\/rna-vaccines-a-novel-technology-to-prevent-and-treat-disease\/\" target=\"_blank\" rel=\"noopener\">Gegenstand der Forschung<\/a>, doch vor 2020 wurde noch nie ein mRNA-Impfstoff f\u00fcr die Anwendung am Menschen zugelassen.<\/p>\n<p class=\"wp-block-paragraph\">Doch nach dem Ausbruch von Covid stellten zwei verschiedene Unternehmen <em>innerhalb weniger Wochen<\/em> zwei angeblich \u201esichere und wirksame\u201c mRNA-Impfstoffe her.<\/p>\n<p class=\"wp-block-paragraph\">*<\/p>\n<p class=\"wp-block-paragraph\"><strong><sup>Aktualisiert<\/sup>25. \u201eCovid-Impfstoffe\u201c verleihen keine Immunit\u00e4t und verhindern keine \u00dcbertragung.<\/strong> Es wird offen zugegeben, dass Covid-\u201eImpfstoffe\u201c <strong>keine<\/strong> Immunit\u00e4t gegen eine Infektion verleihen und <strong>nicht<\/strong> verhindern, dass man die Krankheit an andere weitergibt. Tats\u00e4chlich wurde in einem <a href=\"https:\/\/www.bmj.com\/content\/371\/bmj.m4037\" target=\"_blank\" rel=\"noopener\">Artikel im British Medical Journal<\/a> hervorgehoben, dass die Impfstoffstudien nicht einmal darauf ausgelegt waren, zu pr\u00fcfen, ob die \u201eImpfstoffe\u201c die \u00dcbertragung einschr\u00e4nkten.<\/p>\n<p class=\"wp-block-paragraph\">Die Impfstoffhersteller selbst machten bei der Freigabe der ungepr\u00fcften mRNA-Gentherapien ganz deutlich, dass die \u201eWirksamkeit\u201c ihres Produkts auf der <a href=\"https:\/\/www.theguardian.com\/world\/2021\/feb\/22\/one-vaccine-protection-severe-covid-evidence\" target=\"_blank\" rel=\"noopener\">\u201eVerringerung der Schwere der Symptome\u201c<\/a> beruhte.<\/p>\n<p class=\"wp-block-paragraph\">Im Oktober 2022 r\u00e4umte die Pfizer-F\u00fchrungskraft Janine Small bei einer <a href=\"https:\/\/twitter.com\/TrueNorthCentre\/status\/1579830040858329089?ref_src=twsrc%5Etfw%7Ctwcamp%5Etweetembed%7Ctwterm%5E1579830040858329089%7Ctwgr%5E94828d244604f3ee97f678a097dea83ebf9d6bd5%7Ctwcon%5Es1_&amp;ref_url=https%3A%2F%2Foff-guardian.org%2F2022%2F10%2F12%2Fpfizer-exec-admits-we-never-tested-vaccine-against-transmission%2F\" target=\"_blank\" rel=\"noopener\">Anh\u00f6rung vor dem EU-Parlament<\/a> ein, dass Pfizer vor der Freigabe f\u00fcr die \u00d6ffentlichkeit <strong>nie auch nur getestet hat, ob ihr Impfstoff die \u00dcbertragung von \u201eCovid\u201c verhindert\u201c.<\/strong><\/p>\n<p class=\"wp-block-paragraph\">*<\/p>\n<p class=\"wp-block-paragraph\"><strong><sup>Aktualisiert<\/sup>26. Die Impfstoffe wurden \u00fcberst\u00fcrzt auf den Markt gebracht und haben unbekannte Langzeitwirkungen.<\/strong> Die Impfstoffentwicklung ist ein langsamer, m\u00fchsamer Prozess. Normalerweise <a href=\"https:\/\/www.weforum.org\/agenda\/2020\/06\/vaccine-development-barriers-coronavirus\/\" target=\"_blank\" rel=\"noopener\">dauert es viele Jahre<\/a> von der Entwicklung \u00fcber die Tests bis hin zur endg\u00fcltigen Zulassung f\u00fcr den \u00f6ffentlichen Gebrauch. Die verschiedenen Impfstoffe gegen Covid wurden alle in weniger als einem Jahr entwickelt und zugelassen.<\/p>\n<p class=\"wp-block-paragraph\">Moderna <a href=\"https:\/\/www.modernatx.com\/\" target=\"_blank\" rel=\"noopener\">gibt auf seiner eigenen Website zu<\/a>, dass <em>\u201edie Entwicklung eines Impfstoffs normalerweise 10 bis 15 Jahre dauert\u201c<\/em>, r\u00fchmt sich jedoch damit, seinen <a href=\"https:\/\/www.modernatx.com\/patents?\" target=\"_blank\" rel=\"noopener\">SpikeVax<\/a> <em>\u201einnerhalb von 2 Monaten\u201c<\/em> hergestellt zu haben<\/p>\n<p class=\"wp-block-paragraph\">Es liegt auf der Hand, dass es keine Langzeitdaten zur Sicherheit von Chemikalien geben kann, die weniger als ein Jahr alt sind.<\/p>\n<p class=\"wp-block-paragraph\">Pfizer r\u00e4umt dies sogar in dem <a href=\"https:\/\/gogo.al\/ekskluzive-kontrata-sekrete-e-qeverise-me-pfizer-per-vaksinat\/\" target=\"_blank\" rel=\"noopener\">durchgesickerten Liefervertrag<\/a> zwischen dem Pharmariesen und der albanischen Regierung ein:<\/p>\n<blockquote class=\"wp-block-quote is-layout-flow wp-block-quote-is-layout-flow\">\n<p class=\"wp-block-paragraph\"><em><strong>Die langfristigen Auswirkungen und die Wirksamkeit des Impfstoffs sind derzeit nicht bekannt, und es kann Nebenwirkungen des Impfstoffs geben, die derzeit noch nicht bekannt sind.<\/strong><\/em><\/p>\n<\/blockquote>\n<p class=\"wp-block-paragraph\">Zudem wurde keiner der Impfstoffe <a href=\"https:\/\/off-guardian.org\/2021\/01\/03\/what-vaccine-trials\/\" target=\"_blank\" rel=\"noopener\">ordnungsgem\u00e4\u00dfen klinischen Studien unterzogen<\/a>. Bei vielen wurden die fr\u00fchen Studienphasen g\u00e4nzlich \u00fcbersprungen, und die sp\u00e4ten klinischen Studien am Menschen wurden entweder nicht von Fachkollegen begutachtet, haben ihre Daten nicht ver\u00f6ffentlicht, <a href=\"https:\/\/web.archive.org\/web\/20201128213442\/https:\/\/clinicaltrials.gov\/ct2\/show\/results\/NCT04516746\" target=\"_blank\" rel=\"noopener\">werden erst 2023 abgeschlossen sein<\/a> oder wurden <a href=\"https:\/\/web.archive.org\/web\/20201229112508\/https:\/\/clinicaltrials.gov\/ct2\/show\/study\/NCT04540393\" target=\"_blank\" rel=\"noopener\">nach \u201eschwerwiegenden Nebenwirkungen\u201c<\/a> abgebrochen.<\/p>\n<p class=\"wp-block-paragraph\">*<\/p>\n<p class=\"wp-block-paragraph\"><strong>27. Den Impfstoffherstellern wurde rechtliche Haftungsfreistellung gew\u00e4hrt, sollten sie Schaden verursachen.<\/strong> Das US-amerikanische Gesetz \u00fcber die \u00f6ffentliche Bereitschaft und Notfallvorsorge (Public Readiness and Emergency Preparedness Act, PREP) <a href=\"https:\/\/www.cnbc.com\/2020\/12\/16\/covid-vaccine-side-effects-compensation-lawsuit.html\" target=\"_blank\" rel=\"noopener\">gew\u00e4hrt Immunit\u00e4t bis mindestens 2024<\/a>.<\/p>\n<p class=\"wp-block-paragraph\">Das EU-Zulassungsrecht <a href=\"https:\/\/fullfact.org\/health\/unlicensed-vaccine-manufacturers-are-immune-some-not-all-civil-liability\/\" target=\"_blank\" rel=\"noopener\">tut dasselbe<\/a>, und es gibt Berichte \u00fcber <a href=\"https:\/\/www.reuters.com\/article\/uk-health-coronavirus-eu-vaccine-idUKKCN26D0UG\" target=\"_blank\" rel=\"noopener\">vertrauliche Haftungsklauseln<\/a> in den Vertr\u00e4gen, die die EU mit Impfstoffherstellern unterzeichnet hat.<\/p>\n<p class=\"wp-block-paragraph\">Gro\u00dfbritannien ging sogar noch weiter und gew\u00e4hrte der Regierung sowie allen ihren Mitarbeitern eine <a href=\"https:\/\/off-guardian.org\/2020\/04\/08\/coronavirus-fact-check-2-the-emergency-powers-will-only-last-2-years\/\" target=\"_blank\" rel=\"noopener\">dauerhafte rechtliche Haftungsfreistellung<\/a> f\u00fcr jeglichen Schaden, der bei der Behandlung eines Patienten mit Covid-19 oder bei \u201eVerdacht auf Covid-19\u201c entsteht.<\/p>\n<p class=\"wp-block-paragraph\">Auch hier deutet der durchgesickerte albanische Vertrag darauf hin, dass zumindest Pfizer diese Haftungsfreistellung zu einer Standardforderung f\u00fcr die Lieferung von Covid-Impfstoffen gemacht hat:<\/p>\n<blockquote class=\"wp-block-quote is-layout-flow wp-block-quote-is-layout-flow\">\n<p class=\"wp-block-paragraph\"><em><strong>Der K\u00e4ufer verpflichtet sich hiermit, Pfizer [\u2026] von s\u00e4mtlichen Klagen, Anspr\u00fcchen, Verfahren, Forderungen, Verlusten, Sch\u00e4den, Haftungen, Vergleichen, Strafen, Bu\u00dfgeldern, Kosten und Aufwendungen freizustellen, zu verteidigen und schadlos zu halten<\/strong><\/em><\/p>\n<\/blockquote>\n<p class=\"wp-block-paragraph\">*<\/p>\n<p class=\"wp-block-paragraph\"><strong><sup>NEU!<\/sup>28. Covid-\u201eImpfstoffe\u201c bergen ein erhebliches Risiko f\u00fcr schwerwiegende Nebenwirkungen.<\/strong> Die experimentellen Covid-Impfstoffe haben bei Millionen von Menschen m\u00f6glicherweise Dutzende schwerwiegender Erkrankungen verursacht. Dazu geh\u00f6ren Myokarditis (<a href=\"https:\/\/www.medrxiv.org\/content\/10.1101\/2021.08.30.21262866v1\" target=\"_blank\" rel=\"noopener\">insbesondere bei jungen Jungen<\/a>), <a href=\"https:\/\/www.ncbi.nlm.nih.gov\/pmc\/articles\/PMC8313538\/\" target=\"_blank\" rel=\"noopener\">Blutgerinnsel<\/a>, allergische Reaktionen, Hauterkrankungen, Bell-L\u00e4hmung, Menstruationsst\u00f6rungen und vieles mehr. [Eine detaillierte Aufschl\u00fcsselung dieser Erkrankungen finden Sie <a target=\"_blank\" rel=\"noopener noreferrer\" href=\"https:\/\/swprs.org\/covid-vaccine-adverse-events\/\">hier<\/a>]<\/p>\n<p class=\"wp-block-paragraph\">Das <a href=\"https:\/\/www.cdc.gov\/vaccinesafety\/ensuringsafety\/monitoring\/vaers\/index.html\" target=\"_blank\" rel=\"noopener\">Vaccine Adverse Event Reporting System (VAERS)<\/a> der US-Gesundheitsbeh\u00f6rde CDC hat seit Beginn der Covid-Impfkampagne doppelt so viele Meldungen erhalten <strong>wie in allen vorangegangenen Jahren zusammen.<\/strong><\/p>\n<h4 class=\"wp-block-heading has-medium-font-size\"><strong>Teil VIII: Sterblichkeitsdaten<\/strong><\/h4>\n<p class=\"wp-block-paragraph\"><strong><sup>Aktualisiert<\/sup>29. Die \u00dcberlebensrate bei \u201eCovid\u201c liegt bei \u00fcber 99 %.<\/strong> Medizinische Experten der Regierung haben von Beginn der Pandemie an mit Nachdruck betont, dass <em>die \u00fcberwiegende Mehrheit der Bev\u00f6lkerung durch Covid nicht gef\u00e4hrdet ist<\/em>.<\/p>\n<figure class=\"wp-block-embed is-type-video is-provider-youtube wp-block-embed-youtube wp-embed-aspect-16-9 wp-has-aspect-ratio\">\n<div class=\"wp-block-embed__wrapper\">\n<iframe title=\"UK Gov&amp;apos;t confirms Covid19 harmless to VAST MAJORITY of people\" width=\"800\" height=\"450\" src=\"https:\/\/www.youtube.com\/embed\/adj8MCsZKlg?feature=oembed\" frameborder=\"0\" allow=\"accelerometer; autoplay; clipboard-write; encrypted-media; gyroscope; picture-in-picture; web-share\" referrerpolicy=\"strict-origin-when-cross-origin\" allowfullscreen><\/iframe>\n<\/div>\n<\/figure>\n<p class=\"wp-block-paragraph\">Eine neue weltweite Auswertung von Covid-Daten, die <a href=\"https:\/\/www.medrxiv.org\/content\/10.1101\/2022.10.11.22280963v1\" target=\"_blank\" rel=\"noopener\">im Oktober 2022<\/a> vom Stanford-Epidemiologen John Ioannidis (et al.) ver\u00f6ffentlicht wurde, ergab eine mittlere Sterblichkeitsrate von nur <strong>0,07 %<\/strong> bei Menschen unter 70 Jahren.<\/p>\n<p class=\"wp-block-paragraph\">Fast alle Antik\u00f6rperstudien zur Infektions-Letalit\u00e4tsrate (IFR) von Covid haben <a href=\"https:\/\/swprs.org\/studies-on-covid-19-lethality\/#age\" target=\"_blank\" rel=\"noopener\">Ergebnisse zwischen 0,04 % und 0,5 % ergeben<\/a>. Das bedeutet: Angenommen, \u201eCovid\u201c h\u00e4tte jemals als eigenst\u00e4ndige Krankheit existiert, dann lag die \u00dcberlebensrate bei <strong>mindestens 99,5 %<\/strong>.<\/p>\n<p class=\"wp-block-paragraph\">*<\/p>\n<p class=\"wp-block-paragraph\"><strong>30. Die \u00fcberwiegende Mehrheit der \u201eCovid-Todesf\u00e4lle\u201c weist schwerwiegende Begleiterkrankungen auf.<\/strong> Im M\u00e4rz 2020 ver\u00f6ffentlichte die italienische Regierung Statistiken, aus denen hervorgeht, dass 99,2 % ihrer \u201eCovid-Todesf\u00e4lle\u201c <a href=\"https:\/\/off-guardian.org\/2020\/03\/23\/italy-only-12-of-covid19-deaths-list-covid19-as-cause\/\" target=\"_blank\" rel=\"noopener\">mindestens eine schwerwiegende Begleiterkrankung hatten<\/a>.<\/p>\n<p class=\"wp-block-paragraph\">Dazu geh\u00f6rten unter anderem Krebs, Herzerkrankungen, Demenz, Alzheimer, Nierenversagen und Diabetes. \u00dcber 50 % von ihnen hatten <strong>drei oder mehr<\/strong> schwerwiegende Vorerkrankungen.<\/p>\n<p class=\"wp-block-paragraph\">Dieses Muster hat sich im Verlauf der \u201ePandemie\u201c in allen anderen L\u00e4ndern best\u00e4tigt. Ein im Oktober 2020 gem\u00e4\u00df dem FOIA an das britische ONS gerichteter Antrag ergab, dass <a href=\"https:\/\/www.ons.gov.uk\/aboutus\/transparencyandgovernance\/freedomofinformationfoi\/covid19deathswithnounderlyinghealthconditionsbrokendownbyage\" target=\"_blank\" rel=\"noopener\">weniger als 10 % der offiziellen Zahl der \u201eCovid-Todesf\u00e4lle\u201c zu diesem Zeitpunkt<\/a> Covid als alleinige Todesursache hatten.<\/p>\n<p class=\"wp-block-paragraph\">Zusammenfassend l\u00e4sst sich sagen, dass es sich bei der \u00fcberwiegenden Mehrheit der \u201eCovid-Todesf\u00e4lle\u201c um sehr gebrechliche Menschen handelte.<\/p>\n<p class=\"wp-block-paragraph\">Dies wurde von der Presse so interpretiert, dass hohes Alter oder Gebrechlichkeit \u201eRisikofaktoren\u201c f\u00fcr \u201eCovid\u201c seien. Genauer gesagt k\u00f6nnte man jedoch behaupten, dass der Risikofaktor Nummer eins f\u00fcr das \u201eSterben an Covid\u201c darin bestand, <em>bereits an etwas anderem zu sterben<\/em>.<\/p>\n<p class=\"wp-block-paragraph\">*<\/p>\n<p class=\"wp-block-paragraph\"><strong>31. Das Durchschnittsalter der \u201eCovid-Todesf\u00e4lle\u201c liegt \u00fcber der durchschnittlichen Lebenserwartung.<\/strong> Das Durchschnittsalter eines \u201eCovid-Todesfalls\u201c im Vereinigten K\u00f6nigreich betr\u00e4gt <a href=\"https:\/\/www.ons.gov.uk\/aboutus\/transparencyandgovernance\/freedomofinformationfoi\/averageageofthosewhohaddiedwithcovid19\" target=\"_blank\" rel=\"noopener\">82,5 Jahre<\/a>. In Italien sind es 86, in Deutschland 83 und in der Schweiz 86. In Kanada bei 86 Jahren, in den USA bei 78 Jahren und in Australien bei 82 Jahren.<\/p>\n<p class=\"wp-block-paragraph\">In fast allen F\u00e4llen <a href=\"https:\/\/swprs.org\/studies-on-covid-19-lethality\/#age\" target=\"_blank\" rel=\"noopener\">liegt das Medianalter eines \u201eCovid-Todesfalls\u201c<\/a> <em>\u00fcber der nationalen Lebenserwartung<\/em>.<\/p>\n<p class=\"wp-block-paragraph\">Eine Studie vom M\u00e4rz 2021 ergab, dass <a href=\"https:\/\/www.ncbi.nlm.nih.gov\/pmc\/articles\/PMC8057856\/\" target=\"_blank\" rel=\"noopener\">in den acht untersuchten L\u00e4ndern<\/a> mehr als 64 % aller \u201eCovid-Todesf\u00e4lle\u201c bei Menschen auftraten, die \u00e4lter waren als die nationale Lebenserwartung.<\/p>\n<p class=\"wp-block-paragraph\">Somit hatte die \u201ePandemie\u201c f\u00fcr den Gro\u00dfteil der Welt kaum bis gar keine Auswirkungen auf die Lebenserwartung. Im Gegensatz dazu stand die Spanische Grippe, die in den USA innerhalb von etwas mehr als einem Jahr zu einem R\u00fcckgang der Lebenserwartung um 28 % f\u00fchrte. [<a href=\"https:\/\/www.cdc.gov\/nchs\/data-visualization\/mortality-trends\/index.htm\" target=\"_blank\" rel=\"noopener\">Quelle<\/a>]<\/p>\n<p class=\"wp-block-paragraph\">*<\/p>\n<p class=\"wp-block-paragraph\"><strong>32. Die Covid-Sterblichkeit spiegelt die nat\u00fcrliche Sterblichkeitskurve exakt wider.<\/strong> <a href=\"https:\/\/medium.com\/wintoncentre\/how-much-normal-risk-does-covid-represent-4539118e1196\" target=\"_blank\" rel=\"noopener\">Statistische Studien<\/a> aus Gro\u00dfbritannien <a href=\"https:\/\/bmcinfectdis.biomedcentral.com\/articles\/10.1186\/s12879-021-06026-6\" target=\"_blank\" rel=\"noopener\">und Indien<\/a> haben gezeigt, dass die Kurve der \u201eCovid-Todesf\u00e4lle\u201c der Kurve der erwarteten Sterblichkeit fast exakt folgt.<\/p>\n<p class=\"wp-block-paragraph\">Das Risiko, \u201ean Covid\u201c zu sterben, entspricht fast genau Ihrem <a href=\"https:\/\/www.bbc.co.uk\/news\/health-51979654\" target=\"_blank\" rel=\"noopener\">grundlegenden Sterberisiko insgesamt<\/a>.<\/p>\n<p class=\"wp-block-paragraph\">Der leichte Anstieg bei einigen der \u00e4lteren Altersgruppen l\u00e4sst sich durch andere Faktoren erkl\u00e4ren.<\/p>\n<p class=\"wp-block-paragraph\">*<\/p>\n<p class=\"wp-block-paragraph\"><strong><sup>Aktualisiert<\/sup>33. Es gab KEINE ungew\u00f6hnliche \u00dcbersterblichkeit.<\/strong> Die weltweite Zahl der \u201eCovid\u201c-Todesf\u00e4lle war selbst unter Ber\u00fccksichtigung \u00fcbertriebener Statistiken [<a href=\"https:\/\/off-guardian.org\/2023\/03\/24\/40-facts-you-need-to-know-the-real-story-of-covid\/#13\" target=\"_blank\" rel=\"noopener\">13<\/a>] nie hoch genug, um die drakonischen Ma\u00dfnahmen zu rechtfertigen, die wir von den meisten Regierungen weltweit erlebt haben.<\/p>\n<p class=\"wp-block-paragraph\">In den drei Jahren seit Beginn von \u201eCovid\u201c gab es etwa <a href=\"https:\/\/www.worldometers.info\/coronavirus\/\" target=\"_blank\" rel=\"noopener\">6,8 Millionen \u201eCovid-Todesf\u00e4lle\u201c<\/a>, also 2,3 Millionen pro Jahr. Das entspricht 0,03 % der Weltbev\u00f6lkerung. Zum Vergleich: Die Spanische Grippe von 1918 forderte in zwei Jahren 25 bis 100 Millionen Todesopfer, was einem Anteil von 0,7 bis 2,8 % der Weltbev\u00f6lkerung pro Jahr entspricht.<\/p>\n<p class=\"wp-block-paragraph\">Die Presse hat das Jahr 2020 als das <em>\u201et\u00f6dlichste Jahr seit dem Zweiten Weltkrieg\u201c<\/em> in Gro\u00dfbritannien bezeichnet, doch dies ist irref\u00fchrend, da dabei der massive Bev\u00f6lkerungszuwachs seit dieser Zeit au\u00dfer Acht gelassen wird. Ein aussagekr\u00e4ftigeres statistisches Ma\u00df f\u00fcr die Sterblichkeit ist die altersstandardisierte Sterblichkeitsrate (ASMR).<\/p>\n<p class=\"wp-block-paragraph\">Nach diesem Ma\u00dfstab ist 2020 nicht einmal das Jahr mit der h\u00f6chsten Sterblichkeit <em>seit 2000.<\/em> Tats\u00e4chlich waren seit 1943 <em>nur neun Jahre besser als 2020<\/em>.<\/p>\n<p class=\"wp-block-paragraph\">\u00c4hnlich verh\u00e4lt es sich in den USA, wo die ASMR f\u00fcr 2020 lediglich auf dem Niveau von 2004 liegt.<\/p>\n<p class=\"wp-block-paragraph\">In Schweden, das bekanntlich auf einen Lockdown verzichtete, stieg die Gesamtsterblichkeit auf ein Niveau, das <a href=\"https:\/\/www.statistikdatabasen.scb.se\/pxweb\/en\/ssd\/START__BE__BE0101__BE0101I\/Dodstal\/table\/tableViewLayout1\/\" target=\"_blank\" rel=\"noopener\">zuletzt im Jahr 2012<\/a> zu verzeichnen war:<\/p>\n<p class=\"wp-block-paragraph\">Der <a href=\"https:\/\/data.worldbank.org\/indicator\/SP.DYN.CDRT.IN\" target=\"_blank\" rel=\"noopener\">Sterblichkeitsdatensatz<\/a> der Weltbank sch\u00e4tzt, dass die globale Bruttosterblichkeitsrate im Jahr 2020 von etwa 7,6 auf 8 gestiegen ist, was einer R\u00fcckkehr auf das Niveau der Jahre 2006\u20132011 entspricht.<\/p>\n<p class=\"wp-block-paragraph\">Ab Mai 2021 begann die Weltgesundheitsorganisation, \u00fcber die <em>\u201ewahren Kosten der Pandemie\u201c<\/em> zu diskutieren, und f\u00f6rderte Bem\u00fchungen, die Zahl der Pandemietoten weiter aufzubl\u00e4hen, indem <a href=\"https:\/\/www.who.int\/data\/stories\/the-true-death-toll-of-covid-19-estimating-global-excess-mortality\" target=\"_blank\" rel=\"noopener\">alle \u00fcberz\u00e4hligen Todesf\u00e4lle seit 2020 Covid zugeschrieben wurden<\/a>. Da jedoch jeder Anstieg der Sterblichkeit auf Nicht-Covid-Ursachen zur\u00fcckzuf\u00fchren sein k\u00f6nnte, handelt es sich dabei entweder um eine irrationale oder um eine absichtliche T\u00e4uschung.<\/p>\n<p class=\"wp-block-paragraph\">Dar\u00fcber hinaus gibt es starke Hinweise darauf, dass etwaige \u00fcberz\u00e4hlige Todesf\u00e4lle nichts mit \u201eCovid\u201c zu tun hatten, da die Zahl der \u00fcberz\u00e4hligen Todesf\u00e4lle weiter gestiegen ist, obwohl die Covid-F\u00e4lle Berichten zufolge zur\u00fcckgehen. Wie <a href=\"https:\/\/www.spectator.co.uk\/article\/why-are-excess-deaths-higher-now-than-during-covid\/\" target=\"_blank\" rel=\"noopener\">im November 2022<\/a> im Spectator berichtet wurde:<\/p>\n<blockquote class=\"wp-block-quote is-layout-flow wp-block-quote-is-layout-flow\">\n<p class=\"wp-block-paragraph\"><em><strong>Warum ist die Zahl der \u00fcbersch\u00fcssigen Todesf\u00e4lle derzeit h\u00f6her als w\u00e4hrend der Corona-Pandemie?<\/strong><\/em><\/p>\n<\/blockquote>\n<p class=\"wp-block-paragraph\">Das betrifft \u00fcbrigens nicht nur Gro\u00dfbritannien, wie Toby Green und Thomas Fazi am 30. Januar f\u00fcr Unherd schrieben:<\/p>\n<blockquote class=\"wp-block-quote is-layout-flow wp-block-quote-is-layout-flow\">\n<p class=\"wp-block-paragraph\"><em><strong>\u2026trotz relativ niedriger Covid-Sterberaten war die Gesamtzahl der \u00fcberdurchschnittlichen Todesf\u00e4lle in allen Altersgruppen in Europa im Jahr 2022 genauso hoch wie im Jahr 2020 und h\u00f6her als im Jahr 2021 \u2013 selbst in den \u00e4ltesten Altersgruppen. Au\u00dferhalb Europas stellt sich die Situation \u00e4hnlich dar\u2026<\/strong><\/em><\/p>\n<\/blockquote>\n<p class=\"wp-block-paragraph\">Dass die Zahl der \u00fcberz\u00e4hligen Todesf\u00e4lle weiter gestiegen ist, obwohl sich die \u201ePandemie\u201c angeblich verlangsamt hat, ist ein Beleg daf\u00fcr, dass eine etwaige \u00fcberz\u00e4hlige Sterblichkeit m\u00f6glicherweise gar nicht durch \u201eCovid\u201c verursacht wurde, sondern tats\u00e4chlich auf andere Faktoren zur\u00fcckzuf\u00fchren ist (z. B. die wirtschaftlichen und sozialen Folgen der Lockdown-Ma\u00dfnahmen und m\u00f6glicherweise die Verabreichung von ungepr\u00fcften und unn\u00f6tigen \u201eImpfstoffen\u201c).<\/p>\n<h4 class=\"wp-block-heading has-medium-font-size\"><strong>Teil IX: Planung &amp; T\u00e4uschung<\/strong><\/h4>\n<p class=\"wp-block-paragraph\"><strong><sup>Aktualisiert<\/sup>34. Die EU bereitete bereits mindestens ein JAHR vor Beginn der Pandemie \u201eImpfp\u00e4sse\u201c vor.<\/strong> Die vorgeschlagenen COVID-Ma\u00dfnahmen, die der \u00d6ffentlichkeit als improvisierte Notfallma\u00dfnahmen pr\u00e4sentiert wurden, <a href=\"https:\/\/off-guardian.org\/2020\/05\/22\/report-eu-planning-vaccination-passport-since-2018\/\" target=\"_blank\" rel=\"noopener\">existierten bereits vor dem Ausbruch der Krankheit<\/a>.<\/p>\n<p class=\"wp-block-paragraph\">Zwei im Jahr 2018 ver\u00f6ffentlichte EU-Dokumente, der <em><a href=\"https:\/\/ec.europa.eu\/health\/sites\/health\/files\/vaccination\/docs\/2018_vaccine_confidence_en.pdf\" target=\"_blank\" rel=\"noopener\">\u201e2018 State of Vaccine Confidence\u201c<\/a><\/em> und ein technischer Bericht mit dem Titel <em><a href=\"https:\/\/www.ecdc.europa.eu\/sites\/portal\/files\/documents\/designing-implementing-immunisation-information-system_0.pdf\" target=\"_blank\" rel=\"noopener\">\u201eDesigning and implementing an immunisation information system\u201c<\/a><\/em>, befassten sich mit der Plausibilit\u00e4t eines EU-weiten Impf\u00fcberwachungssystems.<\/p>\n<p class=\"wp-block-paragraph\">Diese Dokumente wurden in der \u201eImpf-Roadmap\u201c von 2019 zusammengefasst, in der (unter anderem) eine \u201eMachbarkeitsstudie\u201c zu Impfp\u00e4ssen festgelegt wurde, die 2019 beginnen und 2021 abgeschlossen werden sollte:<\/p>\n<p class=\"wp-block-paragraph\">Die <a href=\"https:\/\/off-guardian.org\/wp-content\/medialibrary\/2019-2022_roadmap_en-1.pdf?x91067\" target=\"_blank\" rel=\"noopener\">abschlie\u00dfenden Schlussfolgerungen<\/a> dieses Berichts wurden im September 2019, nur einen Monat vor der Veranstaltung \u201eEvent 201\u201c (siehe unten), der \u00d6ffentlichkeit vorgestellt.<\/p>\n<p class=\"wp-block-paragraph\">Tats\u00e4chlich gelten Impfprogramme bereits seit mindestens 2018 als <em>\u201eEinstiegspunkt f\u00fcr die digitale Identit\u00e4t\u201c<\/em>.<\/p>\n<p class=\"wp-block-paragraph\">ID2020 wurde 2016 gegr\u00fcndet und ist <a href=\"https:\/\/en.wikipedia.org\/wiki\/ID2020#:~:text=19%20conspiracy%20theory-,History,any%20form%20of%20recognized%20identification.\" target=\"_blank\" rel=\"noopener\">eine \u201eAllianz\u201c aus Wirtschaft und Regierung<\/a>, die sich der \u201eBereitstellung einer digitalen Identit\u00e4t f\u00fcr alle\u201c verschrieben hat. Im M\u00e4rz 2018 ver\u00f6ffentlichte ID2020 einen Artikel mit der \u00dcberschrift <em><a href=\"https:\/\/medium.com\/id2020\/immunization-an-entry-point-for-digital-identity-ea37d9c3b77e\" target=\"_blank\" rel=\"noopener\">\u201eImpfung: ein Einstiegspunkt f\u00fcr die digitale Identit\u00e4t\u201c<\/a><\/em>, in dem der Autor argumentiert:<\/p>\n<blockquote class=\"wp-block-quote is-layout-flow wp-block-quote-is-layout-flow\">\n<p class=\"wp-block-paragraph\"><em><strong>Impfungen bieten eine enorme Chance, die digitale Identit\u00e4t auszuweiten<\/strong><\/em><\/p>\n<\/blockquote>\n<p class=\"wp-block-paragraph\">ID2020 wurde gemeinsam von Microsoft, der Rockefeller-Stiftung und der GAVI-Impfstoffallianz gegr\u00fcndet. Zu seinen \u201ePartnern\u201c z\u00e4hlen Facebook und die UNO.<\/p>\n<p class=\"wp-block-paragraph\">*<\/p>\n<p class=\"wp-block-paragraph\"><strong>35. Eine \u201e\u00dcbung\u201c sagte die Pandemie bereits wenige Wochen vor ihrem Ausbruch voraus.<\/strong> Im Oktober 2019 veranstalteten das <a href=\"https:\/\/www.centerforhealthsecurity.org\/event201\/scenario.html\" target=\"_blank\" rel=\"noopener\">Weltwirtschaftsforum und die Johns Hopkins University die \u201eEvent 201\u201c<\/a>. Dabei handelte es sich um eine \u00dcbung, die auf einem zoonotischen Coronavirus basierte, das eine weltweite Pandemie ausl\u00f6ste. Die \u00dcbung wurde von der Bill-und-Melinda-Gates-Stiftung und GAVI, der Impfallianz, gesponsert.<\/p>\n<p class=\"wp-block-paragraph\">Die Ergebnisse und Empfehlungen der \u00dcbung wurden im November 2019 als <a href=\"https:\/\/www.centerforhealthsecurity.org\/event201\/event201-resources\/200117-PublicPrivatePandemicCalltoAction.pdf\" target=\"_blank\" rel=\"noopener\">\u201eAufruf zum Handeln\u201c<\/a> ver\u00f6ffentlicht. Einen Monat sp\u00e4ter verzeichnete China seinen ersten \u201eCovid\u201c-Fall.<\/p>\n<p class=\"wp-block-paragraph\">*<\/p>\n<p class=\"wp-block-paragraph\"><strong><sup>NEU!<\/sup>36. Covid-skeptische Staats- und Regierungschefs \u201estarben pl\u00f6tzlich\u201c.<\/strong> Mehrere politische F\u00fchrer, die sich gegen die Covid-Ma\u00dfnahmen der Weltgesundheitsorganisation (WHO) aussprachen, starben unerwartet, woraufhin ihre Anti-WHO-Ma\u00dfnahmen von ihren Nachfolgern sofort r\u00fcckg\u00e4ngig gemacht wurden.<\/p>\n<p class=\"wp-block-paragraph\">Am 3. Mai 2020 tat Pr\u00e4sident Pierre Nkurunzia von Burundi <a href=\"https:\/\/taarifa.rw\/president-nkurunzia-says-covid-19-is-a-hoax\/\" target=\"_blank\" rel=\"noopener\">Covid als \u201eSchwindel\u201c ab<\/a>. Drei Tage sp\u00e4ter warnte der Council on Foreign Relations vor <a href=\"https:\/\/www.cfr.org\/blog\/covid-19-coinciding-dangerous-trends-burundis-democracy\" target=\"_blank\" rel=\"noopener\">\u201egef\u00e4hrlichen Tendenzen in der burundischen Demokratie\u201c<\/a>.<\/p>\n<p class=\"wp-block-paragraph\">Am 14. Mai 2020 <a href=\"https:\/\/www.reuters.com\/article\/us-health-coronavirus-burundi\/burundi-expels-%20who-team-as-it-prepares-for-presidential-election-idUSKBN22Q0XS\" target=\"_blank\" rel=\"noopener\">wies Nkurunzia die WHO-Vertreter offiziell aus Burundi aus<\/a>. Weniger als einen Monat sp\u00e4ter starb er \u201ean einer pl\u00f6tzlichen Erkrankung\u201c. Sein Nachfolger bezeichnete Covid als \u201eunseren gr\u00f6\u00dften Feind\u201c und lud die WHO wieder ein.<\/p>\n<p class=\"wp-block-paragraph\">Eine fast identische Situation gab es in Tansania, wo der Covid-Skeptiker John Magufuli <a href=\"https:\/\/www.africanews.com\/2020\/05\/06\/tanzania-how-can-goat-papaya-pawpaw-test-positive-to-corona-morning-call\/\" target=\"_blank\" rel=\"noopener\">die Genauigkeit der PCR-Tests in Frage stellte<\/a> und <a href=\"https:\/\/www.aljazeera.com\/news\/2021\/1\/27\/tanzania-president-denounces-covid-vaccines\" target=\"_blank\" rel=\"noopener\">den Einsatz von Covid-Impfstoffen<\/a> in seinem Land verbot.<\/p>\n<p class=\"wp-block-paragraph\">Im M\u00e4rz 2021 verschwand Magufuli f\u00fcr Wochen aus der \u00d6ffentlichkeit. Erneut ver\u00f6ffentlichte der Council on Foreign Relations <a href=\"https:\/\/www.cfr.org\/blog\/tanzanian-president-magufulis-veneer-omniscience-critical-condition\" target=\"_blank\" rel=\"noopener\">einen Artikel<\/a>, in dem seine Absetzung gefordert wurde, und erneut wurde berichtet, er sei <a href=\"https:\/\/off-guardian.org\/2021\/03\/12\/tanzania-the-second-covid-coup\/\" target=\"_blank\" rel=\"noopener\">pl\u00f6tzlich verstorben<\/a>.<\/p>\n<p class=\"wp-block-paragraph\">Sein Nachfolger <a href=\"https:\/\/en.wikipedia.org\/wiki\/Samia_Suluhu_Hassan\" target=\"_blank\" rel=\"noopener\">\u00e4nderte sofort seinen Kurs in Bezug auf Covid<\/a>, setzte Quarant\u00e4nen, Abstandsregeln und Maskenpflicht durch, meldete Tansania f\u00fcr das Impfprogramm der WHO an und lie\u00df 10 Millionen seiner B\u00fcrger impfen.<\/p>\n<p class=\"wp-block-paragraph\">*<\/p>\n<p class=\"wp-block-paragraph\"><strong>37. W\u00e4hrend der \u201eCovid-Pandemie\u201c verschwand die Grippe fast vollst\u00e4ndig.<\/strong> In den Vereinigten Staaten sind die Grippef\u00e4lle seit Februar 2020 angeblich <a href=\"https:\/\/www.healthline.com\/health-news\/why-the-flu-season-basically-disappeared-this-year#What-drove-down-flu-activity?\" target=\"_blank\" rel=\"noopener\">um \u00fcber 98 % zur\u00fcckgegangen<\/a>.<\/p>\n<p class=\"wp-block-paragraph\">Das betrifft nicht nur die USA: Im September 2020 berichtete die <a href=\"https:\/\/www.cdc.gov\/mmwr\/volumes\/69\/wr\/mm6937a6.htm\" target=\"_blank\" rel=\"noopener\">US-Gesundheitsbeh\u00f6rde CDC, dass<\/a> die Grippeaktivit\u00e4t in den USA, Australien, S\u00fcdafrika und Chile deutlich zur\u00fcckgegangen sei.<\/p>\n<p class=\"wp-block-paragraph\">Im April 2021 <em>ver\u00f6ffentlichte Scientific American<\/em> <a href=\"https:\/\/www.scientificamerican.com\/article\/flu-has-disappeared-worldwide-during-the-covid-pandemic1\/\" target=\"_blank\" rel=\"noopener\">einen Artikel<\/a> mit der \u00dcberschrift:<\/p>\n<blockquote class=\"wp-block-quote is-layout-flow wp-block-quote-is-layout-flow\">\n<p class=\"wp-block-paragraph\"><em><strong>Die Grippe ist seit \u00fcber einem Jahr verschwunden<\/strong><\/em><\/p>\n<\/blockquote>\n<p class=\"wp-block-paragraph\">Als Erkl\u00e4rung wird angef\u00fchrt, dass Anti-Covid-Ma\u00dfnahmen \u2013 z. B. Masken und Lockdowns \u2013 die Ausbreitung der Grippe verhindert h\u00e4tten. Wir haben jedoch festgestellt, dass Masken und Lockdowns die Ausbreitung von Atemwegserkrankungen nicht aufhalten.<\/p>\n<p class=\"wp-block-paragraph\">Kurz gesagt: Weltweit ist die Grippe in den Jahren 2020 und 2021 fast <a href=\"https:\/\/www.scientificamerican.com\/article\/flu-has-disappeared-worldwide-during-the-covid-pandemic1\/\" target=\"_blank\" rel=\"noopener\">vollst\u00e4ndig verschwunden<\/a>, und das l\u00e4sst sich nicht durch Anti-Covid-Ma\u00dfnahmen erkl\u00e4ren.<\/p>\n<p class=\"wp-block-paragraph\">Unterdessen betraf offenbar eine neue Krankheit namens \u201eCovid\u201c, die identische Symptome [<a target=\"_blank\" rel=\"noopener noreferrer\" href=\"https:\/\/off-guardian.org\/2023\/03\/24\/40-facts-you-need-to-know-the-real-story-of-covid\/#1\">1<\/a>] und eine \u00e4hnliche Sterblichkeitsrate [29] wie die Grippe aufweist, alle Menschen, die normalerweise an der Grippe erkranken.<\/p>\n<p class=\"wp-block-paragraph\">*<\/p>\n<h4 class=\"wp-block-heading has-medium-font-size\"><strong>Teil X: Profit &amp; Motiv<\/strong><\/h4>\n<p class=\"wp-block-paragraph\"><strong><sup>NEU!<\/sup>38. Die Covid-Pandemie trieb eine bereits bestehende politische Agenda voran.<\/strong> Von Beginn an wurde Covid als Vorwand genutzt, um Reformen der Lebensmittel-, Identit\u00e4ts- und W\u00e4hrungssysteme durchzusetzen sowie \u201egr\u00fcne\u201c Agenden voranzutreiben, die sowohl globale als auch nationale Macht zentralisieren.<\/p>\n<p class=\"wp-block-paragraph\">Bereits im M\u00e4rz 2020 forderte der ehemalige britische Premierminister Gordon Brown <a href=\"https:\/\/www.theguardian.com\/politics\/2020\/mar\/26\/gordon-brown-calls-for-global-government-to-tackle-coronavirus\" target=\"_blank\" rel=\"noopener\">eine \u201eWeltregierung\u201c<\/a> zur Bew\u00e4ltigung der Pandemie.<\/p>\n<p class=\"wp-block-paragraph\">Die Pandemie f\u00fchrte zudem zu einer Ausweitung der Zensur- und \u00dcberwachungsbefugnisse, sowohl <a target=\"_blank\" rel=\"noopener noreferrer\" href=\"https:\/\/pubmed.ncbi.nlm.nih.gov\/35046018\/\">in China<\/a> als auch im <a href=\"https:\/\/www.bloomberg.com\/news\/articles\/2020-04-10\/apple-google-bring-covid-19-contact-tracing-to-3-billion-people?leadSource=uverify%20wall\" target=\"_blank\" rel=\"noopener\">Westen<\/a>.<\/p>\n<p class=\"wp-block-paragraph\">Im September 2018 war die wichtige Rolle der \u201edigitalen Identit\u00e4t\u201c im zuk\u00fcnftigen \u201eGesellschaftsvertrag\u201c ein <a href=\"https:\/\/www.weforum.org\/reports\/identity-in-a-digital-world-a-new-chapter-in-the-social-contract\" target=\"_blank\" rel=\"noopener\">wichtiges Gespr\u00e4chsthema in Davos<\/a>. Im Dezember 2020 <a href=\"https:\/\/www.economist.com\/international\/2020\/12\/07\/covid-19-spurs-national-plans-to-give-citizens-digital-identities\" target=\"_blank\" rel=\"noopener\">berichtete \u201eThe Economist\u201c, dass<\/a> <em>\u201eCovid-19 nationale Pl\u00e4ne vorantreibt, den B\u00fcrgern digitale Identit\u00e4ten zu geben\u201c<\/em>.<\/p>\n<p class=\"wp-block-paragraph\">Im Januar 2019 wurde berichtet, dass die Bank f\u00fcr Internationalen Zahlungsausgleich und 70 Zentralbanken weltweit <a href=\"https:\/\/cointelegraph.com\/news\/bis-70-of-central-banks-involved-in-cbdc-research-only-several-have-concrete-plans\" target=\"_blank\" rel=\"noopener\">an der Forschung zu digitalen Zentralbankw\u00e4hrungen<\/a> (CBDCs) beteiligt waren. Im Juli 2021 <a href=\"https:\/\/thefintechtimes.com\/covid-has-pushed-the-development-of-cbdcs-five-years-into-the-future\/\" target=\"_blank\" rel=\"noopener\">berichtete die \u201eFinTech Times\u201c<\/a>, dass die Pandemie <em>\u201edie Entwicklung digitaler Zentralbankw\u00e4hrungen um bis zu f\u00fcnf Jahre beschleunigt\u201c<\/em> habe,<\/p>\n<p class=\"wp-block-paragraph\">Im Laufe des Jahres 2019 forderten <a href=\"https:\/\/www.sciencedaily.com\/releases\/2019\/01\/190116185207.htm\" target=\"_blank\" rel=\"noopener\">Artikel<\/a> und <a href=\"https:\/\/www.hsph.harvard.edu\/news\/features\/food-transformation-human-planetary-health\/\" target=\"_blank\" rel=\"noopener\">Studien<\/a> eine <a>\u201eradikale Transformation\u201c<\/a> des globalen Ern\u00e4hrungssystems. Bis 2021 berichtete Deloitte, dass \u201eCovid\u201c die <a href=\"https:\/\/www2.deloitte.com\/nl\/nl\/pages\/sustainability\/articles\/food-covid-19-has-accelerated-the-global-food-system-transformation.html\" target=\"_blank\" rel=\"noopener\">\u201eTransformation des Ern\u00e4hrungssystems beschleunigt\u201c<\/a> habe.<\/p>\n<p class=\"wp-block-paragraph\">Das Grantham Institute des Imperial College London <a href=\"https:\/\/www.imperial.ac.uk\/grantham\/about-us\/outlook-magazine\/pandemic-to-net-zero\/\" target=\"_blank\" rel=\"noopener\">ver\u00f6ffentlichte einen Artikel<\/a>, in dem behauptet wurde, Covid habe den Expertenmeinungen <em>\u201eeinen Fu\u00df in die T\u00fcr\u201c<\/em> verschafft, sodass sie <em>\u201esich nachdr\u00fccklich f\u00fcr einen Wiederaufbau mit \u201aNetto-Null-Emissionen\u2018 und eine widerstandsf\u00e4hige Zukunft einsetzen\u201c<\/em> k\u00f6nnten.<\/p>\n<p class=\"wp-block-paragraph\">Schlie\u00dflich \u00f6ffnete die Pandemie die T\u00fcr f\u00fcr weitreichende globalistische Ver\u00e4nderungen in der Gesundheitspolitik in Form des vorgeschlagenen <a href=\"https:\/\/apps.who.int\/gb\/inb\/pdf_files\/inb4\/A_INB4_3-en.pdf\" target=\"_blank\" rel=\"noopener\">\u201ePandemie-Vertrags\u201c<\/a>.<\/p>\n<p class=\"wp-block-paragraph\">*<\/p>\n<p class=\"wp-block-paragraph\"><strong><sup>NEU!<\/sup>39. Unternehmen erzielten aufgrund von Covid MASSIVE Gewinne.<\/strong> Unternehmen in zahlreichen Branchen erzielten aufgrund der \u201ePandemie\u201c enorme Gewinne, von denen der Gro\u00dfteil auf gestiegene Staatsausgaben zur\u00fcckzuf\u00fchren war, durch die \u00f6ffentliche Gelder in private H\u00e4nde flossen.<\/p>\n<p class=\"wp-block-paragraph\">Der weltweite Markt f\u00fcr Gesichtsmasken beispielsweise wuchs um \u00fcber 15.000 %, von 1,4 Milliarden US-Dollar im Jahr 2019 auf 225 Milliarden US-Dollar im Jahr 2020. Und das betrifft nur Mund-Nasen-Masken, nicht andere Arten von pers\u00f6nlicher Schutzausr\u00fcstung (PSA), bei denen sowohl die privaten als auch die staatlichen Ausgaben massiv gestiegen sind.<\/p>\n<p class=\"wp-block-paragraph\">Allein im Vereinigten K\u00f6nigreich stiegen die Kosten allein f\u00fcr die Lagerung dieser PSA <a href=\"https:\/\/goodlawproject.org\/revealed-ppe-storage-costs-hit-1bn-as-vip-firm-uniserves-profit-soars\/\" target=\"_blank\" rel=\"noopener\">auf \u00fcber 1 Milliarde Pfund<\/a>, wobei ungenutzte PSA im Wert von weiteren 4 Milliarden Pfund <a href=\"https:\/\/www.bmj.com\/content\/377\/bmj.o1435\" target=\"_blank\" rel=\"noopener\">einfach weggeworfen<\/a> wurde und weitere Abschreibungen sich auf insgesamt <a href=\"https:\/\/www.bmj.com\/content\/376\/bmj.o296\" target=\"_blank\" rel=\"noopener\">fast 10 Milliarden Pfund<\/a> beliefen.<\/p>\n<p class=\"wp-block-paragraph\">Auch <a href=\"https:\/\/www.forbes.com\/sites\/giacomotognini\/2021\/02\/11\/billionaires-making-boatloads-of-money-from-once-cheap-medical-gloves\/?sh=4d6ffaf9661c\" target=\"_blank\" rel=\"noopener\">Gummihandschuhe<\/a> und Handdesinfektionsmittel verzeichneten dank staatlicher Ausgaben enorme Marktzuw\u00e4chse. Ein Gro\u00dfteil dieses Geldes wurde v\u00f6llig verschwendet, <a href=\"https:\/\/www.cbc.ca\/news\/canada\/manitoba\/government-expired-sanitizer-1.6710713\" target=\"_blank\" rel=\"noopener\">da die Produkte abliefen<\/a>.<\/p>\n<p class=\"wp-block-paragraph\">Amazon konnte dank Covid <a href=\"https:\/\/www.nytimes.com\/2021\/04\/29\/technology\/amazons-profits-triple.html\" target=\"_blank\" rel=\"noopener\">seine Gewinne verdoppeln<\/a>, und Streaming-Plattformen <a href=\"https:\/\/www.jumpstartmag.com\/how-the-pandemic-boosted-business-for-streaming-services\/\" target=\"_blank\" rel=\"noopener\">gewannen Millionen neuer Nutzer<\/a> dank der Lockdowns<\/p>\n<p class=\"wp-block-paragraph\">Die gr\u00f6\u00dften Gewinne wurden jedoch im Impfstoffsektor erzielt. Seit Beginn der Impfkampagne haben Pharmaunternehmen <a href=\"https:\/\/reliefweb.int\/report\/world\/pfizer-biontech-and-moderna-making-1000-profit-every-second-while-world-s-poorest\" target=\"_blank\" rel=\"noopener\">etwa 1.000 Dollar pro Sekunde<\/a> verdient.<\/p>\n<p class=\"wp-block-paragraph\">Ende 2019 waren die Ums\u00e4tze von Pfizer auf dem tiefsten Stand seit 2010; zwei Jahre sp\u00e4ter <a href=\"https:\/\/www.statista.com\/statistics\/254351\/quarterly-revenue-of-pfizer-since-2006\/\" target=\"_blank\" rel=\"noopener\">waren sie um 150 % gestiegen<\/a> und erreichten einen historischen H\u00f6chststand.<\/p>\n<p class=\"wp-block-paragraph\">Innerhalb weniger Monate nach Beginn der Impfkampagne <a href=\"https:\/\/www.oxfam.org\/en\/press-releases\/covid-vaccines-create-9-new-billionaires-combined-wealth-greater-cost-vaccinating\" target=\"_blank\" rel=\"noopener\">waren 9 Impfstoffhersteller zu Milliard\u00e4ren geworden<\/a>. Bis Mai 2022 war diese Zahl auf 40 gestiegen.<\/p>\n<p class=\"wp-block-paragraph\">*<\/p>\n<p class=\"wp-block-paragraph\"><strong><sup>Aktualisiert<\/sup>40. Die Elite hat w\u00e4hrend der Pandemie ein Verm\u00f6gen gemacht.<\/strong> Nicht nur Pharmaunternehmen haben von Covid profitiert; seit Beginn des Lockdowns sind die reichsten Menschen deutlich reicher geworden.<\/p>\n<p class=\"wp-block-paragraph\">Im Oktober 2020 berichtete Business Insider, dass <em><a href=\"https:\/\/www.businessinsider.com\/billionaires-net-worth-increases-coronavirus-pandemic-2020-7?op=1&amp;r=US&amp;IR=T\" target=\"_blank\" rel=\"noopener\">\u201edas Nettoverm\u00f6gen der Milliard\u00e4re um eine halbe Billion Dollar gestiegen ist\u201c<\/a><\/em> \u2013 und das allein in den ersten sechs Monaten der Pandemie.<\/p>\n<p class=\"wp-block-paragraph\">Im April 2021 berichtete Forbes, dass 40 neue Milliard\u00e4re durch den <a href=\"https:\/\/www.forbes.com\/sites\/giacomotognini\/2021\/04\/06\/meet-the-40-new-billionaires-who-got-rich-fighting-covid-19\/?sh=1c03575717e5\" target=\"_blank\" rel=\"noopener\">\u201eKampf gegen das Coronavirus\u201c<\/a> entstanden seien.<\/p>\n<p class=\"wp-block-paragraph\">Dieser Prozess hat sich nur noch beschleunigt.<\/p>\n<p class=\"wp-block-paragraph\">Im Mai 2022 lag die Zahl der durch die Pandemie entstandenen neuen Milliard\u00e4re <a href=\"https:\/\/www.oxfam.org\/en\/press-releases\/pandemic-creates-new-billionaire-every-30-hours-now-million-people-could-fall\" target=\"_blank\" rel=\"noopener\">bei 543<\/a>. Das entspricht in den vergangenen zwei Jahren etwa einem neuen Milliard\u00e4r alle 30 Stunden. Darunter sind allein 40 neue Milliard\u00e4re aus der Pharmabranche.<\/p>\n<p class=\"wp-block-paragraph\">Unterdessen ist der Anteil des weltweiten Verm\u00f6gens, der sich im Besitz von Milliard\u00e4ren befindet, von <a href=\"https:\/\/stats.areppim.com\/stats\/stats_rich_21_trend_percentxgdp.htm\" target=\"_blank\" rel=\"noopener\">10 % im Jahr 2019 auf 14 % im Jahr 2022<\/a> gestiegen \u2013 ein st\u00e4rkerer Anstieg als in den vorangegangenen 16 Jahren zusammen.<\/p>\n<p class=\"wp-block-paragraph\">Insgesamt haben die reichsten Menschen der Welt ihr kollektives Verm\u00f6gen in den vergangenen drei Jahren um \u00fcber f\u00fcnf <strong>Billionen<\/strong> Dollar erh\u00f6ht \u2013 alles dank Covid.<\/p>\n<p class=\"wp-block-paragraph\">*<\/p>\n<h4 class=\"wp-block-heading has-medium-font-size\"><strong>Fazit<\/strong><\/h4>\n<p class=\"wp-block-paragraph\">Ich habe in der Einleitung dieses Artikels ausdr\u00fccklich darauf hingewiesen, dass er nicht nur inhaltlich, sondern auch in seiner Herangehensweise aktualisiert wurde. Das m\u00f6chte ich nun n\u00e4her erl\u00e4utern.<\/p>\n<p class=\"wp-block-paragraph\">Als die erste Ausgabe dieser Liste ver\u00f6ffentlicht wurde, war \u201eCovid\u201c noch eine Live-\u00dcbung. Ein ausufernder Propagandakrieg, in dem Fakten als Munition dienten und die Versorgungslinien \u00fcberlastet waren. Sie musste so sein, wie sie war \u2013 kurz, auf den Punkt gebracht und leicht zug\u00e4nglich.<\/p>\n<p class=\"wp-block-paragraph\">Heutzutage ist es an der Pandemie-Front ruhiger geworden. Ein schlammiges Schlachtfeld in Tr\u00fcmmern, \u00fcbers\u00e4t mit Leichen und schlaffen Fahnen an zerbrochenen Stangen. Den Aasfressern \u00fcberlassen, w\u00e4hrend sich beide Seiten auf den n\u00e4chsten gro\u00dfen Vorsto\u00df vorbereiten.<\/p>\n<p class=\"wp-block-paragraph\">\u201eCovid\u201c wird sanft in den Hintergrund gedr\u00e4ngt, zugunsten von Diskussionen \u00fcber die Ukraine, den Klimawandel und sogar <a href=\"https:\/\/www.nytimes.com\/2023\/03\/19\/opinion\/bill-gates-pandemic-preparedness-covid.html\" target=\"_blank\" rel=\"noopener\">\u201edie n\u00e4chste Pandemie\u201c<\/a>.<\/p>\n<p class=\"wp-block-paragraph\">Unsere Welt ist nicht zur \u201eNormalit\u00e4t\u201c zur\u00fcckgekehrt \u2013 und wird es wahrscheinlich auch nie \u2013, doch w\u00e4hrend der Wandel anh\u00e4lt, wird der Ausl\u00f6ser dieser anf\u00e4nglichen Ver\u00e4nderung langsam von neuen Fronten im Krieg des \u201eGreat Reset\u201c um die Kontrolle \u00fcber die Welt verdr\u00e4ngt.<\/p>\n<p class=\"wp-block-paragraph\">Nun stellen wir fest, dass Raum \u2013 und Zeit \u2013 vorhanden ist, um die \u201eCovid\u201c-Erz\u00e4hlung in ihrer Gesamtheit zu betrachten und die wahre Geschichte der \u201ePandemie\u201c zu erz\u00e4hlen, die die Welt auf den Kopf gestellt hat, um ihr die Taschen besser leeren zu k\u00f6nnen.<\/p>\n<p class=\"wp-block-paragraph\">Die vorherige Ausgabe dieser Liste wurde vom Autor bewusst frei von jeglicher Interpretation belassen. Die Fakten sollten f\u00fcr sich selbst sprechen \u2013 und das taten sie auch. Tats\u00e4chlich tun sie es immer noch.<\/p>\n<p class=\"wp-block-paragraph\">Dennoch m\u00f6chte ich als abschlie\u00dfende Stellungnahme vor der weltweiten Jury die Geschichte zusammenfassen, die uns diese Fakten erz\u00e4hlen.<\/p>\n<ul class=\"wp-block-list\">\n<li>In den Jahren 2017, 2018 und 2019 erarbeiteten verschiedene internationale und globale Gremien Pl\u00e4ne f\u00fcr weltweite Impfkampagnen \u2013 oder diskutierten die M\u00f6glichkeit solcher Kampagnen \u2013, einschlie\u00dflich der Frage, wie diese genutzt werden k\u00f6nnten, um die Einf\u00fchrung digitaler P\u00e4sse in Verbindung mit medizinischen Unterlagen zu erleichtern.<\/li>\n<li>Ende 2019 fand eine internationale \u00dcbung statt, deren Schwerpunkt auf einem hypothetischen zoonotischen Coronavirus lag, das eine weltweite Pandemie ausl\u00f6sen sollte, und bei der eine m\u00f6gliche Reaktion geplant wurde.<\/li>\n<li><strong>Nur zwei Monate sp\u00e4ter<\/strong> wurde behauptet, dass ein angeblich echtes zoonotisches Coronavirus begonnen habe, Menschen zu infizieren. Die \u201eneue Krankheit\u201c wies typische grippe\u00e4hnliche Symptome und eine Sterblichkeitsrate auf, die der von saisonalen grippe\u00e4hnlichen Erkrankungen sehr \u00e4hnlich war. Zuf\u00e4lligerweise sank die Zahl der Grippef\u00e4lle in diesem Zeitraum Berichten zufolge auf nahezu null.<\/li>\n<li>Tests f\u00fcr dieses \u201eneue Virus\u201c wurden unter Umgehung des \u00fcblichen Peer-Review-Verfahrens eilig auf den Markt gebracht.<\/li>\n<li>Massenuntersuchungen bei asymptomatischen Personen dienten dazu, \u201eCovid-F\u00e4lle\u201c zu erzeugen, w\u00e4hrend Massenuntersuchungen bei denjenigen, die bereits im Krankenhaus im Sterben lagen, dazu dienten, \u201eCovid-Todesf\u00e4lle\u201c zu erzeugen.<\/li>\n<li>Als \u201eReaktion\u201c auf die \u201ePandemie\u201c wurden Lockdowns verh\u00e4ngt, die die Wirtschaft lahmlegten und zu einem massiven Anstieg von Armut, Unterern\u00e4hrung, Drogen- und Alkoholmissbrauch sowie psychischen Problemen f\u00fchrten. Gleichzeitig wurde dadurch sichergestellt, dass Menschen mit echten Gesundheitsproblemen aus Angst Krankenh\u00e4user mieden.<\/li>\n<li>Unterdessen f\u00fchrten in den Krankenh\u00e4usern \u201eCovid-Richtlinien\u201c zu einem m\u00f6rderischen Missbrauch von DNR-Verf\u00fcgungen und mechanischer Beatmung.<\/li>\n<li>Diese Ma\u00dfnahmen<strong>kosteten Menschen das Leben<\/strong> und trugen dazu bei, den Anstieg der \u00dcbersterblichkeit zu erzeugen, der offiziell \u201eCovid\u201c angelastet werden konnte, der aber trotz sinkender Zahlen bei den \u201eCovid-F\u00e4llen\u201c nicht zur\u00fcckgegangen ist.<\/li>\n<li>Masken und Abstandsregeln wurden der \u00d6ffentlichkeit aufgezwungen \u2013 obwohl die eigenen Untersuchungen zeigten, dass sie unwirksam sind \u2013, um die Angst in der Bev\u00f6lkerung zu sch\u00fcren, und dienten buchst\u00e4blich <em>als einziger sichtbarer Beweis daf\u00fcr, dass \u00fcberhaupt etwas geschah.<\/em><\/li>\n<li>Unter dem Deckmantel dieser vorget\u00e4uschten \u201ePandemie\u201c fand die gr\u00f6\u00dfte einzelne Umleitung \u00f6ffentlicher Gelder in private H\u00e4nde aller Zeiten statt.<\/li>\n<li>Die \u201ePandemie\u201c erm\u00f6glichte zudem eine massive Zentralisierung der Macht \u2013 sowohl auf nationaler als auch auf globaler Ebene. Die Staats- und Regierungschefs fast aller Nationen der Erde sicherten sich mehr Macht, indem sie mitspielten, und diejenigen, die sich weigerten, wurden get\u00f6tet.<\/li>\n<li>Schlie\u00dflich, und das ist das Wichtigste, erm\u00f6glichte \u201eCovid\u201c eine rasante Beschleunigung einer politischen Agenda, die darauf abzielt, die Welt in eine dystopische Horrorshow umzugestalten. Digitale \u00dcberwachung, vorgeschriebene medizinische Ma\u00dfnahmen, Ausgangssperren, Polizeibrutalit\u00e4t und Zensur wurden unter dem Deckmantel des \u201eSchutzes der \u00f6ffentlichen Gesundheit\u201c weiter normalisiert. Gleichzeitig wurde die Entwicklung von Programmen wie der digitalen W\u00e4hrung, der \u201eErn\u00e4hrungsreform\u201c und den Ma\u00dfnahmen des \u201eGreen New Deal\u201c deutlich beschleunigt.<\/li>\n<\/ul>\n<p class=\"wp-block-paragraph\">\n<p class=\"wp-block-paragraph\">Das sind die entscheidenden Fakten der Pandemie, und sie erz\u00e4hlen nur eine einzige Geschichte. \u201eCovid\u201c war ein Konstrukt. Eine vorget\u00e4uschte Krankheit, geschaffen, um eine sehr reale Agenda zu verkaufen. Das ist die einzige rationale Erkl\u00e4rung f\u00fcr alle uns vorliegenden Beweise.<\/p>\n<p class=\"wp-block-paragraph\">Die \u201eoffizielle Darstellung\u201c ist nicht stichhaltig. W\u00e4re Covid eine echte Krankheit und eine echte Pandemie, br\u00e4uchte es keine korrupten Testpraktiken und statistischen Tricks, um sich auszubreiten. W\u00e4re es wirklich t\u00f6dlich, m\u00fcssten sie sich nicht auf statistische Manipulationen verlassen, um \u201eCovid-Todesf\u00e4lle\u201c zu erzeugen. W\u00e4ren die Machthaber ehrlich, h\u00e4tten sie niemals \u201eMa\u00dfnahmen zum Schutz der \u00f6ffentlichen Gesundheit\u201c eingef\u00fchrt, von denen ihre eigenen Untersuchungen besagen, dass sie nicht funktionieren.<\/p>\n<p class=\"wp-block-paragraph\">Die Vorstellung, es handele sich um eine Kettenreaktion von Fehlern \u2013 eine perfekte Mischung aus \u00f6ffentlicher Panik, staatlicher Inkompetenz und Unternehmensgier \u2013, reicht ebenfalls nicht als allumfassende Erkl\u00e4rung aus, da sie die vielen F\u00e4lle von massiver und vors\u00e4tzlicher Unehrlichkeit nicht ber\u00fccksichtigt und uns erneut dazu auffordert, zu glauben, dass \u201eEvent 201\u201c lediglich ein Zufall war.<\/p>\n<p class=\"wp-block-paragraph\">Die Theorie vom \u201eLaborausbruch\u201c oder von der \u201eBiowaffe\u201c \u2013 dass \u201eCovid\u201c eine echte Krankheit ist, die entweder versehentlich oder absichtlich in die \u00d6ffentlichkeit freigesetzt wurde \u2013 passt ebenfalls nicht, weder sachlich noch logisch. Sachlich gesehen w\u00fcrde, wie bei der offiziellen Version, ein echtes Virus keine gef\u00e4lschten Statistiken ben\u00f6tigen, um sich zu verbreiten. Logisch gesehen gibt es das Problem der Kontrolle.<\/p>\n<p class=\"wp-block-paragraph\">Wie Mike Yeadon es in <a href=\"https:\/\/www.conservativewoman.co.uk\/why-i-dont-believe-there-ever-was-a-covid-virus\/\" target=\"_blank\" rel=\"noopener\">seinem j\u00fcngsten Artikel<\/a> formulierte:<\/p>\n<blockquote class=\"wp-block-quote is-layout-flow wp-block-quote-is-layout-flow\">\n<p class=\"wp-block-paragraph\"><em><strong>Die Auswirkungen eines freigesetzten neuen Erregers lie\u00dfen sich nicht genau vorhersagen. Er k\u00f6nnte schnell wieder abklingen. Oder er k\u00f6nnte sich als weitaus t\u00f6dlicher erweisen, als man erwartet hatte, und hochentwickelte Zivilisationen zerst\u00f6ren.<\/strong><\/em><\/p>\n<\/blockquote>\n<p class=\"wp-block-paragraph\">Nein, die einzige Geschichte, die Sinn ergibt, ist, dass \u201eCovid\u201c eine psychologische Operation von globalem Ausma\u00df war. Die gr\u00f6\u00dfte und umfassendste Propagandakampagne aller Zeiten, mit dem einzigen Ziel, die Welt zu zerbrechen und sie nach einem neuen globalistischen Bild neu zu gestalten.<\/p>\n<p class=\"wp-block-paragraph\">Tats\u00e4chlich haben sie uns immer wieder gesagt, dass dies der Fall sei. Ein \u201eGreat Reset\u201c, um \u201ebesser wiederaufzubauen\u201c und eine \u201eneue Normalit\u00e4t\u201c zu schaffen. Sie <a href=\"https:\/\/www.youtube.com\/watch?v=YkcaeaD45MY\" target=\"_blank\" rel=\"noopener\">machten keinen Hehl aus ihrer Absicht<\/a>:<\/p>\n<figure class=\"wp-block-embed aligncenter is-type-video is-provider-youtube wp-block-embed-youtube wp-embed-aspect-16-9 wp-has-aspect-ratio\">\n<div class=\"wp-block-embed__wrapper\">\n<iframe title='\"Build Back Better\" Compilation - \"The Great Reset\" Montage' width=\"800\" height=\"450\" src=\"https:\/\/www.youtube.com\/embed\/YkcaeaD45MY?feature=oembed\" frameborder=\"0\" allow=\"accelerometer; autoplay; clipboard-write; encrypted-media; gyroscope; picture-in-picture; web-share\" referrerpolicy=\"strict-origin-when-cross-origin\" allowfullscreen><\/iframe>\n<\/div>\n<\/figure>\n<p class=\"wp-block-paragraph\">\u201eCovid\u201c war \u2013 und ist \u2013 ein tr\u00fcgerisches Mittel zum Erreichen eines b\u00f6sartigen Ziels. Das m\u00fcssen wir erkennen, verstehen und uns immer vor Augen halten. Denn wenn wir das Ausma\u00df und die Vorgehensweise dieser Propaganda nicht gr\u00fcndlich analysieren und begreifen, werden wir beim n\u00e4chsten Mal, wenn diese Methoden wieder zum Einsatz kommen, genauso anf\u00e4llig daf\u00fcr sein.<\/p>\n<p class=\"wp-block-paragraph\">Auch wenn die Mittel vielleicht ausgemustert werden, das Ziel wird immer bestehen bleiben.<\/p>\n<p class=\"wp-block-paragraph\">Ihre neue Welt existiert bereits, \u00fcberall um uns herum. Doch sie ist erst zur H\u00e4lfte fertiggestellt, und das eindeutige und endg\u00fcltige Ziel all ihrer k\u00fcnftigen Handlungen und \u00c4u\u00dferungen wird darin bestehen, sie zu vollenden.<\/p>\n<p class=\"wp-block-paragraph\">Das ist der Silberstreif am Horizont von \u201eCovid\u201c, wenn man denn einen finden will. In Ermangelung einer besseren Analogie: Die Maske ist heruntergerutscht. Wir haben einen Blick auf Zappas Mauer erhascht. Jetzt wissen wir, was sie wirklich wollen.<\/p>\n<p class=\"wp-block-paragraph\">Sie wollen Kontrolle \u2013 \u00fcber alles und jeden. Sie wollen uns schw\u00e4chen \u2013 unseren Verstand, unsere Mittel, unsere Gesundheit und unsere Rechte einschr\u00e4nken. Sie wollen unser langsames Kriechen in die Tyrannei beschleunigen und ein globales Arbeitslager errichten, umgeben von imagin\u00e4ren \u00dcbeln, die die Insassen hypnotisieren, sodass sie glauben, der Stacheldraht sei zu ihrem eigenen Besten \u2026 weil er die Monster fernh\u00e4lt.<\/p>\n<p class=\"wp-block-paragraph\"><strong>Einfach ausgedr\u00fcckt: Sie wollen vollenden, was \u201eCovid\u201c begonnen hat. Aber solange wir sie durchschauen und verstehen, werden sie dazu niemals in der Lage sein.<\/strong><\/p>\n<p class=\"wp-block-paragraph\">\n<\/div>\n","protected":false},"excerpt":{"rendered":"<p>Von Kit Knightly Wir haben unser \u00e4u\u00dferst beliebtes \u201eCribsheet\u201c erstmals im September 2021 ver\u00f6ffentlicht, als Reaktion auf Dutzende \u2013 ja sogar Hunderte \u2013 von Leseranfragen nach Quellen und Daten. Es war ebenso sehr als Informationsquelle und Linksammlung gedacht wie als Artikel und bewusst frei von Interpretationen, redaktionellen Kommentaren oder Meinungen. Die Resonanz war unglaublich: Innerhalb [&hellip;]<\/p>\n","protected":false},"author":1,"featured_media":4846,"comment_status":"closed","ping_status":"closed","sticky":false,"template":"","format":"standard","meta":{"_gspb_post_css":"","_uag_custom_page_level_css":"","fifu_image_url":"","fifu_image_alt":"","footnotes":""},"categories":[1],"tags":[],"class_list":["post-20818","post","type-post","status-publish","format-standard","has-post-thumbnail","hentry","category-uncategorized"],"blocksy_meta":{"styles_descriptor":{"styles":{"desktop":"","tablet":"","mobile":""},"google_fonts":[],"version":7}},"uagb_featured_image_src":{"full":["https:\/\/mleexelnfod5.i.optimole.com\/w:auto\/h:auto\/q:mauto\/f:best\/https:\/\/i2.wp.com\/meiser-tv.de\/wp-content\/uploads\/2026\/05\/RSS-Hintergrund.jpg?w=1920&fit=1920,1080&ssl=1",1920,1080,true],"thumbnail":["https:\/\/mleexelnfod5.i.optimole.com\/w:auto\/h:auto\/q:mauto\/f:best\/https:\/\/i2.wp.com\/meiser-tv.de\/wp-content\/uploads\/2026\/05\/RSS-Hintergrund.jpg?w=150&resize=150,150&ssl=1",150,150,true],"medium":["https:\/\/mleexelnfod5.i.optimole.com\/w:auto\/h:auto\/q:mauto\/f:best\/https:\/\/i2.wp.com\/meiser-tv.de\/wp-content\/uploads\/2026\/05\/RSS-Hintergrund.jpg?w=300&fit=300,300&ssl=1",300,300,true],"medium_large":["https:\/\/mleexelnfod5.i.optimole.com\/w:auto\/h:auto\/q:mauto\/f:best\/https:\/\/i2.wp.com\/meiser-tv.de\/wp-content\/uploads\/2026\/05\/RSS-Hintergrund.jpg?w=768&resize=768,0&ssl=1",768,0,true],"large":["https:\/\/mleexelnfod5.i.optimole.com\/w:auto\/h:auto\/q:mauto\/f:best\/https:\/\/i2.wp.com\/meiser-tv.de\/wp-content\/uploads\/2026\/05\/RSS-Hintergrund.jpg?w=1024&fit=1024,1024&ssl=1",1024,1024,true],"1536x1536":["https:\/\/mleexelnfod5.i.optimole.com\/w:auto\/h:auto\/q:mauto\/f:best\/https:\/\/i2.wp.com\/meiser-tv.de\/wp-content\/uploads\/2026\/05\/RSS-Hintergrund.jpg?w=1536&fit=1536,1536&ssl=1",1536,1536,true],"2048x2048":["https:\/\/mleexelnfod5.i.optimole.com\/w:auto\/h:auto\/q:mauto\/f:best\/https:\/\/i2.wp.com\/meiser-tv.de\/wp-content\/uploads\/2026\/05\/RSS-Hintergrund.jpg?w=2048&fit=2048,2048&ssl=1",2048,2048,true],"trp-custom-language-flag":["https:\/\/mleexelnfod5.i.optimole.com\/w:auto\/h:auto\/q:mauto\/f:best\/https:\/\/i2.wp.com\/meiser-tv.de\/wp-content\/uploads\/2026\/05\/RSS-Hintergrund.jpg?w=18&fit=18,12&ssl=1",18,12,true]},"uagb_author_info":{"display_name":"admin","author_link":"https:\/\/meiser-tv.de\/en\/author\/admin\/"},"uagb_comment_info":0,"uagb_excerpt":"Von Kit Knightly Wir haben unser \u00e4u\u00dferst beliebtes \u201eCribsheet\u201c erstmals im September 2021 ver\u00f6ffentlicht, als Reaktion auf Dutzende \u2013 ja sogar Hunderte \u2013 von Leseranfragen nach Quellen und Daten. Es war ebenso sehr als Informationsquelle und Linksammlung gedacht wie als Artikel und bewusst frei von Interpretationen, redaktionellen Kommentaren oder Meinungen. Die Resonanz war unglaublich: Innerhalb&hellip;","_links":{"self":[{"href":"https:\/\/meiser-tv.de\/en\/wp-json\/wp\/v2\/posts\/20818","targetHints":{"allow":["GET"]}}],"collection":[{"href":"https:\/\/meiser-tv.de\/en\/wp-json\/wp\/v2\/posts"}],"about":[{"href":"https:\/\/meiser-tv.de\/en\/wp-json\/wp\/v2\/types\/post"}],"author":[{"embeddable":true,"href":"https:\/\/meiser-tv.de\/en\/wp-json\/wp\/v2\/users\/1"}],"replies":[{"embeddable":true,"href":"https:\/\/meiser-tv.de\/en\/wp-json\/wp\/v2\/comments?post=20818"}],"version-history":[{"count":0,"href":"https:\/\/meiser-tv.de\/en\/wp-json\/wp\/v2\/posts\/20818\/revisions"}],"wp:featuredmedia":[{"embeddable":true,"href":"https:\/\/meiser-tv.de\/en\/wp-json\/wp\/v2\/media\/4846"}],"wp:attachment":[{"href":"https:\/\/meiser-tv.de\/en\/wp-json\/wp\/v2\/media?parent=20818"}],"wp:term":[{"taxonomy":"category","embeddable":true,"href":"https:\/\/meiser-tv.de\/en\/wp-json\/wp\/v2\/categories?post=20818"},{"taxonomy":"post_tag","embeddable":true,"href":"https:\/\/meiser-tv.de\/en\/wp-json\/wp\/v2\/tags?post=20818"}],"curies":[{"name":"wp","href":"https:\/\/api.w.org\/{rel}","templated":true}]}}