{"id":20823,"date":"2026-09-03T17:03:14","date_gmt":"2026-09-03T15:03:14","guid":{"rendered":"https:\/\/meiser-tv.de\/politik\/west-nil-virus-toetet-in-griechenland-24-menschen-aerzte-warnen-vor-weiteren-infektionen\/"},"modified":"2026-09-03T17:03:14","modified_gmt":"2026-09-03T15:03:14","slug":"west-nil-virus-toetet-in-griechenland-24-menschen-aerzte-warnen-vor-weiteren-infektionen","status":"publish","type":"post","link":"https:\/\/meiser-tv.de\/en\/politik\/west-nil-virus-toetet-in-griechenland-24-menschen-aerzte-warnen-vor-weiteren-infektionen\/","title":{"rendered":"West-Nil-Virus t\u00f6tet in Griechenland 24 Menschen: \u00c4rzte warnen vor weiteren Infektionen"},"content":{"rendered":"<div>\n<p>Wer gerade in Griechenland Urlaub macht, ist gut beraten, den M\u00fcckenschutz nicht zu vernachl\u00e4ssigen. Im s\u00fcdlichen EU-Land greift das gef\u00e4hrliche West-Nil-Virus um sich. Der j\u00fcngste Bericht der \u00f6rtlichen Gesundheitsbeh\u00f6rde EODY legt nahe, dass die Fallzahlen deutlich h\u00f6her sind als in den vergangenen Jahren. Seit Beginn der diesj\u00e4hrigen \u00dcbertragungssaison sind in Griechenland 290 Infektionen registriert worden \u2013 58 davon allein seit dem vergangenen Donnerstag.<\/p>\n<p>Laut den am 2. September ver\u00f6ffentlichten Statistiken gibt es inzwischen 24 Todesf\u00e4lle. Weitere 32 Menschen werden derzeit auf Intensivstationen behandelt, 182 Betroffene haben sich von der Krankheit bereits erholt. Die Beh\u00f6rde geht davon aus, dass in den kommenden Wochen mit weiteren F\u00e4llen zu rechnen ist, da der Anstieg von Infektionen \u00fcblicherweise im September zu verzeichnen ist.<\/p>\n<p>Vom Ausbruch sind dieses Jahr der Osten von Attika und n\u00f6rdliche Vororte der Hauptstadt Athen betroffen. Die Ausbreitung des Erregers in Attika wird dabei als &#8222;besonders intensiv&#8220; bezeichnet. Das Virus ist aber schon in sechs der 13 Regionen des EU-Landes nachgewiesen worden \u2013 darunter auf Kreta. Im EU-Nachbarland Zypern gibt es vier best\u00e4tigte F\u00e4lle.<\/p>\n<p>Infektionen mit dem West-Nil-Virus sind auch in Deutschland m\u00f6glich. Seit ein paar Jahren werden vereinzelt Erkrankungen registriert. Die Dunkelziffer ist allerdings auch hier hoch, weil die Infektion in vielen F\u00e4llen ohne Symptome verl\u00e4uft.<\/p>\n<p>Das vom Erreger hervorgerufene West-Nil-Fieber ist eine Infektionskrankheit, die haupts\u00e4chlich bei V\u00f6geln auftritt. Der Mensch kann sich durch einen M\u00fcckenstich infizieren. Die Inkubationszeit betr\u00e4gt drei Tage bis zwei Wochen. In den meisten F\u00e4llen treten keine Symptome auf. In anderen F\u00e4llen ergeben sich grippe\u00e4hnliche Symptome. Personen \u00fcber 50 Jahren haben ein h\u00f6heres Risiko, eine schwere Form der Krankheit zu entwickeln, da das Virus in der Lage ist, die Blut-Hirn-Schranke zu passieren und\u00a0somit eine Gehirnentz\u00fcndung auszul\u00f6sen.<\/p>\n<p>Das beste Vorbeugungsmittel ist der Schutz vor M\u00fccken. W\u00e4hrend der gesamten M\u00fcckenzeit ist es deswegen empfehlenswert, etwa Insektenschutzmittel zu nutzen und lange Kleidung zu tragen.<\/p>\n<p><strong>Mehr zum Thema<\/strong>\u00a0\u2013 <a target=\"_blank\" rel=\"noopener noreferrer\" href=\"https:\/\/de-rtnews.com\/afrika\/289068-ebola-ausbruch-in-dr-kongo\/\">Ebola-Ausbruch in DR Kongo: WHO br\u00e4uchte drei Monate f\u00fcr Kontrolle \u00fcber Epidemie<\/a><\/p>\n<div class=\"EmbedBlock-root EmbedBlock-externalVideo EmbedBlock-rumble\">\n<div class=\"VkEmbed\"><iframe class=\"lazyload\" data-src=\"https:\/\/rumble.com\/embed\/v7c5kq6\" frameborder=\"0\" width=\"853\" height=\"480\" allowfullscreen><\/iframe><\/div>\n<\/p><\/div>\n<\/p>\n<\/div>","protected":false},"excerpt":{"rendered":"<p>Wer gerade in Griechenland Urlaub macht, ist gut beraten, den M\u00fcckenschutz nicht zu vernachl\u00e4ssigen. Im s\u00fcdlichen EU-Land greift das gef\u00e4hrliche West-Nil-Virus um sich. Der j\u00fcngste Bericht der \u00f6rtlichen Gesundheitsbeh\u00f6rde EODY legt nahe, dass die Fallzahlen deutlich h\u00f6her sind als in den vergangenen Jahren. Seit Beginn der diesj\u00e4hrigen \u00dcbertragungssaison sind in Griechenland 290 Infektionen registriert worden [&hellip;]<\/p>\n","protected":false},"author":1,"featured_media":4846,"comment_status":"closed","ping_status":"closed","sticky":false,"template":"","format":"standard","meta":{"_gspb_post_css":"","_uag_custom_page_level_css":"","fifu_image_url":"","fifu_image_alt":"","footnotes":""},"categories":[5],"tags":[],"class_list":["post-20823","post","type-post","status-publish","format-standard","has-post-thumbnail","hentry","category-politik"],"blocksy_meta":{"styles_descriptor":{"styles":{"desktop":"","tablet":"","mobile":""},"google_fonts":[],"version":7}},"uagb_featured_image_src":{"full":["https:\/\/mleexelnfod5.i.optimole.com\/w:auto\/h:auto\/q:mauto\/f:best\/https:\/\/i2.wp.com\/meiser-tv.de\/wp-content\/uploads\/2026\/05\/RSS-Hintergrund.jpg?w=1920&fit=1920,1080&ssl=1",1920,1080,true],"thumbnail":["https:\/\/mleexelnfod5.i.optimole.com\/w:auto\/h:auto\/q:mauto\/f:best\/https:\/\/i2.wp.com\/meiser-tv.de\/wp-content\/uploads\/2026\/05\/RSS-Hintergrund.jpg?w=150&resize=150,150&ssl=1",150,150,true],"medium":["https:\/\/mleexelnfod5.i.optimole.com\/w:auto\/h:auto\/q:mauto\/f:best\/https:\/\/i2.wp.com\/meiser-tv.de\/wp-content\/uploads\/2026\/05\/RSS-Hintergrund.jpg?w=300&fit=300,300&ssl=1",300,300,true],"medium_large":["https:\/\/mleexelnfod5.i.optimole.com\/w:auto\/h:auto\/q:mauto\/f:best\/https:\/\/i2.wp.com\/meiser-tv.de\/wp-content\/uploads\/2026\/05\/RSS-Hintergrund.jpg?w=768&resize=768,0&ssl=1",768,0,true],"large":["https:\/\/mleexelnfod5.i.optimole.com\/w:auto\/h:auto\/q:mauto\/f:best\/https:\/\/i2.wp.com\/meiser-tv.de\/wp-content\/uploads\/2026\/05\/RSS-Hintergrund.jpg?w=1024&fit=1024,1024&ssl=1",1024,1024,true],"1536x1536":["https:\/\/mleexelnfod5.i.optimole.com\/w:auto\/h:auto\/q:mauto\/f:best\/https:\/\/i2.wp.com\/meiser-tv.de\/wp-content\/uploads\/2026\/05\/RSS-Hintergrund.jpg?w=1536&fit=1536,1536&ssl=1",1536,1536,true],"2048x2048":["https:\/\/mleexelnfod5.i.optimole.com\/w:auto\/h:auto\/q:mauto\/f:best\/https:\/\/i2.wp.com\/meiser-tv.de\/wp-content\/uploads\/2026\/05\/RSS-Hintergrund.jpg?w=2048&fit=2048,2048&ssl=1",2048,2048,true],"trp-custom-language-flag":["https:\/\/mleexelnfod5.i.optimole.com\/w:auto\/h:auto\/q:mauto\/f:best\/https:\/\/i2.wp.com\/meiser-tv.de\/wp-content\/uploads\/2026\/05\/RSS-Hintergrund.jpg?w=18&fit=18,12&ssl=1",18,12,true]},"uagb_author_info":{"display_name":"admin","author_link":"https:\/\/meiser-tv.de\/en\/author\/admin\/"},"uagb_comment_info":0,"uagb_excerpt":"Wer gerade in Griechenland Urlaub macht, ist gut beraten, den M\u00fcckenschutz nicht zu vernachl\u00e4ssigen. Im s\u00fcdlichen EU-Land greift das gef\u00e4hrliche West-Nil-Virus um sich. Der j\u00fcngste Bericht der \u00f6rtlichen Gesundheitsbeh\u00f6rde EODY legt nahe, dass die Fallzahlen deutlich h\u00f6her sind als in den vergangenen Jahren. Seit Beginn der diesj\u00e4hrigen \u00dcbertragungssaison sind in Griechenland 290 Infektionen registriert worden&hellip;","_links":{"self":[{"href":"https:\/\/meiser-tv.de\/en\/wp-json\/wp\/v2\/posts\/20823","targetHints":{"allow":["GET"]}}],"collection":[{"href":"https:\/\/meiser-tv.de\/en\/wp-json\/wp\/v2\/posts"}],"about":[{"href":"https:\/\/meiser-tv.de\/en\/wp-json\/wp\/v2\/types\/post"}],"author":[{"embeddable":true,"href":"https:\/\/meiser-tv.de\/en\/wp-json\/wp\/v2\/users\/1"}],"replies":[{"embeddable":true,"href":"https:\/\/meiser-tv.de\/en\/wp-json\/wp\/v2\/comments?post=20823"}],"version-history":[{"count":0,"href":"https:\/\/meiser-tv.de\/en\/wp-json\/wp\/v2\/posts\/20823\/revisions"}],"wp:featuredmedia":[{"embeddable":true,"href":"https:\/\/meiser-tv.de\/en\/wp-json\/wp\/v2\/media\/4846"}],"wp:attachment":[{"href":"https:\/\/meiser-tv.de\/en\/wp-json\/wp\/v2\/media?parent=20823"}],"wp:term":[{"taxonomy":"category","embeddable":true,"href":"https:\/\/meiser-tv.de\/en\/wp-json\/wp\/v2\/categories?post=20823"},{"taxonomy":"post_tag","embeddable":true,"href":"https:\/\/meiser-tv.de\/en\/wp-json\/wp\/v2\/tags?post=20823"}],"curies":[{"name":"wp","href":"https:\/\/api.w.org\/{rel}","templated":true}]}}