{"id":20824,"date":"2026-09-03T17:03:14","date_gmt":"2026-09-03T15:03:14","guid":{"rendered":"https:\/\/meiser-tv.de\/politik\/neun-verletzte-afd-stand-in-bad-kreuznach-mit-desinfektionsmittel-uebergossen\/"},"modified":"2026-09-03T17:03:14","modified_gmt":"2026-09-03T15:03:14","slug":"neun-verletzte-afd-stand-in-bad-kreuznach-mit-desinfektionsmittel-uebergossen","status":"publish","type":"post","link":"https:\/\/meiser-tv.de\/en\/politik\/neun-verletzte-afd-stand-in-bad-kreuznach-mit-desinfektionsmittel-uebergossen\/","title":{"rendered":"Neun Verletzte: AfD-Stand in Bad Kreuznach mit Desinfektionsmittel \u00fcbergossen"},"content":{"rendered":"<div>\n<p>Wie die Polizeidirektion Bad Kreuznach in einer Pressemitteilung bekannt gab, kam es am Mittwochnachmittag in der rheinland-pf\u00e4lzischen Kurstadt zu einem Angriff auf einen Infostand der Alternative f\u00fcr Deutschland. Ein gr\u00f6\u00dferer Einsatz von Polizei, Feuerwehr und Rettungsdienst war die Folge. Auch die AfD Kreuznach <a target=\"_blank\" rel=\"noopener noreferrer\" href=\"https:\/\/x.com\/Nicole_Hoechst\/status\/2095213011254333446\">schilderte<\/a> auf ihren Social-Medial-Plattformen den Vorfall.<\/p>\n<p>Von der Attacke waren bekannte AfD-Politiker <a target=\"_blank\" rel=\"noopener noreferrer\" href=\"https:\/\/www.facebook.com\/AfDBadKreuznach\/posts\/pfbid052tGK88rgQDGQAmptTf9NgUpN9DWPf6VhNZ24FNGRXgcEMfwNjeiDSYEL6zcnSjMl\">betroffen<\/a>: Die beiden Bundestagsabgeordneten Nicole H\u00f6chst und Sebastian M\u00fcnzenmaier (zugleich Landesvorsitzender der AfD Rheinland-Ffalz) und die beiden Landtagsabgeordneten Damian Lohr und J\u00fcrgen Klein waren vor Ort, als der Angriff geschah.<\/p>\n<p>Den Schilderungen zufolge soll um 16:10 Uhr der T\u00e4ter aus dem Fenster eines angrenzenden Geb\u00e4udes (die AfD schreibt von einem Labor) eine Fl\u00fcssigkeit in Richtung Infostand versch\u00fcttet haben. Der Partei zufolge handelte es sich dabei um ein Desinfektionsmittel, das konzentriertes Chlorphenol enthielt.<\/p>\n<p>Einige Teilnehmer des Infostandes gerieten mit der aggressiven Fl\u00fcssigkeit in Kontakt, die Polizei z\u00e4hlte neun Verletzte. Sieben Personen mussten vom Rettungsdienst versorgt werden, darunter die Bundestagsabgeordnete Nicole H\u00f6chst und der Landtagsabgeordnete Damian Lohr. Zwei der Verletzten kamen vor\u00fcbergehend ins Krankenhaus.<\/p>\n<p>Auch die \u00f6rtliche Feuerwehr eilte zum Einsatz: Sie reinigte den Ort des Geschehens von dem Wirkstoff. Zu folgenschweren Verletzungen ist es offenbar nicht gekommen, da ein Sonnenschirm einen Gro\u00dfteil der Fl\u00fcssigkeit abhielt.<\/p>\n<p>Die Polizei Bad Kreuznach hat bereits einen Tatverd\u00e4chtigen ermittelt, aber noch keine Erkenntnisse zum Tatmotiv bekannt gegeben. Der Vorfall wird als politisch motivierte Kriminalit\u00e4t eingeordnet, die Staatsanwaltschaft ist in die Ermittlungen wegen gef\u00e4hrlicher K\u00f6rperverletzung in mehreren F\u00e4llen eingebunden.<\/p>\n<p>Gegen\u00fcber dem Sender <em>SWR<\/em> zeigte sich die Bundestagsabgeordnete Nicole H\u00f6chst geschockt:<\/p>\n<p><em>&#8222;Wir haben in Bad Kreuznach vielleicht mit einer Demo gerechnet, aber mit so etwas nicht.&#8220;<\/em><\/p>\n<p>In ihrer Pressemitteilung sprach die Politikerin von einem &#8222;feigen Angriff&#8220;. Der rheinland-pf\u00e4lzische Landtagsabgeordnete Joachim Paul <a target=\"_blank\" rel=\"noopener noreferrer\" href=\"https:\/\/x.com\/JoachimPaul_AfD\/status\/2095212255507780003\">konstatierte<\/a> lakonisch auf X:<\/p>\n<p><em>&#8222;Soviel zur Lage der Opposition in Rheinland-Pfalz.&#8220;<\/em><\/p>\n<p>Der baden-w\u00fcrttembergische AfD-Landtagsabgeordnete Sandro Scheer <a target=\"_blank\" rel=\"noopener noreferrer\" href=\"https:\/\/www.facebook.com\/photo?fbid=1453508703269209&amp;set=a.102719645014795\">solidarisierte sich<\/a> mit seinen angegriffenen rheinland-pf\u00e4lzischen Kollegen und gab der Agitation aus Politik und Medien gegen die AfD eine Mitschuld an dem Angriff, den er als Terror bezeichnete. Auf <em>Facebook<\/em> schrieb der Parlamentarier:<\/p>\n<p><em>&#8222;Die Dauerhetze der Cem \u00d6zdemirs dieses Landes und aller anderen Hassprediger, die unentwegt Hass und Hetze gegen die einzige Opposition verbreiten, und steuerfinanzierter Medien f\u00fchrt zu Gewalt: In Bad Kreuznach haben T\u00e4ter \u00e4tzende Fl\u00fcssigkeit aus einem Hochhaus auf unsere AfD-Mannschaft gegossen. Zehn Verletzte mit Hautverbrennungen. Wo bleibt der Aufschrei der &#8218;Demokratieretter&#8216; von &#8218;Unsere Demokratie&#8216; und Haltungsmedien? Gegen die AfD wird solcher Terror totgeschwiegen.&#8220;<\/em><\/p>\n<p>Die Bundestagsabgeordnete Julia Kl\u00f6ckner (CDU), in deren Wahlkreis Bad Kreuznach liegt, verurteilte derweil gegen\u00fcber der <em>Allgemeinen Zeitung<\/em> die gegen die AfD gerichtete Attacke:<\/p>\n<p><em>&#8222;Der Angriff auf einen Infostand der AfD in Bad Kreuznach ist auch ein Angriff auf unsere demokratische Kultur. Man kann politisch anderer Meinung sein, aber Menschen t\u00e4tlich anzugreifen, widerspricht demokratischen Grund\u00fcberzeugungen.&#8220;<\/em><\/p>\n<p><strong>Mehr zum Thema<\/strong>\u00a0\u2013 <a target=\"_blank\" rel=\"noopener noreferrer\" href=\"https:\/\/de-rtnews.com\/inland\/269285-mysterioeser-pulver-anschlag-auf-afd\/\">Mysteri\u00f6ser Pulver-Anschlag auf AfD-Politikerin<\/a><\/p>\n<div class=\"EmbedBlock-root EmbedBlock-externalVideo EmbedBlock-rumble\">\n<div class=\"VkEmbed\"><iframe class=\"lazyload\" data-src=\"https:\/\/rumble.com\/embed\/v7cr4i8\" frameborder=\"0\" width=\"853\" height=\"480\" allowfullscreen><\/iframe><\/div>\n<\/p><\/div>\n<\/p>\n<\/div>","protected":false},"excerpt":{"rendered":"<p>Wie die Polizeidirektion Bad Kreuznach in einer Pressemitteilung bekannt gab, kam es am Mittwochnachmittag in der rheinland-pf\u00e4lzischen Kurstadt zu einem Angriff auf einen Infostand der Alternative f\u00fcr Deutschland. Ein gr\u00f6\u00dferer Einsatz von Polizei, Feuerwehr und Rettungsdienst war die Folge. Auch die AfD Kreuznach schilderte auf ihren Social-Medial-Plattformen den Vorfall. Von der Attacke waren bekannte AfD-Politiker [&hellip;]<\/p>\n","protected":false},"author":1,"featured_media":4846,"comment_status":"closed","ping_status":"closed","sticky":false,"template":"","format":"standard","meta":{"_gspb_post_css":"","_uag_custom_page_level_css":"","fifu_image_url":"","fifu_image_alt":"","footnotes":""},"categories":[5],"tags":[],"class_list":["post-20824","post","type-post","status-publish","format-standard","has-post-thumbnail","hentry","category-politik"],"blocksy_meta":{"styles_descriptor":{"styles":{"desktop":"","tablet":"","mobile":""},"google_fonts":[],"version":7}},"uagb_featured_image_src":{"full":["https:\/\/mleexelnfod5.i.optimole.com\/w:auto\/h:auto\/q:mauto\/f:best\/https:\/\/i2.wp.com\/meiser-tv.de\/wp-content\/uploads\/2026\/05\/RSS-Hintergrund.jpg?w=1920&fit=1920,1080&ssl=1",1920,1080,true],"thumbnail":["https:\/\/mleexelnfod5.i.optimole.com\/w:auto\/h:auto\/q:mauto\/f:best\/https:\/\/i2.wp.com\/meiser-tv.de\/wp-content\/uploads\/2026\/05\/RSS-Hintergrund.jpg?w=150&resize=150,150&ssl=1",150,150,true],"medium":["https:\/\/mleexelnfod5.i.optimole.com\/w:auto\/h:auto\/q:mauto\/f:best\/https:\/\/i2.wp.com\/meiser-tv.de\/wp-content\/uploads\/2026\/05\/RSS-Hintergrund.jpg?w=300&fit=300,300&ssl=1",300,300,true],"medium_large":["https:\/\/mleexelnfod5.i.optimole.com\/w:auto\/h:auto\/q:mauto\/f:best\/https:\/\/i2.wp.com\/meiser-tv.de\/wp-content\/uploads\/2026\/05\/RSS-Hintergrund.jpg?w=768&resize=768,0&ssl=1",768,0,true],"large":["https:\/\/mleexelnfod5.i.optimole.com\/w:auto\/h:auto\/q:mauto\/f:best\/https:\/\/i2.wp.com\/meiser-tv.de\/wp-content\/uploads\/2026\/05\/RSS-Hintergrund.jpg?w=1024&fit=1024,1024&ssl=1",1024,1024,true],"1536x1536":["https:\/\/mleexelnfod5.i.optimole.com\/w:auto\/h:auto\/q:mauto\/f:best\/https:\/\/i2.wp.com\/meiser-tv.de\/wp-content\/uploads\/2026\/05\/RSS-Hintergrund.jpg?w=1536&fit=1536,1536&ssl=1",1536,1536,true],"2048x2048":["https:\/\/mleexelnfod5.i.optimole.com\/w:auto\/h:auto\/q:mauto\/f:best\/https:\/\/i2.wp.com\/meiser-tv.de\/wp-content\/uploads\/2026\/05\/RSS-Hintergrund.jpg?w=2048&fit=2048,2048&ssl=1",2048,2048,true],"trp-custom-language-flag":["https:\/\/mleexelnfod5.i.optimole.com\/w:auto\/h:auto\/q:mauto\/f:best\/https:\/\/i2.wp.com\/meiser-tv.de\/wp-content\/uploads\/2026\/05\/RSS-Hintergrund.jpg?w=18&fit=18,12&ssl=1",18,12,true]},"uagb_author_info":{"display_name":"admin","author_link":"https:\/\/meiser-tv.de\/en\/author\/admin\/"},"uagb_comment_info":0,"uagb_excerpt":"Wie die Polizeidirektion Bad Kreuznach in einer Pressemitteilung bekannt gab, kam es am Mittwochnachmittag in der rheinland-pf\u00e4lzischen Kurstadt zu einem Angriff auf einen Infostand der Alternative f\u00fcr Deutschland. Ein gr\u00f6\u00dferer Einsatz von Polizei, Feuerwehr und Rettungsdienst war die Folge. Auch die AfD Kreuznach schilderte auf ihren Social-Medial-Plattformen den Vorfall. Von der Attacke waren bekannte AfD-Politiker&hellip;","_links":{"self":[{"href":"https:\/\/meiser-tv.de\/en\/wp-json\/wp\/v2\/posts\/20824","targetHints":{"allow":["GET"]}}],"collection":[{"href":"https:\/\/meiser-tv.de\/en\/wp-json\/wp\/v2\/posts"}],"about":[{"href":"https:\/\/meiser-tv.de\/en\/wp-json\/wp\/v2\/types\/post"}],"author":[{"embeddable":true,"href":"https:\/\/meiser-tv.de\/en\/wp-json\/wp\/v2\/users\/1"}],"replies":[{"embeddable":true,"href":"https:\/\/meiser-tv.de\/en\/wp-json\/wp\/v2\/comments?post=20824"}],"version-history":[{"count":0,"href":"https:\/\/meiser-tv.de\/en\/wp-json\/wp\/v2\/posts\/20824\/revisions"}],"wp:featuredmedia":[{"embeddable":true,"href":"https:\/\/meiser-tv.de\/en\/wp-json\/wp\/v2\/media\/4846"}],"wp:attachment":[{"href":"https:\/\/meiser-tv.de\/en\/wp-json\/wp\/v2\/media?parent=20824"}],"wp:term":[{"taxonomy":"category","embeddable":true,"href":"https:\/\/meiser-tv.de\/en\/wp-json\/wp\/v2\/categories?post=20824"},{"taxonomy":"post_tag","embeddable":true,"href":"https:\/\/meiser-tv.de\/en\/wp-json\/wp\/v2\/tags?post=20824"}],"curies":[{"name":"wp","href":"https:\/\/api.w.org\/{rel}","templated":true}]}}