{"id":20877,"date":"2026-09-03T20:03:05","date_gmt":"2026-09-03T18:03:05","guid":{"rendered":"https:\/\/meiser-tv.de\/politik\/gauweiler-deutschland-sollte-leipzig-durch-unabhaengige-kommission-klaeren\/"},"modified":"2026-09-03T20:03:05","modified_gmt":"2026-09-03T18:03:05","slug":"gauweiler-deutschland-sollte-leipzig-durch-unabhaengige-kommission-klaeren","status":"publish","type":"post","link":"https:\/\/meiser-tv.de\/en\/politik\/gauweiler-deutschland-sollte-leipzig-durch-unabhaengige-kommission-klaeren\/","title":{"rendered":"Gauweiler: Deutschland sollte Leipzig durch unabh\u00e4ngige Kommission kl\u00e4ren"},"content":{"rendered":"<div>\n<p>Zu Beginn dieser\u00a0Woche haben Innenminister Alexander Dobrindt und Au\u00dfenminister Johann Wadephul Russland die Verantwortung f\u00fcr eine Drohne auf dem Leipziger Flughafen Anfang August zugewiesen \u2013 nun kommt der CSU-Altpolitiker Peter Gauweiler mit einem juristischen Hinweis, dass die Bundesrepublik v\u00f6lkerrechtlich verpflichtet w\u00e4re, den Vorfall durch eine unabh\u00e4ngige Kommission kl\u00e4ren zu lassen.<\/p>\n<p>Dabei beruft er sich auf einen Vertrag aus dem Jahr 1990, der gewisserma\u00dfen Teil des Gesamtpakets rund um Zwei-plus-Vier-Vertrag und Einigungsvertrag ist, eine der Voraussetzungen daf\u00fcr, dass die Sowjetunion der deutschen Einheit zustimmte: der &#8222;Vertrag \u00fcber gute Nachbarschaft, Partnerschaft und Zusammenarbeit zwischen der Bundesrepublik Deutschland und der Union der sozialistischen Sowjetrepubliken&#8220;.<\/p>\n<p>Dieser <a target=\"_blank\" rel=\"noopener noreferrer\" href=\"https:\/\/www.bundesregierung.de\/breg-de\/service\/newsletter-und-abos\/bulletin\/vertrag-ueber-gute-nachbarschaft-partnerschaft-und-zusammenarbeit-zwischen-der-bundesrepublik-deutschland-und-der-union-der-sozialistischen-sowjetrepubliken-788564\">Vertrag<\/a> ist bis heute g\u00fcltig, und Russland steht in der Rechtsnachfolge der Sowjetunion. In Kraft getreten ist er am 5. Juli 1991. Urspr\u00fcnglich sollte er zwanzig Jahre lang gelten; aber die G\u00fcltigkeit verl\u00e4ngert sich automatisch um weitere f\u00fcnf Jahre, wenn er nicht ein Jahr vor Ablauf gek\u00fcndigt wird. Das bedeutet, dieser Vertrag hat sich erst am 5. Juli 2026 um weitere 5 Jahre verl\u00e4ngert, weil die Bundesregierung ihn nicht bis zum 5. Juli 2025 gek\u00fcndigt hatte. Ein m\u00f6glicher Grund daf\u00fcr k\u00f6nnte sein, dass man an das ganze Paket, insbesondere den Zwei-plus-Vier-Vertrag lieber nicht r\u00fchren will.<\/p>\n<p>In diesem Vertrag hei\u00dft es unter anderem in Artikel 7:<\/p>\n<p><em>&#8222;Falls eine Situation entsteht, die nach Meinung einer Seite eine Bedrohung f\u00fcr den Frieden oder eine Verletzung des Friedens darstellt oder gef\u00e4hrliche internationale Verwicklungen hervorrufen kann, so werden beide Seiten unverz\u00fcglich miteinander Verbindung aufnehmen und bem\u00fcht sein, ihre Positionen abzustimmen und Einverst\u00e4ndnis \u00fcber Ma\u00dfnahmen zu erzielen, die geeignet sind, die Lage zu verbessern oder zu bew\u00e4ltigen.&#8220;<\/em><\/p>\n<p>Dieser Absatz, so Gauweilers Idee, k\u00f6nnte die Grundlage f\u00fcr die Einsetzung einer unabh\u00e4ngigen internationale Untersuchungskommission sein, um die Vorf\u00e4lle am Flughafen Leipzig zu untersuchen, unterst\u00fctzt durch den St\u00e4ndigen Schiedhof in Den Haag.<\/p>\n<p>&#8222;Deutschland muss als Beschwerdef\u00fchrer die Initiative ergreifen, wenn es derartige Gef\u00e4hrdungen behauptet&#8220;, wird Gauweiler in der <em>Bild<\/em> zitiert. Ein Satz, der implizit ebenfalls besagt, dass das tats\u00e4chliche aktuelle Handeln der Bundesregierung den Verpflichtungen aus diesem Vertrag widerspricht.<\/p>\n<p>Als Gegenargument zitiert <em>Bild<\/em> den Bundeswehr-Professor Carlo Masala, der erkl\u00e4rt, eine solche Kommission m\u00fcsste &#8222;Zugriff auf s\u00e4mtliche Quellen und Ermittlungsergebnisse der Nachrichtendienste haben&#8220;, wodurch dann R\u00fcckschl\u00fcsse m\u00f6glich w\u00e4ren, &#8222;wie die Dienste arbeiten und (&#8230;) mit wem sie arbeiten oder wer f\u00fcr sie arbeitet.&#8220; Er nennt das eine &#8222;unverantwortliche Kompromittierung der Arbeit unserer Dienste&#8220;.<\/p>\n<p>Was gegen einen g\u00fcltigen v\u00f6lkerrechtlichen Vertrag ein schwaches Argument ist. Aber erkennen l\u00e4sst, welchen Rang das V\u00f6lkerrecht bei Professoren der Bundeswehr-Universit\u00e4t einnimmt.<\/p>\n<p>Auf dem Portal der <em>Bild<\/em> ist der Artikel bereits wieder weit nach unten gerutscht, unter einen erschossenen Mini-Esel vom Reiterhof; an diesen Vertrag erinnert zu werden, scheint in Berlin keine Freude ausgel\u00f6st zu haben.<\/p>\n<p><strong>Mehr zum Thema<\/strong>\u00a0\u2013 <a target=\"_blank\" rel=\"noopener noreferrer\" href=\"https:\/\/de-rtnews.com\/inland\/257904-nach-35-jahren-einheit-grossdeutschland\/\">Nach 35 Jahren &#8222;Einheit&#8220; \u2013 Gro\u00dfdeutschland auf Kriegskurs<\/a><\/p>\n<div class=\"EmbedBlock-root EmbedBlock-externalVideo EmbedBlock-rumble\">\n<div class=\"VkEmbed\"><iframe class=\"lazyload\" data-src=\"https:\/\/rumble.com\/embed\/v72w4k6\" frameborder=\"0\" width=\"853\" height=\"480\" allowfullscreen><\/iframe><\/div>\n<\/p><\/div>\n<\/p>\n<\/div>","protected":false},"excerpt":{"rendered":"<p>Zu Beginn dieser\u00a0Woche haben Innenminister Alexander Dobrindt und Au\u00dfenminister Johann Wadephul Russland die Verantwortung f\u00fcr eine Drohne auf dem Leipziger Flughafen Anfang August zugewiesen \u2013 nun kommt der CSU-Altpolitiker Peter Gauweiler mit einem juristischen Hinweis, dass die Bundesrepublik v\u00f6lkerrechtlich verpflichtet w\u00e4re, den Vorfall durch eine unabh\u00e4ngige Kommission kl\u00e4ren zu lassen. Dabei beruft er sich auf [&hellip;]<\/p>\n","protected":false},"author":1,"featured_media":4846,"comment_status":"closed","ping_status":"closed","sticky":false,"template":"","format":"standard","meta":{"_gspb_post_css":"","_uag_custom_page_level_css":"","fifu_image_url":"","fifu_image_alt":"","footnotes":""},"categories":[5],"tags":[],"class_list":["post-20877","post","type-post","status-publish","format-standard","has-post-thumbnail","hentry","category-politik"],"blocksy_meta":{"styles_descriptor":{"styles":{"desktop":"","tablet":"","mobile":""},"google_fonts":[],"version":7}},"uagb_featured_image_src":{"full":["https:\/\/mleexelnfod5.i.optimole.com\/w:auto\/h:auto\/q:mauto\/f:best\/https:\/\/i2.wp.com\/meiser-tv.de\/wp-content\/uploads\/2026\/05\/RSS-Hintergrund.jpg?w=1920&fit=1920,1080&ssl=1",1920,1080,true],"thumbnail":["https:\/\/mleexelnfod5.i.optimole.com\/w:auto\/h:auto\/q:mauto\/f:best\/https:\/\/i2.wp.com\/meiser-tv.de\/wp-content\/uploads\/2026\/05\/RSS-Hintergrund.jpg?w=150&resize=150,150&ssl=1",150,150,true],"medium":["https:\/\/mleexelnfod5.i.optimole.com\/w:auto\/h:auto\/q:mauto\/f:best\/https:\/\/i2.wp.com\/meiser-tv.de\/wp-content\/uploads\/2026\/05\/RSS-Hintergrund.jpg?w=300&fit=300,300&ssl=1",300,300,true],"medium_large":["https:\/\/mleexelnfod5.i.optimole.com\/w:auto\/h:auto\/q:mauto\/f:best\/https:\/\/i2.wp.com\/meiser-tv.de\/wp-content\/uploads\/2026\/05\/RSS-Hintergrund.jpg?w=768&resize=768,0&ssl=1",768,0,true],"large":["https:\/\/mleexelnfod5.i.optimole.com\/w:auto\/h:auto\/q:mauto\/f:best\/https:\/\/i2.wp.com\/meiser-tv.de\/wp-content\/uploads\/2026\/05\/RSS-Hintergrund.jpg?w=1024&fit=1024,1024&ssl=1",1024,1024,true],"1536x1536":["https:\/\/mleexelnfod5.i.optimole.com\/w:auto\/h:auto\/q:mauto\/f:best\/https:\/\/i2.wp.com\/meiser-tv.de\/wp-content\/uploads\/2026\/05\/RSS-Hintergrund.jpg?w=1536&fit=1536,1536&ssl=1",1536,1536,true],"2048x2048":["https:\/\/mleexelnfod5.i.optimole.com\/w:auto\/h:auto\/q:mauto\/f:best\/https:\/\/i2.wp.com\/meiser-tv.de\/wp-content\/uploads\/2026\/05\/RSS-Hintergrund.jpg?w=2048&fit=2048,2048&ssl=1",2048,2048,true],"trp-custom-language-flag":["https:\/\/mleexelnfod5.i.optimole.com\/w:auto\/h:auto\/q:mauto\/f:best\/https:\/\/i2.wp.com\/meiser-tv.de\/wp-content\/uploads\/2026\/05\/RSS-Hintergrund.jpg?w=18&fit=18,12&ssl=1",18,12,true]},"uagb_author_info":{"display_name":"admin","author_link":"https:\/\/meiser-tv.de\/en\/author\/admin\/"},"uagb_comment_info":0,"uagb_excerpt":"Zu Beginn dieser\u00a0Woche haben Innenminister Alexander Dobrindt und Au\u00dfenminister Johann Wadephul Russland die Verantwortung f\u00fcr eine Drohne auf dem Leipziger Flughafen Anfang August zugewiesen \u2013 nun kommt der CSU-Altpolitiker Peter Gauweiler mit einem juristischen Hinweis, dass die Bundesrepublik v\u00f6lkerrechtlich verpflichtet w\u00e4re, den Vorfall durch eine unabh\u00e4ngige Kommission kl\u00e4ren zu lassen. Dabei beruft er sich auf&hellip;","_links":{"self":[{"href":"https:\/\/meiser-tv.de\/en\/wp-json\/wp\/v2\/posts\/20877","targetHints":{"allow":["GET"]}}],"collection":[{"href":"https:\/\/meiser-tv.de\/en\/wp-json\/wp\/v2\/posts"}],"about":[{"href":"https:\/\/meiser-tv.de\/en\/wp-json\/wp\/v2\/types\/post"}],"author":[{"embeddable":true,"href":"https:\/\/meiser-tv.de\/en\/wp-json\/wp\/v2\/users\/1"}],"replies":[{"embeddable":true,"href":"https:\/\/meiser-tv.de\/en\/wp-json\/wp\/v2\/comments?post=20877"}],"version-history":[{"count":0,"href":"https:\/\/meiser-tv.de\/en\/wp-json\/wp\/v2\/posts\/20877\/revisions"}],"wp:featuredmedia":[{"embeddable":true,"href":"https:\/\/meiser-tv.de\/en\/wp-json\/wp\/v2\/media\/4846"}],"wp:attachment":[{"href":"https:\/\/meiser-tv.de\/en\/wp-json\/wp\/v2\/media?parent=20877"}],"wp:term":[{"taxonomy":"category","embeddable":true,"href":"https:\/\/meiser-tv.de\/en\/wp-json\/wp\/v2\/categories?post=20877"},{"taxonomy":"post_tag","embeddable":true,"href":"https:\/\/meiser-tv.de\/en\/wp-json\/wp\/v2\/tags?post=20877"}],"curies":[{"name":"wp","href":"https:\/\/api.w.org\/{rel}","templated":true}]}}