{"id":20881,"date":"2026-09-03T21:03:03","date_gmt":"2026-09-03T19:03:03","guid":{"rendered":"https:\/\/meiser-tv.de\/politik\/jens-spahn-der-unkaputtbare-und-schon-sitzt-er-im-haushaltsausschuss\/"},"modified":"2026-09-03T21:03:03","modified_gmt":"2026-09-03T19:03:03","slug":"jens-spahn-der-unkaputtbare-und-schon-sitzt-er-im-haushaltsausschuss","status":"publish","type":"post","link":"https:\/\/meiser-tv.de\/en\/politik\/jens-spahn-der-unkaputtbare-und-schon-sitzt-er-im-haushaltsausschuss\/","title":{"rendered":"Jens Spahn, der Unkaputtbare: Und schon sitzt er im Haushaltsausschuss"},"content":{"rendered":"<div>\n<p>Gerade erst musste er als Fraktionsvorsitzender der CDU zur\u00fccktreten, weil er zwar \u00f6ffentlich ein Verbot der Leihmutterschaft gefordert, sich privat aber in den USA ein Kind gekauft hatte, was dann das Postenkarussell rund um Friedrich Merz ins Chaos st\u00fcrzte \u2013 da ist Jens Spahn schon wieder auf einem wichtigen Posten. Er wird f\u00fcr die CDU im Haushaltsauschuss sitzen und dort f\u00fcr den Etat des Ausw\u00e4rtigen Amtes verantwortlich sein. Das best\u00e4tigte eine Sprecherin der Fraktion.<\/p>\n<p>Ausgerechnet Spahn im Haushaltsausschuss wiederzusehen, irritiert nicht nur Politiker der Gr\u00fcnen. Deren haushaltspolitische Sprecherin Paula Piechotta meinte trocken: &#8222;Er hat in der Vergangenheit gezeigt, dass er kein ausreichendes Verantwortungsgef\u00fchl im Umgang mit Steuergeldern hat.&#8220;<\/p>\n<p>Damit bezieht sie sich auf den Maskenskandal, in dem Spahn als Gesundheitsminister durch freih\u00e4ndige Maskenk\u00e4ufe Kosten ausl\u00f6ste, die am Ende mehrere Milliarden Euro vergeudet haben k\u00f6nnten \u2013 noch immer laufen Prozesse um die damaligen Lieferungen, die letzten Endes keinerlei Nutzen brachten. Bezogen auf andere ist Spahn jedoch gerne sparsam; so votierte er f\u00fcr Einsparungen beim Elterngeld und erkl\u00e4rte \u00f6ffentlich, f\u00fcr eine BAf\u00f6G-Erh\u00f6hung sei kein Geld da.<\/p>\n<p>Der <em>Stern<\/em> h\u00f6hnte auf die Meldung hin bereits, Spahn kehre als kleiner K\u00f6nig zur\u00fcck, da der Haushaltsausschuss der m\u00e4chtigste Ausschuss des Bundestages ist. Und das Satireportal <em>Postillon<\/em> verunsicherte seine Fans mit der Meldung, da sie vielen eine Satire zu sein scheint:<\/p>\n<div class=\"EmbedBlock-root EmbedBlock-all\">\n<div class=\"AllEmbed\">\n<blockquote class=\"twitter-tweet\">\n<p lang=\"de\" dir=\"ltr\">CDU beruft Mann, der Milliarden mit Masken verschwendete, Parteifreunden Auftr\u00e4ge zuschanzte, 9999-Euro-Spendendinner veranstaltete, Krankenkassen ruinierte und dubiose Kredite und B\u00fcrgschaften erhielt, in den Haushaltsausschuss <a target=\"_blank\" rel=\"noopener noreferrer\" href=\"https:\/\/t.co\/0K8ijtrbRT\">https:\/\/t.co\/0K8ijtrbRT<\/a><\/p>\n<p>\u2014 Der Postillon \ud83d\udcef (@Der_Postillon) <a target=\"_blank\" rel=\"noopener noreferrer\" href=\"https:\/\/x.com\/Der_Postillon\/status\/2095462725958664384?ref_src=twsrc%5Etfw\">September 3, 2026<\/a><\/p><\/blockquote>\n<p> <script async src=\"https:\/\/platform.x.com\/widgets.js\" charset=\"utf-8\"><\/script>\n                    <\/div>\n<\/p><\/div>\n<p>Damit w\u00e4re die Leihmutteraff\u00e4re der dritte gr\u00f6\u00dfere Skandal, den Spahn \u00fcberstanden hat, ohne die Politik auch nur vor\u00fcbergehend verlassen zu m\u00fcssen. Nach seinem R\u00fccktritt als Fraktionsvorsitzender hatten viele erwartet, er werde sich zumindest f\u00fcr die Elternzeit aus dem Bundestag zur\u00fcckziehen.<\/p>\n<p><strong>Mehr zum Thema<\/strong>\u00a0\u2013 <a target=\"_blank\" rel=\"noopener noreferrer\" href=\"https:\/\/de-rtnews.com\/inland\/286019-zweifel-zu-gemieteten-mutterbauch-abgelegt\/\">Dank Leihmutter: Jens Spahn wird mit 46 ein Sohn &#8222;geschenkt&#8220; <\/a><\/p>\n<div class=\"EmbedBlock-root EmbedBlock-externalVideo EmbedBlock-rumble\">\n<div class=\"VkEmbed\"><iframe class=\"lazyload\" data-src=\"https:\/\/rumble.com\/embed\/v7aqpze\" frameborder=\"0\" width=\"853\" height=\"480\" allowfullscreen><\/iframe><\/div>\n<\/p><\/div>\n<\/div>","protected":false},"excerpt":{"rendered":"<p>Gerade erst musste er als Fraktionsvorsitzender der CDU zur\u00fccktreten, weil er zwar \u00f6ffentlich ein Verbot der Leihmutterschaft gefordert, sich privat aber in den USA ein Kind gekauft hatte, was dann das Postenkarussell rund um Friedrich Merz ins Chaos st\u00fcrzte \u2013 da ist Jens Spahn schon wieder auf einem wichtigen Posten. Er wird f\u00fcr die CDU [&hellip;]<\/p>\n","protected":false},"author":1,"featured_media":4846,"comment_status":"closed","ping_status":"closed","sticky":false,"template":"","format":"standard","meta":{"_gspb_post_css":"","_uag_custom_page_level_css":"","fifu_image_url":"","fifu_image_alt":"","footnotes":""},"categories":[5],"tags":[],"class_list":["post-20881","post","type-post","status-publish","format-standard","has-post-thumbnail","hentry","category-politik"],"blocksy_meta":{"styles_descriptor":{"styles":{"desktop":"","tablet":"","mobile":""},"google_fonts":[],"version":7}},"uagb_featured_image_src":{"full":["https:\/\/mleexelnfod5.i.optimole.com\/w:auto\/h:auto\/q:mauto\/f:best\/https:\/\/i2.wp.com\/meiser-tv.de\/wp-content\/uploads\/2026\/05\/RSS-Hintergrund.jpg?w=1920&fit=1920,1080&ssl=1",1920,1080,true],"thumbnail":["https:\/\/mleexelnfod5.i.optimole.com\/w:auto\/h:auto\/q:mauto\/f:best\/https:\/\/i2.wp.com\/meiser-tv.de\/wp-content\/uploads\/2026\/05\/RSS-Hintergrund.jpg?w=150&resize=150,150&ssl=1",150,150,true],"medium":["https:\/\/mleexelnfod5.i.optimole.com\/w:auto\/h:auto\/q:mauto\/f:best\/https:\/\/i2.wp.com\/meiser-tv.de\/wp-content\/uploads\/2026\/05\/RSS-Hintergrund.jpg?w=300&fit=300,300&ssl=1",300,300,true],"medium_large":["https:\/\/mleexelnfod5.i.optimole.com\/w:auto\/h:auto\/q:mauto\/f:best\/https:\/\/i2.wp.com\/meiser-tv.de\/wp-content\/uploads\/2026\/05\/RSS-Hintergrund.jpg?w=768&resize=768,0&ssl=1",768,0,true],"large":["https:\/\/mleexelnfod5.i.optimole.com\/w:auto\/h:auto\/q:mauto\/f:best\/https:\/\/i2.wp.com\/meiser-tv.de\/wp-content\/uploads\/2026\/05\/RSS-Hintergrund.jpg?w=1024&fit=1024,1024&ssl=1",1024,1024,true],"1536x1536":["https:\/\/mleexelnfod5.i.optimole.com\/w:auto\/h:auto\/q:mauto\/f:best\/https:\/\/i2.wp.com\/meiser-tv.de\/wp-content\/uploads\/2026\/05\/RSS-Hintergrund.jpg?w=1536&fit=1536,1536&ssl=1",1536,1536,true],"2048x2048":["https:\/\/mleexelnfod5.i.optimole.com\/w:auto\/h:auto\/q:mauto\/f:best\/https:\/\/i2.wp.com\/meiser-tv.de\/wp-content\/uploads\/2026\/05\/RSS-Hintergrund.jpg?w=2048&fit=2048,2048&ssl=1",2048,2048,true],"trp-custom-language-flag":["https:\/\/mleexelnfod5.i.optimole.com\/w:auto\/h:auto\/q:mauto\/f:best\/https:\/\/i2.wp.com\/meiser-tv.de\/wp-content\/uploads\/2026\/05\/RSS-Hintergrund.jpg?w=18&fit=18,12&ssl=1",18,12,true]},"uagb_author_info":{"display_name":"admin","author_link":"https:\/\/meiser-tv.de\/en\/author\/admin\/"},"uagb_comment_info":0,"uagb_excerpt":"Gerade erst musste er als Fraktionsvorsitzender der CDU zur\u00fccktreten, weil er zwar \u00f6ffentlich ein Verbot der Leihmutterschaft gefordert, sich privat aber in den USA ein Kind gekauft hatte, was dann das Postenkarussell rund um Friedrich Merz ins Chaos st\u00fcrzte \u2013 da ist Jens Spahn schon wieder auf einem wichtigen Posten. Er wird f\u00fcr die CDU&hellip;","_links":{"self":[{"href":"https:\/\/meiser-tv.de\/en\/wp-json\/wp\/v2\/posts\/20881","targetHints":{"allow":["GET"]}}],"collection":[{"href":"https:\/\/meiser-tv.de\/en\/wp-json\/wp\/v2\/posts"}],"about":[{"href":"https:\/\/meiser-tv.de\/en\/wp-json\/wp\/v2\/types\/post"}],"author":[{"embeddable":true,"href":"https:\/\/meiser-tv.de\/en\/wp-json\/wp\/v2\/users\/1"}],"replies":[{"embeddable":true,"href":"https:\/\/meiser-tv.de\/en\/wp-json\/wp\/v2\/comments?post=20881"}],"version-history":[{"count":0,"href":"https:\/\/meiser-tv.de\/en\/wp-json\/wp\/v2\/posts\/20881\/revisions"}],"wp:featuredmedia":[{"embeddable":true,"href":"https:\/\/meiser-tv.de\/en\/wp-json\/wp\/v2\/media\/4846"}],"wp:attachment":[{"href":"https:\/\/meiser-tv.de\/en\/wp-json\/wp\/v2\/media?parent=20881"}],"wp:term":[{"taxonomy":"category","embeddable":true,"href":"https:\/\/meiser-tv.de\/en\/wp-json\/wp\/v2\/categories?post=20881"},{"taxonomy":"post_tag","embeddable":true,"href":"https:\/\/meiser-tv.de\/en\/wp-json\/wp\/v2\/tags?post=20881"}],"curies":[{"name":"wp","href":"https:\/\/api.w.org\/{rel}","templated":true}]}}