{"id":20883,"date":"2026-09-03T21:03:03","date_gmt":"2026-09-03T19:03:03","guid":{"rendered":"https:\/\/meiser-tv.de\/politik\/anschlaege-auf-umspannwerke-%e2%80%92-bekennerschreiben-aufgetaucht\/"},"modified":"2026-09-03T21:03:03","modified_gmt":"2026-09-03T19:03:03","slug":"anschlaege-auf-umspannwerke-%e2%80%92-bekennerschreiben-aufgetaucht","status":"publish","type":"post","link":"https:\/\/meiser-tv.de\/en\/politik\/anschlaege-auf-umspannwerke-%e2%80%92-bekennerschreiben-aufgetaucht\/","title":{"rendered":"Anschl\u00e4ge auf Umspannwerke \u2012 Bekennerschreiben aufgetaucht"},"content":{"rendered":"<div>\n<p>Gestern war das Fehlen eines Bekennerschreibens noch die eine Frage, mit der begr\u00fcndet wurde, dass in NRW nach dem Anschlag auf das Umspannwerk bei K\u00f6ln auch in Richtung fremdstaatlicher Akteure ermittelt wird. Heute wurde bekannt, dass es f\u00fcr den Anschlag bei J\u00e4nschwalde ein Bekennerschreiben gibt. Eine Sprecherin der Polizei Brandenburg hat dies best\u00e4tigt. &#8222;Die Authentizit\u00e4t des Schreibens ist Gegenstand weiterer Ermittlungen und kann zum jetzigen Zeitpunkt weder best\u00e4tigt noch verneint werden&#8220;, sagte sie. Eine im Umgang mit derartigen Schreiben absolut \u00fcbliche Aussage.<\/p>\n<p data-start=\"863\" data-end=\"1564\">Interessant ist, dass die <em data-start=\"889\" data-end=\"894\">taz<\/em> als einzige Zeitung konkrete Details zu besagtem Schreiben anf\u00fchrt. So hei\u00dft es dort, das Schreiben sei handschriftlich verfasst und enthalte sogar einen Absender. Extrem ungew\u00f6hnlich f\u00fcr derartige Kommunikation. Bei den bisher bekannten Klimaaktivisten wurden Bekennerschreiben meist \u00fcber das szene\u00fcbliche Portal Indymedia verbreitet.<\/p>\n<p>Nicht nur das deutet auf einen \u00e4lteren T\u00e4ter hin. Die <em data-start=\"1285\" data-end=\"1290\">taz<\/em>, die entweder eine Kopie dieses Schreibens erhalten hat oder eine ungew\u00f6hnlich gespr\u00e4chige Quelle in Polizeikreisen besitzt, f\u00fcgte hinzu, sie habe &#8222;an der Adresse vorerst nur ein anderes Familienmitglied angetroffen&#8220;, das aber die Handschrift des Mannes identifiziert habe.<\/p>\n<p data-start=\"1566\" data-end=\"1817\">Die Sprecherin der Brandenburger Polizei best\u00e4tigte, dass die Beschreibung des Sprengsatzes im Brief dem Vorgefundenen entspreche. Das Schreiben m\u00fcsse auch abgeschickt worden sein, ehe am Dienstagnachmittag die Medienberichte zum Anschlag auftauchten.<\/p>\n<p data-start=\"1566\" data-end=\"1817\">In dem Schreiben, so die <em data-start=\"1844\" data-end=\"1849\">taz<\/em>, werde detailliert beschrieben, wie mit Rohren, St\u00e4ben, Silvesterraketen und Zeitschaltern eine Vorrichtung gebaut wurde, &#8222;mit der d\u00fcnne Drahtseile auf die Hochspannungsleitungen&#8220; geschossen werden sollten. Dabei soll das Schreiben noch zwei weitere Anschlagsorte, einen in Brandenburg und einen in Sachsen, benennen, von denen bisher \u00f6ffentlich nichts zu h\u00f6ren war. Keine Aussage findet sich jedoch zu dem Anschlag in der N\u00e4he von K\u00f6ln. Allerdings legen die Beschreibung und die Tatsache, dass es sich um einen Mann aus Nordrhein-Westfalen handeln soll, sehr nahe, dass auch dieser Anschlag auf das Konto desselben T\u00e4ters geht.<\/p>\n<p>In dem Schreiben soll als Begr\u00fcndung f\u00fcr die Attacke gegen das Kraftwerk J\u00e4nschwalde stehen, die Nutzung fossiler Brennstoffe verursache &#8222;unermessliches Leid&#8220;. &#8222;Und weil die Medien einen Schei\u00df tun, um die Dringlichkeit der Situation zu vermitteln, und der Staat nicht eingreift, um dieses Leid abzuwenden, muss ich das jetzt machen.&#8220;<\/p>\n<p data-start=\"2816\" data-end=\"3471\">Besonderen Wert scheint der T\u00e4ter darauf zu legen, nicht das Etikett &#8222;linke Szene&#8220; verpasst zu bekommen. Das soll er im Zusammenhang mit der Betonung, er habe alles allein vorbereitet, ausdr\u00fccklich hervorgehoben haben. Tats\u00e4chlich sind die in der <em data-start=\"3063\" data-end=\"3068\">taz<\/em> zitierten Formulierungen ungew\u00f6hnlich pers\u00f6nlich und direkt. Die \u00fcblichen Indymedia-Bekennerschreiben versuchen mindestens den Eindruck eines Hochschulabschlusses zu erwecken:<\/p>\n<p>&#8222;Wenn hier Recht und Ordnung herrschten, dann m\u00fcsste ich das Gesetz nicht brechen und einen Haufen Leid in Kauf nehmen, das ich wegen dem Stromausfall und allen Stromausf\u00e4llen, die da noch kommen m\u00fcssen, zu verantworten habe.&#8220;<\/p>\n<p data-start=\"3473\" data-end=\"3708\" data-is-last-node=\"\" data-is-only-node=\"\">Das klingt nach einem Klima-Kohlhaas. Die <em data-start=\"3515\" data-end=\"3520\">taz<\/em>, die die Klimaszene kennen muss, kommt jedenfalls zu dem Fazit, ihre Recherchen lie\u00dfen es &#8222;mindestens m\u00f6glich erscheinen&#8220;, dass es sich bei dem Verfasser tats\u00e4chlich um den T\u00e4ter handelt.<\/p>\n<p><strong>Mehr zum Thema<\/strong>\u00a0\u2012 <a target=\"_blank\" rel=\"noopener noreferrer\" href=\"https:\/\/de-rtnews.com\/meinung\/276341-wenn-klimaterror-kein-klimaterror-ist\/\">Wenn Klimaterror kein Klimaterror ist<\/a><\/p>\n<div class=\"EmbedBlock-root EmbedBlock-externalVideo EmbedBlock-rumble\">\n<div class=\"VkEmbed\"><iframe class=\"lazyload\" data-src=\"https:\/\/rumble.com\/embed\/v7csu0w\" frameborder=\"0\" width=\"853\" height=\"480\" allowfullscreen><\/iframe><\/div>\n<\/p><\/div>\n<\/p>\n<\/div>","protected":false},"excerpt":{"rendered":"<p>Gestern war das Fehlen eines Bekennerschreibens noch die eine Frage, mit der begr\u00fcndet wurde, dass in NRW nach dem Anschlag auf das Umspannwerk bei K\u00f6ln auch in Richtung fremdstaatlicher Akteure ermittelt wird. Heute wurde bekannt, dass es f\u00fcr den Anschlag bei J\u00e4nschwalde ein Bekennerschreiben gibt. Eine Sprecherin der Polizei Brandenburg hat dies best\u00e4tigt. &#8222;Die Authentizit\u00e4t [&hellip;]<\/p>\n","protected":false},"author":1,"featured_media":4846,"comment_status":"closed","ping_status":"closed","sticky":false,"template":"","format":"standard","meta":{"_gspb_post_css":"","_uag_custom_page_level_css":"","fifu_image_url":"","fifu_image_alt":"","footnotes":""},"categories":[5],"tags":[],"class_list":["post-20883","post","type-post","status-publish","format-standard","has-post-thumbnail","hentry","category-politik"],"blocksy_meta":{"styles_descriptor":{"styles":{"desktop":"","tablet":"","mobile":""},"google_fonts":[],"version":7}},"uagb_featured_image_src":{"full":["https:\/\/mleexelnfod5.i.optimole.com\/w:auto\/h:auto\/q:mauto\/f:best\/https:\/\/i2.wp.com\/meiser-tv.de\/wp-content\/uploads\/2026\/05\/RSS-Hintergrund.jpg?w=1920&fit=1920,1080&ssl=1",1920,1080,true],"thumbnail":["https:\/\/mleexelnfod5.i.optimole.com\/w:auto\/h:auto\/q:mauto\/f:best\/https:\/\/i2.wp.com\/meiser-tv.de\/wp-content\/uploads\/2026\/05\/RSS-Hintergrund.jpg?w=150&resize=150,150&ssl=1",150,150,true],"medium":["https:\/\/mleexelnfod5.i.optimole.com\/w:auto\/h:auto\/q:mauto\/f:best\/https:\/\/i2.wp.com\/meiser-tv.de\/wp-content\/uploads\/2026\/05\/RSS-Hintergrund.jpg?w=300&fit=300,300&ssl=1",300,300,true],"medium_large":["https:\/\/mleexelnfod5.i.optimole.com\/w:auto\/h:auto\/q:mauto\/f:best\/https:\/\/i2.wp.com\/meiser-tv.de\/wp-content\/uploads\/2026\/05\/RSS-Hintergrund.jpg?w=768&resize=768,0&ssl=1",768,0,true],"large":["https:\/\/mleexelnfod5.i.optimole.com\/w:auto\/h:auto\/q:mauto\/f:best\/https:\/\/i2.wp.com\/meiser-tv.de\/wp-content\/uploads\/2026\/05\/RSS-Hintergrund.jpg?w=1024&fit=1024,1024&ssl=1",1024,1024,true],"1536x1536":["https:\/\/mleexelnfod5.i.optimole.com\/w:auto\/h:auto\/q:mauto\/f:best\/https:\/\/i2.wp.com\/meiser-tv.de\/wp-content\/uploads\/2026\/05\/RSS-Hintergrund.jpg?w=1536&fit=1536,1536&ssl=1",1536,1536,true],"2048x2048":["https:\/\/mleexelnfod5.i.optimole.com\/w:auto\/h:auto\/q:mauto\/f:best\/https:\/\/i2.wp.com\/meiser-tv.de\/wp-content\/uploads\/2026\/05\/RSS-Hintergrund.jpg?w=2048&fit=2048,2048&ssl=1",2048,2048,true],"trp-custom-language-flag":["https:\/\/mleexelnfod5.i.optimole.com\/w:auto\/h:auto\/q:mauto\/f:best\/https:\/\/i2.wp.com\/meiser-tv.de\/wp-content\/uploads\/2026\/05\/RSS-Hintergrund.jpg?w=18&fit=18,12&ssl=1",18,12,true]},"uagb_author_info":{"display_name":"admin","author_link":"https:\/\/meiser-tv.de\/en\/author\/admin\/"},"uagb_comment_info":0,"uagb_excerpt":"Gestern war das Fehlen eines Bekennerschreibens noch die eine Frage, mit der begr\u00fcndet wurde, dass in NRW nach dem Anschlag auf das Umspannwerk bei K\u00f6ln auch in Richtung fremdstaatlicher Akteure ermittelt wird. Heute wurde bekannt, dass es f\u00fcr den Anschlag bei J\u00e4nschwalde ein Bekennerschreiben gibt. Eine Sprecherin der Polizei Brandenburg hat dies best\u00e4tigt. &#8222;Die Authentizit\u00e4t&hellip;","_links":{"self":[{"href":"https:\/\/meiser-tv.de\/en\/wp-json\/wp\/v2\/posts\/20883","targetHints":{"allow":["GET"]}}],"collection":[{"href":"https:\/\/meiser-tv.de\/en\/wp-json\/wp\/v2\/posts"}],"about":[{"href":"https:\/\/meiser-tv.de\/en\/wp-json\/wp\/v2\/types\/post"}],"author":[{"embeddable":true,"href":"https:\/\/meiser-tv.de\/en\/wp-json\/wp\/v2\/users\/1"}],"replies":[{"embeddable":true,"href":"https:\/\/meiser-tv.de\/en\/wp-json\/wp\/v2\/comments?post=20883"}],"version-history":[{"count":0,"href":"https:\/\/meiser-tv.de\/en\/wp-json\/wp\/v2\/posts\/20883\/revisions"}],"wp:featuredmedia":[{"embeddable":true,"href":"https:\/\/meiser-tv.de\/en\/wp-json\/wp\/v2\/media\/4846"}],"wp:attachment":[{"href":"https:\/\/meiser-tv.de\/en\/wp-json\/wp\/v2\/media?parent=20883"}],"wp:term":[{"taxonomy":"category","embeddable":true,"href":"https:\/\/meiser-tv.de\/en\/wp-json\/wp\/v2\/categories?post=20883"},{"taxonomy":"post_tag","embeddable":true,"href":"https:\/\/meiser-tv.de\/en\/wp-json\/wp\/v2\/tags?post=20883"}],"curies":[{"name":"wp","href":"https:\/\/api.w.org\/{rel}","templated":true}]}}