{"id":20886,"date":"2026-09-03T22:04:02","date_gmt":"2026-09-03T20:04:02","guid":{"rendered":"https:\/\/meiser-tv.de\/politik\/medwedew-warnt-vor-bedauerlichen-folgen-deutsche-politik-muss-umdenken\/"},"modified":"2026-09-03T22:04:02","modified_gmt":"2026-09-03T20:04:02","slug":"medwedew-warnt-vor-bedauerlichen-folgen-deutsche-politik-muss-umdenken","status":"publish","type":"post","link":"https:\/\/meiser-tv.de\/en\/politik\/medwedew-warnt-vor-bedauerlichen-folgen-deutsche-politik-muss-umdenken\/","title":{"rendered":"Medwedew warnt vor &#8222;bedauerlichen Folgen&#8220;: Deutsche Politik muss umdenken"},"content":{"rendered":"<div>\n<p>Russlands Ex-Pr\u00e4sident Dmitri Medwedew, heute stellvertretender Vorsitzender des Nationalen Sicherheitsrates, hat einen exklusiven Kommentar f\u00fcr <em data-start=\"583\" data-end=\"590\">RT\u00a0<\/em>abgegeben. Dabei ging es unter anderem um Deutschland und den aktuellen Zustand der deutsch-russischen Beziehungen.<\/p>\n<p data-start=\"708\" data-end=\"956\">Mit Blick auf die Bundesrepublik w\u00fcrden &#8222;erstaunliche Dinge&#8220; geschehen, sagte Medwedew. Die derzeitige F\u00fchrung in Berlin, der Bundeskanzler und eine Reihe seiner Mitarbeiter bewegten sich &#8222;auf dem Weg des Vergessens der Ergebnisse des Zweiten Weltkriegs&#8220;.<\/p>\n<p>Das sei &#8222;sogar erstaunlich&#8220;, da ihre Haltung &#8222;vor nicht allzu langer Zeit eine andere zu sein schien&#8220;, betonte der Politiker und fuhr mit seiner Diagnose fort:<\/p>\n<p data-start=\"1119\" data-end=\"1766\"><em data-start=\"1119\" data-end=\"1766\">&#8222;Doch heute setzen sowohl der derzeitige Bundeskanzler als auch seine Mitarbeiter das traurige Werk ihrer Vorg\u00e4nger fort. F\u00fcr manche sind es Verwandte, f\u00fcr andere vielleicht ideologische Vorbilder. Das hei\u00dft, im Grunde verhalten sie sich wie Neonazis, die versuchen, unser Land auf unterschiedlichste Weise zu bek\u00e4mpfen. Sie organisieren die Produktion auf ihrem Territorium, sie unterst\u00fctzen weiterhin das neonazistische Bandera-Regime in Kiew. Sie schlie\u00dfen unsere Konsulate, sie treffen andere restriktive Entscheidungen in Bezug auf russisches Verm\u00f6gen. Ganz zu schweigen von den Sanktionen, die von der deutschen Regierung verh\u00e4ngt wurden.&#8220;<\/em><\/p>\n<p>All das werde &#8222;\u00e4u\u00dferst traurige Folgen&#8220; sowohl f\u00fcr die deutsche Wirtschaft als auch f\u00fcr die Menschen haben, sagte Medwedew. Deutsche h\u00e4tten bereits vieles verloren, als sie die Zusammenarbeit mit der Russischen F\u00f6deration verweigert h\u00e4tten. Er warnte:<\/p>\n<p data-start=\"2021\" data-end=\"2278\"><em data-start=\"2021\" data-end=\"2278\">&#8222;Sollte dies so weitergehen, k\u00f6nnten die Folgen f\u00fcr die deutsche Wirtschaft und ganz allgemein f\u00fcr den deutschen Staat auch andere sein. Davor hat das Verteidigungsministerium gewarnt, und auch andere Amtstr\u00e4ger haben sich\u00a0zu diesem Thema ge\u00e4u\u00dfert.&#8220;<\/em><\/p>\n<p>Medwedews Appell an Deutschland:<\/p>\n<p data-start=\"2314\" data-end=\"2516\"><em data-start=\"2314\" data-end=\"2516\">&#8222;Meiner Meinung nach sollten sie also noch einmal dar\u00fcber nachdenken und einen wesentlich besonneneren Kurs einschlagen, anstatt zu versuchen, direkt in eine Konfrontation mit unserem Land zu treten.&#8220;<\/em><\/p>\n<p>Medwedew \u00e4u\u00dferte sich auch zum Bereich, f\u00fcr den er im Nationalen Sicherheitsrat zust\u00e4ndig ist \u2013 die russische R\u00fcstungsg\u00fcterproduktion. Dazu sagte der Ex-Pr\u00e4sident, die in den letzten Jahren get\u00e4tigten Investitionen w\u00fcrden bereits ihre Wirkung zeigen.<\/p>\n<p>Die Produktion neuer Technik und Waffen, darunter auch Sprengstoffe, bringe bei der Durchf\u00fchrung der milit\u00e4rischen Sonderoperation &#8222;einen durchaus sp\u00fcrbaren Nutzen&#8220;, unterstrich er. Diese Art von Investitionen werde weiter ausgebaut, damit &#8222;die Russische F\u00f6deration und unsere Streitkr\u00e4fte \u00fcber ausreichende Produktionskapazit\u00e4ten f\u00fcr Spezialchemikalien, Schie\u00dfpulver und Treibstoff verf\u00fcgen, um besonders gefragte Kampfmittel herzustellen und auf das Erreichen von Ergebnissen hinzuarbeiten&#8220;.<\/p>\n<div class=\"EmbedBlock-root EmbedBlock-externalVideo EmbedBlock-rumble\">\n<div class=\"VkEmbed\"><iframe class=\"lazyload\" data-src=\"https:\/\/rumble.com\/embed\/v7cv3v2\" frameborder=\"0\" width=\"853\" height=\"480\" allowfullscreen><\/iframe><\/div>\n<\/p><\/div>\n<p data-start=\"3267\" data-end=\"3318\">Diese Arbeit werde fortgesetzt, versprach Medwedew.<\/p>\n<p>Am Mittwochmorgen hatte der fr\u00fchere russische Staatschef in seinen sozialen Netzwerken den Vorwurf der Bundesregierung, Russland sei f\u00fcr die Anfang August auf dem Flughafen Leipzig-Halle aufgefundene Drohne verantwortlich, <a href=\"https:\/\/de-rtnews.com\/europa\/290408-medewedew-droht-deutschland\/\" target=\"_blank\" rel=\"noopener noreferrer\">zur\u00fcckgewiesen<\/a>. Die Darstellungen von Bundesinnenminister Alexander Dobrindt (CSU) bezeichnete er als &#8222;erfunden&#8220; und &#8222;unbewiesen&#8220;. Im Zusammenhang mit dem Ukrainekrieg warf Medwedew der jetzigen F\u00fchrung in Berlin einen &#8222;neonazistischen&#8220; und &#8222;erbittert russophoben&#8220; Kurs gegen Russland vor und drohte dem EU- und NATO-Staat mit Bestrafung:<\/p>\n<p data-start=\"3883\" data-end=\"4077\" data-is-last-node=\"\" data-is-only-node=\"\"><em data-start=\"3883\" data-end=\"4077\" data-is-last-node=\"\">&#8222;Sie verdienen einen direkten Schlag gegen alle deutschen Produktionsst\u00e4tten f\u00fcr Milit\u00e4rtechnik, die f\u00fcr die Bandera-Clique bestimmt ist. Und durchaus auch gegen einige andere Orte in Berlin.&#8220;<\/em><\/p>\n<p><strong>Mehr zum Thema<\/strong> \u2013\u00a0<a target=\"_blank\" rel=\"noopener noreferrer\" href=\"https:\/\/de-rtnews.com\/international\/289716-medwedew-russland-will-garantien-dass\/\">Medwedew: Russland will Garantien, dass NATO jegliche Anfeindungen einstellt<\/a><\/p>\n<div class=\"EmbedBlock-root EmbedBlock-externalVideo EmbedBlock-rumble\">\n<div class=\"VkEmbed\"><iframe class=\"lazyload\" data-src=\"https:\/\/rumble.com\/embed\/v7ctmbk\" frameborder=\"0\" width=\"853\" height=\"480\" allowfullscreen><\/iframe><\/div>\n<\/p><\/div>\n<\/div>","protected":false},"excerpt":{"rendered":"<p>Russlands Ex-Pr\u00e4sident Dmitri Medwedew, heute stellvertretender Vorsitzender des Nationalen Sicherheitsrates, hat einen exklusiven Kommentar f\u00fcr RT\u00a0abgegeben. Dabei ging es unter anderem um Deutschland und den aktuellen Zustand der deutsch-russischen Beziehungen. Mit Blick auf die Bundesrepublik w\u00fcrden &#8222;erstaunliche Dinge&#8220; geschehen, sagte Medwedew. Die derzeitige F\u00fchrung in Berlin, der Bundeskanzler und eine Reihe seiner Mitarbeiter bewegten sich [&hellip;]<\/p>\n","protected":false},"author":1,"featured_media":4846,"comment_status":"closed","ping_status":"closed","sticky":false,"template":"","format":"standard","meta":{"_gspb_post_css":"","_uag_custom_page_level_css":"","fifu_image_url":"","fifu_image_alt":"","footnotes":""},"categories":[5],"tags":[],"class_list":["post-20886","post","type-post","status-publish","format-standard","has-post-thumbnail","hentry","category-politik"],"blocksy_meta":{"styles_descriptor":{"styles":{"desktop":"","tablet":"","mobile":""},"google_fonts":[],"version":7}},"uagb_featured_image_src":{"full":["https:\/\/mleexelnfod5.i.optimole.com\/w:auto\/h:auto\/q:mauto\/f:best\/https:\/\/i2.wp.com\/meiser-tv.de\/wp-content\/uploads\/2026\/05\/RSS-Hintergrund.jpg?w=1920&fit=1920,1080&ssl=1",1920,1080,true],"thumbnail":["https:\/\/mleexelnfod5.i.optimole.com\/w:auto\/h:auto\/q:mauto\/f:best\/https:\/\/i2.wp.com\/meiser-tv.de\/wp-content\/uploads\/2026\/05\/RSS-Hintergrund.jpg?w=150&resize=150,150&ssl=1",150,150,true],"medium":["https:\/\/mleexelnfod5.i.optimole.com\/w:auto\/h:auto\/q:mauto\/f:best\/https:\/\/i2.wp.com\/meiser-tv.de\/wp-content\/uploads\/2026\/05\/RSS-Hintergrund.jpg?w=300&fit=300,300&ssl=1",300,300,true],"medium_large":["https:\/\/mleexelnfod5.i.optimole.com\/w:auto\/h:auto\/q:mauto\/f:best\/https:\/\/i2.wp.com\/meiser-tv.de\/wp-content\/uploads\/2026\/05\/RSS-Hintergrund.jpg?w=768&resize=768,0&ssl=1",768,0,true],"large":["https:\/\/mleexelnfod5.i.optimole.com\/w:auto\/h:auto\/q:mauto\/f:best\/https:\/\/i2.wp.com\/meiser-tv.de\/wp-content\/uploads\/2026\/05\/RSS-Hintergrund.jpg?w=1024&fit=1024,1024&ssl=1",1024,1024,true],"1536x1536":["https:\/\/mleexelnfod5.i.optimole.com\/w:auto\/h:auto\/q:mauto\/f:best\/https:\/\/i2.wp.com\/meiser-tv.de\/wp-content\/uploads\/2026\/05\/RSS-Hintergrund.jpg?w=1536&fit=1536,1536&ssl=1",1536,1536,true],"2048x2048":["https:\/\/mleexelnfod5.i.optimole.com\/w:auto\/h:auto\/q:mauto\/f:best\/https:\/\/i2.wp.com\/meiser-tv.de\/wp-content\/uploads\/2026\/05\/RSS-Hintergrund.jpg?w=2048&fit=2048,2048&ssl=1",2048,2048,true],"trp-custom-language-flag":["https:\/\/mleexelnfod5.i.optimole.com\/w:auto\/h:auto\/q:mauto\/f:best\/https:\/\/i2.wp.com\/meiser-tv.de\/wp-content\/uploads\/2026\/05\/RSS-Hintergrund.jpg?w=18&fit=18,12&ssl=1",18,12,true]},"uagb_author_info":{"display_name":"admin","author_link":"https:\/\/meiser-tv.de\/en\/author\/admin\/"},"uagb_comment_info":0,"uagb_excerpt":"Russlands Ex-Pr\u00e4sident Dmitri Medwedew, heute stellvertretender Vorsitzender des Nationalen Sicherheitsrates, hat einen exklusiven Kommentar f\u00fcr RT\u00a0abgegeben. Dabei ging es unter anderem um Deutschland und den aktuellen Zustand der deutsch-russischen Beziehungen. Mit Blick auf die Bundesrepublik w\u00fcrden &#8222;erstaunliche Dinge&#8220; geschehen, sagte Medwedew. Die derzeitige F\u00fchrung in Berlin, der Bundeskanzler und eine Reihe seiner Mitarbeiter bewegten sich&hellip;","_links":{"self":[{"href":"https:\/\/meiser-tv.de\/en\/wp-json\/wp\/v2\/posts\/20886","targetHints":{"allow":["GET"]}}],"collection":[{"href":"https:\/\/meiser-tv.de\/en\/wp-json\/wp\/v2\/posts"}],"about":[{"href":"https:\/\/meiser-tv.de\/en\/wp-json\/wp\/v2\/types\/post"}],"author":[{"embeddable":true,"href":"https:\/\/meiser-tv.de\/en\/wp-json\/wp\/v2\/users\/1"}],"replies":[{"embeddable":true,"href":"https:\/\/meiser-tv.de\/en\/wp-json\/wp\/v2\/comments?post=20886"}],"version-history":[{"count":0,"href":"https:\/\/meiser-tv.de\/en\/wp-json\/wp\/v2\/posts\/20886\/revisions"}],"wp:featuredmedia":[{"embeddable":true,"href":"https:\/\/meiser-tv.de\/en\/wp-json\/wp\/v2\/media\/4846"}],"wp:attachment":[{"href":"https:\/\/meiser-tv.de\/en\/wp-json\/wp\/v2\/media?parent=20886"}],"wp:term":[{"taxonomy":"category","embeddable":true,"href":"https:\/\/meiser-tv.de\/en\/wp-json\/wp\/v2\/categories?post=20886"},{"taxonomy":"post_tag","embeddable":true,"href":"https:\/\/meiser-tv.de\/en\/wp-json\/wp\/v2\/tags?post=20886"}],"curies":[{"name":"wp","href":"https:\/\/api.w.org\/{rel}","templated":true}]}}