{"id":20888,"date":"2026-09-03T22:04:03","date_gmt":"2026-09-03T20:04:03","guid":{"rendered":"https:\/\/meiser-tv.de\/politik\/aufsichtsrat-von-volkswagen-beschliesst-sparmassnahmen-50-000-jobs-betroffen\/"},"modified":"2026-09-03T22:04:03","modified_gmt":"2026-09-03T20:04:03","slug":"aufsichtsrat-von-volkswagen-beschliesst-sparmassnahmen-50-000-jobs-betroffen","status":"publish","type":"post","link":"https:\/\/meiser-tv.de\/en\/politik\/aufsichtsrat-von-volkswagen-beschliesst-sparmassnahmen-50-000-jobs-betroffen\/","title":{"rendered":"Aufsichtsrat von Volkswagen beschlie\u00dft Sparma\u00dfnahmen \u2013 50.000 Jobs betroffen"},"content":{"rendered":"<div>\n<p>Der Aufsichtsrat des VW-Konzerns hat sich am Donnerstagabend \u00fcberraschend auf ein Sparpaket geeinigt. Die Entscheidung sei einstimmig gefallen, teilte der Konzern mit, ohne weitere Details zu nennen.<\/p>\n<p data-start=\"616\" data-end=\"1053\">Wie Medien \u00fcbereinstimmend berichten, umfasst der Beschluss die Streichung von 50.000 Arbeitspl\u00e4tzen in den kommenden Jahren. Au\u00dferdem steht die Zukunft von vier VW-Werken auf der Kippe: Emden, Zwickau, Hannover und Neckarsulm. Hier k\u00f6nne gestaffelt ab 2031 bis 2034 keine &#8222;wettbewerbsf\u00e4hige Folgebelegung&#8220; gew\u00e4hrleistet werden, teilte VW mit. F\u00fcr diese Werke w\u00fcrden &#8222;parallel und erg\u00e4nzend alternative Verwendungsm\u00f6glichkeiten gepr\u00fcft&#8220;.<\/p>\n<p>Im Vorfeld der Aufsichtsratssitzung war erwartet worden, dass kein Kompromiss erzielt wird und die Mehrheit die Vorlage des Vorstands ablehnt. Mit welchen Regelungen eine einstimmige Zustimmung erzielt werden konnte, ist zur Stunde nicht bekannt.<\/p>\n<p data-start=\"1303\" data-end=\"2061\">Die Arbeitnehmerseite z\u00e4hlt laut <em data-start=\"1336\" data-end=\"1358\">S\u00fcddeutscher Zeitung<\/em> in einer schriftlichen Stellungnahme lediglich die Erfolge auf: Man habe eine &#8222;gef\u00e4hrliche Eskalation&#8220; des Konflikts verhindert, alle h\u00e4tten sich aufeinander zubewegt, hei\u00dft es in einer gemeinsamen Stellungnahme von IG-Metall-Chefin Christiane Benner und VW-Betriebsratschefin Daniela Cavallo. Kein Werk sei aufgegeben worden, eine Ausgliederung der Kernmarke Volkswagen Pkw und der VW-Komponente sei vom Tisch und ein &#8222;Angriff&#8220; auf die Mitbestimmungsstrukturen damit erfolgreich abgewehrt. Von den 50.000 zus\u00e4tzlich abgebauten Stellen ist in der Stellungnahme keine Rede. &#8222;Wir sehen die Herausforderungen, vor denen der Konzern steht, und sind bereit, Verantwortung zu \u00fcbernehmen&#8220;, hei\u00dft es lediglich.<\/p>\n<p data-start=\"2063\" data-end=\"2096\" data-is-last-node=\"\" data-is-only-node=\"\"><strong>Mehr zum Thema<\/strong> \u2013\u00a0<a target=\"_blank\" rel=\"noopener noreferrer\" href=\"https:\/\/de-rtnews.com\/inland\/290241-vw-gewerkschaft-will-gegen-kahlschlag\/\">VW: Gewerkschaft will gegen Kahlschlag k\u00e4mpfen<\/a><\/p>\n<div class=\"EmbedBlock-root EmbedBlock-externalVideo EmbedBlock-rumble\">\n<div class=\"VkEmbed\"><iframe class=\"lazyload\" data-src=\"https:\/\/rumble.com\/embed\/v7cin0c\" frameborder=\"0\" width=\"853\" height=\"480\" allowfullscreen><\/iframe><\/div>\n<\/p><\/div>\n<\/p>\n<\/div>","protected":false},"excerpt":{"rendered":"<p>Der Aufsichtsrat des VW-Konzerns hat sich am Donnerstagabend \u00fcberraschend auf ein Sparpaket geeinigt. Die Entscheidung sei einstimmig gefallen, teilte der Konzern mit, ohne weitere Details zu nennen. Wie Medien \u00fcbereinstimmend berichten, umfasst der Beschluss die Streichung von 50.000 Arbeitspl\u00e4tzen in den kommenden Jahren. Au\u00dferdem steht die Zukunft von vier VW-Werken auf der Kippe: Emden, Zwickau, [&hellip;]<\/p>\n","protected":false},"author":1,"featured_media":4846,"comment_status":"closed","ping_status":"closed","sticky":false,"template":"","format":"standard","meta":{"_gspb_post_css":"","_uag_custom_page_level_css":"","fifu_image_url":"","fifu_image_alt":"","footnotes":""},"categories":[5],"tags":[],"class_list":["post-20888","post","type-post","status-publish","format-standard","has-post-thumbnail","hentry","category-politik"],"blocksy_meta":{"styles_descriptor":{"styles":{"desktop":"","tablet":"","mobile":""},"google_fonts":[],"version":7}},"uagb_featured_image_src":{"full":["https:\/\/mleexelnfod5.i.optimole.com\/w:auto\/h:auto\/q:mauto\/f:best\/https:\/\/i2.wp.com\/meiser-tv.de\/wp-content\/uploads\/2026\/05\/RSS-Hintergrund.jpg?w=1920&fit=1920,1080&ssl=1",1920,1080,true],"thumbnail":["https:\/\/mleexelnfod5.i.optimole.com\/w:auto\/h:auto\/q:mauto\/f:best\/https:\/\/i2.wp.com\/meiser-tv.de\/wp-content\/uploads\/2026\/05\/RSS-Hintergrund.jpg?w=150&resize=150,150&ssl=1",150,150,true],"medium":["https:\/\/mleexelnfod5.i.optimole.com\/w:auto\/h:auto\/q:mauto\/f:best\/https:\/\/i2.wp.com\/meiser-tv.de\/wp-content\/uploads\/2026\/05\/RSS-Hintergrund.jpg?w=300&fit=300,300&ssl=1",300,300,true],"medium_large":["https:\/\/mleexelnfod5.i.optimole.com\/w:auto\/h:auto\/q:mauto\/f:best\/https:\/\/i2.wp.com\/meiser-tv.de\/wp-content\/uploads\/2026\/05\/RSS-Hintergrund.jpg?w=768&resize=768,0&ssl=1",768,0,true],"large":["https:\/\/mleexelnfod5.i.optimole.com\/w:auto\/h:auto\/q:mauto\/f:best\/https:\/\/i2.wp.com\/meiser-tv.de\/wp-content\/uploads\/2026\/05\/RSS-Hintergrund.jpg?w=1024&fit=1024,1024&ssl=1",1024,1024,true],"1536x1536":["https:\/\/mleexelnfod5.i.optimole.com\/w:auto\/h:auto\/q:mauto\/f:best\/https:\/\/i2.wp.com\/meiser-tv.de\/wp-content\/uploads\/2026\/05\/RSS-Hintergrund.jpg?w=1536&fit=1536,1536&ssl=1",1536,1536,true],"2048x2048":["https:\/\/mleexelnfod5.i.optimole.com\/w:auto\/h:auto\/q:mauto\/f:best\/https:\/\/i2.wp.com\/meiser-tv.de\/wp-content\/uploads\/2026\/05\/RSS-Hintergrund.jpg?w=2048&fit=2048,2048&ssl=1",2048,2048,true],"trp-custom-language-flag":["https:\/\/mleexelnfod5.i.optimole.com\/w:auto\/h:auto\/q:mauto\/f:best\/https:\/\/i2.wp.com\/meiser-tv.de\/wp-content\/uploads\/2026\/05\/RSS-Hintergrund.jpg?w=18&fit=18,12&ssl=1",18,12,true]},"uagb_author_info":{"display_name":"admin","author_link":"https:\/\/meiser-tv.de\/en\/author\/admin\/"},"uagb_comment_info":0,"uagb_excerpt":"Der Aufsichtsrat des VW-Konzerns hat sich am Donnerstagabend \u00fcberraschend auf ein Sparpaket geeinigt. Die Entscheidung sei einstimmig gefallen, teilte der Konzern mit, ohne weitere Details zu nennen. Wie Medien \u00fcbereinstimmend berichten, umfasst der Beschluss die Streichung von 50.000 Arbeitspl\u00e4tzen in den kommenden Jahren. Au\u00dferdem steht die Zukunft von vier VW-Werken auf der Kippe: Emden, Zwickau,&hellip;","_links":{"self":[{"href":"https:\/\/meiser-tv.de\/en\/wp-json\/wp\/v2\/posts\/20888","targetHints":{"allow":["GET"]}}],"collection":[{"href":"https:\/\/meiser-tv.de\/en\/wp-json\/wp\/v2\/posts"}],"about":[{"href":"https:\/\/meiser-tv.de\/en\/wp-json\/wp\/v2\/types\/post"}],"author":[{"embeddable":true,"href":"https:\/\/meiser-tv.de\/en\/wp-json\/wp\/v2\/users\/1"}],"replies":[{"embeddable":true,"href":"https:\/\/meiser-tv.de\/en\/wp-json\/wp\/v2\/comments?post=20888"}],"version-history":[{"count":0,"href":"https:\/\/meiser-tv.de\/en\/wp-json\/wp\/v2\/posts\/20888\/revisions"}],"wp:featuredmedia":[{"embeddable":true,"href":"https:\/\/meiser-tv.de\/en\/wp-json\/wp\/v2\/media\/4846"}],"wp:attachment":[{"href":"https:\/\/meiser-tv.de\/en\/wp-json\/wp\/v2\/media?parent=20888"}],"wp:term":[{"taxonomy":"category","embeddable":true,"href":"https:\/\/meiser-tv.de\/en\/wp-json\/wp\/v2\/categories?post=20888"},{"taxonomy":"post_tag","embeddable":true,"href":"https:\/\/meiser-tv.de\/en\/wp-json\/wp\/v2\/tags?post=20888"}],"curies":[{"name":"wp","href":"https:\/\/api.w.org\/{rel}","templated":true}]}}