{"id":20899,"date":"2026-09-04T06:03:06","date_gmt":"2026-09-04T04:03:06","guid":{"rendered":"https:\/\/meiser-tv.de\/politik\/kallas-unterstuetzt-moratorium-fuer-angriffe-im-schwarzen-meer\/"},"modified":"2026-09-04T06:03:06","modified_gmt":"2026-09-04T04:03:06","slug":"kallas-unterstuetzt-moratorium-fuer-angriffe-im-schwarzen-meer","status":"publish","type":"post","link":"https:\/\/meiser-tv.de\/en\/politik\/kallas-unterstuetzt-moratorium-fuer-angriffe-im-schwarzen-meer\/","title":{"rendered":"Kallas unterst\u00fctzt Moratorium f\u00fcr Angriffe im Schwarzen Meer"},"content":{"rendered":"<div>\n<p>Die EU-Chefdiplomatin Kaja Kallas bef\u00fcrworte die Initiativen zur Einf\u00fchrung eines Moratoriums f\u00fcr Angriffe im Schwarzen Meer. Dies\u00a0<a href=\"https:\/\/www.eeas.europa.eu\/eeas\/informal-meeting-foreign-affairs-ministers-gymnich-press-conference-high-representative-kaja-kallas-0_en\" target=\"_blank\" rel=\"noopener noreferrer\">erkl\u00e4rte<\/a>\u00a0sie am Mittwoch auf einer Pressekonferenz im irischen Wicklow nach einem informellen Treffen der EU\u2011Au\u00dfenminister. Ihr zufolge k\u00f6nnten &#8222;russische Attacken&#8220; auf Getreideschiffe im Schwarzen Meer einen weiteren weltweiten Schock f\u00fcr die Ern\u00e4hrungssicherheit ausl\u00f6sen. &#8222;Ich unterst\u00fctze die Initiativen f\u00fcr ein Moratorium der Angriffe im Schwarzen Meer&#8220;, sagte sie. Kallas betonte, dass die EU die ukrainischen Getreideexporte \u00fcber alternative Transitrouten f\u00f6rdere und eine M\u00f6glichkeit pr\u00fcfe, Hilfe bei der Getreidelagerung in der Ukraine zu leisten. Diese Ma\u00dfnahmen sollen die globale Ern\u00e4hrungssicherheit gew\u00e4hrleisten. &#8222;Doch die Mengen, die auf dem Seeweg transportiert werden k\u00f6nnen, sind unersetzlich&#8220;, f\u00fcgte sie hinzu.<\/p>\n<p>Am 13. August\u00a0<a href=\"https:\/\/www.reuters.com\/world\/europe\/ukraine-offers-russia-truce-black-sea-food-supply-fears-mount-source-says-2026-08-13\/\" target=\"_blank\" rel=\"noopener noreferrer\">teilte<\/a>\u00a0<em>Reuters<\/em>\u00a0unter Berufung auf eine mit der Angelegenheit vertraute Quelle mit, dass Kiew den russischen Beh\u00f6rden ein Angebot unterbreitet habe, die Angriffe auf zivile Ziele im Schwarzen Meer einzustellen. Diese Initiative sei von der ukrainischen F\u00fchrung \u00fcber einen Dritten \u00fcbermittelt worden, hie\u00df es.\u00a0<\/p>\n<p>Am selben Tag\u00a0<a href=\"https:\/\/tass.ru\/politika\/28009505\" target=\"_blank\" rel=\"noopener noreferrer\">erkl\u00e4rte<\/a>\u00a0der stellvertretende russische Au\u00dfenminister Alexander Gruschko, dass Moskau keine\u00a0 &#8222;formalisierten Vorschl\u00e4ge&#8220; bez\u00fcglich eines m\u00f6glichen Moratoriums f\u00fcr Angriffe im Schwarzen Meer erhalten habe. Er betonte, dass Kiew &#8222;jede Art von Waffenstillstand&#8220; dazu nutzen werde, um die ukrainischen Truppen umzugruppieren und zu st\u00e4rken. Dar\u00fcber hinaus w\u00fcrden vor\u00fcbergehende Ma\u00dfnahmen die Ursachen des Konflikts nicht beseitigen.\u00a0<\/p>\n<p>Das russische Au\u00dfenministerium hatte zuvor die internationale Gemeinschaft aufgefordert, Druck auf Kiew auszu\u00fcben, um die Angriffe auf Trockenfrachtschiffe im Schwarzen und Asowschen Meer zu beenden. Maria Sacharowa, die Sprecherin der Beh\u00f6rde,\u00a0<a href=\"https:\/\/mid.ru\/ru\/foreign_policy\/news\/2132708\/#sel=12:3:oUc,12:39:jia\" target=\"_blank\" rel=\"noopener noreferrer\">wies<\/a>\u00a0darauf hin, dass solche Attacken &#8222;die Getreide- und D\u00fcngemittelknappheit versch\u00e4rfen und die globalen Lebensmittelpreise in die H\u00f6he treiben&#8220;. Sacharowa f\u00fcgte hinzu, dass im Juli mindestens 100 ukrainische Drohnenangriffe auf Handelsschiffe im Asowschen und Schwarzen Meer registriert worden seien, die russische Agrarprodukte auf die Weltm\u00e4rkte lieferten.<\/p>\n<p><strong>Mehr zum Thema<\/strong> \u2013 <a target=\"_blank\" rel=\"noopener noreferrer\" href=\"https:\/\/de-rtnews.com\/europa\/288913-eu-aussenbeauftragte-kallas-kuendigt-ausweitung-der-sanktionen-gegen-russland-an\/\">EU-Au\u00dfenbeauftragte Kallas k\u00fcndigt Ausweitung der Sanktionen gegen Russland an<\/a><\/p>\n<div class=\"EmbedBlock-root EmbedBlock-externalVideo EmbedBlock-rumble\">\n<div class=\"VkEmbed\"><iframe class=\"lazyload\" data-src=\"https:\/\/rumble.com\/embed\/v7crg38\" frameborder=\"0\" width=\"853\" height=\"480\" allowfullscreen><\/iframe><\/div>\n<\/p><\/div>\n<\/p>\n<\/div>","protected":false},"excerpt":{"rendered":"<p>Die EU-Chefdiplomatin Kaja Kallas bef\u00fcrworte die Initiativen zur Einf\u00fchrung eines Moratoriums f\u00fcr Angriffe im Schwarzen Meer. Dies\u00a0erkl\u00e4rte\u00a0sie am Mittwoch auf einer Pressekonferenz im irischen Wicklow nach einem informellen Treffen der EU\u2011Au\u00dfenminister. Ihr zufolge k\u00f6nnten &#8222;russische Attacken&#8220; auf Getreideschiffe im Schwarzen Meer einen weiteren weltweiten Schock f\u00fcr die Ern\u00e4hrungssicherheit ausl\u00f6sen. &#8222;Ich unterst\u00fctze die Initiativen f\u00fcr ein [&hellip;]<\/p>\n","protected":false},"author":1,"featured_media":4846,"comment_status":"closed","ping_status":"closed","sticky":false,"template":"","format":"standard","meta":{"_gspb_post_css":"","_uag_custom_page_level_css":"","fifu_image_url":"","fifu_image_alt":"","footnotes":""},"categories":[5],"tags":[],"class_list":["post-20899","post","type-post","status-publish","format-standard","has-post-thumbnail","hentry","category-politik"],"blocksy_meta":{"styles_descriptor":{"styles":{"desktop":"","tablet":"","mobile":""},"google_fonts":[],"version":8}},"uagb_featured_image_src":{"full":["https:\/\/mleexelnfod5.i.optimole.com\/w:auto\/h:auto\/q:mauto\/f:best\/https:\/\/i2.wp.com\/meiser-tv.de\/wp-content\/uploads\/2026\/05\/RSS-Hintergrund.jpg?w=1920&fit=1920,1080&ssl=1",1920,1080,true],"thumbnail":["https:\/\/mleexelnfod5.i.optimole.com\/w:auto\/h:auto\/q:mauto\/f:best\/https:\/\/i2.wp.com\/meiser-tv.de\/wp-content\/uploads\/2026\/05\/RSS-Hintergrund.jpg?w=150&resize=150,150&ssl=1",150,150,true],"medium":["https:\/\/mleexelnfod5.i.optimole.com\/w:auto\/h:auto\/q:mauto\/f:best\/https:\/\/i2.wp.com\/meiser-tv.de\/wp-content\/uploads\/2026\/05\/RSS-Hintergrund.jpg?w=300&fit=300,300&ssl=1",300,300,true],"medium_large":["https:\/\/mleexelnfod5.i.optimole.com\/w:auto\/h:auto\/q:mauto\/f:best\/https:\/\/i2.wp.com\/meiser-tv.de\/wp-content\/uploads\/2026\/05\/RSS-Hintergrund.jpg?w=768&resize=768,0&ssl=1",768,0,true],"large":["https:\/\/mleexelnfod5.i.optimole.com\/w:auto\/h:auto\/q:mauto\/f:best\/https:\/\/i2.wp.com\/meiser-tv.de\/wp-content\/uploads\/2026\/05\/RSS-Hintergrund.jpg?w=1024&fit=1024,1024&ssl=1",1024,1024,true],"1536x1536":["https:\/\/mleexelnfod5.i.optimole.com\/w:auto\/h:auto\/q:mauto\/f:best\/https:\/\/i2.wp.com\/meiser-tv.de\/wp-content\/uploads\/2026\/05\/RSS-Hintergrund.jpg?w=1536&fit=1536,1536&ssl=1",1536,1536,true],"2048x2048":["https:\/\/mleexelnfod5.i.optimole.com\/w:auto\/h:auto\/q:mauto\/f:best\/https:\/\/i2.wp.com\/meiser-tv.de\/wp-content\/uploads\/2026\/05\/RSS-Hintergrund.jpg?w=2048&fit=2048,2048&ssl=1",2048,2048,true],"trp-custom-language-flag":["https:\/\/mleexelnfod5.i.optimole.com\/w:auto\/h:auto\/q:mauto\/f:best\/https:\/\/i2.wp.com\/meiser-tv.de\/wp-content\/uploads\/2026\/05\/RSS-Hintergrund.jpg?w=18&fit=18,12&ssl=1",18,12,true]},"uagb_author_info":{"display_name":"admin","author_link":"https:\/\/meiser-tv.de\/en\/author\/admin\/"},"uagb_comment_info":0,"uagb_excerpt":"Die EU-Chefdiplomatin Kaja Kallas bef\u00fcrworte die Initiativen zur Einf\u00fchrung eines Moratoriums f\u00fcr Angriffe im Schwarzen Meer. Dies\u00a0erkl\u00e4rte\u00a0sie am Mittwoch auf einer Pressekonferenz im irischen Wicklow nach einem informellen Treffen der EU\u2011Au\u00dfenminister. Ihr zufolge k\u00f6nnten &#8222;russische Attacken&#8220; auf Getreideschiffe im Schwarzen Meer einen weiteren weltweiten Schock f\u00fcr die Ern\u00e4hrungssicherheit ausl\u00f6sen. &#8222;Ich unterst\u00fctze die Initiativen f\u00fcr ein&hellip;","_links":{"self":[{"href":"https:\/\/meiser-tv.de\/en\/wp-json\/wp\/v2\/posts\/20899","targetHints":{"allow":["GET"]}}],"collection":[{"href":"https:\/\/meiser-tv.de\/en\/wp-json\/wp\/v2\/posts"}],"about":[{"href":"https:\/\/meiser-tv.de\/en\/wp-json\/wp\/v2\/types\/post"}],"author":[{"embeddable":true,"href":"https:\/\/meiser-tv.de\/en\/wp-json\/wp\/v2\/users\/1"}],"replies":[{"embeddable":true,"href":"https:\/\/meiser-tv.de\/en\/wp-json\/wp\/v2\/comments?post=20899"}],"version-history":[{"count":0,"href":"https:\/\/meiser-tv.de\/en\/wp-json\/wp\/v2\/posts\/20899\/revisions"}],"wp:featuredmedia":[{"embeddable":true,"href":"https:\/\/meiser-tv.de\/en\/wp-json\/wp\/v2\/media\/4846"}],"wp:attachment":[{"href":"https:\/\/meiser-tv.de\/en\/wp-json\/wp\/v2\/media?parent=20899"}],"wp:term":[{"taxonomy":"category","embeddable":true,"href":"https:\/\/meiser-tv.de\/en\/wp-json\/wp\/v2\/categories?post=20899"},{"taxonomy":"post_tag","embeddable":true,"href":"https:\/\/meiser-tv.de\/en\/wp-json\/wp\/v2\/tags?post=20899"}],"curies":[{"name":"wp","href":"https:\/\/api.w.org\/{rel}","templated":true}]}}