{"id":20912,"date":"2026-09-04T08:03:15","date_gmt":"2026-09-04T06:03:15","guid":{"rendered":"https:\/\/meiser-tv.de\/uncategorized\/trump-wettert-gegen-verraeterischen-abschaum-in-den-medien-wegen-der-berichterstattung-zum-iran-krieg\/"},"modified":"2026-09-04T08:03:15","modified_gmt":"2026-09-04T06:03:15","slug":"trump-wettert-gegen-verraeterischen-abschaum-in-den-medien-wegen-der-berichterstattung-zum-iran-krieg","status":"publish","type":"post","link":"https:\/\/meiser-tv.de\/en\/uncategorized\/trump-wettert-gegen-verraeterischen-abschaum-in-den-medien-wegen-der-berichterstattung-zum-iran-krieg\/","title":{"rendered":"Trump wettert gegen \u201everr\u00e4terischen Abschaum\u201c in den Medien wegen der Berichterstattung zum Iran-Krieg"},"content":{"rendered":"<div>\n<p class=\"wp-block-paragraph\"><em>Von Tyler Durden<\/em><\/p>\n<p class=\"wp-block-paragraph\">Pr\u00e4sident Trump hat sich am Donnerstag auf Truth Social zu Wort gemeldet, um (nicht zum ersten Mal) gegen die Berichterstattung der US-Medien \u00fcber den Krieg im Iran zu wettern, nachdem Finanzminister Scott Bessent Anfang dieser Woche \u00e4hnliche scharfe \u00c4u\u00dferungen gemacht hatte.<\/p>\n<p class=\"wp-block-paragraph\">Trump griff insbesondere die j\u00fcngsten und anhaltenden Berichte \u00fcber einen Mangel an US-Raketen und Abfangraketen heraus, die er als falsch zur\u00fcckwies. Er prangerte den <strong>\u201everr\u00e4terischen Abschaum\u201c in den Medien an, der angeblich ungenaue Berichte \u00fcber \u201eunsere Milit\u00e4roperation im Iran\u201c ver\u00f6ffentliche<\/strong> \u2013 und behauptete, die USA verf\u00fcgten \u00fcber \u201e<strong>praktisch unbegrenzte<\/strong> Mengen an Munition mittlerer bis hoher Qualit\u00e4t\u201c.<\/p>\n<p class=\"wp-block-paragraph\">Bemerkenswert ist jedoch auch \u2013 und dies scheint ein impliziter Widerspruch zu sein \u2013, dass er sagte, die USA <strong>verk\u00e4men diese derzeit nicht \u201ean andere\u201c<\/strong>, sondern produzierten und lagerten sie in \u201enoch nie dagewesenen Mengen\u201c. Dies geschieht vor dem Hintergrund eines anhaltenden Wettlaufs in Europa, einen Weg zu finden, mehr \u201ePatriot\u201c-Raketen an die Ukraine zu liefern, da Selenskyj im Wesentlichen auf mehr Raketen setzt.<\/p>\n<figure class=\"wp-block-image aligncenter size-large is-resized\"><img data-opt-id=616283939  fetchpriority=\"high\" decoding=\"async\" src=\"https:\/\/mleexelnfod5.i.optimole.com\/cb:DGZE.d2f\/w:auto\/h:auto\/q:mauto\/f:best\/https:\/\/meiser-tv.de\/wp-content\/uploads\/2026\/09\/image3_23.png\" alt=\"\" style=\"width:604px;height:auto\"><\/figure>\n<p class=\"wp-block-paragraph\">Trump machte erneut die vorherige Biden-Regierung daf\u00fcr verantwortlich, der Ukraine und der NATO im Zusammenhang mit dem Krieg gegen Russland \u201eHunderte von Milliarden Dollar\u201c \u201ekostenlos\u201c zur Verf\u00fcgung gestellt zu haben.<\/p>\n<p class=\"wp-block-paragraph\">Von Thinktanks \u00fcber die \u201eNew York Times\u201c und das \u201eWall Street Journal\u201c bis hin zu unabh\u00e4ngigen Medien haben Experten, Journalisten und Amtstr\u00e4ger in dieser Angelegenheit Alarm geschlagen.<\/p>\n<p class=\"wp-block-paragraph\">Dies geschah zudem, nachdem Trump am Montag im Oval Office gegen\u00fcber Journalisten erkl\u00e4rt hatte, dass man immer auf das \u201e\u00e4ltere Material\u201c zur\u00fcckgreifen k\u00f6nne, als er darauf angesprochen wurde, ob den Vereinigten Staaten die Standoff-Munition ausgehe:<\/p>\n<blockquote class=\"wp-block-quote is-layout-flow wp-block-quote-is-layout-flow\">\n<p class=\"wp-block-paragraph\"><em>Frage: Berichten zufolge haben mehrere Milit\u00e4rf\u00fchrer Hegseth mitgeteilt, dass eine langwierige, gro\u00df angelegte Operation im Iran unsere F\u00e4higkeit schw\u00e4cht, Bedrohungen an anderen Orten, einschlie\u00dflich des eigenen Landes, zu begegnen. Haben Sie davon geh\u00f6rt?<\/em><\/p>\n<\/blockquote>\n<blockquote class=\"wp-block-quote is-layout-flow wp-block-quote-is-layout-flow\">\n<p class=\"wp-block-paragraph\"><em>TRUMP: Wir genie\u00dfen gro\u00dfes Ansehen. Niemand sonst w\u00e4re verr\u00fcckt genug, so etwas zu tun\u2026 <strong>Wir verf\u00fcgen \u00fcber unbegrenzte Mengen an\u2026 \u00e4lterem Material<\/strong>.<\/em><\/p>\n<\/blockquote>\n<p class=\"wp-block-paragraph\">Am Mittwoch kritisierte Finanzminister Scott Bessent dann in einer offiziellen Stellungnahme die Medien scharf f\u00fcr ihre j\u00fcngste Berichterstattung. Er ging sogar so weit, den Medien vorzuwerfen, sie seien <strong>die besten Verb\u00fcndeten der Iraner.<\/strong> Pentagon-Chef Pete Hegseth hat in den vergangenen Monaten \u00e4hnliche \u00c4u\u00dferungen get\u00e4tigt und dabei Themen wie \u201eVerrat\u201c angesprochen.<\/p>\n<p class=\"wp-block-paragraph\"><strong>\u201eEiner der besten Verb\u00fcndeten, die die Iraner in dieser Angelegenheit haben, sind die Medien, weil die Medien sofort alle L\u00fcgen ver\u00f6ffentlichen, die diese verbreiten,<\/strong>\u201c, hatte Bessent auf dem G20-Treffen in Asheville verk\u00fcndet.<\/p>\n<p class=\"wp-block-paragraph\">\u201eJeder in diesem Publikum und jede Nachrichtenagentur sollte sich sch\u00e4men, dies zu ver\u00f6ffentlichen und ein l\u00fcgendes Regime f\u00fcr bare M\u00fcnze zu nehmen\u201c, f\u00fcgte Bessent hinzu.<\/p>\n<blockquote class=\"twitter-tweet\">\n<p lang=\"en\" dir=\"ltr\">Bessent on Iran:<\/p>\n<p>One of the best allies Iran has is the media.<\/p>\n<p>The media immediately publishes all the lies that Iran says.<\/p>\n<p>There are no mines in the strait. Two ships did not hit mines. <a target=\"_blank\" rel=\"noopener noreferrer\" href=\"https:\/\/t.co\/SdhyOOye1B\">pic.twitter.com\/SdhyOOye1B<\/a><\/p>\n<p>\u2014 Clash Report (@clashreport) <a target=\"_blank\" rel=\"noopener noreferrer\" href=\"https:\/\/x.com\/clashreport\/status\/2094913659101192696?ref_src=twsrc%5Etfw\">September 1, 2026<\/a><\/p><\/blockquote>\n<p> <script async src=\"https:\/\/platform.x.com\/widgets.js\" charset=\"utf-8\"><\/script><\/p>\n<p class=\"wp-block-paragraph\"><em><strong>\u00dcbersetzung von \u201eX\u201c<\/strong>: Bessent zum Iran:<\/em><\/p>\n<p class=\"wp-block-paragraph\"><em>Einer der besten Verb\u00fcndeten des Iran sind die Medien.<\/em><\/p>\n<p class=\"wp-block-paragraph\"><em>Die Medien ver\u00f6ffentlichen sofort alle L\u00fcgen, die der Iran verbreitet.<\/em><\/p>\n<p class=\"wp-block-paragraph\"><em>In der Meerenge gibt es keine Minen. Zwei Schiffe sind nicht auf Minen gelaufen.<\/em><\/p>\n<p class=\"wp-block-paragraph\">Bessent hat diese Woche weitere \u00c4u\u00dferungen get\u00e4tigt, in denen er im Stil von Bush die <strong>\u201eEntweder seid ihr f\u00fcr uns oder gegen uns\u201c<\/strong>-Argumente im Zusammenhang mit dem Iran-Krieg vorbrachte.<\/p>\n<p class=\"wp-block-paragraph\">Der Iran-Krieg hat diese Woche die Sechs-Monats-Marke erreicht, nachdem Vertreter des Wei\u00dfen Hauses den Amerikanern anfangs wiederholt \u201eversichert\u201c hatten, es handele sich um eine vier- bis sechsw\u00f6chige Operation.<\/p>\n<p class=\"wp-block-paragraph\">Bereits im Mai tadelte Trump einen bekannten Reporter der \u201eNew York Times\u201c wegen <strong>einer Fragestellung, die der Pr\u00e4sident als \u201everr\u00e4terische\u201c Berichterstattung<\/strong> \u00fcber den von den Vereinigten Staaten errungenen <strong>\u201eSieg\u201c<\/strong> bezeichnete.<\/p>\n<p class=\"wp-block-paragraph\">\u201eIch habe einen vollst\u00e4ndigen milit\u00e4rischen Sieg errungen. Aber die Fake News, Leute wie ihr, schreiben falsch. <strong>Du bist ein Schwindler. Wir hatten einen vollst\u00e4ndigen milit\u00e4rischen Sieg<\/strong>. Ich halte das, was du schreibst, tats\u00e4chlich f\u00fcr eine Art Verrat. Du solltest dich sch\u00e4men. <strong>Ich halte es tats\u00e4chlich f\u00fcr Verrat<\/strong>\u201c, hatte Trump damals an Bord der Air Force One zu David Sanger gesagt.<\/p>\n<p class=\"wp-block-paragraph\">***<\/p>\n<p class=\"wp-block-paragraph\">\n<\/div>","protected":false},"excerpt":{"rendered":"<p>Von Tyler Durden Pr\u00e4sident Trump hat sich am Donnerstag auf Truth Social zu Wort gemeldet, um (nicht zum ersten Mal) gegen die Berichterstattung der US-Medien \u00fcber den Krieg im Iran zu wettern, nachdem Finanzminister Scott Bessent Anfang dieser Woche \u00e4hnliche scharfe \u00c4u\u00dferungen gemacht hatte. Trump griff insbesondere die j\u00fcngsten und anhaltenden Berichte \u00fcber einen Mangel [&hellip;]<\/p>\n","protected":false},"author":1,"featured_media":20913,"comment_status":"closed","ping_status":"closed","sticky":false,"template":"","format":"standard","meta":{"_gspb_post_css":"","_uag_custom_page_level_css":"","fifu_image_url":"","fifu_image_alt":"","footnotes":""},"categories":[1],"tags":[],"class_list":["post-20912","post","type-post","status-publish","format-standard","has-post-thumbnail","hentry","category-uncategorized"],"blocksy_meta":{"styles_descriptor":{"styles":{"desktop":"","tablet":"","mobile":""},"google_fonts":[],"version":8}},"uagb_featured_image_src":{"full":["https:\/\/mleexelnfod5.i.optimole.com\/cb:DGZE.d2f\/w:auto\/h:auto\/q:mauto\/f:best\/https:\/\/meiser-tv.de\/wp-content\/uploads\/2026\/09\/image3_23.png",680,600,false],"thumbnail":["https:\/\/mleexelnfod5.i.optimole.com\/cb:DGZE.d2f\/w:150\/h:150\/q:mauto\/rt:fill\/g:ce\/f:best\/https:\/\/meiser-tv.de\/wp-content\/uploads\/2026\/09\/image3_23.png",150,150,true],"medium":["https:\/\/mleexelnfod5.i.optimole.com\/cb:DGZE.d2f\/w:300\/h:265\/q:mauto\/f:best\/https:\/\/meiser-tv.de\/wp-content\/uploads\/2026\/09\/image3_23.png",300,265,true],"medium_large":["https:\/\/mleexelnfod5.i.optimole.com\/cb:DGZE.d2f\/w:auto\/h:auto\/q:mauto\/f:best\/https:\/\/meiser-tv.de\/wp-content\/uploads\/2026\/09\/image3_23.png",680,600,false],"large":["https:\/\/mleexelnfod5.i.optimole.com\/cb:DGZE.d2f\/w:auto\/h:auto\/q:mauto\/f:best\/https:\/\/meiser-tv.de\/wp-content\/uploads\/2026\/09\/image3_23.png",680,600,false],"1536x1536":["https:\/\/mleexelnfod5.i.optimole.com\/cb:DGZE.d2f\/w:auto\/h:auto\/q:mauto\/f:best\/https:\/\/meiser-tv.de\/wp-content\/uploads\/2026\/09\/image3_23.png",680,600,false],"2048x2048":["https:\/\/mleexelnfod5.i.optimole.com\/cb:DGZE.d2f\/w:auto\/h:auto\/q:mauto\/f:best\/https:\/\/meiser-tv.de\/wp-content\/uploads\/2026\/09\/image3_23.png",680,600,false],"trp-custom-language-flag":["https:\/\/mleexelnfod5.i.optimole.com\/cb:DGZE.d2f\/w:14\/h:12\/q:mauto\/f:best\/dpr:2\/https:\/\/meiser-tv.de\/wp-content\/uploads\/2026\/09\/image3_23.png",14,12,true]},"uagb_author_info":{"display_name":"admin","author_link":"https:\/\/meiser-tv.de\/en\/author\/admin\/"},"uagb_comment_info":0,"uagb_excerpt":"Von Tyler Durden Pr\u00e4sident Trump hat sich am Donnerstag auf Truth Social zu Wort gemeldet, um (nicht zum ersten Mal) gegen die Berichterstattung der US-Medien \u00fcber den Krieg im Iran zu wettern, nachdem Finanzminister Scott Bessent Anfang dieser Woche \u00e4hnliche scharfe \u00c4u\u00dferungen gemacht hatte. Trump griff insbesondere die j\u00fcngsten und anhaltenden Berichte \u00fcber einen Mangel&hellip;","_links":{"self":[{"href":"https:\/\/meiser-tv.de\/en\/wp-json\/wp\/v2\/posts\/20912","targetHints":{"allow":["GET"]}}],"collection":[{"href":"https:\/\/meiser-tv.de\/en\/wp-json\/wp\/v2\/posts"}],"about":[{"href":"https:\/\/meiser-tv.de\/en\/wp-json\/wp\/v2\/types\/post"}],"author":[{"embeddable":true,"href":"https:\/\/meiser-tv.de\/en\/wp-json\/wp\/v2\/users\/1"}],"replies":[{"embeddable":true,"href":"https:\/\/meiser-tv.de\/en\/wp-json\/wp\/v2\/comments?post=20912"}],"version-history":[{"count":0,"href":"https:\/\/meiser-tv.de\/en\/wp-json\/wp\/v2\/posts\/20912\/revisions"}],"wp:featuredmedia":[{"embeddable":true,"href":"https:\/\/meiser-tv.de\/en\/wp-json\/wp\/v2\/media\/20913"}],"wp:attachment":[{"href":"https:\/\/meiser-tv.de\/en\/wp-json\/wp\/v2\/media?parent=20912"}],"wp:term":[{"taxonomy":"category","embeddable":true,"href":"https:\/\/meiser-tv.de\/en\/wp-json\/wp\/v2\/categories?post=20912"},{"taxonomy":"post_tag","embeddable":true,"href":"https:\/\/meiser-tv.de\/en\/wp-json\/wp\/v2\/tags?post=20912"}],"curies":[{"name":"wp","href":"https:\/\/api.w.org\/{rel}","templated":true}]}}