{"id":20931,"date":"2026-09-04T08:03:43","date_gmt":"2026-09-04T06:03:43","guid":{"rendered":"https:\/\/meiser-tv.de\/uncategorized\/was-kommt-auf-europa-zu-immer-mehr-staaten-fordern-lebensmittel-wasser-und-bargeld-fuer-den-krisenfall-grossbritannien-reiht-sich-jetzt-neu-in-die-liste-ein\/"},"modified":"2026-09-04T08:03:43","modified_gmt":"2026-09-04T06:03:43","slug":"was-kommt-auf-europa-zu-immer-mehr-staaten-fordern-lebensmittel-wasser-und-bargeld-fuer-den-krisenfall-grossbritannien-reiht-sich-jetzt-neu-in-die-liste-ein","status":"publish","type":"post","link":"https:\/\/meiser-tv.de\/en\/uncategorized\/was-kommt-auf-europa-zu-immer-mehr-staaten-fordern-lebensmittel-wasser-und-bargeld-fuer-den-krisenfall-grossbritannien-reiht-sich-jetzt-neu-in-die-liste-ein\/","title":{"rendered":"Was kommt auf Europa zu? Immer mehr Staaten fordern Lebensmittel, Wasser und Bargeld f\u00fcr den Krisenfall \u2013 Gro\u00dfbritannien reiht sich jetzt neu in die Liste ein"},"content":{"rendered":"<div>\n<p class=\"wp-block-paragraph\">Es ist eine Entwicklung, die kaum noch als Ansammlung einzelner nationaler Vorsorgekampagnen abgetan werden kann: Quer durch Europa werden B\u00fcrger aufgefordert, Wasser, Lebensmittel, Medikamente, Bargeld, Batterien und andere lebenswichtige Dinge zu Hause bereitzuhalten. Drei Tage, eine Woche, in Deutschland m\u00f6glichst sogar zehn Tage.<\/p>\n<p class=\"wp-block-paragraph\">Und 2026 nimmt diese Entwicklung sichtbar Fahrt auf.<\/p>\n<p class=\"wp-block-paragraph\">Seit <a href=\"https:\/\/www.theguardian.com\/environment\/2026\/sep\/03\/angela-eagle-uk-stock-up-supplies-el-nino-warning\" data-type=\"link\" data-id=\"https:\/\/www.theguardian.com\/environment\/2026\/sep\/03\/angela-eagle-uk-stock-up-supplies-el-nino-warning\" target=\"_blank\" rel=\"noopener\">gestern geh\u00f6rt<\/a> auch Gro\u00dfbritannien dazu. Die britische Umweltministerin Angela Eagle rief die Bev\u00f6lkerung dazu auf, gen\u00fcgend Lebensmittel und Wasser vorzuhalten, um mehrere Tage ohne funktionierende Strom- oder Wasserversorgung auszukommen. Offizieller aktueller Anlass ist die Warnung vor einem au\u00dfergew\u00f6hnlich starken El Ni\u00f1o und m\u00f6glichen schweren Unwettern. Gleichzeitig bereitet die Regierung eine breitere Kampagne zur Vorsorge f\u00fcr nationale Notlagen vor.<\/p>\n<p class=\"wp-block-paragraph\">Gro\u00dfbritannien ist damit keineswegs allein.<\/p>\n<h2 class=\"wp-block-heading\">Von Deutschland bis Norwegen: Europa macht sich krisenfest<\/h2>\n<p class=\"wp-block-paragraph\">Deutschland hat seinen <a href=\"https:\/\/www.bbk.bund.de\/DE\/Warnung-Vorsorge\/Vorsorge\/vorsorge_node.html\" data-type=\"link\" data-id=\"https:\/\/www.bbk.bund.de\/DE\/Warnung-Vorsorge\/Vorsorge\/vorsorge_node.html\" target=\"_blank\" rel=\"noopener\">Ratgeber<\/a> \u201eVorsorgen f\u00fcr Krisen und Katastrophen\u201c grundlegend \u00fcberarbeitet. Das Bundesamt f\u00fcr Bev\u00f6lkerungsschutz und Katastrophenhilfe empfiehlt, sich m\u00f6glichst <strong>zehn Tage selbst versorgen<\/strong> zu k\u00f6nnen; mindestens drei Tage sollten es sein. Bemerkenswert ist, dass der neue Ratgeber ausdr\u00fccklich auch das Thema <strong>Krieg<\/strong> aufgreift. Das BBK begr\u00fcndet dies mit dem russischen Angriffskrieg gegen die Ukraine und einer ver\u00e4nderten Risikolage.<\/p>\n<p class=\"wp-block-paragraph\">Im Mai pr\u00e4sentierten Innenminister Alexander Dobrindt und Verteidigungsminister Boris Pistorius zudem den neuen \u201ePakt f\u00fcr Bev\u00f6lkerungsschutz\u201c. Direkt vor dem Berliner Hauptbahnhof demonstrierte das BBK dabei beispielhaft Notvorr\u00e4te f\u00fcr drei und zehn Tage.<\/p>\n<p class=\"wp-block-paragraph\">Polen geht einen \u00e4hnlichen Weg. Der staatliche Sicherheitsratgeber <a href=\"https:\/\/www.gov.pl\/web\/uw-lubuski\/poradnik-bezpieczenstwa-dostepny-w-polskim-jezyku-migowym-pjm?\" data-type=\"link\" data-id=\"https:\/\/www.gov.pl\/web\/uw-lubuski\/poradnik-bezpieczenstwa-dostepny-w-polskim-jezyku-migowym-pjm?\" target=\"_blank\" rel=\"noopener\">behandelt<\/a> neben Naturkatastrophen ausdr\u00fccklich hybride Angriffe und erkl\u00e4rt den B\u00fcrgern unter anderem, wie ein Notfallrucksack f\u00fcr die ersten <strong>72 Stunden<\/strong> zusammengestellt werden sollte.<\/p>\n<p class=\"wp-block-paragraph\">Luxemburg startete im Juli \u201eL\u00ebtz prepare!\u201c. Die Regierung spricht dabei ausdr\u00fccklich von klimatischen, gesundheitlichen, technologischen und <strong>sicherheitsrelevanten Risiken<\/strong> und will die <a href=\"https:\/\/gouvernement.lu\/de\/actualites\/toutes_actualites\/communiques\/2026\/07-juillet\/01-frieden-backes-gloden-letz-prepare.html\" data-type=\"link\" data-id=\"https:\/\/gouvernement.lu\/de\/actualites\/toutes_actualites\/communiques\/2026\/07-juillet\/01-frieden-backes-gloden-letz-prepare.html\" target=\"_blank\" rel=\"noopener\">Krisenvorsorge<\/a> der Bev\u00f6lkerung st\u00e4rken.<\/p>\n<p class=\"wp-block-paragraph\">Besonders weit geht Norwegen. Dort wurde <strong>2026 offiziell zum \u201eTotalverteidigungsjahr\u201c erkl\u00e4rt<\/strong>. Die Regierung bereitet Bev\u00f6lkerung, Beh\u00f6rden und Streitkr\u00e4fte gemeinsam auf schwere Krisen und <a href=\"https:\/\/www.dsb.no\/ros-og-beredskap\/totalforsvarsaret-2026\" data-type=\"link\" data-id=\"https:\/\/www.dsb.no\/ros-og-beredskap\/totalforsvarsaret-2026\" target=\"_blank\" rel=\"noopener\">ausdr\u00fccklich<\/a> auch auf einen m\u00f6glichen Krieg vor. Die B\u00fcrger sollen sich im Ernstfall eine Woche selbst versorgen k\u00f6nnen. Auf der offiziellen Seite hei\u00dft es unmissverst\u00e4ndlich: Bei Krieg oder schweren Krisen sei es sehr wahrscheinlich, dass Dienstleistungen ausfallen, die heute selbstverst\u00e4ndlich erscheinen.<\/p>\n<p class=\"wp-block-paragraph\">Und Ende September bekommen rund <strong>2,2 Millionen Haushalte in Irland<\/strong> einen staatlichen <a href=\"https:\/\/www.irishtimes.com\/ireland\/2026\/08\/28\/emergency-advice-booklets-to-be-distributed-to-households\/\" data-type=\"link\" data-id=\"https:\/\/www.irishtimes.com\/ireland\/2026\/08\/28\/emergency-advice-booklets-to-be-distributed-to-households\/\" target=\"_blank\" rel=\"noopener\">Krisenratgeber<\/a> zugeschickt. Darin geht es um Lebensmittel, Trinkwasser, W\u00e4rme, Kommunikation, Stromausf\u00e4lle und Evakuierung. Offiziell verweist Dublin insbesondere auf die Erfahrungen mit schweren St\u00fcrmen und l\u00e4nger dauernden Ausf\u00e4llen der Infrastruktur.<\/p>\n<h2 class=\"wp-block-heading\">Das geschieht nicht unabh\u00e4ngig voneinander<\/h2>\n<p class=\"wp-block-paragraph\">Der entscheidende Punkt wird sichtbar, wenn man eine Ebene h\u00f6her schaut.<\/p>\n<p class=\"wp-block-paragraph\">Bereits im M\u00e4rz 2025 stellte die EU-Kommission ihre <strong>\u201e<a href=\"https:\/\/civil-protection-humanitarian-aid.ec.europa.eu\/news-stories\/news\/eu-preparedness-union-strategy-prevent-and-react-emerging-threats-and-crises-2025-03-26_en?prefLang=pt\" data-type=\"link\" data-id=\"https:\/\/civil-protection-humanitarian-aid.ec.europa.eu\/news-stories\/news\/eu-preparedness-union-strategy-prevent-and-react-emerging-threats-and-crises-2025-03-26_en?prefLang=pt\" target=\"_blank\" rel=\"noopener\">Preparedness Union Strategy<\/a>\u201c \u2013 Strategie f\u00fcr eine Union der Krisenvorsorge \u2013<\/strong> vor. Darin fordert Br\u00fcssel ausdr\u00fccklich, dass Europas B\u00fcrger im Ernstfall <strong>mindestens 72 Stunden ohne externe Versorgung auskommen k\u00f6nnen<\/strong>.<\/p>\n<p class=\"wp-block-paragraph\">Doch die Strategie geht erheblich weiter als ein paar Konservendosen im Keller. Sie umfasst strategische Vorr\u00e4te, kritische Infrastruktur, gemeinsame Krisen\u00fcbungen, Fr\u00fchwarnsysteme und eine engere <strong>zivil-milit\u00e4rische Zusammenarbeit<\/strong>.<\/p>\n<p class=\"wp-block-paragraph\">2026 wird diese Strategie weiter umgesetzt. Im M\u00e4rz brachte die EU Vertreter von Regierungen, Katastrophenschutz, Milit\u00e4r und Privatwirtschaft zusammen, um die Fortschritte zu \u00fcberpr\u00fcfen und die n\u00e4chsten Schritte festzulegen.<\/p>\n<p class=\"wp-block-paragraph\">Was jetzt in vielen L\u00e4ndern geschieht, ist deshalb zumindest teilweise Bestandteil eines gr\u00f6\u00dferen europ\u00e4ischen Paradigmenwechsels:<\/p>\n<p class=\"wp-block-paragraph\"><strong>Nicht mehr nur der Staat soll auf Krisen vorbereitet sein \u2013 die gesamte Gesellschaft soll krisenfest werden.<\/strong><\/p>\n<h2 class=\"wp-block-heading\">Warum gerade jetzt?<\/h2>\n<p class=\"wp-block-paragraph\">Offiziell gibt es daf\u00fcr nicht den einen Grund. Genannt werden Extremwetter, \u00dcberschwemmungen, Waldbr\u00e4nde, Pandemien, Cyberangriffe, Blackouts, Sabotage, unterbrochene Lieferketten, hybride Angriffe und milit\u00e4rische Konflikte.<\/p>\n<p class=\"wp-block-paragraph\">Das ist wichtig: Es w\u00e4re falsch zu behaupten, die Regierungen w\u00fcssten von einem unmittelbar bevorstehenden Krieg und forderten deshalb ihre B\u00fcrger zum Hamstern auf. Daf\u00fcr gibt es keinen Beleg. Aber ebenso falsch w\u00e4re es, den <strong>sicherheitspolitischen Hintergrund<\/strong> dieser Entwicklung auszublenden.<\/p>\n<p class=\"wp-block-paragraph\">Die EU selbst nennt neben Naturkatastrophen ausdr\u00fccklich <strong>geopolitische Spannungen und Konflikte, hybride Bedrohungen und Cyberangriffe<\/strong> als Gr\u00fcnde f\u00fcr ihre neue Vorsorgestrategie. Gleichzeitig sollen Streitkr\u00e4fte, Polizei, Zivilschutz, Gesundheitswesen und Feuerwehr regelm\u00e4\u00dfig gemeinsam \u00fcben.<\/p>\n<p class=\"wp-block-paragraph\">Norwegen spricht sogar ganz offen von Eigenvorsorge <strong>\u201eim Krieg\u201c<\/strong>. Deutschland hat Krieg neu in seinen Bev\u00f6lkerungsschutz-Ratgeber aufgenommen. Polen bereitet seine B\u00fcrger auf hybride Angriffe vor.<\/p>\n<p class=\"wp-block-paragraph\">Die Sprache hat sich ver\u00e4ndert.<\/p>\n<h2 class=\"wp-block-heading\">Die Bev\u00f6lkerung wird Teil der Verteidigungsplanung<\/h2>\n<p class=\"wp-block-paragraph\">Dahinter steckt eine einfache milit\u00e4rische und logistische Rechnung.<\/p>\n<p class=\"wp-block-paragraph\">Wenn Millionen Menschen bei einem mehrt\u00e4gigen Stromausfall sofort Trinkwasser, Lebensmittel, Medikamente oder W\u00e4rme ben\u00f6tigen, werden Rettungsdienste und staatliche Strukturen innerhalb k\u00fcrzester Zeit \u00fcberlastet.<\/p>\n<p class=\"wp-block-paragraph\">Wer dagegen drei, sieben oder zehn Tage selbstst\u00e4ndig \u00fcberleben kann, entlastet den Staat. Private Vorratshaltung wird damit zu einem Bestandteil gesellschaftlicher Resilienz \u2013 und gesellschaftliche Resilienz wiederum zu einem Bestandteil moderner Sicherheits- und Verteidigungspolitik.<\/p>\n<p class=\"wp-block-paragraph\">Genau deshalb spricht die EU nicht lediglich von Katastrophenschutz, sondern von einem <strong>\u201ewhole-of-society approach\u201c<\/strong>: Staat, Unternehmen, Zivilgesellschaft und B\u00fcrger sollen gemeinsam auf Krisen vorbereitet werden.<\/p>\n<p class=\"wp-block-paragraph\">Es bedeutet dass europ\u00e4ische Regierungen <strong>einen gro\u00dfen Krieg, massive Cyberangriffe, l\u00e4ngerfristige Infrastruktur-Ausf\u00e4lle und andere schwere Systemkrisen inzwischen als Szenarien behandeln, auf die auch die Zivilbev\u00f6lkerung vorbereitet sein muss.<\/strong><\/p>\n<p class=\"wp-block-paragraph\">Jahrzehntelang galt die Vorstellung von Notvorr\u00e4ten, Schutzr\u00e4umen und ziviler Kriegsvorsorge vielen Europ\u00e4ern als Relikt des Kalten Krieges.<\/p>\n<p class=\"wp-block-paragraph\">Jetzt kehrt genau dieses Denken zur\u00fcck.<\/p>\n<p class=\"wp-block-paragraph\">Erst waren es 72 Stunden. Anderswo wurde daraus eine Woche. Deutschland spricht von m\u00f6glichst zehn Tagen. Norwegen erkl\u00e4rt ein ganzes Jahr zum Totalverteidigungsjahr. Irland schickt Millionen Haushalten einen Krisenratgeber. Und nun fordert auch Gro\u00dfbritannien seine B\u00fcrger auf, Wasser und Lebensmittel bereitzuhalten.<\/p>\n<p class=\"wp-block-paragraph\">Die einzelnen Regierungen nennen unterschiedliche unmittelbare Gr\u00fcnde.<\/p>\n<p class=\"wp-block-paragraph\"><strong>Das Gesamtbild ist dennoch un\u00fcbersehbar: Europa bereitet seine Bev\u00f6lkerung wieder darauf vor, dass das Selbstverst\u00e4ndliche pl\u00f6tzlich nicht mehr funktionieren k\u00f6nnte \u2013 Strom, Wasser, Kommunikation, Versorgung und im schlimmsten Fall Frieden.<\/strong><\/p>\n<p class=\"wp-block-paragraph\">Aktuelle Auflistung, aber nicht abschliessend.<\/p>\n<figure class=\"wp-block-table\">\n<table class=\"has-fixed-layout\">\n<thead>\n<tr>\n<th>Datum<\/th>\n<th>Land<\/th>\n<th>Aufruf \/ Ma\u00dfnahme<\/th>\n<\/tr>\n<\/thead>\n<tbody>\n<tr>\n<td><strong>10.\u201317.09.2025<\/strong><\/td>\n<td> <strong>Polen<\/strong><\/td>\n<td>Regierung bewirbt ihren neuen Sicherheitsratgeber und fordert Haushalte auf, <strong>72-Stunden-Notfallrucks\u00e4cke<\/strong> mit Wasser, Lebensmitteln, Medikamenten, Bargeld usw. vorzubereiten. Der Ratgeber soll an s\u00e4mtliche Haushalte gehen.<\/td>\n<\/tr>\n<tr>\n<td><strong>27.10.\u201302.11.2025<\/strong><\/td>\n<td><img data-opt-id=1248704913  fetchpriority=\"high\" decoding=\"async\" src=\"https:\/\/mleexelnfod5.i.optimole.com\/cb:Bs67.d31\/w:auto\/h:auto\/q:mauto\/f:best\/https:\/\/meiser-tv.de\/wp-content\/uploads\/2026\/09\/1f1f3-1f1f4.png\" alt=\"\ud83c\uddf3\ud83c\uddf4\" class=\"wp-smiley\" style=\"height: 1em; max-height: 1em;\"> <strong>Norwegen<\/strong><\/td>\n<td>Nationale Eigenvorsorgewoche 2025. Beh\u00f6rden werben erneut f\u00fcr private Krisenvorsorge; die offizielle Empfehlung lautet inzwischen, <strong>eine Woche selbstst\u00e4ndig durchhalten<\/strong> zu k\u00f6nnen. Die Kampagne wird 2026 fortgesetzt.<\/td>\n<\/tr>\n<tr>\n<td><strong>03.11.2025<\/strong><\/td>\n<td><img data-opt-id=651075828  fetchpriority=\"high\" decoding=\"async\" src=\"https:\/\/mleexelnfod5.i.optimole.com\/cb:Bs67.d31\/w:auto\/h:auto\/q:mauto\/f:best\/https:\/\/meiser-tv.de\/wp-content\/uploads\/2026\/09\/1f1f3-1f1f1.png\" alt=\"\ud83c\uddf3\ud83c\uddf1\" class=\"wp-smiley\" style=\"height: 1em; max-height: 1em;\"> <strong>Niederlande<\/strong><\/td>\n<td>Start der mehrj\u00e4hrigen Regierungskampagne <strong>\u201eDenk vooruit\u201c<\/strong>. B\u00fcrger sollen ein Notfallpaket mit Wasser, haltbaren Lebensmitteln, Bargeld, Radio, Powerbank usw. f\u00fcr <strong>72 Stunden<\/strong> bereithalten.<\/td>\n<\/tr>\n<tr>\n<td><strong>17.11.2025<\/strong><\/td>\n<td><img data-opt-id=651075828  fetchpriority=\"high\" decoding=\"async\" src=\"https:\/\/mleexelnfod5.i.optimole.com\/cb:Bs67.d31\/w:auto\/h:auto\/q:mauto\/f:best\/https:\/\/meiser-tv.de\/wp-content\/uploads\/2026\/09\/1f1f3-1f1f1.png\" alt=\"\ud83c\uddf3\ud83c\uddf1\" class=\"wp-smiley\" style=\"height: 1em; max-height: 1em;\"> <strong>Niederlande<\/strong><\/td>\n<td>Regierung k\u00fcndigt zus\u00e4tzlich die Verteilung eines Krisenratgebers an <strong>mehr als 8,5 Millionen Haushalte<\/strong> an.<\/td>\n<\/tr>\n<tr>\n<td><strong>20.11.2025<\/strong><\/td>\n<td><img data-opt-id=32103659  data-opt-src=\"https:\/\/mleexelnfod5.i.optimole.com\/cb:Bs67.d31\/w:auto\/h:auto\/q:mauto\/f:best\/https:\/\/meiser-tv.de\/wp-content\/uploads\/2026\/09\/1f1eb-1f1f7.png\"  decoding=\"async\" src=\"data:image/svg+xml,%3Csvg%20viewBox%3D%220%200%20100%%20100%%22%20width%3D%22100%%22%20height%3D%22100%%22%20xmlns%3D%22http%3A%2F%2Fwww.w3.org%2F2000%2Fsvg%22%3E%3Crect%20width%3D%22100%%22%20height%3D%22100%%22%20fill%3D%22transparent%22%2F%3E%3C%2Fsvg%3E\" alt=\"\ud83c\uddeb\ud83c\uddf7\" class=\"wp-smiley\" style=\"height: 1em; max-height: 1em;\"> <strong>Frankreich<\/strong><\/td>\n<td>Innenministerium ver\u00f6ffentlicht den neuen staatlichen Krisenratgeber <strong>\u201eTous responsables\u201c<\/strong>. Er soll die Bev\u00f6lkerung auf schwere Krisen vorbereiten und beinhaltet private Vorsorge bzw. ein Notfallpaket.<\/td>\n<\/tr>\n<tr>\n<td><strong>Nov. 2025<\/strong><\/td>\n<td><img data-opt-id=1899652692  data-opt-src=\"https:\/\/mleexelnfod5.i.optimole.com\/cb:Bs67.d31\/w:auto\/h:auto\/q:mauto\/f:best\/https:\/\/meiser-tv.de\/wp-content\/uploads\/2026\/09\/1f1e8-1f1ed.png\"  decoding=\"async\" src=\"data:image/svg+xml,%3Csvg%20viewBox%3D%220%200%20100%%20100%%22%20width%3D%22100%%22%20height%3D%22100%%22%20xmlns%3D%22http%3A%2F%2Fwww.w3.org%2F2000%2Fsvg%22%3E%3Crect%20width%3D%22100%%22%20height%3D%22100%%22%20fill%3D%22transparent%22%2F%3E%3C%2Fsvg%3E\" alt=\"\ud83c\udde8\ud83c\udded\" class=\"wp-smiley\" style=\"height: 1em; max-height: 1em;\"> <strong>Schweiz<\/strong><\/td>\n<td>Das Bundesamt f\u00fcr wirtschaftliche Landesversorgung wirbt erneut daf\u00fcr, Informationen \u00fcber den <strong>Notvorrat m\u00f6glichst breit zu verbreiten<\/strong>. Die Empfehlung selbst ist \u00e4lter; die Informationskampagne wurde bereits 2024\/25 verst\u00e4rkt. Deshalb ist die Schweiz ein <strong>erneuter<\/strong>, kein neuer Aufruf.<\/td>\n<\/tr>\n<tr>\n<td><strong>28.04.2026<\/strong><\/td>\n<td><img data-opt-id=1210924109  data-opt-src=\"https:\/\/mleexelnfod5.i.optimole.com\/cb:Bs67.d31\/w:auto\/h:auto\/q:mauto\/f:best\/https:\/\/meiser-tv.de\/wp-content\/uploads\/2026\/09\/1f1e6-1f1f9.png\"  decoding=\"async\" src=\"data:image/svg+xml,%3Csvg%20viewBox%3D%220%200%20100%%20100%%22%20width%3D%22100%%22%20height%3D%22100%%22%20xmlns%3D%22http%3A%2F%2Fwww.w3.org%2F2000%2Fsvg%22%3E%3Crect%20width%3D%22100%%22%20height%3D%22100%%22%20fill%3D%22transparent%22%2F%3E%3C%2Fsvg%3E\" alt=\"\ud83c\udde6\ud83c\uddf9\" class=\"wp-smiley\" style=\"height: 1em; max-height: 1em;\"> <strong>\u00d6sterreich<\/strong><\/td>\n<td>Landwirtschaftsminister Norbert Totschnig erkl\u00e4rt ausdr\u00fccklich, ein angepasster <strong>Lebensmittelvorrat und Bargeld sollten zur Grundausstattung jedes Haushalts geh\u00f6ren<\/strong>. \u00d6sterreich empfiehlt f\u00fcr Krisen grunds\u00e4tzlich eine Haushaltsbevorratung von Lebensmitteln.<\/td>\n<\/tr>\n<tr>\n<td><strong>02.06.2026<\/strong><\/td>\n<td><img data-opt-id=1414679025  data-opt-src=\"https:\/\/mleexelnfod5.i.optimole.com\/cb:Bs67.d31\/w:auto\/h:auto\/q:mauto\/f:best\/https:\/\/meiser-tv.de\/wp-content\/uploads\/2026\/09\/1f1e9-1f1ea-3.png\"  decoding=\"async\" src=\"data:image/svg+xml,%3Csvg%20viewBox%3D%220%200%20100%%20100%%22%20width%3D%22100%%22%20height%3D%22100%%22%20xmlns%3D%22http%3A%2F%2Fwww.w3.org%2F2000%2Fsvg%22%3E%3Crect%20width%3D%22100%%22%20height%3D%22100%%22%20fill%3D%22transparent%22%2F%3E%3C%2Fsvg%3E\" alt=\"\ud83c\udde9\ud83c\uddea\" class=\"wp-smiley\" style=\"height: 1em; max-height: 1em;\"> <strong>Deutschland<\/strong><\/td>\n<td>Das BBK ver\u00f6ffentlicht\/erweitert seinen neuen Krisenratgeber. B\u00fcrger sollen sich <strong>m\u00f6glichst zehn Tage<\/strong>, mindestens aber drei Tage selbst versorgen k\u00f6nnen. Neu wird ausdr\u00fccklich auch <strong>Krieg<\/strong> behandelt.<\/td>\n<\/tr>\n<tr>\n<td><strong>29.06.2026<\/strong><\/td>\n<td><img data-opt-id=1707779038  data-opt-src=\"https:\/\/mleexelnfod5.i.optimole.com\/cb:Bs67.d31\/w:auto\/h:auto\/q:mauto\/f:best\/https:\/\/meiser-tv.de\/wp-content\/uploads\/2026\/09\/1f1eb-1f1ee.png\"  decoding=\"async\" src=\"data:image/svg+xml,%3Csvg%20viewBox%3D%220%200%20100%%20100%%22%20width%3D%22100%%22%20height%3D%22100%%22%20xmlns%3D%22http%3A%2F%2Fwww.w3.org%2F2000%2Fsvg%22%3E%3Crect%20width%3D%22100%%22%20height%3D%22100%%22%20fill%3D%22transparent%22%2F%3E%3C%2Fsvg%3E\" alt=\"\ud83c\uddeb\ud83c\uddee\" class=\"wp-smiley\" style=\"height: 1em; max-height: 1em;\"> <strong>Finnland<\/strong><\/td>\n<td>Die staatliche Krisenvorsorge wird aktualisiert: Haushalte sollen <strong>mindestens drei Tage<\/strong> Wasser, Lebensmittel, Medikamente und andere wichtige Dinge vorhalten. Die Hinweise behandeln auch milit\u00e4rische Konflikte und Zivilschutz.<\/td>\n<\/tr>\n<tr>\n<td><strong>01.07.2026<\/strong><\/td>\n<td><img data-opt-id=951799272  data-opt-src=\"https:\/\/mleexelnfod5.i.optimole.com\/cb:cZSx.d32\/w:auto\/h:auto\/q:mauto\/f:best\/https:\/\/meiser-tv.de\/wp-content\/uploads\/2026\/09\/1f1f1-1f1fa.png\"  decoding=\"async\" src=\"data:image/svg+xml,%3Csvg%20viewBox%3D%220%200%20100%%20100%%22%20width%3D%22100%%22%20height%3D%22100%%22%20xmlns%3D%22http%3A%2F%2Fwww.w3.org%2F2000%2Fsvg%22%3E%3Crect%20width%3D%22100%%22%20height%3D%22100%%22%20fill%3D%22transparent%22%2F%3E%3C%2Fsvg%3E\" alt=\"\ud83c\uddf1\ud83c\uddfa\" class=\"wp-smiley\" style=\"height: 1em; max-height: 1em;\"> <strong>Luxemburg<\/strong><\/td>\n<td>Regierung pr\u00e4sentiert <strong>\u201eL\u00ebtz prepare!\u201c<\/strong>. Die Bev\u00f6lkerung soll Notreserven und ein <strong>72-Stunden-Kit<\/strong> vorbereiten. Dazu werden \u00f6ffentliche Kampagnen und Vorsorgeinstrumente angek\u00fcndigt.<\/td>\n<\/tr>\n<tr>\n<td><strong>28.08.2026<\/strong><\/td>\n<td><img data-opt-id=1778096342  data-opt-src=\"https:\/\/mleexelnfod5.i.optimole.com\/cb:cZSx.d32\/w:auto\/h:auto\/q:mauto\/f:best\/https:\/\/meiser-tv.de\/wp-content\/uploads\/2026\/09\/1f1ee-1f1ea.png\"  decoding=\"async\" src=\"data:image/svg+xml,%3Csvg%20viewBox%3D%220%200%20100%%20100%%22%20width%3D%22100%%22%20height%3D%22100%%22%20xmlns%3D%22http%3A%2F%2Fwww.w3.org%2F2000%2Fsvg%22%3E%3Crect%20width%3D%22100%%22%20height%3D%22100%%22%20fill%3D%22transparent%22%2F%3E%3C%2Fsvg%3E\" alt=\"\ud83c\uddee\ud83c\uddea\" class=\"wp-smiley\" style=\"height: 1em; max-height: 1em;\"> <strong>Irland<\/strong><\/td>\n<td>Start der neuen Initiative <strong>\u201eBe Emergency Ready\u201c<\/strong>. Mehr als <strong>zwei Millionen Haushalte<\/strong> erhalten ab September einen staatlichen Krisenratgeber; empfohlen werden unter anderem Lebensmittel, Trinkwasser und M\u00f6glichkeiten zur Aufrechterhaltung der Kommunikation.<\/td>\n<\/tr>\n<tr>\n<td><strong>02.09.2026<\/strong><\/td>\n<td><img data-opt-id=1248704913  fetchpriority=\"high\" decoding=\"async\" src=\"https:\/\/mleexelnfod5.i.optimole.com\/cb:Bs67.d31\/w:auto\/h:auto\/q:mauto\/f:best\/https:\/\/meiser-tv.de\/wp-content\/uploads\/2026\/09\/1f1f3-1f1f4.png\" alt=\"\ud83c\uddf3\ud83c\uddf4\" class=\"wp-smiley\" style=\"height: 1em; max-height: 1em;\"> <strong>Norwegen<\/strong><\/td>\n<td>Norwegen k\u00fcndigt die n\u00e4chste nationale <strong>Eigenvorsorgewoche<\/strong> f\u00fcr Oktober an. Die Bev\u00f6lkerung soll weiterhin auf Selbstversorgung und Ausf\u00e4lle von Mobilfunk und Internet vorbereitet werden. 2026 ist dies zus\u00e4tzlich Teil des norwegischen <strong>Totalverteidigungsjahres<\/strong>.<\/td>\n<\/tr>\n<tr>\n<td><strong>03.09.2026<\/strong><\/td>\n<td><img data-opt-id=1058659764  data-opt-src=\"https:\/\/mleexelnfod5.i.optimole.com\/cb:cZSx.d32\/w:auto\/h:auto\/q:mauto\/f:best\/https:\/\/meiser-tv.de\/wp-content\/uploads\/2026\/09\/1f1ec-1f1e7.png\"  decoding=\"async\" src=\"data:image/svg+xml,%3Csvg%20viewBox%3D%220%200%20100%%20100%%22%20width%3D%22100%%22%20height%3D%22100%%22%20xmlns%3D%22http%3A%2F%2Fwww.w3.org%2F2000%2Fsvg%22%3E%3Crect%20width%3D%22100%%22%20height%3D%22100%%22%20fill%3D%22transparent%22%2F%3E%3C%2Fsvg%3E\" alt=\"\ud83c\uddec\ud83c\udde7\" class=\"wp-smiley\" style=\"height: 1em; max-height: 1em;\"> <strong>Gro\u00dfbritannien<\/strong><\/td>\n<td><strong>Aktuellster Fall:<\/strong> Umweltministerin Angela Eagle fordert die Briten auf, gen\u00fcgend <strong>Lebensmittel und Wasser f\u00fcr mehrere Tage<\/strong> bereitzuhalten. Eine gr\u00f6\u00dfere Regierungskampagne zur Vorbereitung auf nationale Notlagen soll folgen.<\/td>\n<\/tr>\n<\/tbody>\n<\/table>\n<\/figure>\n<p class=\"wp-block-paragraph\">Quellen:<\/p>\n<p class=\"wp-block-paragraph\"><a href=\"https:\/\/www.gov.pl\/web\/sluzbacywilna\/poradnik-bezpieczenstwa--praktyczne-wskazowki-dla-kazdego\" target=\"_blank\" rel=\"noopener\">Polen \u2013 staatlicher Sicherheitsratgeber<\/a><br \/><a href=\"https:\/\/www.rijksoverheid.nl\/actueel\/nieuws\/2025\/11\/03\/overheid-start-campagne-denk-vooruit-voorbereiden-op-noodsituatie-steeds-belangrijker\" target=\"_blank\" rel=\"noopener\">Niederlande \u2013 Start \u201eDenk vooruit\u201c am 3. November 2025<\/a><br \/><a href=\"https:\/\/www.rijksoverheid.nl\/actueel\/nieuws\/2025\/11\/17\/minister-van-oosten-presenteert-informatieboekje-bereid-je-voor-op-een-noodsituatie\" target=\"_blank\" rel=\"noopener\">Niederlande \u2013 Krisenratgeber f\u00fcr 8,5 Millionen Haushalte<\/a><br \/><a target=\"_blank\" rel=\"noopener noreferrer\" href=\"https:\/\/www.interieur.gouv.fr\/documentation\/ressources\/guide-tous-responsables.html\">Frankreich \u2013 \u201eTous responsables\u201c vom 20. November 2025<\/a><br \/><a href=\"https:\/\/www.bwl.admin.ch\/de\/newsletter-wl-november2025\" target=\"_blank\" rel=\"noopener\">Schweiz \u2013 Wirtschaftliche Landesversorgung, November 2025<\/a><br \/><a href=\"https:\/\/www.bmluk.gv.at\/service\/presse\/lebensmittel\/2026\/kiras-studie-krisenvorsorge.html\" target=\"_blank\" rel=\"noopener\">\u00d6sterreich \u2013 Minister fordert Lebensmittelvorrat und Bargeld im Haushalt<\/a><br \/><a href=\"https:\/\/www.bbk.bund.de\/DE\/Warnung-Vorsorge\/Vorsorge\/Ratgeber-Checkliste\/ratgeber-checkliste_node.html\" target=\"_blank\" rel=\"noopener\">Deutschland \u2013 neuer BBK-Krisenratgeber 2026<\/a><br \/><a href=\"https:\/\/www.suomi.fi\/guides\/preparedness\/how-to-prepare-for-incidents-and-crises\/general-instructions-on-preparedness-home-emergency-supplies-and-on-what-to-do-in-different-situations\" target=\"_blank\" rel=\"noopener\">Finnland \u2013 staatliche 72-Stunden-Empfehlung, aktualisiert Juni 2026<\/a><br \/><a href=\"https:\/\/maint.gouvernement.lu\/en\/actualites.gouvernement2024%2Ben%2Bactualites%2Btoutes_actualites%2Bcommuniques%2B2026%2B07-juillet%2B01-frieden-backes-gloden-letz-prepare.html\" target=\"_blank\" rel=\"noopener\">Luxemburg \u2013 \u201eL\u00ebtz prepare!\u201c vom 1. Juli 2026<\/a><br \/><a href=\"https:\/\/www.irishtimes.com\/ireland\/2026\/08\/28\/emergency-advice-booklets-to-be-distributed-to-households\" target=\"_blank\" rel=\"noopener\">Irland \u2013 neue Haushaltskampagne vom 28. August 2026<\/a><br \/><a href=\"https:\/\/www.dsb.no\/ros-og-beredskap\/totalforsvarsaret-2026\/egenberedskap-i-krig\" target=\"_blank\" rel=\"noopener\">Norwegen \u2013 Eigenvorsorge und Totalverteidigung 2026<\/a><br \/><a href=\"https:\/\/www.theguardian.com\/environment\/2026\/sep\/03\/angela-eagle-uk-stock-up-supplies-el-nino-warning\" target=\"_blank\" rel=\"noopener\">Gro\u00dfbritannien \u2013 Aufruf vom 3. September 2026<\/a><\/p>\n<p class=\"wp-block-paragraph\">\n<\/div>","protected":false},"excerpt":{"rendered":"<p>Es ist eine Entwicklung, die kaum noch als Ansammlung einzelner nationaler Vorsorgekampagnen abgetan werden kann: Quer durch Europa werden B\u00fcrger aufgefordert, Wasser, Lebensmittel, Medikamente, Bargeld, Batterien und andere lebenswichtige Dinge zu Hause bereitzuhalten. Drei Tage, eine Woche, in Deutschland m\u00f6glichst sogar zehn Tage. Und 2026 nimmt diese Entwicklung sichtbar Fahrt auf. Seit gestern geh\u00f6rt auch [&hellip;]<\/p>\n","protected":false},"author":1,"featured_media":20932,"comment_status":"closed","ping_status":"closed","sticky":false,"template":"","format":"standard","meta":{"_gspb_post_css":"","_uag_custom_page_level_css":"","fifu_image_url":"","fifu_image_alt":"","footnotes":""},"categories":[1],"tags":[],"class_list":["post-20931","post","type-post","status-publish","format-standard","has-post-thumbnail","hentry","category-uncategorized"],"blocksy_meta":{"styles_descriptor":{"styles":{"desktop":"","tablet":"","mobile":""},"google_fonts":[],"version":8}},"uagb_featured_image_src":{"full":["https:\/\/mleexelnfod5.i.optimole.com\/cb:Bs67.d31\/w:auto\/h:auto\/q:mauto\/f:best\/https:\/\/meiser-tv.de\/wp-content\/uploads\/2026\/09\/1f1f5-1f1f1.png",72,72,false],"thumbnail":["https:\/\/mleexelnfod5.i.optimole.com\/cb:Bs67.d31\/w:auto\/h:auto\/q:mauto\/f:best\/https:\/\/meiser-tv.de\/wp-content\/uploads\/2026\/09\/1f1f5-1f1f1.png",72,72,false],"medium":["https:\/\/mleexelnfod5.i.optimole.com\/cb:Bs67.d31\/w:auto\/h:auto\/q:mauto\/f:best\/https:\/\/meiser-tv.de\/wp-content\/uploads\/2026\/09\/1f1f5-1f1f1.png",72,72,false],"medium_large":["https:\/\/mleexelnfod5.i.optimole.com\/cb:Bs67.d31\/w:auto\/h:auto\/q:mauto\/f:best\/https:\/\/meiser-tv.de\/wp-content\/uploads\/2026\/09\/1f1f5-1f1f1.png",72,72,false],"large":["https:\/\/mleexelnfod5.i.optimole.com\/cb:Bs67.d31\/w:auto\/h:auto\/q:mauto\/f:best\/https:\/\/meiser-tv.de\/wp-content\/uploads\/2026\/09\/1f1f5-1f1f1.png",72,72,false],"1536x1536":["https:\/\/mleexelnfod5.i.optimole.com\/cb:Bs67.d31\/w:auto\/h:auto\/q:mauto\/f:best\/https:\/\/meiser-tv.de\/wp-content\/uploads\/2026\/09\/1f1f5-1f1f1.png",72,72,false],"2048x2048":["https:\/\/mleexelnfod5.i.optimole.com\/cb:Bs67.d31\/w:auto\/h:auto\/q:mauto\/f:best\/https:\/\/meiser-tv.de\/wp-content\/uploads\/2026\/09\/1f1f5-1f1f1.png",72,72,false],"trp-custom-language-flag":["https:\/\/mleexelnfod5.i.optimole.com\/cb:Bs67.d31\/w:12\/h:12\/q:mauto\/f:best\/dpr:2\/https:\/\/meiser-tv.de\/wp-content\/uploads\/2026\/09\/1f1f5-1f1f1.png",12,12,true]},"uagb_author_info":{"display_name":"admin","author_link":"https:\/\/meiser-tv.de\/en\/author\/admin\/"},"uagb_comment_info":0,"uagb_excerpt":"Es ist eine Entwicklung, die kaum noch als Ansammlung einzelner nationaler Vorsorgekampagnen abgetan werden kann: Quer durch Europa werden B\u00fcrger aufgefordert, Wasser, Lebensmittel, Medikamente, Bargeld, Batterien und andere lebenswichtige Dinge zu Hause bereitzuhalten. Drei Tage, eine Woche, in Deutschland m\u00f6glichst sogar zehn Tage. Und 2026 nimmt diese Entwicklung sichtbar Fahrt auf. Seit gestern geh\u00f6rt auch&hellip;","_links":{"self":[{"href":"https:\/\/meiser-tv.de\/en\/wp-json\/wp\/v2\/posts\/20931","targetHints":{"allow":["GET"]}}],"collection":[{"href":"https:\/\/meiser-tv.de\/en\/wp-json\/wp\/v2\/posts"}],"about":[{"href":"https:\/\/meiser-tv.de\/en\/wp-json\/wp\/v2\/types\/post"}],"author":[{"embeddable":true,"href":"https:\/\/meiser-tv.de\/en\/wp-json\/wp\/v2\/users\/1"}],"replies":[{"embeddable":true,"href":"https:\/\/meiser-tv.de\/en\/wp-json\/wp\/v2\/comments?post=20931"}],"version-history":[{"count":0,"href":"https:\/\/meiser-tv.de\/en\/wp-json\/wp\/v2\/posts\/20931\/revisions"}],"wp:featuredmedia":[{"embeddable":true,"href":"https:\/\/meiser-tv.de\/en\/wp-json\/wp\/v2\/media\/20932"}],"wp:attachment":[{"href":"https:\/\/meiser-tv.de\/en\/wp-json\/wp\/v2\/media?parent=20931"}],"wp:term":[{"taxonomy":"category","embeddable":true,"href":"https:\/\/meiser-tv.de\/en\/wp-json\/wp\/v2\/categories?post=20931"},{"taxonomy":"post_tag","embeddable":true,"href":"https:\/\/meiser-tv.de\/en\/wp-json\/wp\/v2\/tags?post=20931"}],"curies":[{"name":"wp","href":"https:\/\/api.w.org\/{rel}","templated":true}]}}