{"id":20953,"date":"2026-09-04T09:03:07","date_gmt":"2026-09-04T07:03:07","guid":{"rendered":"https:\/\/meiser-tv.de\/politik\/peskow-schliesst-herabstufung-der-diplomatischen-beziehungen-zu-berlin-auf-russische-initiative-aus\/"},"modified":"2026-09-04T09:03:07","modified_gmt":"2026-09-04T07:03:07","slug":"peskow-schliesst-herabstufung-der-diplomatischen-beziehungen-zu-berlin-auf-russische-initiative-aus","status":"publish","type":"post","link":"https:\/\/meiser-tv.de\/en\/politik\/peskow-schliesst-herabstufung-der-diplomatischen-beziehungen-zu-berlin-auf-russische-initiative-aus\/","title":{"rendered":"Peskow schlie\u00dft Herabstufung der diplomatischen Beziehungen zu Berlin auf russische Initiative aus"},"content":{"rendered":"<div>\n<p>Trotz j\u00fcngster Spannungen im Zusammenhang mit dem Drohnenvorfall am Flughafen Leipzig habe Russland nicht die Absicht, die Herabstufung der diplomatischen Beziehungen zu Deutschland zu initiieren. Dies <a href=\"https:\/\/t.me\/vestiru\/228191\" target=\"_blank\" rel=\"noopener noreferrer\">erkl\u00e4rte<\/a> der Pressesprecher des russischen Pr\u00e4sidenten, Dmitri Peskow, am Donnerstag gegen\u00fcber <em>Westi<\/em>. &#8222;Zumindest sprechen sie nicht dar\u00fcber, und ich glaube nicht, dass wir die Initiatoren werden. Andererseits ist es jedoch offensichtlich, dass sie derzeit zu allen m\u00f6glichen absurden Schritten f\u00e4hig sind&#8220;, sagte Peskow. Die deutschen Beh\u00f6rden h\u00e4tten keine \u00fcberzeugenden Beweise f\u00fcr eine Beteiligung Russlands an den Drohnenvorf\u00e4llen am Flughafen Leipzig, betonte er. &#8222;Das alles wirkt inkonsequent, das alles wirkt absurd&#8220;, f\u00fcgte Peskow hinzu.<\/p>\n<p>Ferner sagte er, dass der deutsche Bundeskanzler Friedrich Merz mit &#8222;quasi drastischen Schritten&#8220; gegen Moskau innenpolitisch Punkte sammeln will. &#8222;Bisher waren alle, die in den letzten Jahren etwas Deutsches in die Luft gesprengt haben, Ukrainer, die von den Deutschen selbst \u00fcberf\u00fchrt wurden&#8220;, merkte Peskow an. &#8222;Haben sie etwa auch nur ein einziges Generalkonsulat der Ukraine bei sich vor dem Hintergrund des laufenden Gerichtsverfahrens geschlossen? Nein, das haben sie nicht. Haben sie etwa irgendwelche ukrainischen Kulturzentren geschlossen? Nein&#8220;, sagte er.<\/p>\n<p>Am Mittwoch <a href=\"https:\/\/www.interfax.ru\/world\/1112614?utm_source=interlink&amp;utm_medium=1112635\" target=\"_blank\" rel=\"noopener noreferrer\">erkl\u00e4rte<\/a> Alexander Gruschko, der stellvertretende russische Au\u00dfenminister, dass eine Herabstufung der diplomatischen Beziehungen zu Deutschland nicht ausgeschlossen werden k\u00f6nne. Er betonte, dass Berlin einen Eskalationskurs gew\u00e4hlt habe, der Moskau verschiedene Gegenma\u00dfnahmen, darunter auch diplomatische, erm\u00f6gliche. Ein vollst\u00e4ndiger Abbruch der diplomatischen Beziehungen werde derzeit jedoch nicht er\u00f6rtert, pr\u00e4zisierte er.\u00a0<\/p>\n<p>Die Beziehungen zwischen den beiden L\u00e4ndern verschlechterten sich, nachdem Deutschland am 1. September Russland f\u00fcr den Drohnenvorfall am Flughafen Leipzig\/Halle im August verantwortlich gemacht hatte. Die deutschen Beh\u00f6rden k\u00fcndigten die baldige Schlie\u00dfung des russischen Generalkonsulats in Bonn an und versprachen, die Kontrollen f\u00fcr die Einreise von Russen nach Deutschland zu versch\u00e4rfen. Zudem will Berlin den Vertrag \u00fcber das Russische Haus in Berlin k\u00fcndigen und dieses Kulturzentrum schlie\u00dfen. Als Gegenma\u00dfnahme k\u00fcndigte der russische Au\u00dfenminister Sergei Lawrow die Schlie\u00dfung der Goethe-Institut-Filialen in Russland an.<\/p>\n<p>Russland hat alle Vorw\u00fcrfe der deutschen Seite zur\u00fcckgewiesen. Der russische Pr\u00e4sident Wladimir Putin <a href=\"http:\/\/kremlin.ru\/events\/president\/news\/80665\" target=\"_blank\" rel=\"noopener noreferrer\">erkl\u00e4rte<\/a>, dass die Anschuldigungen gegen Russland im Zusammenhang mit der innenpolitischen Krise in Deutschland st\u00fcnden. &#8222;Es ist nicht klar, wozu das alles gemacht wird, erkl\u00e4ren l\u00e4sst sich das nur mit einem: dass man sich einem aggressiven Russland entgegenstellen m\u00fcsse. Aber wo sind die Beweise?&#8220;, sagte er.<\/p>\n<p>Putin bezeichnete das j\u00fcngste Vorgehen Berlins gegen Moskau als &#8222;einen groben Fehler&#8220;, der seiner Meinung nach &#8222;im Widerspruch zu den Interessen des deutschen Volkes&#8220; stehe. Putin merkte an, dass die Lage des Bundeskanzlers Merz &#8222;innenpolitisch schwierig&#8220; sei und dass er nicht das Vertrauen seiner B\u00fcrger genie\u00dfe. &#8222;Weil er nicht die nationalen Interessen verteidigt, sondern mit ihnen handelt&#8220;, betonte der Pr\u00e4sident.<\/p>\n<p>Die russische Botschaft in Berlin <a href=\"https:\/\/t.me\/RusEmbDeu\/7948\" target=\"_blank\" rel=\"noopener noreferrer\">bezeichnete<\/a> die Anschuldigungen der deutschen Seite als &#8222;unbegr\u00fcndet und absurd&#8220;. Die diplomatische Vertretung betonte, dass es sich bei dem Drohnenvorfall um eine &#8222;hastig inszenierte Provokation&#8220; im Interesse Kiews, des &#8222;militaristischen Fl\u00fcgels&#8220; der politischen Eliten und der R\u00fcstungsunternehmen Europas handele. Diese Kr\u00e4fte seien daran interessiert, &#8222;den Ukraine-Konflikt anzuheizen&#8220;.<\/p>\n<p><strong>Mehr zum Thema <\/strong>\u2013 <a href=\"https:\/\/de-rtnews.com\/inland\/290454-afd-fraktionsvize-frohnmaier-im-dlf\/\" target=\"_blank\" rel=\"noopener noreferrer\">AfD-Fraktionsvize Frohnmaier: Zweifel, dass Russland hinter der Drohne in Leipzig steht<\/a><\/p>\n<div class=\"EmbedBlock-root EmbedBlock-externalVideo EmbedBlock-rumble\">\n<div class=\"VkEmbed\"><iframe class=\"lazyload\" data-src=\"https:\/\/rumble.com\/embed\/v7cthcg\" frameborder=\"0\" width=\"853\" height=\"480\" allowfullscreen><\/iframe><\/div>\n<\/p><\/div>\n<\/p>\n<\/div>","protected":false},"excerpt":{"rendered":"<p>Trotz j\u00fcngster Spannungen im Zusammenhang mit dem Drohnenvorfall am Flughafen Leipzig habe Russland nicht die Absicht, die Herabstufung der diplomatischen Beziehungen zu Deutschland zu initiieren. Dies erkl\u00e4rte der Pressesprecher des russischen Pr\u00e4sidenten, Dmitri Peskow, am Donnerstag gegen\u00fcber Westi. &#8222;Zumindest sprechen sie nicht dar\u00fcber, und ich glaube nicht, dass wir die Initiatoren werden. Andererseits ist es [&hellip;]<\/p>\n","protected":false},"author":1,"featured_media":4846,"comment_status":"closed","ping_status":"closed","sticky":false,"template":"","format":"standard","meta":{"_gspb_post_css":"","_uag_custom_page_level_css":"","fifu_image_url":"","fifu_image_alt":"","footnotes":""},"categories":[5],"tags":[],"class_list":["post-20953","post","type-post","status-publish","format-standard","has-post-thumbnail","hentry","category-politik"],"blocksy_meta":{"styles_descriptor":{"styles":{"desktop":"","tablet":"","mobile":""},"google_fonts":[],"version":8}},"uagb_featured_image_src":{"full":["https:\/\/mleexelnfod5.i.optimole.com\/w:auto\/h:auto\/q:mauto\/f:best\/https:\/\/i2.wp.com\/meiser-tv.de\/wp-content\/uploads\/2026\/05\/RSS-Hintergrund.jpg?w=1920&fit=1920,1080&ssl=1",1920,1080,true],"thumbnail":["https:\/\/mleexelnfod5.i.optimole.com\/w:auto\/h:auto\/q:mauto\/f:best\/https:\/\/i2.wp.com\/meiser-tv.de\/wp-content\/uploads\/2026\/05\/RSS-Hintergrund.jpg?w=150&resize=150,150&ssl=1",150,150,true],"medium":["https:\/\/mleexelnfod5.i.optimole.com\/w:auto\/h:auto\/q:mauto\/f:best\/https:\/\/i2.wp.com\/meiser-tv.de\/wp-content\/uploads\/2026\/05\/RSS-Hintergrund.jpg?w=300&fit=300,300&ssl=1",300,300,true],"medium_large":["https:\/\/mleexelnfod5.i.optimole.com\/w:auto\/h:auto\/q:mauto\/f:best\/https:\/\/i2.wp.com\/meiser-tv.de\/wp-content\/uploads\/2026\/05\/RSS-Hintergrund.jpg?w=768&resize=768,0&ssl=1",768,0,true],"large":["https:\/\/mleexelnfod5.i.optimole.com\/w:auto\/h:auto\/q:mauto\/f:best\/https:\/\/i2.wp.com\/meiser-tv.de\/wp-content\/uploads\/2026\/05\/RSS-Hintergrund.jpg?w=1024&fit=1024,1024&ssl=1",1024,1024,true],"1536x1536":["https:\/\/mleexelnfod5.i.optimole.com\/w:auto\/h:auto\/q:mauto\/f:best\/https:\/\/i2.wp.com\/meiser-tv.de\/wp-content\/uploads\/2026\/05\/RSS-Hintergrund.jpg?w=1536&fit=1536,1536&ssl=1",1536,1536,true],"2048x2048":["https:\/\/mleexelnfod5.i.optimole.com\/w:auto\/h:auto\/q:mauto\/f:best\/https:\/\/i2.wp.com\/meiser-tv.de\/wp-content\/uploads\/2026\/05\/RSS-Hintergrund.jpg?w=2048&fit=2048,2048&ssl=1",2048,2048,true],"trp-custom-language-flag":["https:\/\/mleexelnfod5.i.optimole.com\/w:auto\/h:auto\/q:mauto\/f:best\/https:\/\/i2.wp.com\/meiser-tv.de\/wp-content\/uploads\/2026\/05\/RSS-Hintergrund.jpg?w=18&fit=18,12&ssl=1",18,12,true]},"uagb_author_info":{"display_name":"admin","author_link":"https:\/\/meiser-tv.de\/en\/author\/admin\/"},"uagb_comment_info":0,"uagb_excerpt":"Trotz j\u00fcngster Spannungen im Zusammenhang mit dem Drohnenvorfall am Flughafen Leipzig habe Russland nicht die Absicht, die Herabstufung der diplomatischen Beziehungen zu Deutschland zu initiieren. Dies erkl\u00e4rte der Pressesprecher des russischen Pr\u00e4sidenten, Dmitri Peskow, am Donnerstag gegen\u00fcber Westi. &#8222;Zumindest sprechen sie nicht dar\u00fcber, und ich glaube nicht, dass wir die Initiatoren werden. Andererseits ist es&hellip;","_links":{"self":[{"href":"https:\/\/meiser-tv.de\/en\/wp-json\/wp\/v2\/posts\/20953","targetHints":{"allow":["GET"]}}],"collection":[{"href":"https:\/\/meiser-tv.de\/en\/wp-json\/wp\/v2\/posts"}],"about":[{"href":"https:\/\/meiser-tv.de\/en\/wp-json\/wp\/v2\/types\/post"}],"author":[{"embeddable":true,"href":"https:\/\/meiser-tv.de\/en\/wp-json\/wp\/v2\/users\/1"}],"replies":[{"embeddable":true,"href":"https:\/\/meiser-tv.de\/en\/wp-json\/wp\/v2\/comments?post=20953"}],"version-history":[{"count":0,"href":"https:\/\/meiser-tv.de\/en\/wp-json\/wp\/v2\/posts\/20953\/revisions"}],"wp:featuredmedia":[{"embeddable":true,"href":"https:\/\/meiser-tv.de\/en\/wp-json\/wp\/v2\/media\/4846"}],"wp:attachment":[{"href":"https:\/\/meiser-tv.de\/en\/wp-json\/wp\/v2\/media?parent=20953"}],"wp:term":[{"taxonomy":"category","embeddable":true,"href":"https:\/\/meiser-tv.de\/en\/wp-json\/wp\/v2\/categories?post=20953"},{"taxonomy":"post_tag","embeddable":true,"href":"https:\/\/meiser-tv.de\/en\/wp-json\/wp\/v2\/tags?post=20953"}],"curies":[{"name":"wp","href":"https:\/\/api.w.org\/{rel}","templated":true}]}}