{"id":20954,"date":"2026-09-04T09:03:08","date_gmt":"2026-09-04T07:03:08","guid":{"rendered":"https:\/\/meiser-tv.de\/politik\/basisgewerkschafter-mobilisieren-gegen-kriegsvorbereitung-und-ruestungsproduktion\/"},"modified":"2026-09-04T09:03:08","modified_gmt":"2026-09-04T07:03:08","slug":"basisgewerkschafter-mobilisieren-gegen-kriegsvorbereitung-und-ruestungsproduktion","status":"publish","type":"post","link":"https:\/\/meiser-tv.de\/en\/politik\/basisgewerkschafter-mobilisieren-gegen-kriegsvorbereitung-und-ruestungsproduktion\/","title":{"rendered":"Basisgewerkschafter mobilisieren gegen Kriegsvorbereitung und R\u00fcstungsproduktion"},"content":{"rendered":"<div>\n<p><em>Von Felicitas Rabe<\/em><\/p>\n<p>In dieser Woche findet von Dienstag bis Samstag im K\u00f6lner Gr\u00fcng\u00fcrtel zum zweiten Mal das antimilitaristische Camp &#8218;Rheinmetall entwaffnen&#8216; statt. Dabei treffen sich Hunderte, vor allem junge Friedensaktivisten, um \u00fcber Widerstand gegen Kriegst\u00fcchtigkeit und Sozialabbau zu diskutieren und sich zu vernetzen. Das\u00a0<a href=\"https:\/\/rheinmetallentwaffnen.noblogs.org\/camp-programm-2026\/\" target=\"_blank\" rel=\"noopener noreferrer\">Camp-Programm<\/a>\u00a0umfasst vielf\u00e4ltige Vortr\u00e4ge und Workshops \u00fcber Hintergr\u00fcnde der Kriegsgefahr und den Widerstand dagegen.<\/p>\n<p>Parallel dazu finden unterschiedliche antimilitaristische Aktionen statt. So\u00a0<a href=\"https:\/\/www.ksta.de\/koeln\/rheinmetall-entwaffnen-blockiert-kaserne-in-koeln-1364622\" target=\"_blank\" rel=\"noopener noreferrer\">blockierten am Donnerstag<\/a>\u00a0rund 140 Teilnehmer des Antikriegs-B\u00fcndnisses &#8218;Rheinmetall entwaffnen&#8216;\u00a0die Zufahrt zur K\u00f6lner L\u00fcttich-Kaserne.\u00a0Gleichzeitig blockierten in Bonn-Beuel mehrere Aktivisten die Werkszufahrt zum R\u00fcstungskonzern\u00a0<a target=\"_blank\" rel=\"noopener noreferrer\" href=\"https:\/\/rp-online.de\/thema\/rheinmetall\/\">Rheinmetall<\/a>, indem sie sich auf der Fahrbahn festklebten.\u00a0<\/p>\n<figure class=\"RTImage-root\">\n<div class=\"RTImage-image RTImage-original\"><picture class=\"Picture-root Picture-original\"><!--[if IE 9]><video style=\"display: none;\"><![endif]--><source media=\"(-webkit-min-device-pixel-ratio: 2) and (min-resolution: 120dpi)\" data-srcset=\" \nhttps:\/\/meiser-tv.de\/wp-content\/uploads\/2026\/09\/6a99cd5ab480cc5b3c2b54ed.jpg 850w,\n                https:\/\/mleexelnfod5.i.optimole.com\/cb:osNd.d34\/w:auto\/h:auto\/q:mauto\/f:best\/https:\/\/meiser-tv.de\/wp-content\/uploads\/2026\/09\/6a99cd5ab480cc5b3c2b54ed.jpg 1960w,            \" srcset=\"data:image\/png;base64,iVBORw0KGgoAAAANSUhEUgAAABAAAAAJCAQAAACRI2S5AAAAEElEQVR42mNkIAAYRxWAAQAG9gAKqv6+AwAAAABJRU5ErkJggg==\"><source data-srcset=\" \nhttps:\/\/meiser-tv.de\/wp-content\/uploads\/2026\/09\/6a99cd5ab480cc5b3c2b54ed.jpg 460w,\n              https:\/\/mleexelnfod5.i.optimole.com\/cb:osNd.d34\/w:auto\/h:auto\/q:mauto\/f:best\/https:\/\/meiser-tv.de\/wp-content\/uploads\/2026\/09\/6a99cd5ab480cc5b3c2b54ed.jpg 980w,\n            \" srcset=\"data:image\/png;base64,iVBORw0KGgoAAAANSUhEUgAAABAAAAAJCAQAAACRI2S5AAAAEElEQVR42mNkIAAYRxWAAQAG9gAKqv6+AwAAAABJRU5ErkJggg==\"><!--[if IE 9]><\/video><![endif]--><\/picture><!-- noscript pattern --><noscript><\/noscript><\/div><figcaption class=\"RTImage-footer\"><span class=\"RTImage-caption\"><span class=\"RTImage-captionItem\">Rheinmetall-Entwaffnen-Camp in K\u00f6ln, 3. September 2026<\/span><\/span><span class=\"RTImage-source\"><span class=\"RTImage-captionItem\">Felicitas Rabe<\/span><\/span><\/figcaption><\/figure>\n<p><strong>Basisgewerkschaftsinitiative &#8218;Sagt Nein&#8216;<\/strong><\/p>\n<p>Am Nachmittag hielten drei Gewerkschafter der\u00a0<a href=\"https:\/\/www.sagtnein.de\/\" target=\"_blank\" rel=\"noopener noreferrer\">Basisgewerkschaft &#8218;Sagt Nein&#8216;<\/a>\u00a0einen Workshop zum Thema: &#8222;Organisieren wir den antimilitaristischen gewerkschaftlichen Widerstand.&#8220;<\/p>\n<p>Andreas Buderus erkl\u00e4rte, die Basisgewerkschaftsinitiative &#8218;Sagt Nein&#8216; sei im Jahr 2023 gegr\u00fcndet worden, nachdem beim DGB-Bundeskongress im Jahr 2022 \u00fcberhaupt keine Diskussion \u00fcber gewerkschaftliche Haltung zur Kriegsvorbereitung und Kriegsbeteiligung gef\u00fchrt worden sei. Beim DGB\u2011Bundeskongress entstand seinerzeit f\u00e4lschlicherweise der Eindruck, es gebe beim DGB keinerlei Anti-Kriegsbeschl\u00fcsse. Bei den Bundeskongressen von Verdi und der IG Metall sei das Schweigen zu Krieg und Umstellung auf R\u00fcstungsproduktion \u00e4hnlich gewesen.<\/p>\n<figure class=\"RTImage-root\">\n<div class=\"RTImage-image RTImage-original\"><picture class=\"Picture-root Picture-original\"><!--[if IE 9]><video style=\"display: none;\"><![endif]--><source media=\"(-webkit-min-device-pixel-ratio: 2) and (min-resolution: 120dpi)\" data-srcset=\" \nhttps:\/\/meiser-tv.de\/wp-content\/uploads\/2026\/09\/6a99cdc648fbef55080f47bc.jpg 850w,\n                https:\/\/mleexelnfod5.i.optimole.com\/cb:osNd.d34\/w:auto\/h:auto\/q:mauto\/f:best\/https:\/\/meiser-tv.de\/wp-content\/uploads\/2026\/09\/6a99cdc648fbef55080f47bc.jpg 1960w,            \" srcset=\"data:image\/png;base64,iVBORw0KGgoAAAANSUhEUgAAABAAAAAJCAQAAACRI2S5AAAAEElEQVR42mNkIAAYRxWAAQAG9gAKqv6+AwAAAABJRU5ErkJggg==\"><source data-srcset=\" \nhttps:\/\/meiser-tv.de\/wp-content\/uploads\/2026\/09\/6a99cdc648fbef55080f47bc.jpg 460w,\n              https:\/\/mleexelnfod5.i.optimole.com\/cb:osNd.d34\/w:auto\/h:auto\/q:mauto\/f:best\/https:\/\/meiser-tv.de\/wp-content\/uploads\/2026\/09\/6a99cdc648fbef55080f47bc.jpg 980w,\n            \" srcset=\"data:image\/png;base64,iVBORw0KGgoAAAANSUhEUgAAABAAAAAJCAQAAACRI2S5AAAAEElEQVR42mNkIAAYRxWAAQAG9gAKqv6+AwAAAABJRU5ErkJggg==\"><!--[if IE 9]><\/video><![endif]--><img data-opt-id=791639987  fetchpriority=\"high\" decoding=\"async\" data-sizes=\"auto\" src=\"data:image\/png;base64,iVBORw0KGgoAAAANSUhEUgAAABAAAAAJCAQAAACRI2S5AAAAEElEQVR42mNkIAAYRxWAAQAG9gAKqv6+AwAAAABJRU5ErkJggg==\" class=\"Picture-root Picture-original lazyload\" data-src=\"https:\/\/mleexelnfod5.i.optimole.com\/cb:osNd.d34\/w:auto\/h:auto\/q:mauto\/f:best\/https:\/\/meiser-tv.de\/wp-content\/uploads\/2026\/09\/6a99cdc648fbef55080f47bc.jpg\" alt=\"\"><\/picture><!-- noscript pattern --><noscript><img data-opt-id=439993439  fetchpriority=\"high\" decoding=\"async\" src=\"https:\/\/mleexelnfod5.i.optimole.com\/cb:osNd.d34\/w:auto\/h:auto\/q:mauto\/f:best\/https:\/\/meiser-tv.de\/wp-content\/uploads\/2026\/09\/6a99cdc648fbef55080f47bc.jpg\" alt=\"\"><\/noscript><\/div><figcaption class=\"RTImage-footer\"><span class=\"RTImage-caption\"><span class=\"RTImage-captionItem\">Rheinmetall-Entwaffnen-Camp in K\u00f6ln, 3. September 2026<\/span><\/span><span class=\"RTImage-source\"><span class=\"RTImage-captionItem\">Felicitas Rabe<\/span><\/span><\/figcaption><\/figure>\n<p>Im Gegenteil, deutsche Gewerkschaftsfunktion\u00e4re h\u00e4tten verk\u00fcndet: &#8222;Wir als Verdi, und als IG\u00a0Metall m\u00fcssen die Reihen schlie\u00dfen, denn es droht ein gro\u00dfer Krieg,&#8220; gab Buderus die Haltung der Gewerkschaftsf\u00fchrungen wieder.\u00a0Die Basisinitiative st\u00fcnde weiterhin zu den Parolen:<\/p>\n<blockquote>\n<p><em>&#8222;Macht den imperialen Krieg zum sozialen Krieg. Wir schie\u00dfen nicht auf Arbeiter und Arbeiterinnen.&#8220;<\/em><\/p>\n<\/blockquote>\n<p>Seien anfangs bei &#8218;Sagt Nein&#8216; nur 20 Aktivisten gewesen, sei die Zahl aktuell auf 40.000 Unterst\u00fctzer angestiegen. Die Basisgewerkschaft sei mittlerweile international mit Basisgewerkschaften anderer L\u00e4nder vernetzt. &#8218;Sagt Nein&#8216; beteilige sich deshalb auch am 30. Oktober an der gro\u00dfen internationalen Aktion Blockade der Hafenarbeiter. An diesem Tag w\u00fcrde in vielen europ\u00e4ischen H\u00e4fen die Verladung von R\u00fcstungsg\u00fctern und Kriegsger\u00e4ten verweigert. Deutsche Hafenarbeiter w\u00fcrden sich nicht beteiligen.<\/p>\n<p>Unterdessen habe sich der IG\u2011Metall-Vorstand gemeinsam mit Vertretern aus Politik und Wirtschaft an der von der\u00a0<em>Handelsblatt Media Group<\/em>\u00a0organisierten Konferenz zum Thema &#8218;<a href=\"https:\/\/www.bdli.de\/termine\/handelsblattkonferenz-wirtschaftsfaktor-ruestung-2025\" target=\"_blank\" rel=\"noopener noreferrer\">Wirtschaftsfaktor R\u00fcstung<\/a>&#8218; beteiligt. Dort habe man im September 2025 mit dem IG-Metall-Vorstand die Frage diskutiert, ob die milit\u00e4rische Zeitenwende und R\u00fcstungskooperationen mit der Ukraine zu einem unerwarteten Wachstumstreiber \u2013 oft als &#8222;olivgr\u00fcnes Wirtschaftswunder&#8220; betitelt \u2013 f\u00fcr die deutsche Industrie werden k\u00f6nnen.<\/p>\n<p>Die IG Metall sehe aktuell ihre Rolle darin, in der R\u00fcstungsindustrie f\u00fcr ordentliche Arbeitsbedingungen und Tarifvertr\u00e4ge f\u00fcr die Besch\u00e4ftigten zu sorgen, habe es seitens der Gewerkschaftsspitze gehei\u00dfen.\u00a0Felix von &#8218;Sagt Nein&#8216; f\u00fchrte aus:<\/p>\n<blockquote>\n<p><em>&#8222;Die Kriegswirtschaft ist nicht nur der letzte Rettungsanker des durch die Wirtschaftskrise besonders gebeutelten deutschen Imperialismus. Sie ist eine internationale Erscheinung am Vorabend eines neuen Weltkriegs.&#8220;<\/em><\/p>\n<\/blockquote>\n<p>Vor diesem Hintergrund sei es makabre Realsatire, wenn die Wirtschaftsvereinigung der Gr\u00fcnen die F\u00f6rderung eines &#8222;\u00d6kosystems&#8220; von R\u00fcstungskonzernen, Mittelst\u00e4ndlern und Start-ups fordere, um die deutsche Wirtschaft innovativer zu machen.<\/p>\n<p><strong>Bald alle Russen in Deutschland unter Generalverdacht?<\/strong><\/p>\n<p>Schlie\u00dflich erinnerte der Basisgewerkschafter H.G. Schuster, an die neuesten Propagandakonstruktionen zur F\u00f6rderung von Russophobie und f\u00fcr die Mobilisierung zum Krieg gegen Russland. Am 1. September erkl\u00e4rten die beiden deutschen Minister, Johann Wadephul und Alexander Dobrindt, Russland habe den Flughafen Leipzig\/Halle mit einer Drohne angegriffen. Deshalb sollen das russische Konsulat in Bonn und das russische Haus in Berlin geschlossen werden. In Anbetracht aller neuen Ma\u00dfnahmen gegen Russland, k\u00f6nne man davon ausgehen, so Schuster, dass demn\u00e4chst auch alle Russen in Deutschland unter Generalverdacht gestellt w\u00fcrden. Schuster erinnerte in diesem Kontext auch daran, dass es ebenfalls an einem ersten September gewesen sei, und zwar im Jahr 1939, als von der Hitler-Regierung erkl\u00e4rt worden sei: &#8222;Ab heute wird zur\u00fcckgeschossen.&#8220;<\/p>\n<p>W\u00e4hrend Bundeskanzler Friedrich Merz f\u00fcr weiteren Sozialabbau werbe mit den Worten: &#8222;Was n\u00fctzt einem das Elterngeld, wenn wir uns nicht verteidigen k\u00f6nnen!&#8220; st\u00fcnden die Gewerkschaftsfunktion\u00e4re Gewehr bei Fu\u00df. Noch w\u00fcrde ein Gro\u00dfteil der Besch\u00e4ftigten aus Angst vor Arbeitslosigkeit die Arbeit in der R\u00fcstungsindustrie akzeptieren. Doch ein Teil der Belegschaften sowie die Basisgewerkschafter seien sich der zunehmenden Kriegsgefahr bewusst und mobilisierten gegen R\u00fcstungsproduktion und Kriegsvorbereitung. So h\u00e4tten die 700 Vertrauensleute im Mercedeswerk in Untert\u00fcrkheim in einer gemeinsamen Erkl\u00e4rung sinngem\u00e4\u00df angek\u00fcndigt:<\/p>\n<blockquote>\n<p><em>&#8222;Wenn die Gewerkschaftsspitzen z\u00f6gern, jetzt in die Aktion zu kommen, machen wir das selbst.&#8220;<\/em><\/p>\n<\/blockquote>\n<p>Insofern f\u00e4nde innerhalb der Gewerkschaften ein Bruch statt. L\u00e4ngst habe die IG Metall die Debatte nicht mehr im Griff, erkl\u00e4rte Schuster.\u00a0Die Basisgewerkschaft &#8218;Sagt Nein&#8216;, die Gewerkschaftslinke Hamburg und die Initiative &#8218;Vernetzung f\u00fcr k\u00e4mpferische Gewerkschaften&#8216; (VKG) wollen den Burgfrieden der Gewerkschaftsf\u00fchrungen nicht l\u00e4nger hinnehmen. Zur weiteren Vernetzung laden sie antimilitaristische Gewerkschafter und Betriebsgruppen am 16. und 17. Oktober in das Stadtteilzentrum Vorderer Westen nach Kassel ein.<\/p>\n<p><strong>Mehr zum Thema<\/strong> &#8211;\u00a0<a href=\"https:\/\/de-rtnews.com\/meinung\/288629-zurueck-in-barbarei-kapitallobby-trommelt\/\" target=\"_blank\" rel=\"noopener noreferrer\">Zur\u00fcck in die Barbarei: Kapitallobby trommelt f\u00fcr grenzenlose Ausbeutung<\/a><\/p>\n<div class=\"EmbedBlock-root EmbedBlock-externalVideo EmbedBlock-rumble\">\n<div class=\"VkEmbed\"><iframe class=\"lazyload\" data-src=\"https:\/\/rumble.com\/embed\/v7cunpy\" frameborder=\"0\" width=\"853\" height=\"480\" allowfullscreen><\/iframe><\/div>\n<\/p><\/div>\n<\/p>\n<\/div>\n","protected":false},"excerpt":{"rendered":"<p>Von Felicitas Rabe In dieser Woche findet von Dienstag bis Samstag im K\u00f6lner Gr\u00fcng\u00fcrtel zum zweiten Mal das antimilitaristische Camp &#8218;Rheinmetall entwaffnen&#8216; statt. Dabei treffen sich Hunderte, vor allem junge Friedensaktivisten, um \u00fcber Widerstand gegen Kriegst\u00fcchtigkeit und Sozialabbau zu diskutieren und sich zu vernetzen. Das\u00a0Camp-Programm\u00a0umfasst vielf\u00e4ltige Vortr\u00e4ge und Workshops \u00fcber Hintergr\u00fcnde der Kriegsgefahr und den [&hellip;]<\/p>\n","protected":false},"author":1,"featured_media":20955,"comment_status":"closed","ping_status":"closed","sticky":false,"template":"","format":"standard","meta":{"_gspb_post_css":"","_uag_custom_page_level_css":"","fifu_image_url":"","fifu_image_alt":"","footnotes":""},"categories":[5],"tags":[],"class_list":["post-20954","post","type-post","status-publish","format-standard","has-post-thumbnail","hentry","category-politik"],"blocksy_meta":{"styles_descriptor":{"styles":{"desktop":"","tablet":"","mobile":""},"google_fonts":[],"version":8}},"uagb_featured_image_src":{"full":["https:\/\/mleexelnfod5.i.optimole.com\/cb:osNd.d34\/w:auto\/h:auto\/q:mauto\/f:best\/https:\/\/meiser-tv.de\/wp-content\/uploads\/2026\/09\/6a99cd5ab480cc5b3c2b54ed.jpg",1280,960,false],"thumbnail":["https:\/\/mleexelnfod5.i.optimole.com\/cb:osNd.d34\/w:150\/h:150\/q:mauto\/rt:fill\/g:ce\/f:best\/https:\/\/meiser-tv.de\/wp-content\/uploads\/2026\/09\/6a99cd5ab480cc5b3c2b54ed.jpg",150,150,true],"medium":["https:\/\/mleexelnfod5.i.optimole.com\/cb:osNd.d34\/w:300\/h:225\/q:mauto\/f:best\/https:\/\/meiser-tv.de\/wp-content\/uploads\/2026\/09\/6a99cd5ab480cc5b3c2b54ed.jpg",300,225,true],"medium_large":["https:\/\/mleexelnfod5.i.optimole.com\/cb:osNd.d34\/w:768\/h:576\/q:mauto\/f:best\/https:\/\/meiser-tv.de\/wp-content\/uploads\/2026\/09\/6a99cd5ab480cc5b3c2b54ed.jpg",768,576,true],"large":["https:\/\/mleexelnfod5.i.optimole.com\/cb:osNd.d34\/w:1024\/h:768\/q:mauto\/f:best\/https:\/\/meiser-tv.de\/wp-content\/uploads\/2026\/09\/6a99cd5ab480cc5b3c2b54ed.jpg",1024,768,true],"1536x1536":["https:\/\/mleexelnfod5.i.optimole.com\/cb:osNd.d34\/w:auto\/h:auto\/q:mauto\/f:best\/https:\/\/meiser-tv.de\/wp-content\/uploads\/2026\/09\/6a99cd5ab480cc5b3c2b54ed.jpg",1280,960,false],"2048x2048":["https:\/\/mleexelnfod5.i.optimole.com\/cb:osNd.d34\/w:auto\/h:auto\/q:mauto\/f:best\/https:\/\/meiser-tv.de\/wp-content\/uploads\/2026\/09\/6a99cd5ab480cc5b3c2b54ed.jpg",1280,960,false],"trp-custom-language-flag":["https:\/\/mleexelnfod5.i.optimole.com\/cb:osNd.d34\/w:16\/h:12\/q:mauto\/f:best\/dpr:2\/https:\/\/meiser-tv.de\/wp-content\/uploads\/2026\/09\/6a99cd5ab480cc5b3c2b54ed.jpg",16,12,true]},"uagb_author_info":{"display_name":"admin","author_link":"https:\/\/meiser-tv.de\/en\/author\/admin\/"},"uagb_comment_info":0,"uagb_excerpt":"Von Felicitas Rabe In dieser Woche findet von Dienstag bis Samstag im K\u00f6lner Gr\u00fcng\u00fcrtel zum zweiten Mal das antimilitaristische Camp &#8218;Rheinmetall entwaffnen&#8216; statt. Dabei treffen sich Hunderte, vor allem junge Friedensaktivisten, um \u00fcber Widerstand gegen Kriegst\u00fcchtigkeit und Sozialabbau zu diskutieren und sich zu vernetzen. Das\u00a0Camp-Programm\u00a0umfasst vielf\u00e4ltige Vortr\u00e4ge und Workshops \u00fcber Hintergr\u00fcnde der Kriegsgefahr und den&hellip;","_links":{"self":[{"href":"https:\/\/meiser-tv.de\/en\/wp-json\/wp\/v2\/posts\/20954","targetHints":{"allow":["GET"]}}],"collection":[{"href":"https:\/\/meiser-tv.de\/en\/wp-json\/wp\/v2\/posts"}],"about":[{"href":"https:\/\/meiser-tv.de\/en\/wp-json\/wp\/v2\/types\/post"}],"author":[{"embeddable":true,"href":"https:\/\/meiser-tv.de\/en\/wp-json\/wp\/v2\/users\/1"}],"replies":[{"embeddable":true,"href":"https:\/\/meiser-tv.de\/en\/wp-json\/wp\/v2\/comments?post=20954"}],"version-history":[{"count":0,"href":"https:\/\/meiser-tv.de\/en\/wp-json\/wp\/v2\/posts\/20954\/revisions"}],"wp:featuredmedia":[{"embeddable":true,"href":"https:\/\/meiser-tv.de\/en\/wp-json\/wp\/v2\/media\/20955"}],"wp:attachment":[{"href":"https:\/\/meiser-tv.de\/en\/wp-json\/wp\/v2\/media?parent=20954"}],"wp:term":[{"taxonomy":"category","embeddable":true,"href":"https:\/\/meiser-tv.de\/en\/wp-json\/wp\/v2\/categories?post=20954"},{"taxonomy":"post_tag","embeddable":true,"href":"https:\/\/meiser-tv.de\/en\/wp-json\/wp\/v2\/tags?post=20954"}],"curies":[{"name":"wp","href":"https:\/\/api.w.org\/{rel}","templated":true}]}}