{"id":20957,"date":"2026-09-04T09:03:13","date_gmt":"2026-09-04T07:03:13","guid":{"rendered":"https:\/\/meiser-tv.de\/politik\/island-sagt-nein-zur-eu-und-die-groenland-frage-schwebt-mit-von-jochen-mitschka\/"},"modified":"2026-09-04T09:03:13","modified_gmt":"2026-09-04T07:03:13","slug":"island-sagt-nein-zur-eu-und-die-groenland-frage-schwebt-mit-von-jochen-mitschka","status":"publish","type":"post","link":"https:\/\/meiser-tv.de\/en\/politik\/island-sagt-nein-zur-eu-und-die-groenland-frage-schwebt-mit-von-jochen-mitschka\/","title":{"rendered":"Island sagt Nein zur EU \u2013 und die Gr\u00f6nland-Frage schwebt mit | Von Jochen Mitschka"},"content":{"rendered":"<div>\n<p><em>Ein Meinungsbeitrag von <strong>Jochen Mitschka<\/strong>.<\/em><\/p>\n<p>Die Isl\u00e4nder haben sich in einem Referendum am 30. August 2026 gegen eine Wiederaufnahme der EU-Beitrittsverhandlungen entschieden. Nach Angaben des \u00f6ffentlich-rechtlichen Senders RUV stimmten <strong>52,8 Prozent dagegen und 47,2 Prozent daf\u00fcr<\/strong> \u2013 ein denkbar knappes Ergebnis, wie <a target=\"_blank\" rel=\"noopener noreferrer\" href=\"https:\/\/www.srf.ch\/news\/international\/eu-referendum-island-lehnt-neue-eu-beitrittsgespraeche-ab?ref=apolut.net\"><u>SRF<\/u><\/a> berichtet. Rund 12.000 Stimmen entschieden gegen die Fortsetzung von Gespr\u00e4chen, die bereits vor 13 Jahren unterbrochen worden waren, wie <a target=\"_blank\" rel=\"noopener noreferrer\" href=\"https:\/\/www.t-online.de\/nachrichten\/ausland\/internationale-politik\/id_101411656\/island-lehnt-eu-refendum-nach-knappem-kopf-an-kopf-rennen-ab-.html?ref=apolut.net\"><u>t-online<\/u><\/a> schreibt. Einzig die Hauptstadt Reykjavik stimmte mehrheitlich f\u00fcr eine Fortsetzung der Gespr\u00e4che.<\/p>\n<p>Sozialdemokratische Regierungschefin Kristr\u00fan Frostad\u00f3ttir hatte vorab angek\u00fcndigt, sich an das Ergebnis zu halten, und die Abstimmung \u00f6ffentlich als <em>\u201eeine der bedeutendsten Schritte\u201c<\/em> bezeichnet, mit denen sich <em>\u201eRisiken f\u00fcr die Insel\u201c<\/em> reduzieren lie\u00dfen (Quelle: <a target=\"_blank\" rel=\"noopener noreferrer\" href=\"https:\/\/www.t-online.de\/nachrichten\/ausland\/internationale-politik\/id_101411656\/island-lehnt-eu-refendum-nach-knappem-kopf-an-kopf-rennen-ab-.html?ref=apolut.net\"><u>t-online<\/u><\/a>). Ein Nein, so hatte sie zuvor erkl\u00e4rt, werde die jahrzehntelange Debatte \u00fcber einen EU-Beitritt dauerhaft beenden, berichtet <a target=\"_blank\" rel=\"noopener noreferrer\" href=\"https:\/\/www.srf.ch\/news\/international\/eu-referendum-island-lehnt-neue-eu-beitrittsgespraeche-ab?ref=apolut.net\"><u>SRF<\/u><\/a>.<\/p>\n<p><strong>Update: Reaktionen und offene Formalien nach der Abstimmung<\/strong><\/p>\n<p>Nach Bekanntgabe des Ergebnisses fielen die Reaktionen in Island gespalten aus. Frostad\u00f3ttir k\u00fcndigte an, das Ergebnis zu respektieren, und w\u00fcrdigte zugleich die hohe Wahlbeteiligung, wie <a target=\"_blank\" rel=\"noopener noreferrer\" href=\"https:\/\/de.euronews.com\/my-europe\/2026\/08\/30\/erleichterung-und-trauer-in-island-nach-gescheitertem-referendum-uber-eu-beitrittsgesprach?ref=apolut.net\"><u>euronews<\/u><\/a> berichtet. Unter den W\u00e4hlern reichte die Bandbreite von Erleichterung \u00fcber das Ende einer als aggressiv empfundenen Debatte bis zu sp\u00fcrbarer Entt\u00e4uschung, die manche Gegner einer EU-Ann\u00e4herung kaum fassen konnten. Regional zeigte sich ein deutliches Stadt-Land-Gef\u00e4lle: W\u00e4hrend Reykjavik mehrheitlich f\u00fcr eine Fortsetzung der Gespr\u00e4che votierte, gab au\u00dferhalb der Hauptstadt eine klare Mehrheit von rund 118.000 gegen\u00fcber 105.000 Stimmen den Ausschlag gegen eine Wiederaufnahme, wie <a target=\"_blank\" rel=\"noopener noreferrer\" href=\"https:\/\/www.ad-hoc-news.de\/ausland\/seit-jahren-wird-auf-island-emotional-ueber-das-fuer-und-wider-eines\/70023840?ref=apolut.net\"><u>Handelsblatt<\/u><\/a> berichtet \u2013 die l\u00e4ndlichen, von der Fischerei gepr\u00e4gten Wahlkreise gaben damit den Ausschlag.<\/p>\n<p>Formal bleibt der 2009 gestellte Beitrittsantrag Islands vorerst bestehen, da er nie offiziell zur\u00fcckgezogen wurde; im Parlament wird nun diskutiert, ob es zu einem kompletten R\u00fcckzug kommen soll. F\u00fcr Frostad\u00f3ttirs Mitte-links-Regierung ist das knappe Nein in jedem Fall eine politische Niederlage, nachdem sie seit ihrem Amtsantritt Ende 2024 auf eine neue Volksabstimmung \u00fcber EU-Verhandlungen hingearbeitet hatte.<\/p>\n<p><strong>Vorab: Island und die EU \u2013 Integriert, aber ohne Stimmrecht<\/strong><\/p>\n<p>Auch ohne eine formelle EU-Mitgliedschaft ist Island bereits tief in die Strukturen der Europ\u00e4ischen Union eingebunden. Durch das Abkommen \u00fcber den <strong>Europ\u00e4ischen Wirtschaftsraum (EWR)<\/strong>, dem das Land seit 1994 angeh\u00f6rt, ist Island Teil des <strong>EU-Binnenmarktes<\/strong>. Das bedeutet, dass der Inselstaat den freien Verkehr von Waren, Personen, Dienstleistungen und Kapital garantiert. Um diesen Zugang zu behalten, \u00fcbernimmt Island kontinuierlich einen Gro\u00dfteil der <strong>EU-Gesetze und -Regulierungen<\/strong> in Bereichen wie Verbraucherschutz, Umweltpolitik und Arbeitsrecht. Zudem ist Island Teil des <strong>Schengen-Raums<\/strong>, wodurch die Grenzkontrollen zu anderen Mitgliedstaaten entfallen.<\/p>\n<p>Der entscheidende Unterschied zu einer Vollmitgliedschaft: Island hat <strong>kein Stimmrecht<\/strong> bei der Gestaltung dieser Gesetze in Br\u00fcssel und ist von Kernbereichen wie der Gemeinsamen Agrarpolitik und \u2013 f\u00fcr das Land besonders kritisch \u2013 der <strong>Gemeinsamen Fischereipolitik<\/strong> ausgenommen. Das aktuelle Referendum drehte sich daher weniger um eine grundlegende West- oder Ost-Ausrichtung, sondern um die Frage, ob Island vom passiven Regel\u00fcbernehmer zum aktiven Mitgestalter mit vollem Souver\u00e4nit\u00e4tsverzicht aufsteigen soll.<\/p>\n<p><strong>Die Vorgeschichte: von 2009 bis heute<\/strong><\/p>\n<p>Island hatte inmitten der Finanzkrise 2009 einen EU-Beitrittsantrag gestellt. Nach dem Regierungswechsel 2013 legte eine EU-skeptische Koalition den Prozess auf Eis, 2015 teilte Reykjavik Br\u00fcssel mit, nicht mehr als Beitrittskandidat gelten zu wollen \u2013 formell zur\u00fcckgezogen wurde der Antrag jedoch nie, wie <a target=\"_blank\" rel=\"noopener noreferrer\" href=\"https:\/\/www.srf.ch\/news\/international\/eu-referendum-island-lehnt-neue-eu-beitrittsgespraeche-ab?ref=apolut.net\"><u>SRF<\/u><\/a> rekapituliert. Erst in den vergangenen Jahren wuchs das Interesse an einer Mitgliedschaft wieder, ehe die Frostad\u00f3ttir-Regierung das aktuelle Referendum ansetzte \u2013 mit der Zusage, im Erfolgsfall ein zweites, verbindliches Referendum \u00fcber die tats\u00e4chliche Mitgliedschaft folgen zu lassen.<\/p>\n<p>Als zentrales Gegenargument der Nein-Seite gilt die Sorge um die Kontrolle \u00fcber die isl\u00e4ndischen Fischereiressourcen sowie die Bef\u00fcrchtung, im Fall eines Beitritts eigene Souver\u00e4nit\u00e4tsrechte zu verlieren.<\/p>\n<p><strong>Der Trump-Faktor: Verwechslung mit Symbolkraft<\/strong><\/p>\n<p>Zeitlich f\u00e4llt das Referendum in eine Phase, in der Island ungewollt selbst zum Running Gag der US-Au\u00dfenpolitik wurde. Beim Weltwirtschaftsforum in Davos verwechselte US-Pr\u00e4sident Donald Trump bei seinem Pl\u00e4doyer f\u00fcr eine \u00dcbernahme Gr\u00f6nlands die d\u00e4nische Arktisinsel wiederholt mit Island: <em>\u201eUnsere Aktienm\u00e4rkte sind wegen Island zusammengebrochen, Island hat uns schon eine Menge Geld gekostet\u201c<\/em>, sagte er laut <a target=\"_blank\" rel=\"noopener noreferrer\" href=\"https:\/\/www.20min.ch\/story\/geografie-panne-am-wef-trump-verwechselt-groenland-mit-island-mehrfach-103490769?ref=apolut.net\"><u>20 Minuten<\/u><\/a>, ohne den Versprecher zu bemerken. Als m\u00f6gliche Erkl\u00e4rung nennt <a target=\"_blank\" rel=\"noopener noreferrer\" href=\"https:\/\/www.gmx.at\/magazine\/politik\/us-politik\/brocken-eis-trump-verwechselt-groenland-island-41811276?ref=apolut.net\"><u>GMX<\/u><\/a> die sprachliche N\u00e4he von \u201eIceland\u201c zu \u201eice\u201c. Ein EU-Diplomat kommentierte gegen\u00fcber 20 Minuten s\u00fcffisant, dann wolle Trump ja Island und nicht Gr\u00f6nland \u2013 dann sei ohnehin alles gut.<\/p>\n<p>Die Anekdote allein erkl\u00e4rt das Abstimmungsverhalten nicht, sie illustriert aber die Grundstimmung, in der die Debatte gef\u00fchrt wurde: Frostad\u00f3ttir warb explizit mit dem Argument, dass sich in <em>\u201eunsicheren Zeiten wie diesen\u201c<\/em> die Frage stelle, ob sich ein kleines Land wie Island gr\u00f6\u00dferen B\u00fcndnissen ann\u00e4hern solle \u2013 ein Verweis auf ein internationales Klima, das durch Trumps Gr\u00f6nland-Ambitionen, Zollandrohungen gegen Europa und den Anspruch, NATO-Partner m\u00fcssten mehr zahlen, mitgepr\u00e4gt ist.<\/p>\n<p><strong>Fragen, die offen bleiben<\/strong><\/p>\n<p><strong>Tr\u00e4gt das Sicherheitsargument? <\/strong>Island ist bereits NATO-Gr\u00fcndungsmitglied und wird \u00fcber bilaterale Abkommen mit den USA sicherheitspolitisch abgedeckt. Ob eine EU-Mitgliedschaft \u2013 die keine eigene Beistandsgarantie im NATO-Sinn bietet \u2013 die behauptete zus\u00e4tzliche Sicherheit vor einem unberechenbaren Washington tats\u00e4chlich liefern w\u00fcrde, blieb in der Kampagne eher Behauptung als belegte Analyse.<\/p>\n<p><strong>Wessen Risiko wird hier verhandelt? <\/strong>Die Fischereiwirtschaft ist wirtschaftlich zentral f\u00fcr Island; ein Verlust nationaler Kontrolle \u00fcber die Fanggr\u00fcnde an eine gemeinsame EU-Fischereipolitik war das gewichtigste Gegenargument \u2013 wirtschaftliche Souver\u00e4nit\u00e4t stand damit der abstrakten sicherheitspolitischen Beruhigung gegen\u00fcber.<\/p>\n<p><strong>Wie eng h\u00e4ngt Island tats\u00e4chlich mit Gr\u00f6nland zusammen? <\/strong>Trumps Interesse gilt Gr\u00f6nland als d\u00e4nischem Territorium mit Rohstoffvorkommen und arktischer Lage \u2013 nicht dem unabh\u00e4ngigen Island. Die beiden Themen liefen 2026 zeitlich parallel und wurden medial oft in einem Atemzug genannt, sind aber staatsrechtlich und geopolitisch getrennte Vorg\u00e4nge.<\/p>\n<p><strong>Die Folgen: Greift Trump jetzt bei Gr\u00f6nland zu?<\/strong><\/p>\n<p>Das isl\u00e4ndische Nein hat auf die Gr\u00f6nland-Frage keinen direkten rechtlichen Einfluss \u2013 Island ist nicht Gr\u00f6nland, und \u00fcber dessen Status entscheiden Nuuk und Kopenhagen. Trump hatte seinen Anspruch zuletzt in einem Audio-Interview Anfang August erneut bekr\u00e4ftigt und erkl\u00e4rt, Gr\u00f6nland aus <em>\u201estrategischen Gr\u00fcnden\u201c<\/em> unter amerikanische Kontrolle bringen zu wollen, wie <a target=\"_blank\" rel=\"noopener noreferrer\" href=\"https:\/\/www.t-online.de\/nachrichten\/ausland\/internationale-politik\/id_101370836\/donald-trump-bekraeftigt-vermeintlichen-anspruch-der-usa-auf-groenland.html?ref=apolut.net\"><u>t-online<\/u><\/a> berichtete. Kurz zuvor war eine US-\u00d6lfirma nach Angaben von <a target=\"_blank\" rel=\"noopener noreferrer\" href=\"https:\/\/www.20min.ch\/story\/groenland-nicht-zum-verkauf-daenemark-und-trump-streiten-wieder-um-insel-103481470?ref=apolut.net\"><u>20 Minuten<\/u><\/a> unerlaubt an der gr\u00f6nl\u00e4ndischen K\u00fcste gelandet, w\u00e4hrend in Nuuk Tausende gegen die Annexionspl\u00e4ne protestierten.<\/p>\n<p>Ein Lagebericht von Ende August zeichnet ein gemischteres Bild: Die akute Erregung habe sich abgek\u00fchlt, berichten <a target=\"_blank\" rel=\"noopener noreferrer\" href=\"https:\/\/www.news.at\/politik\/trump-groenland-auswirkungen-2026?ref=apolut.net\"><u>News.at<\/u><\/a> und <a target=\"_blank\" rel=\"noopener noreferrer\" href=\"https:\/\/www.sn.at\/politik\/weltpolitik\/neue-aufmerksamkeit-tat-trump-groenland-einen-gefallen-art-669332?ref=apolut.net\"><u>SN.at<\/u><\/a>, die Gefahr einer <em>\u201eschleichenden Vereinnahmung\u201c<\/em> gelte in Nuuk aber weiterhin als nicht gebannt. D\u00e4nemark h\u00e4lt offiziell daran fest, dass Gr\u00f6nland nicht zum Verkauf stehe; eine Analyse im <a target=\"_blank\" rel=\"noopener noreferrer\" href=\"https:\/\/www.ipg-journal.de\/rubriken\/aussen-und-sicherheitspolitik\/artikel\/auf-duennem-eis-8826\/?ref=apolut.net\"><u>IPG Journal<\/u><\/a> beschreibt die weitergehenden Pl\u00e4ne \u2013 bis hin zur zeitweise ins Spiel gebrachten M\u00f6glichkeit milit\u00e4rischer Gewalt \u2013 als vorerst \u201eauf Eis\u201c liegend.<\/p>\n<p><strong>Zusammenfassung<\/strong><\/p>\n<p>Trump ist bei Gr\u00f6nland bislang nicht \u201ezugeschlagen\u201c \u2013 er h\u00e4lt den Anspruch rhetorisch und \u00fcber wirtschaftlichen wie milit\u00e4rischen Druck aufrecht, ohne dass es zu einer formellen \u00dcbernahme gekommen w\u00e4re. Das Referendum in Island ist ein eigenst\u00e4ndiger Vorgang, der aber zeigt, wie stark die aggressive Arktis- und Europapolitik Washingtons mittlerweile in die innenpolitischen Debatten kleiner Nachbarstaaten hineinwirkt \u2013 selbst wenn Trump die Namen zwischenzeitlich durcheinanderbrachte.<\/p>\n<p>Abschlie\u00dfend bleibt zu erw\u00e4hnen, dass manche Analysten einen R\u00fcckzug der USA aus einigen Teilen der Welt voraussagen, bei gleichzeitiger sch\u00e4rferer Kontrolle der eigenen Hemisph\u00e4re, was die Bedrohung Kanadas und Gr\u00f6nlands mit \u201e<em>Eingliederung<\/em>\u201c erkl\u00e4ren w\u00fcrde. Wodurch letztlich Island zum \u201e<em>Grenzland<\/em>\u201c werden w\u00fcrde.<\/p>\n<p><strong>+++<\/strong><\/p>\n<p>Wir danken dem Autor f\u00fcr das Recht zur Ver\u00f6ffentlichung dieses Beitrags.<\/p>\n<p><strong>+++<\/strong><\/p>\n<p>Bild: Blick auf Islands Hauptstadt Reykjavik mit isl\u00e4ndischer Flagge<br \/>Bildquelle: chriscasey \/ shutterstock<\/p>\n<\/div>","protected":false},"excerpt":{"rendered":"<p>Ein Meinungsbeitrag von Jochen Mitschka. Die Isl\u00e4nder haben sich in einem Referendum am 30. August 2026 gegen eine Wiederaufnahme der EU-Beitrittsverhandlungen entschieden. Nach Angaben des \u00f6ffentlich-rechtlichen Senders RUV stimmten 52,8 Prozent dagegen und 47,2 Prozent daf\u00fcr \u2013 ein denkbar knappes Ergebnis, wie SRF berichtet. Rund 12.000 Stimmen entschieden gegen die Fortsetzung von Gespr\u00e4chen, die bereits [&hellip;]<\/p>\n","protected":false},"author":1,"featured_media":20958,"comment_status":"closed","ping_status":"closed","sticky":false,"template":"","format":"standard","meta":{"_gspb_post_css":"","_uag_custom_page_level_css":"","fifu_image_url":"","fifu_image_alt":"","footnotes":""},"categories":[5],"tags":[],"class_list":["post-20957","post","type-post","status-publish","format-standard","has-post-thumbnail","hentry","category-politik"],"blocksy_meta":{"styles_descriptor":{"styles":{"desktop":"","tablet":"","mobile":""},"google_fonts":[],"version":8}},"uagb_featured_image_src":{"full":["https:\/\/mleexelnfod5.i.optimole.com\/cb:osNd.d34\/w:auto\/h:auto\/q:mauto\/f:best\/https:\/\/meiser-tv.de\/wp-content\/uploads\/2026\/09\/Artikel_20260904_Island_apolut-1.jpg",1920,1080,false],"thumbnail":["https:\/\/mleexelnfod5.i.optimole.com\/cb:osNd.d34\/w:150\/h:150\/q:mauto\/rt:fill\/g:ce\/f:best\/https:\/\/meiser-tv.de\/wp-content\/uploads\/2026\/09\/Artikel_20260904_Island_apolut-1.jpg",150,150,true],"medium":["https:\/\/mleexelnfod5.i.optimole.com\/cb:osNd.d34\/w:300\/h:169\/q:mauto\/f:best\/https:\/\/meiser-tv.de\/wp-content\/uploads\/2026\/09\/Artikel_20260904_Island_apolut-1.jpg",300,169,true],"medium_large":["https:\/\/mleexelnfod5.i.optimole.com\/cb:osNd.d34\/w:768\/h:432\/q:mauto\/f:best\/https:\/\/meiser-tv.de\/wp-content\/uploads\/2026\/09\/Artikel_20260904_Island_apolut-1.jpg",768,432,true],"large":["https:\/\/mleexelnfod5.i.optimole.com\/cb:osNd.d34\/w:1024\/h:576\/q:mauto\/f:best\/https:\/\/meiser-tv.de\/wp-content\/uploads\/2026\/09\/Artikel_20260904_Island_apolut-1.jpg",1024,576,true],"1536x1536":["https:\/\/mleexelnfod5.i.optimole.com\/cb:osNd.d34\/w:1536\/h:864\/q:mauto\/f:best\/https:\/\/meiser-tv.de\/wp-content\/uploads\/2026\/09\/Artikel_20260904_Island_apolut-1.jpg",1536,864,true],"2048x2048":["https:\/\/mleexelnfod5.i.optimole.com\/cb:osNd.d34\/w:auto\/h:auto\/q:mauto\/f:best\/https:\/\/meiser-tv.de\/wp-content\/uploads\/2026\/09\/Artikel_20260904_Island_apolut-1.jpg",1920,1080,false],"trp-custom-language-flag":["https:\/\/mleexelnfod5.i.optimole.com\/cb:osNd.d34\/w:18\/h:10\/q:mauto\/f:best\/dpr:2\/https:\/\/meiser-tv.de\/wp-content\/uploads\/2026\/09\/Artikel_20260904_Island_apolut-1.jpg",18,10,true]},"uagb_author_info":{"display_name":"admin","author_link":"https:\/\/meiser-tv.de\/en\/author\/admin\/"},"uagb_comment_info":0,"uagb_excerpt":"Ein Meinungsbeitrag von Jochen Mitschka. Die Isl\u00e4nder haben sich in einem Referendum am 30. August 2026 gegen eine Wiederaufnahme der EU-Beitrittsverhandlungen entschieden. Nach Angaben des \u00f6ffentlich-rechtlichen Senders RUV stimmten 52,8 Prozent dagegen und 47,2 Prozent daf\u00fcr \u2013 ein denkbar knappes Ergebnis, wie SRF berichtet. Rund 12.000 Stimmen entschieden gegen die Fortsetzung von Gespr\u00e4chen, die bereits&hellip;","_links":{"self":[{"href":"https:\/\/meiser-tv.de\/en\/wp-json\/wp\/v2\/posts\/20957","targetHints":{"allow":["GET"]}}],"collection":[{"href":"https:\/\/meiser-tv.de\/en\/wp-json\/wp\/v2\/posts"}],"about":[{"href":"https:\/\/meiser-tv.de\/en\/wp-json\/wp\/v2\/types\/post"}],"author":[{"embeddable":true,"href":"https:\/\/meiser-tv.de\/en\/wp-json\/wp\/v2\/users\/1"}],"replies":[{"embeddable":true,"href":"https:\/\/meiser-tv.de\/en\/wp-json\/wp\/v2\/comments?post=20957"}],"version-history":[{"count":0,"href":"https:\/\/meiser-tv.de\/en\/wp-json\/wp\/v2\/posts\/20957\/revisions"}],"wp:featuredmedia":[{"embeddable":true,"href":"https:\/\/meiser-tv.de\/en\/wp-json\/wp\/v2\/media\/20958"}],"wp:attachment":[{"href":"https:\/\/meiser-tv.de\/en\/wp-json\/wp\/v2\/media?parent=20957"}],"wp:term":[{"taxonomy":"category","embeddable":true,"href":"https:\/\/meiser-tv.de\/en\/wp-json\/wp\/v2\/categories?post=20957"},{"taxonomy":"post_tag","embeddable":true,"href":"https:\/\/meiser-tv.de\/en\/wp-json\/wp\/v2\/tags?post=20957"}],"curies":[{"name":"wp","href":"https:\/\/api.w.org\/{rel}","templated":true}]}}