{"id":20959,"date":"2026-09-04T09:03:42","date_gmt":"2026-09-04T07:03:42","guid":{"rendered":"https:\/\/meiser-tv.de\/uncategorized\/polen-draengt-auf-eine-europaeische-legion-mit-ukrainischen-veteranen-gegen-russland\/"},"modified":"2026-09-04T09:03:42","modified_gmt":"2026-09-04T07:03:42","slug":"polen-draengt-auf-eine-europaeische-legion-mit-ukrainischen-veteranen-gegen-russland","status":"publish","type":"post","link":"https:\/\/meiser-tv.de\/en\/uncategorized\/polen-draengt-auf-eine-europaeische-legion-mit-ukrainischen-veteranen-gegen-russland\/","title":{"rendered":"Polen dr\u00e4ngt auf eine \u201eEurop\u00e4ische Legion\u201c mit ukrainischen Veteranen gegen Russland"},"content":{"rendered":"<div>\n<p class=\"wp-block-paragraph\">Polen belebt seinen Vorschlag f\u00fcr eine \u201eEurop\u00e4ische Legion\u201c wieder, w\u00e4hrend sich Europa darauf vorbereitet, einen gr\u00f6\u00dferen Anteil der milit\u00e4rischen Last der NATO zu \u00fcbernehmen. Polens Sikorski sieht nun vor, dass ukrainische Kampfveteranen \u201enach dem Krieg\u201c der permanenten Truppe beitreten. Der Vorschlag erfolgt vor dem Hintergrund der zunehmenden milit\u00e4rischen Aufr\u00fcstung Polens, der Spannungen mit Russland und wachsender Br\u00fcche innerhalb der NATO und des europ\u00e4ischen B\u00fcndnisses.<\/p>\n<p class=\"wp-block-paragraph\">Uriel Araujo, promovierter Anthropologe, ist Sozialwissenschaftler mit Spezialisierung auf ethnische und religi\u00f6se Konflikte und verf\u00fcgt \u00fcber umfangreiche Forschungserfahrung zu geopolitischen Dynamiken und kulturellen Interaktionen.<\/p>\n<p class=\"wp-block-paragraph\">In einer weitgehend unbeachteten Entwicklung hat der polnische Au\u00dfenminister Rados\u0142aw Sikorski erneut die Schaffung einer permanenten \u201eEurop\u00e4ischen Legion\u201c gefordert, um die NATO als \u201eS\u00e4ule\u201c zu st\u00e4rken \u2013 nun mit ukrainischen Veteranen als Teil dieser Truppe. Die Idee ist nicht ganz neu, aber der gr\u00f6\u00dfere Zusammenhang ist hier sehr interessant.<\/p>\n<p class=\"wp-block-paragraph\">Sikorski schl\u00e4gt eine eigens daf\u00fcr vorgesehene stehende Truppe vor, die erfahrene Berufssoldaten aus der \u201ebreiteren europ\u00e4ischen Familie\u201c rekrutieren k\u00f6nnte, darunter kampferprobte ukrainische Kriegsveteranen, sobald \u201eder Krieg endet\u201c. Die Begr\u00fcndung lautet, dass diese Einheit die Verteidigungsf\u00e4higkeiten des Kontinents st\u00e4rken und als europ\u00e4ische Komponente innerhalb der NATO dienen w\u00fcrde.<\/p>\n<p class=\"wp-block-paragraph\">Der polnische Au\u00dfenminister hatte die Idee erstmals Ende Januar ins Spiel gebracht. Damals wies er die Vorstellung einer f\u00f6deralen EU-Armee als unrealistisch zur\u00fcck und argumentierte, dass sich nationale Armeen niemals einfach in einer solchen aufl\u00f6sen w\u00fcrden. Stattdessen schlug er eine \u201eEurop\u00e4ische Legion\u201c vor, zun\u00e4chst in Brigadest\u00e4rke, finanziert aus dem EU-Haushalt, offen f\u00fcr B\u00fcrger der Mitgliedstaaten und m\u00f6glicherweise auch der Kandidatenl\u00e4nder und politisch dem Politischen und Sicherheitspolitischen Komitee der EU unterstellt.<\/p>\n<p class=\"wp-block-paragraph\">Der Vorschlag vom Januar war als vermeintlich \u201erealistische\u201c Alternative zu einer nicht praktikablen f\u00f6deralen Streitmacht konzipiert.<\/p>\n<p class=\"wp-block-paragraph\">Der polnische Minister erkl\u00e4rte damals ausdr\u00fccklich, sie w\u00e4re nicht in der Lage, Russland \u201eabzuschrecken\u201c, und sah sie haupts\u00e4chlich f\u00fcr \u201eKrisen niedrigerer Intensit\u00e4t\u201c an Orten wie Nordafrika oder dem Balkan vor.<\/p>\n<p class=\"wp-block-paragraph\">Ende Februar bekr\u00e4ftigte er bereits erneut seine Unterst\u00fctzung und dr\u00e4ngte darauf, das Thema fest auf die Tagesordnung der EU zu setzen. In gewisser Weise verschwand Polens grundlegende institutionelle Idee einer Europ\u00e4ischen Legion also seit Januar nie. Doch die vorgeschlagene Truppe wird nicht l\u00e4nger lediglich als Brigade f\u00fcr Krisen niedrigerer Intensit\u00e4t beschrieben; sie wird nun als permanente professionelle Formation innerhalb einer st\u00e4rkeren europ\u00e4ischen S\u00e4ule der NATO pr\u00e4sentiert.<\/p>\n<p class=\"wp-block-paragraph\">Zun\u00e4chst ver\u00e4nderte sich das strategische Umfeld: Im Januar lautete die Begr\u00fcndung, dass eine sich verschlechternde Sicherheitslage zus\u00e4tzliche europ\u00e4ische F\u00e4higkeiten erforderlich mache. Im August formulierte Sikorski die Sache wesentlich unverbl\u00fcmter: Der Kontinent m\u00fcsse seiner Ansicht nach mehr Verantwortung f\u00fcr seine eigene konventionelle Verteidigung \u00fcbernehmen, weil die Vereinigten Staaten ihren Schwerpunkt auf den Indopazifik verlagern.<\/p>\n<p class=\"wp-block-paragraph\">Die USA stecken tats\u00e4chlich wegen des Iran im Nahen Osten fest \u2013 w\u00e4hrend sie gleichzeitig versuchen, die Monroe-Doktrin in ihrer Hemisph\u00e4re wiederzubeleben, aber das ist hier nicht der entscheidende Punkt.<\/p>\n<p class=\"wp-block-paragraph\">Entscheidend ist, dass Trump Europa tats\u00e4chlich dazu gedr\u00e4ngt hat, mehr zu tun, und Warschau diesen Druck unmittelbar mit der Notwendigkeit einer stehenden europ\u00e4ischen Formation verkn\u00fcpft hat.<\/p>\n<p class=\"wp-block-paragraph\">Auch die NATO selbst hat sich in dieselbe Richtung bewegt. Im M\u00e4rz verwies Generalsekret\u00e4r Mark Rutte auf einen Anstieg der europ\u00e4ischen und kanadischen Verteidigungsausgaben um rund 20 Prozent als Zeichen einer Abkehr von der \u00fcberm\u00e4\u00dfigen Abh\u00e4ngigkeit von den USA. Im Juni warnte er, dass die US-Streitkr\u00e4fte durch Eins\u00e4tze auf mehreren Kriegsschaupl\u00e4tzen \u00fcberlastet werden k\u00f6nnten, und auf dem Ankara-Gipfel im Juli war von einer \u201eNeugewichtung\u201c die Rede, bei der die Europ\u00e4er einen gr\u00f6\u00dferen Anteil \u00fcbernehmen sollen.<\/p>\n<p class=\"wp-block-paragraph\">Auch Geld ist inzwischen weniger offensichtlich ein Hindernis. Der Plan ReArm Europe \/ Readiness 2030 zielt darauf ab, bis zu 800 Milliarden Euro an zus\u00e4tzlichen Verteidigungsausgaben zu mobilisieren, einschlie\u00dflich des SAFE-Instruments in H\u00f6he von 150 Milliarden Euro f\u00fcr gemeinsame Beschaffungen. Sikorski argumentiert nun, Europa verf\u00fcge \u00fcber die Ressourcen, den Druck der USA und die Unterst\u00fctzung der NATO, um h\u00f6here Ausgaben in eine stehende multinationale Streitmacht umzuwandeln.<\/p>\n<p class=\"wp-block-paragraph\">Die bedeutendste Ausweitung betrifft das Personal. Noch einmal: Die Legion vom Januar war auf B\u00fcrger der EU und der Kandidatenl\u00e4nder beschr\u00e4nkt. Die Version vom August greift auf die \u201ebreitere europ\u00e4ische Familie\u201c zur\u00fcck und schlie\u00dft ausdr\u00fccklich ukrainische Veteranen ein, nachdem die K\u00e4mpfe \u201ebeendet\u201c sind.<\/p>\n<p class=\"wp-block-paragraph\">Die Ukraine ist in dieser Vorstellung zu einem Reservoir harter Kampferfahrung geworden, auf das der Kontinent zur\u00fcckgreifen kann. Die vorgeschlagene Truppe ist somit keine bescheidene Brigade zur Krisenreaktion mehr; sie wird als permanente professionelle Formation gedacht, die zu schwereren konventionellen Aufgaben f\u00e4hig ist.<\/p>\n<p class=\"wp-block-paragraph\">Sikorski achtet darauf, sie als st\u00e4rkere europ\u00e4ische S\u00e4ule innerhalb einer st\u00e4rkeren NATO darzustellen, wobei die Vereinigten Staaten weiterhin der unverzichtbare Anker bleiben \u2013 w\u00e4hrend Europa einen gr\u00f6\u00dferen Teil der Bodenkapazit\u00e4ten bereitstellt.<\/p>\n<p class=\"wp-block-paragraph\">Gleichzeitig hat Polen die Spannungen mit Moskau, gelinde gesagt, versch\u00e4rft. Anfang dieses Monats forderte der polnische Regierungsvertreter Diskussionen dar\u00fcber, russische Raketen \u00fcber der Ukraine abzuschie\u00dfen.<\/p>\n<p class=\"wp-block-paragraph\">Erst gestern erkl\u00e4rte der polnische Au\u00dfenminister, Polen und die Ukraine w\u00fcrden \u201enie wieder russische Kolonien\u201c sein, und f\u00fcgte hinzu, die Angst vor Russland sei \u201enicht irrational\u201c.<\/p>\n<p class=\"wp-block-paragraph\">Am Tag zuvor, am 24. August, unterzeichnete Polen eine Rahmenvereinbarung im Wert von 2,2 Milliarden Dollar \u00fcber mehrere Tausend Piorun-Raketen und Hunderte Abschussvorrichtungen \u2013 der gr\u00f6\u00dfte Piorun-Vertrag aller Zeiten, wobei mehr als 80 Prozent f\u00fcr Polen bestimmt sind. Kiew setzt das System seit 2022 im Kampf ein.<\/p>\n<p class=\"wp-block-paragraph\">Am Montag bekr\u00e4ftigte Ministerpr\u00e4sident Tusk anl\u00e4sslich des ukrainischen Unabh\u00e4ngigkeitstages, dass Polen \u201efest\u201c an der Seite der Ukraine stehe. Doch diese Schritte gehen mit zunehmenden polnisch-ukrainischen Spannungen einher. Historische Streitigkeiten \u00fcber die Wolhynien-Massaker und nationalistische Politik belasten die Partnerschaft seit Langem. Im Juli zeigten die \u00c4u\u00dferungen eines ukrainischen Offiziers \u00fcber m\u00f6gliche Drohnenangriffe auf polnische St\u00e4dte sowie Warschaus vorherige Aberkennung von Selenskyjs h\u00f6chster staatlicher Auszeichnung nach der Wiederbestattung eines Nazi-Kollaborateurs durch Kiew, wie fragil die Beziehung ist. Die fremdenfeindliche Stimmung gegen Ukrainer nimmt in Polen weiterhin zu.<\/p>\n<p class=\"wp-block-paragraph\">In jedem Fall f\u00fcgt sich Polens Vorgehen in ein gr\u00f6\u00dferes Muster ein. Washington begann tats\u00e4chlich bereits Ende 2024 unter Biden damit, die \u201eukrainische Last\u201c auf Europa abzuw\u00e4lzen; dieser Prozess wurde unter Trump fortgesetzt.<\/p>\n<p class=\"wp-block-paragraph\">Das polnische Interesse an nuklearer Teilhabe inmitten von Debatten \u00fcber eigene atomare F\u00e4higkeiten spiegelt ebenfalls den Wunsch wider, zu einer \u201eautonomeren\u201c Frontmacht zu werden, w\u00e4hrend die Aufmerksamkeit der USA nachl\u00e4sst.<\/p>\n<p class=\"wp-block-paragraph\">Die n\u00f6rdliche Expansion Europas hat ebenfalls die milit\u00e4rischen Aktivit\u00e4ten im Baltikum und in der Arktis intensiviert, Russland weiter eingekreist und Warnungen vor Eskalationsrisiken ausgel\u00f6st.<\/p>\n<p class=\"wp-block-paragraph\">Doch der Aufbau einer koh\u00e4renten europ\u00e4ischen Streitmacht ist alles andere als einfach. Die franz\u00f6sisch-deutsche industrielle Rivalit\u00e4t beispielsweise hat bereits zum Scheitern gro\u00dfer gemeinsamer Projekte gef\u00fchrt, etwa der Kampfjet-Komponente des Future Combat Air System.<\/p>\n<p class=\"wp-block-paragraph\">Auch die NATO selbst weist Spaltungen auf: interne Spannungen mit der T\u00fcrkei, polnisch-deutsche Differenzen \u2013 ganz zu schweigen von anhaltenden Zweifeln an der Zuverl\u00e4ssigkeit der USA sowie Trumps Drohungen hinsichtlich Gr\u00f6nlands und Kanadas.<\/p>\n<p class=\"wp-block-paragraph\">Bislang scheint Europa bereit zu sein, gr\u00f6\u00dfere Risiken einer Konfrontation mit Moskau einzugehen \u2013 ohne seine eigenen internen Spaltungen gel\u00f6st zu haben.<\/p>\n<\/div>","protected":false},"excerpt":{"rendered":"<p>Polen belebt seinen Vorschlag f\u00fcr eine \u201eEurop\u00e4ische Legion\u201c wieder, w\u00e4hrend sich Europa darauf vorbereitet, einen gr\u00f6\u00dferen Anteil der milit\u00e4rischen Last der NATO zu \u00fcbernehmen. Polens Sikorski sieht nun vor, dass ukrainische Kampfveteranen \u201enach dem Krieg\u201c der permanenten Truppe beitreten. Der Vorschlag erfolgt vor dem Hintergrund der zunehmenden milit\u00e4rischen Aufr\u00fcstung Polens, der Spannungen mit Russland und [&hellip;]<\/p>\n","protected":false},"author":1,"featured_media":4846,"comment_status":"closed","ping_status":"closed","sticky":false,"template":"","format":"standard","meta":{"_gspb_post_css":"","_uag_custom_page_level_css":"","fifu_image_url":"","fifu_image_alt":"","footnotes":""},"categories":[1],"tags":[],"class_list":["post-20959","post","type-post","status-publish","format-standard","has-post-thumbnail","hentry","category-uncategorized"],"blocksy_meta":{"styles_descriptor":{"styles":{"desktop":"","tablet":"","mobile":""},"google_fonts":[],"version":8}},"uagb_featured_image_src":{"full":["https:\/\/mleexelnfod5.i.optimole.com\/w:auto\/h:auto\/q:mauto\/f:best\/https:\/\/i2.wp.com\/meiser-tv.de\/wp-content\/uploads\/2026\/05\/RSS-Hintergrund.jpg?w=1920&fit=1920,1080&ssl=1",1920,1080,true],"thumbnail":["https:\/\/mleexelnfod5.i.optimole.com\/w:auto\/h:auto\/q:mauto\/f:best\/https:\/\/i2.wp.com\/meiser-tv.de\/wp-content\/uploads\/2026\/05\/RSS-Hintergrund.jpg?w=150&resize=150,150&ssl=1",150,150,true],"medium":["https:\/\/mleexelnfod5.i.optimole.com\/w:auto\/h:auto\/q:mauto\/f:best\/https:\/\/i2.wp.com\/meiser-tv.de\/wp-content\/uploads\/2026\/05\/RSS-Hintergrund.jpg?w=300&fit=300,300&ssl=1",300,300,true],"medium_large":["https:\/\/mleexelnfod5.i.optimole.com\/w:auto\/h:auto\/q:mauto\/f:best\/https:\/\/i2.wp.com\/meiser-tv.de\/wp-content\/uploads\/2026\/05\/RSS-Hintergrund.jpg?w=768&resize=768,0&ssl=1",768,0,true],"large":["https:\/\/mleexelnfod5.i.optimole.com\/w:auto\/h:auto\/q:mauto\/f:best\/https:\/\/i2.wp.com\/meiser-tv.de\/wp-content\/uploads\/2026\/05\/RSS-Hintergrund.jpg?w=1024&fit=1024,1024&ssl=1",1024,1024,true],"1536x1536":["https:\/\/mleexelnfod5.i.optimole.com\/w:auto\/h:auto\/q:mauto\/f:best\/https:\/\/i2.wp.com\/meiser-tv.de\/wp-content\/uploads\/2026\/05\/RSS-Hintergrund.jpg?w=1536&fit=1536,1536&ssl=1",1536,1536,true],"2048x2048":["https:\/\/mleexelnfod5.i.optimole.com\/w:auto\/h:auto\/q:mauto\/f:best\/https:\/\/i2.wp.com\/meiser-tv.de\/wp-content\/uploads\/2026\/05\/RSS-Hintergrund.jpg?w=2048&fit=2048,2048&ssl=1",2048,2048,true],"trp-custom-language-flag":["https:\/\/mleexelnfod5.i.optimole.com\/w:auto\/h:auto\/q:mauto\/f:best\/https:\/\/i2.wp.com\/meiser-tv.de\/wp-content\/uploads\/2026\/05\/RSS-Hintergrund.jpg?w=18&fit=18,12&ssl=1",18,12,true]},"uagb_author_info":{"display_name":"admin","author_link":"https:\/\/meiser-tv.de\/en\/author\/admin\/"},"uagb_comment_info":0,"uagb_excerpt":"Polen belebt seinen Vorschlag f\u00fcr eine \u201eEurop\u00e4ische Legion\u201c wieder, w\u00e4hrend sich Europa darauf vorbereitet, einen gr\u00f6\u00dferen Anteil der milit\u00e4rischen Last der NATO zu \u00fcbernehmen. Polens Sikorski sieht nun vor, dass ukrainische Kampfveteranen \u201enach dem Krieg\u201c der permanenten Truppe beitreten. Der Vorschlag erfolgt vor dem Hintergrund der zunehmenden milit\u00e4rischen Aufr\u00fcstung Polens, der Spannungen mit Russland und&hellip;","_links":{"self":[{"href":"https:\/\/meiser-tv.de\/en\/wp-json\/wp\/v2\/posts\/20959","targetHints":{"allow":["GET"]}}],"collection":[{"href":"https:\/\/meiser-tv.de\/en\/wp-json\/wp\/v2\/posts"}],"about":[{"href":"https:\/\/meiser-tv.de\/en\/wp-json\/wp\/v2\/types\/post"}],"author":[{"embeddable":true,"href":"https:\/\/meiser-tv.de\/en\/wp-json\/wp\/v2\/users\/1"}],"replies":[{"embeddable":true,"href":"https:\/\/meiser-tv.de\/en\/wp-json\/wp\/v2\/comments?post=20959"}],"version-history":[{"count":0,"href":"https:\/\/meiser-tv.de\/en\/wp-json\/wp\/v2\/posts\/20959\/revisions"}],"wp:featuredmedia":[{"embeddable":true,"href":"https:\/\/meiser-tv.de\/en\/wp-json\/wp\/v2\/media\/4846"}],"wp:attachment":[{"href":"https:\/\/meiser-tv.de\/en\/wp-json\/wp\/v2\/media?parent=20959"}],"wp:term":[{"taxonomy":"category","embeddable":true,"href":"https:\/\/meiser-tv.de\/en\/wp-json\/wp\/v2\/categories?post=20959"},{"taxonomy":"post_tag","embeddable":true,"href":"https:\/\/meiser-tv.de\/en\/wp-json\/wp\/v2\/tags?post=20959"}],"curies":[{"name":"wp","href":"https:\/\/api.w.org\/{rel}","templated":true}]}}