{"id":20963,"date":"2026-09-04T10:02:13","date_gmt":"2026-09-04T08:02:13","guid":{"rendered":"https:\/\/meiser-tv.de\/medienkritik\/deutschland-jetzt-wird-es-ernst-alles-was-ich-als-patriot-ueber-die-jahrhundertwahl-in-sachsen-anhalt-wissen-muss\/"},"modified":"2026-09-04T10:02:13","modified_gmt":"2026-09-04T08:02:13","slug":"deutschland-jetzt-wird-es-ernst-alles-was-ich-als-patriot-ueber-die-jahrhundertwahl-in-sachsen-anhalt-wissen-muss","status":"publish","type":"post","link":"https:\/\/meiser-tv.de\/en\/medienkritik\/deutschland-jetzt-wird-es-ernst-alles-was-ich-als-patriot-ueber-die-jahrhundertwahl-in-sachsen-anhalt-wissen-muss\/","title":{"rendered":"DEUTSCHLAND, jetzt wird es ernst: Alles, was ich als Patriot \u00fcber die Jahrhundertwahl in Sachsen-Anhalt wissen muss!"},"content":{"rendered":"<div>\n<p class=\"wp-block-paragraph\">Die Landtagswahl in Sachsen-Anhalt am kommenden Sonntag, dem 6. September 2026, gilt zu Recht als eine Jahrhundertwahl: Nicht nur die ganze Nation, auch das Ausland blickt mit Spannung auf das historische Votum der rund 1,7 Millionen Wahlberechtigten in Mitteldeutschland. Holen wir uns St\u00fcck f\u00fcr St\u00fcck mit der AfD unser Land zur\u00fcck, macht Ulrich Siegmund als erster AfD- Ministerpr\u00e4sident den Anfang? Oder lassen wir es zu, dass die Altparteien das Herzland Europas weiter systematisch zerst\u00f6ren? Denn um nicht mehr und nicht weniger geht es! Alles, was ich als Patriot \u00fcber die Jahrhundertwahl wissen muss.<\/p>\n<p class=\"wp-block-paragraph\"><strong>Welche Parteien treten an?<\/strong><\/p>\n<p class=\"wp-block-paragraph\">Zur Landtagswahl in Sachsen-Anhalt am 6. September 2026 treten 16 Parteien an, aber nicht in allen 41 Wahlkreisen. Nur 15 Parteien sind mit einer Landesliste vertreten. Eine Partei (\u201eHeimat\u201c) tritt ausschlie\u00dflich mit einem Kreiswahlvorschlag (Direktkandidat) an. Zudem bewerben sich sechs Einzelbewerberinnen und Einzelbewerber ohne Parteizugeh\u00f6rigkeit.<\/p>\n<p class=\"wp-block-paragraph\">Zur Wahl zugelassen sind:<\/p>\n<p class=\"wp-block-paragraph\">\u2013 AfD<\/p>\n<p class=\"wp-block-paragraph\">\u2013 CDU<\/p>\n<p class=\"wp-block-paragraph\">\u2013 Die Linke<\/p>\n<p class=\"wp-block-paragraph\">\u2013 SPD<\/p>\n<p class=\"wp-block-paragraph\">\u2013 FDP<\/p>\n<p class=\"wp-block-paragraph\">\u2013 \u201eGR\u00dcNE\u201c<\/p>\n<p class=\"wp-block-paragraph\">\u2013 FREIE W\u00c4HLER<\/p>\n<p class=\"wp-block-paragraph\">\u2013 dieBasis<\/p>\n<p class=\"wp-block-paragraph\">\u2013 Tierschutzpartei<\/p>\n<p class=\"wp-block-paragraph\">\u2013 Gartenpartei<\/p>\n<p class=\"wp-block-paragraph\">\u2013 Die PARTEI<\/p>\n<p class=\"wp-block-paragraph\">\u2013 TIERSCHUTZALLIANZ<\/p>\n<p class=\"wp-block-paragraph\">\u2013 HEIMAT (nur Direktkandidat, keine Landesliste)<\/p>\n<p class=\"wp-block-paragraph\">\u2013 BSW (B\u00fcndnis Sahra Wagenknecht)<\/p>\n<p class=\"wp-block-paragraph\">\u2013 PdF (Partei des Fortschritts)<\/p>\n<p class=\"wp-block-paragraph\">\u2013 Volt.<\/p>\n<p class=\"wp-block-paragraph\">In jedem Wahlkreis w\u00e4hlen die B\u00fcrgerinnen und B\u00fcrger mit ihrer Erststimme jeweils eine Direktkandidatin oder einen Direktkandidaten in den Landtag.<\/p>\n<p class=\"wp-block-paragraph\"><strong>Wie wird gew\u00e4hlt?<\/strong><\/p>\n<p class=\"wp-block-paragraph\">Jeder W\u00e4hler hat zwei Stimmen. Mit der Erststimme wird der Direktkandidat aus dem eigenen Wahlkreis gew\u00e4hlt. Die Zweitstimme entscheidet \u00fcber die Landesliste der Partei und damit \u00fcber die eigentlichen Machtverh\u00e4ltnisse im Landtag.<\/p>\n<p class=\"wp-block-paragraph\"><strong>Wer darf w\u00e4hlen?<\/strong><\/p>\n<p class=\"wp-block-paragraph\">Wahlberechtigt sind rund 1,7 Millionen B\u00fcrger in Sachsen-Anhalt, die mindestens 18 Jahre alt sind.<\/p>\n<p class=\"wp-block-paragraph\"><strong>Wie sieht die politische Ausgangslage aus, was sagen die Umfragen?<\/strong><\/p>\n<p class=\"wp-block-paragraph\">Bisher regiert in Magdeburg eine abgewirtschaftete Altparteien-Koalition aus CDU, SPD und FDP unter dem blassen Ministerpr\u00e4sidenten Sven Schulze (CDU). Er folgte im Januar 2026 auf Reiner Haseloff, der knapp 15 Jahre lang in Sachsen-Anhalt regiert hatte. Laut dem aktuellen Dawum-Wahltrend (Stand: Anfang September 2026) steht das Land vor einem politischen Erdbeben: Die letzte Umfrage vor der Wahl (INSA) sah die AfD mit 43 Prozent und 21 Punkten vor der noch regierenden CDU als haushohen Gewinner.<\/p>\n<p class=\"wp-block-paragraph\"><strong>Warum spricht man von einer \u201eJahrhundertwahl\u201c?<\/strong><\/p>\n<p class=\"wp-block-paragraph\">Sollten Au\u00dfenseiter-Parteien wie das BSW oder die FDP an der F\u00fcnf-Prozent-H\u00fcrde scheitern, fallen deren Stimmen bei der Sitzverteilung weg. Die AfD k\u00f6nnte dadurch trotz eines Ergebnisses von weniger als 50 Prozent und etwas \u00fcber 40 Prozent die absolute Mehrheit der Sitze im Landtag erringen und erstmals einen deutschen Ministerpr\u00e4sidenten stellen. Entscheidend wird sein, ob die \u201eGr\u00fcnen\u201c den Wiedereinzug in das Landesparlament schaffen. INSA sah die \u00d6kosozialisten zuletzt mit f\u00fcnf Prozent auf der Kippe.<\/p>\n<p class=\"wp-block-paragraph\"><strong>Bedeutet das, dass 40 Prozent und mehr dann verloren w\u00e4ren?<\/strong><\/p>\n<p class=\"wp-block-paragraph\">Nein! Holt die AfD mehr als ein Drittel der Sitze, verf\u00fcgt sie \u00fcber eine Sperrminorit\u00e4t. Damit kann sie im Landtag zum Beispiel Verfassungs\u00e4nderungen blockieren sowie die Wahl von Landesverfassungsrichtern verhindern.<\/p>\n<p class=\"wp-block-paragraph\"><strong>Falls die AfD wider Erwarten nicht in die Regierung kommt, wie geht es dann weiter?<\/strong><\/p>\n<p class=\"wp-block-paragraph\">Da die CDU eine Zusammenarbeit mit der AfD und (bisher) den Linken offiziell ausschlie\u00dft, wird eine Koalitionsbildung ohne die AfD politisch wie rechnerisch extrem schwierig. Letztlich d\u00fcrfte es f\u00fcr Sachsen-Anhalt den totalen Stillstand bedeuten. CDU, SPD (wahrscheinlich mit etwa sieben Prozent knapp im Landtag) und gegebenenfalls \u201eGr\u00fcne\u201c k\u00f6nnten eine Minderheitsregierung von Gnaden der Kommunisten (12 Prozent\/INSA) bilden. Oder aber Ministerpr\u00e4sident Sven Schulze wurstelt auf unbestimmte Zeit mit seinem CDU\/SPD\/FDP-Kabinett weiter. Dieser sogenannte \u201eBleibetrick\u201c ist nach der Landesverfassung m\u00f6glich (der Deutschland-Kurier berichtete).<\/p>\n<p class=\"wp-block-paragraph\"><strong>Welche Ma\u00dfnahmen w\u00fcrde Ulrich Siegmund als Ministerpr\u00e4sident sofort umsetzen?<\/strong><\/p>\n<p class=\"wp-block-paragraph\">F\u00fcr den Fall einer Regierungs\u00fcbernahme hat die AfD Sachsen-Anhalt unter Spitzenkandidat Ulrich Siegmund ein \u201e100-Tage-Sofortprogramm\u201c mit zehn konkreten Ma\u00dfnahmen vorgelegt. Als Ministerpr\u00e4sident (MP) plant Siegmund, das Bundesland in zentralen Kernbereichen grundlegend umzustrukturieren. Dazu z\u00e4hlen eine sofortige Abschiebeoffensive, die den Namen verdient; eine Verpflichtung von Asylbewerbern zu gemeinn\u00fctziger Arbeit; die R\u00fcckkehr zum gegliederten Schulsystem; die Wahlfreiheit zwischen Schul- und Hausunterricht (Homeschooling); die K\u00fcndigung des MDR-Staatsvertrages.<\/p>\n<p class=\"wp-block-paragraph\"><strong>Welche Bedeutung misst das Ausland der Wahl in Sachsen-Anhalt bei?<\/strong><\/p>\n<p class=\"wp-block-paragraph\">Das internationale Medieninteresse ist riesig. Mehr als 500 Reporter aus aller Welt werden in der Landeshauptstadt Magdeburg erwartet. Das britische Wirtschaftsmagazin \u201eThe Economist\u201c schrieb, dass viele W\u00e4hler in Sachsen-Anhalt f\u00fcr die AfD stimmen werden, weil sie sich von der Berliner Bundespolitik in zentralen Fragen wie der Migrations- und Energiepolitik komplett ignoriert f\u00fchlen. Patriotische Medien in Europa, aber auch in den USA dr\u00fccken Ulrich Siegmund die Daumen. Sie erhoffen sich mit einer AfD-Regierung in Magdeburg einen Domino-Effekt f\u00fcr ganz Deutschland.<\/p>\n<p><strong>Beitrag:<\/strong> <a target=\"_blank\" rel=\"noopener noreferrer\" href=\"https:\/\/deutschlandkurier.de\/2026\/09\/deutschland-jetzt-wird-es-ernst-alles-was-ich-als-patriot-ueber-die-jahrhundertwahl-in-sachsen-anhalt-wissen-muss\/\">DEUTSCHLAND, jetzt wird es ernst: Alles, was ich als Patriot \u00fcber die Jahrhundertwahl in Sachsen-Anhalt wissen muss!<\/a> <br><strong>Quelle:<\/strong> Deutschland-Kurier.<\/p>\n<\/div>","protected":false},"excerpt":{"rendered":"<div>\n<p>Die Landtagswahl in Sachsen-Anhalt am kommenden Sonntag, dem 6. September 2026, gilt zu Recht als eine Jahrhundertwahl: Nicht nur die ganze Nation, auch das Ausland blickt mit Spannung auf das historische Votum der rund 1,7 Millionen Wahlberechtigten in Mitteldeutschland. Holen wir uns St\u00fcck f\u00fcr St\u00fcck mit der AfD unser Land zur\u00fcck, macht Ulrich Siegmund als [\u2026]<\/p>\n<p>The post <a href=\"https:\/\/deutschlandkurier.de\/2026\/09\/deutschland-jetzt-wird-es-ernst-alles-was-ich-als-patriot-ueber-die-jahrhundertwahl-in-sachsen-anhalt-wissen-muss\/\">DEUTSCHLAND, jetzt wird es ernst: Alles, was ich als Patriot \u00fcber die Jahrhundertwahl in Sachsen-Anhalt wissen muss!<\/a> appeared first on <a href=\"https:\/\/deutschlandkurier.de\/\">Deutschland-Kurier<\/a>.<\/p>\n<\/div>\n","protected":false},"author":1,"featured_media":4846,"comment_status":"closed","ping_status":"closed","sticky":false,"template":"","format":"standard","meta":{"_gspb_post_css":"","_uag_custom_page_level_css":"","fifu_image_url":"","fifu_image_alt":"","footnotes":""},"categories":[17],"tags":[],"class_list":["post-20963","post","type-post","status-publish","format-standard","has-post-thumbnail","hentry","category-medienkritik"],"blocksy_meta":{"styles_descriptor":{"styles":{"desktop":"","tablet":"","mobile":""},"google_fonts":[],"version":8}},"uagb_featured_image_src":{"full":["https:\/\/mleexelnfod5.i.optimole.com\/w:auto\/h:auto\/q:mauto\/f:best\/https:\/\/i2.wp.com\/meiser-tv.de\/wp-content\/uploads\/2026\/05\/RSS-Hintergrund.jpg?w=1920&fit=1920,1080&ssl=1",1920,1080,true],"thumbnail":["https:\/\/mleexelnfod5.i.optimole.com\/w:auto\/h:auto\/q:mauto\/f:best\/https:\/\/i2.wp.com\/meiser-tv.de\/wp-content\/uploads\/2026\/05\/RSS-Hintergrund.jpg?w=150&resize=150,150&ssl=1",150,150,true],"medium":["https:\/\/mleexelnfod5.i.optimole.com\/w:auto\/h:auto\/q:mauto\/f:best\/https:\/\/i2.wp.com\/meiser-tv.de\/wp-content\/uploads\/2026\/05\/RSS-Hintergrund.jpg?w=300&fit=300,300&ssl=1",300,300,true],"medium_large":["https:\/\/mleexelnfod5.i.optimole.com\/w:auto\/h:auto\/q:mauto\/f:best\/https:\/\/i2.wp.com\/meiser-tv.de\/wp-content\/uploads\/2026\/05\/RSS-Hintergrund.jpg?w=768&resize=768,0&ssl=1",768,0,true],"large":["https:\/\/mleexelnfod5.i.optimole.com\/w:auto\/h:auto\/q:mauto\/f:best\/https:\/\/i2.wp.com\/meiser-tv.de\/wp-content\/uploads\/2026\/05\/RSS-Hintergrund.jpg?w=1024&fit=1024,1024&ssl=1",1024,1024,true],"1536x1536":["https:\/\/mleexelnfod5.i.optimole.com\/w:auto\/h:auto\/q:mauto\/f:best\/https:\/\/i2.wp.com\/meiser-tv.de\/wp-content\/uploads\/2026\/05\/RSS-Hintergrund.jpg?w=1536&fit=1536,1536&ssl=1",1536,1536,true],"2048x2048":["https:\/\/mleexelnfod5.i.optimole.com\/w:auto\/h:auto\/q:mauto\/f:best\/https:\/\/i2.wp.com\/meiser-tv.de\/wp-content\/uploads\/2026\/05\/RSS-Hintergrund.jpg?w=2048&fit=2048,2048&ssl=1",2048,2048,true],"trp-custom-language-flag":["https:\/\/mleexelnfod5.i.optimole.com\/w:auto\/h:auto\/q:mauto\/f:best\/https:\/\/i2.wp.com\/meiser-tv.de\/wp-content\/uploads\/2026\/05\/RSS-Hintergrund.jpg?w=18&fit=18,12&ssl=1",18,12,true]},"uagb_author_info":{"display_name":"admin","author_link":"https:\/\/meiser-tv.de\/en\/author\/admin\/"},"uagb_comment_info":0,"uagb_excerpt":"Die Landtagswahl in Sachsen-Anhalt am kommenden Sonntag, dem 6. September 2026, gilt zu Recht als eine Jahrhundertwahl: Nicht nur die ganze Nation, auch das Ausland blickt mit Spannung auf das historische Votum der rund 1,7 Millionen Wahlberechtigten in Mitteldeutschland. Holen wir uns St\u00fcck f\u00fcr St\u00fcck mit der AfD unser Land zur\u00fcck, macht Ulrich Siegmund als&hellip;","_links":{"self":[{"href":"https:\/\/meiser-tv.de\/en\/wp-json\/wp\/v2\/posts\/20963","targetHints":{"allow":["GET"]}}],"collection":[{"href":"https:\/\/meiser-tv.de\/en\/wp-json\/wp\/v2\/posts"}],"about":[{"href":"https:\/\/meiser-tv.de\/en\/wp-json\/wp\/v2\/types\/post"}],"author":[{"embeddable":true,"href":"https:\/\/meiser-tv.de\/en\/wp-json\/wp\/v2\/users\/1"}],"replies":[{"embeddable":true,"href":"https:\/\/meiser-tv.de\/en\/wp-json\/wp\/v2\/comments?post=20963"}],"version-history":[{"count":0,"href":"https:\/\/meiser-tv.de\/en\/wp-json\/wp\/v2\/posts\/20963\/revisions"}],"wp:featuredmedia":[{"embeddable":true,"href":"https:\/\/meiser-tv.de\/en\/wp-json\/wp\/v2\/media\/4846"}],"wp:attachment":[{"href":"https:\/\/meiser-tv.de\/en\/wp-json\/wp\/v2\/media?parent=20963"}],"wp:term":[{"taxonomy":"category","embeddable":true,"href":"https:\/\/meiser-tv.de\/en\/wp-json\/wp\/v2\/categories?post=20963"},{"taxonomy":"post_tag","embeddable":true,"href":"https:\/\/meiser-tv.de\/en\/wp-json\/wp\/v2\/tags?post=20963"}],"curies":[{"name":"wp","href":"https:\/\/api.w.org\/{rel}","templated":true}]}}