{"id":20982,"date":"2026-09-04T11:03:04","date_gmt":"2026-09-04T09:03:04","guid":{"rendered":"https:\/\/meiser-tv.de\/politik\/bsw-beben-in-thueringen-weitere-neun-abgeordnete-darunter-drei-minister-wollen-gehen\/"},"modified":"2026-09-04T11:03:04","modified_gmt":"2026-09-04T09:03:04","slug":"bsw-beben-in-thueringen-weitere-neun-abgeordnete-darunter-drei-minister-wollen-gehen","status":"publish","type":"post","link":"https:\/\/meiser-tv.de\/en\/politik\/bsw-beben-in-thueringen-weitere-neun-abgeordnete-darunter-drei-minister-wollen-gehen\/","title":{"rendered":"BSW-Beben in Th\u00fcringen: Weitere neun Abgeordnete, darunter drei Minister, wollen gehen"},"content":{"rendered":"<div>\n<p>Im Th\u00fcringer Landtag steht die BSW-Fraktion offenbar vor der Aufl\u00f6sung.<\/p>\n<p>Nach <em>MDR<\/em>-Informationen werden am Freitag mindestens neun weitere Mitglieder den Austritt aus der Landtagsfraktion und vermutlich auch aus der Partei erkl\u00e4ren, darunter die Vize-Ministerpr\u00e4sidentin und Finanzministerin Katja Wolf.<\/p>\n<p>Nach Informationen der Nachrichtenagentur <em>dpa<\/em>\u00a0zudem zwei weitere Brombeer-Minister: Digitalminister Steffen Sch\u00fctz und Umweltminister Tilo Kummer.<\/p>\n<p>Damit w\u00fcrde das BSW seinen Status als Fraktion im Landtag in Erfurt verlieren.<\/p>\n<p>F\u00fcr 11 Uhr ist eine Pressekonferenz angek\u00fcndigt.\u00a0<\/p>\n<p>Am Mittwoch verlie\u00dfen bereits drei BSW-Abgeordnete die Partei und die Fraktion, wodurch das BSW mit seiner\u00a0Fraktion in der mitregierenden Partei von urspr\u00fcnglich 15 auf 12 Mitglieder schrumpft. Die bisherige Patt-Regierung wird somit zur Minderheitsregierung.\u00a0Das BSW ist in Th\u00fcringen Teil der Brombeer-Koalition mit CDU und SPD, die im Landtag keine eigene Mehrheit hat.<\/p>\n<p>Die drei Ex-BSW-Politiker wollen laut Medien mit einer eigens gegr\u00fcndeten Partei &#8222;Deine Stimme z\u00e4hlt&#8220; demnach eine parlamentarische Gruppe im Erfurter Landtag bilden.<\/p>\n<p>Laut Medienberichten wurde der geplante Sonderparteitag des BSW f\u00fcr Sonntag abgesagt. Urspr\u00fcnglich wollte die Partei dort \u00fcber ihre zuk\u00fcnftige Rolle in der Brombeer-Koalition debattieren.\u00a0Der Termin am Sonntag sorgte dabei im Vorfeld\u00a0f\u00fcr Unmut bei den anderen 15 Landesverb\u00e4nden der Partei.\u00a0<\/p>\n<\/p>\n<p><em>Mehr Informationen in K\u00fcrze&#8230;<\/em><\/p>\n<\/div>","protected":false},"excerpt":{"rendered":"<p>Im Th\u00fcringer Landtag steht die BSW-Fraktion offenbar vor der Aufl\u00f6sung. Nach MDR-Informationen werden am Freitag mindestens neun weitere Mitglieder den Austritt aus der Landtagsfraktion und vermutlich auch aus der Partei erkl\u00e4ren, darunter die Vize-Ministerpr\u00e4sidentin und Finanzministerin Katja Wolf. Nach Informationen der Nachrichtenagentur dpa\u00a0zudem zwei weitere Brombeer-Minister: Digitalminister Steffen Sch\u00fctz und Umweltminister Tilo Kummer. Damit w\u00fcrde [&hellip;]<\/p>\n","protected":false},"author":1,"featured_media":4846,"comment_status":"closed","ping_status":"closed","sticky":false,"template":"","format":"standard","meta":{"_gspb_post_css":"","_uag_custom_page_level_css":"","fifu_image_url":"","fifu_image_alt":"","footnotes":""},"categories":[5],"tags":[],"class_list":["post-20982","post","type-post","status-publish","format-standard","has-post-thumbnail","hentry","category-politik"],"blocksy_meta":{"styles_descriptor":{"styles":{"desktop":"","tablet":"","mobile":""},"google_fonts":[],"version":8}},"uagb_featured_image_src":{"full":["https:\/\/mleexelnfod5.i.optimole.com\/w:auto\/h:auto\/q:mauto\/f:best\/https:\/\/i2.wp.com\/meiser-tv.de\/wp-content\/uploads\/2026\/05\/RSS-Hintergrund.jpg?w=1920&fit=1920,1080&ssl=1",1920,1080,true],"thumbnail":["https:\/\/mleexelnfod5.i.optimole.com\/w:auto\/h:auto\/q:mauto\/f:best\/https:\/\/i2.wp.com\/meiser-tv.de\/wp-content\/uploads\/2026\/05\/RSS-Hintergrund.jpg?w=150&resize=150,150&ssl=1",150,150,true],"medium":["https:\/\/mleexelnfod5.i.optimole.com\/w:auto\/h:auto\/q:mauto\/f:best\/https:\/\/i2.wp.com\/meiser-tv.de\/wp-content\/uploads\/2026\/05\/RSS-Hintergrund.jpg?w=300&fit=300,300&ssl=1",300,300,true],"medium_large":["https:\/\/mleexelnfod5.i.optimole.com\/w:auto\/h:auto\/q:mauto\/f:best\/https:\/\/i2.wp.com\/meiser-tv.de\/wp-content\/uploads\/2026\/05\/RSS-Hintergrund.jpg?w=768&resize=768,0&ssl=1",768,0,true],"large":["https:\/\/mleexelnfod5.i.optimole.com\/w:auto\/h:auto\/q:mauto\/f:best\/https:\/\/i2.wp.com\/meiser-tv.de\/wp-content\/uploads\/2026\/05\/RSS-Hintergrund.jpg?w=1024&fit=1024,1024&ssl=1",1024,1024,true],"1536x1536":["https:\/\/mleexelnfod5.i.optimole.com\/w:auto\/h:auto\/q:mauto\/f:best\/https:\/\/i2.wp.com\/meiser-tv.de\/wp-content\/uploads\/2026\/05\/RSS-Hintergrund.jpg?w=1536&fit=1536,1536&ssl=1",1536,1536,true],"2048x2048":["https:\/\/mleexelnfod5.i.optimole.com\/w:auto\/h:auto\/q:mauto\/f:best\/https:\/\/i2.wp.com\/meiser-tv.de\/wp-content\/uploads\/2026\/05\/RSS-Hintergrund.jpg?w=2048&fit=2048,2048&ssl=1",2048,2048,true],"trp-custom-language-flag":["https:\/\/mleexelnfod5.i.optimole.com\/w:auto\/h:auto\/q:mauto\/f:best\/https:\/\/i2.wp.com\/meiser-tv.de\/wp-content\/uploads\/2026\/05\/RSS-Hintergrund.jpg?w=18&fit=18,12&ssl=1",18,12,true]},"uagb_author_info":{"display_name":"admin","author_link":"https:\/\/meiser-tv.de\/en\/author\/admin\/"},"uagb_comment_info":0,"uagb_excerpt":"Im Th\u00fcringer Landtag steht die BSW-Fraktion offenbar vor der Aufl\u00f6sung. Nach MDR-Informationen werden am Freitag mindestens neun weitere Mitglieder den Austritt aus der Landtagsfraktion und vermutlich auch aus der Partei erkl\u00e4ren, darunter die Vize-Ministerpr\u00e4sidentin und Finanzministerin Katja Wolf. Nach Informationen der Nachrichtenagentur dpa\u00a0zudem zwei weitere Brombeer-Minister: Digitalminister Steffen Sch\u00fctz und Umweltminister Tilo Kummer. Damit w\u00fcrde&hellip;","_links":{"self":[{"href":"https:\/\/meiser-tv.de\/en\/wp-json\/wp\/v2\/posts\/20982","targetHints":{"allow":["GET"]}}],"collection":[{"href":"https:\/\/meiser-tv.de\/en\/wp-json\/wp\/v2\/posts"}],"about":[{"href":"https:\/\/meiser-tv.de\/en\/wp-json\/wp\/v2\/types\/post"}],"author":[{"embeddable":true,"href":"https:\/\/meiser-tv.de\/en\/wp-json\/wp\/v2\/users\/1"}],"replies":[{"embeddable":true,"href":"https:\/\/meiser-tv.de\/en\/wp-json\/wp\/v2\/comments?post=20982"}],"version-history":[{"count":0,"href":"https:\/\/meiser-tv.de\/en\/wp-json\/wp\/v2\/posts\/20982\/revisions"}],"wp:featuredmedia":[{"embeddable":true,"href":"https:\/\/meiser-tv.de\/en\/wp-json\/wp\/v2\/media\/4846"}],"wp:attachment":[{"href":"https:\/\/meiser-tv.de\/en\/wp-json\/wp\/v2\/media?parent=20982"}],"wp:term":[{"taxonomy":"category","embeddable":true,"href":"https:\/\/meiser-tv.de\/en\/wp-json\/wp\/v2\/categories?post=20982"},{"taxonomy":"post_tag","embeddable":true,"href":"https:\/\/meiser-tv.de\/en\/wp-json\/wp\/v2\/tags?post=20982"}],"curies":[{"name":"wp","href":"https:\/\/api.w.org\/{rel}","templated":true}]}}