{"id":20985,"date":"2026-09-04T12:02:06","date_gmt":"2026-09-04T10:02:06","guid":{"rendered":"https:\/\/meiser-tv.de\/medienkritik\/junge-frauen-als-freiwild-und-alle-schweigen-dazu\/"},"modified":"2026-09-04T12:02:06","modified_gmt":"2026-09-04T10:02:06","slug":"junge-frauen-als-freiwild-und-alle-schweigen-dazu","status":"publish","type":"post","link":"https:\/\/meiser-tv.de\/en\/medienkritik\/junge-frauen-als-freiwild-und-alle-schweigen-dazu\/","title":{"rendered":"Junge Frauen als Freiwild \u2013 und alle schweigen dazu"},"content":{"rendered":"<div>\n<p>Eine 27-J\u00e4hrige wird mittags ins Geb\u00fcsch gezerrt \u2013 von einem abgelehnten Asylbewerber. Man wundert sich kaum noch. Doch was das f\u00fcr junge Frauen konkret bedeutet, begreift man erst, wenn sie einem den Tr\u00e4nen nahe gegen\u00fcbersitzen.<\/p>\n<p>Der Beitrag <a target=\"_blank\" rel=\"noopener noreferrer\" href=\"https:\/\/reitschuster.de\/post\/junge-frauen-als-freiwild-und-alle-schweigen-dazu\/\">Junge Frauen als Freiwild \u2013 und alle schweigen dazu<\/a> erschien zuerst auf <a target=\"_blank\" rel=\"noopener noreferrer\" href=\"https:\/\/reitschuster.de\/\">reitschuster.de<\/a>.<\/p>\n<\/div>","protected":false},"excerpt":{"rendered":"<div><img data-opt-id=1010139421  fetchpriority=\"high\" decoding=\"async\" width=\"1020\" height=\"684\" src=\"https:\/\/reitschuster.de\/wp-content\/uploads\/2026\/09\/image-54-1024x687.jpeg\" class=\"webfeedsFeaturedVisual wp-post-image\" alt=\"\" style=\"display: block;margin-bottom: 5px;clear:both;max-width: 100%\"><\/p>\n<p>Eine 27-J\u00e4hrige wird mittags ins Geb\u00fcsch gezerrt \u2013 von einem abgelehnten Asylbewerber. Man wundert sich kaum noch. Doch was das f\u00fcr junge Frauen konkret bedeutet, begreift man erst, wenn sie einem den Tr\u00e4nen nahe gegen\u00fcbersitzen.<\/p>\n<p>Der Beitrag <a href=\"https:\/\/reitschuster.de\/post\/junge-frauen-als-freiwild-und-alle-schweigen-dazu\/\">Junge Frauen als Freiwild \u2013 und alle schweigen dazu<\/a> erschien zuerst auf <a href=\"https:\/\/reitschuster.de\/\">reitschuster.de<\/a>.<\/p>\n<\/div>","protected":false},"author":1,"featured_media":20986,"comment_status":"closed","ping_status":"closed","sticky":false,"template":"","format":"standard","meta":{"_gspb_post_css":"","_uag_custom_page_level_css":"","fifu_image_url":"","fifu_image_alt":"","footnotes":""},"categories":[17],"tags":[],"class_list":["post-20985","post","type-post","status-publish","format-standard","has-post-thumbnail","hentry","category-medienkritik"],"blocksy_meta":{"styles_descriptor":{"styles":{"desktop":"","tablet":"","mobile":""},"google_fonts":[],"version":8}},"uagb_featured_image_src":{"full":["https:\/\/mleexelnfod5.i.optimole.com\/cb:m87X.d36\/w:auto\/h:auto\/q:mauto\/f:best\/https:\/\/meiser-tv.de\/wp-content\/uploads\/2026\/09\/image-54-1024x687-1.jpeg",1024,687,false],"thumbnail":["https:\/\/mleexelnfod5.i.optimole.com\/cb:m87X.d36\/w:150\/h:150\/q:mauto\/rt:fill\/g:ce\/f:best\/https:\/\/meiser-tv.de\/wp-content\/uploads\/2026\/09\/image-54-1024x687-1.jpeg",150,150,true],"medium":["https:\/\/mleexelnfod5.i.optimole.com\/cb:m87X.d36\/w:300\/h:201\/q:mauto\/f:best\/https:\/\/meiser-tv.de\/wp-content\/uploads\/2026\/09\/image-54-1024x687-1.jpeg",300,201,true],"medium_large":["https:\/\/mleexelnfod5.i.optimole.com\/cb:m87X.d36\/w:768\/h:515\/q:mauto\/f:best\/https:\/\/meiser-tv.de\/wp-content\/uploads\/2026\/09\/image-54-1024x687-1.jpeg",768,515,true],"large":["https:\/\/mleexelnfod5.i.optimole.com\/cb:m87X.d36\/w:auto\/h:auto\/q:mauto\/f:best\/https:\/\/meiser-tv.de\/wp-content\/uploads\/2026\/09\/image-54-1024x687-1.jpeg",1024,687,false],"1536x1536":["https:\/\/mleexelnfod5.i.optimole.com\/cb:m87X.d36\/w:auto\/h:auto\/q:mauto\/f:best\/https:\/\/meiser-tv.de\/wp-content\/uploads\/2026\/09\/image-54-1024x687-1.jpeg",1024,687,false],"2048x2048":["https:\/\/mleexelnfod5.i.optimole.com\/cb:m87X.d36\/w:auto\/h:auto\/q:mauto\/f:best\/https:\/\/meiser-tv.de\/wp-content\/uploads\/2026\/09\/image-54-1024x687-1.jpeg",1024,687,false],"trp-custom-language-flag":["https:\/\/mleexelnfod5.i.optimole.com\/cb:m87X.d36\/w:18\/h:12\/q:mauto\/f:best\/dpr:2\/https:\/\/meiser-tv.de\/wp-content\/uploads\/2026\/09\/image-54-1024x687-1.jpeg",18,12,true]},"uagb_author_info":{"display_name":"admin","author_link":"https:\/\/meiser-tv.de\/en\/author\/admin\/"},"uagb_comment_info":0,"uagb_excerpt":"Eine 27-J\u00e4hrige wird mittags ins Geb\u00fcsch gezerrt \u2013 von einem abgelehnten Asylbewerber. Man wundert sich kaum noch. Doch was das f\u00fcr junge Frauen konkret bedeutet, begreift man erst, wenn sie einem den Tr\u00e4nen nahe gegen\u00fcbersitzen. Der Beitrag Junge Frauen als Freiwild \u2013 und alle schweigen dazu erschien zuerst auf reitschuster.de.","_links":{"self":[{"href":"https:\/\/meiser-tv.de\/en\/wp-json\/wp\/v2\/posts\/20985","targetHints":{"allow":["GET"]}}],"collection":[{"href":"https:\/\/meiser-tv.de\/en\/wp-json\/wp\/v2\/posts"}],"about":[{"href":"https:\/\/meiser-tv.de\/en\/wp-json\/wp\/v2\/types\/post"}],"author":[{"embeddable":true,"href":"https:\/\/meiser-tv.de\/en\/wp-json\/wp\/v2\/users\/1"}],"replies":[{"embeddable":true,"href":"https:\/\/meiser-tv.de\/en\/wp-json\/wp\/v2\/comments?post=20985"}],"version-history":[{"count":0,"href":"https:\/\/meiser-tv.de\/en\/wp-json\/wp\/v2\/posts\/20985\/revisions"}],"wp:featuredmedia":[{"embeddable":true,"href":"https:\/\/meiser-tv.de\/en\/wp-json\/wp\/v2\/media\/20986"}],"wp:attachment":[{"href":"https:\/\/meiser-tv.de\/en\/wp-json\/wp\/v2\/media?parent=20985"}],"wp:term":[{"taxonomy":"category","embeddable":true,"href":"https:\/\/meiser-tv.de\/en\/wp-json\/wp\/v2\/categories?post=20985"},{"taxonomy":"post_tag","embeddable":true,"href":"https:\/\/meiser-tv.de\/en\/wp-json\/wp\/v2\/tags?post=20985"}],"curies":[{"name":"wp","href":"https:\/\/api.w.org\/{rel}","templated":true}]}}