{"id":20987,"date":"2026-09-04T12:02:30","date_gmt":"2026-09-04T10:02:30","guid":{"rendered":"https:\/\/meiser-tv.de\/medienkritik\/merz-in-sachsen-anhalt-wieder-ausgebuht-kanzler-warnt-buerger-ohne-zu-ihnen-zu-sprechen\/"},"modified":"2026-09-04T12:02:30","modified_gmt":"2026-09-04T10:02:30","slug":"merz-in-sachsen-anhalt-wieder-ausgebuht-kanzler-warnt-buerger-ohne-zu-ihnen-zu-sprechen","status":"publish","type":"post","link":"https:\/\/meiser-tv.de\/en\/medienkritik\/merz-in-sachsen-anhalt-wieder-ausgebuht-kanzler-warnt-buerger-ohne-zu-ihnen-zu-sprechen\/","title":{"rendered":"Merz in Sachsen-Anhalt wieder ausgebuht: Kanzler \u201ewarnt\u201c B\u00fcrger, ohne zu Ihnen zu sprechen!"},"content":{"rendered":"<div>\n<p class=\"wp-block-paragraph\">Auf seiner abgeschotteten Phantom-Wahlkampftour durch Sachsen-Anhalt ist Bundeskanzler Friedrich Merz (CDU) erneut ausgebuht worden. Bei seinen Terminen mit CDU-Honoratioren unter Ausschluss der \u00d6ffentlichkeit \u201ewarnte\u201c Merz die B\u00fcrger in Sachsen-Anhalt, am kommenden Sonntag die AfD zu w\u00e4hlen.<\/p>\n<p class=\"wp-block-paragraph\">Das muss man sich einmal vergegenw\u00e4rtigen: Der Kanzler spricht zu den Menschen, ohne mit ihnen zu sprechen! Auch bei seinem letzten Besuch in Sachsen-Anhalt vor der Wahl ging der CDU-Chef W\u00e4hlern und Presse demonstrativ aus dem Weg und lie\u00df sich abschirmen.<\/p>\n<p class=\"wp-block-paragraph\">Zun\u00e4chst besuchte Merz am Donnerstag (3.September) den Chemiepark InfraLeuna. Da dieser Termin unter Ausschluss der \u00d6ffentlichkeit und ohne W\u00e4hlerkontakt stattfand, kam es dort zu keinen nennenswerten Zwischenf\u00e4llen.<\/p>\n<p class=\"wp-block-paragraph\">Im Anschluss fuhr Merz in das etwa 12 Kilometer entfernte Braunsbedra am Geiseltalsee, um sich mit CDU-B\u00fcrgermeistern zu treffen. Hier kam es zu lautstarken \u201eHau ab!\u201c-Rufen.<\/p>\n<p><strong>Beitrag:<\/strong> <a target=\"_blank\" rel=\"noopener noreferrer\" href=\"https:\/\/deutschlandkurier.de\/2026\/09\/merz-in-sachsen-anhalt-wieder-ausgebuht-kanzler-warnt-buerger-ohne-zu-ihnen-zu-sprechen\/\">Merz in Sachsen-Anhalt wieder ausgebuht: Kanzler \u201ewarnt\u201c B\u00fcrger, ohne zu Ihnen zu sprechen!<\/a> <br><strong>Quelle:<\/strong> Deutschland-Kurier.<\/p>\n<\/div>","protected":false},"excerpt":{"rendered":"<div>\n<p>Auf seiner abgeschotteten Phantom-Wahlkampftour durch Sachsen-Anhalt ist Bundeskanzler Friedrich Merz (CDU) erneut ausgebuht worden. Bei seinen Terminen mit CDU-Honoratioren unter Ausschluss der \u00d6ffentlichkeit \u201ewarnte\u201c Merz die B\u00fcrger in Sachsen-Anhalt, am kommenden Sonntag die AfD zu w\u00e4hlen. Das muss man sich einmal vergegenw\u00e4rtigen: Der Kanzler spricht zu den Menschen, ohne mit ihnen zu sprechen! Auch bei [\u2026]<\/p>\n<p>The post <a href=\"https:\/\/deutschlandkurier.de\/2026\/09\/merz-in-sachsen-anhalt-wieder-ausgebuht-kanzler-warnt-buerger-ohne-zu-ihnen-zu-sprechen\/\">Merz in Sachsen-Anhalt wieder ausgebuht: Kanzler \u201ewarnt\u201c B\u00fcrger, ohne zu Ihnen zu sprechen!<\/a> appeared first on <a href=\"https:\/\/deutschlandkurier.de\/\">Deutschland-Kurier<\/a>.<\/p>\n<\/div>\n","protected":false},"author":1,"featured_media":4846,"comment_status":"closed","ping_status":"closed","sticky":false,"template":"","format":"standard","meta":{"_gspb_post_css":"","_uag_custom_page_level_css":"","fifu_image_url":"","fifu_image_alt":"","footnotes":""},"categories":[17],"tags":[],"class_list":["post-20987","post","type-post","status-publish","format-standard","has-post-thumbnail","hentry","category-medienkritik"],"blocksy_meta":{"styles_descriptor":{"styles":{"desktop":"","tablet":"","mobile":""},"google_fonts":[],"version":8}},"uagb_featured_image_src":{"full":["https:\/\/mleexelnfod5.i.optimole.com\/w:auto\/h:auto\/q:mauto\/f:best\/https:\/\/i2.wp.com\/meiser-tv.de\/wp-content\/uploads\/2026\/05\/RSS-Hintergrund.jpg?w=1920&fit=1920,1080&ssl=1",1920,1080,true],"thumbnail":["https:\/\/mleexelnfod5.i.optimole.com\/w:auto\/h:auto\/q:mauto\/f:best\/https:\/\/i2.wp.com\/meiser-tv.de\/wp-content\/uploads\/2026\/05\/RSS-Hintergrund.jpg?w=150&resize=150,150&ssl=1",150,150,true],"medium":["https:\/\/mleexelnfod5.i.optimole.com\/w:auto\/h:auto\/q:mauto\/f:best\/https:\/\/i2.wp.com\/meiser-tv.de\/wp-content\/uploads\/2026\/05\/RSS-Hintergrund.jpg?w=300&fit=300,300&ssl=1",300,300,true],"medium_large":["https:\/\/mleexelnfod5.i.optimole.com\/w:auto\/h:auto\/q:mauto\/f:best\/https:\/\/i2.wp.com\/meiser-tv.de\/wp-content\/uploads\/2026\/05\/RSS-Hintergrund.jpg?w=768&resize=768,0&ssl=1",768,0,true],"large":["https:\/\/mleexelnfod5.i.optimole.com\/w:auto\/h:auto\/q:mauto\/f:best\/https:\/\/i2.wp.com\/meiser-tv.de\/wp-content\/uploads\/2026\/05\/RSS-Hintergrund.jpg?w=1024&fit=1024,1024&ssl=1",1024,1024,true],"1536x1536":["https:\/\/mleexelnfod5.i.optimole.com\/w:auto\/h:auto\/q:mauto\/f:best\/https:\/\/i2.wp.com\/meiser-tv.de\/wp-content\/uploads\/2026\/05\/RSS-Hintergrund.jpg?w=1536&fit=1536,1536&ssl=1",1536,1536,true],"2048x2048":["https:\/\/mleexelnfod5.i.optimole.com\/w:auto\/h:auto\/q:mauto\/f:best\/https:\/\/i2.wp.com\/meiser-tv.de\/wp-content\/uploads\/2026\/05\/RSS-Hintergrund.jpg?w=2048&fit=2048,2048&ssl=1",2048,2048,true],"trp-custom-language-flag":["https:\/\/mleexelnfod5.i.optimole.com\/w:auto\/h:auto\/q:mauto\/f:best\/https:\/\/i2.wp.com\/meiser-tv.de\/wp-content\/uploads\/2026\/05\/RSS-Hintergrund.jpg?w=18&fit=18,12&ssl=1",18,12,true]},"uagb_author_info":{"display_name":"admin","author_link":"https:\/\/meiser-tv.de\/en\/author\/admin\/"},"uagb_comment_info":0,"uagb_excerpt":"Auf seiner abgeschotteten Phantom-Wahlkampftour durch Sachsen-Anhalt ist Bundeskanzler Friedrich Merz (CDU) erneut ausgebuht worden. Bei seinen Terminen mit CDU-Honoratioren unter Ausschluss der \u00d6ffentlichkeit \u201ewarnte\u201c Merz die B\u00fcrger in Sachsen-Anhalt, am kommenden Sonntag die AfD zu w\u00e4hlen. Das muss man sich einmal vergegenw\u00e4rtigen: Der Kanzler spricht zu den Menschen, ohne mit ihnen zu sprechen! Auch bei&hellip;","_links":{"self":[{"href":"https:\/\/meiser-tv.de\/en\/wp-json\/wp\/v2\/posts\/20987","targetHints":{"allow":["GET"]}}],"collection":[{"href":"https:\/\/meiser-tv.de\/en\/wp-json\/wp\/v2\/posts"}],"about":[{"href":"https:\/\/meiser-tv.de\/en\/wp-json\/wp\/v2\/types\/post"}],"author":[{"embeddable":true,"href":"https:\/\/meiser-tv.de\/en\/wp-json\/wp\/v2\/users\/1"}],"replies":[{"embeddable":true,"href":"https:\/\/meiser-tv.de\/en\/wp-json\/wp\/v2\/comments?post=20987"}],"version-history":[{"count":0,"href":"https:\/\/meiser-tv.de\/en\/wp-json\/wp\/v2\/posts\/20987\/revisions"}],"wp:featuredmedia":[{"embeddable":true,"href":"https:\/\/meiser-tv.de\/en\/wp-json\/wp\/v2\/media\/4846"}],"wp:attachment":[{"href":"https:\/\/meiser-tv.de\/en\/wp-json\/wp\/v2\/media?parent=20987"}],"wp:term":[{"taxonomy":"category","embeddable":true,"href":"https:\/\/meiser-tv.de\/en\/wp-json\/wp\/v2\/categories?post=20987"},{"taxonomy":"post_tag","embeddable":true,"href":"https:\/\/meiser-tv.de\/en\/wp-json\/wp\/v2\/tags?post=20987"}],"curies":[{"name":"wp","href":"https:\/\/api.w.org\/{rel}","templated":true}]}}