{"id":20996,"date":"2026-09-04T12:03:31","date_gmt":"2026-09-04T10:03:31","guid":{"rendered":"https:\/\/meiser-tv.de\/politik\/russlands-botschaft-in-polen-das-russophobe-spektakel-in-leipzig-nuetzt-dem-kiewer-terrorregime\/"},"modified":"2026-09-04T12:03:31","modified_gmt":"2026-09-04T10:03:31","slug":"russlands-botschaft-in-polen-das-russophobe-spektakel-in-leipzig-nuetzt-dem-kiewer-terrorregime","status":"publish","type":"post","link":"https:\/\/meiser-tv.de\/en\/politik\/russlands-botschaft-in-polen-das-russophobe-spektakel-in-leipzig-nuetzt-dem-kiewer-terrorregime\/","title":{"rendered":"Russlands Botschaft in Polen: Das russophobe Spektakel in Leipzig n\u00fctzt dem Kiewer Terrorregime"},"content":{"rendered":"<div>\n<p>Am Donnerstag hat das polnische Au\u00dfenministerium den russischen Botschafter in Warschau, Georgi Michno, einbestellt. Grund daf\u00fcr waren die j\u00fcngsten Anschuldigungen Deutschlands gegen Russland wegen einer angeblichen Beteiligung Moskaus an dem Drohnenvorfall am Flughafen Leipzig\/Halle im August.\u00a0<\/p>\n<p>W\u00e4hrend des Treffens\u00a0legte Warschau bei dem russischen Diplomaten Protest ein. &#8222;Als Zeichen der Solidarit\u00e4t mit unserem Verb\u00fcndeten hat Polen entschieden gegen den russischen Staatsterrorismus und die Eskalation hybrider Operationen protestiert \u2013 sowohl in unserem Land als auch in anderen souver\u00e4nen Staaten, darunter Deutschland&#8220;, <a href=\"https:\/\/x.com\/RzecznikMSZ\/status\/2095550502146593172\" target=\"_blank\" rel=\"noopener noreferrer\">erkl\u00e4rte<\/a> Maciej Wewi\u00f3r, der Sprecher des polnischen Au\u00dfenministeriums, auf X. Er f\u00fcgte hinzu, dass Polen &#8222;angesichts der feindseligen Aktionen&#8220; Moskaus geeint an der Seite seiner Verb\u00fcndeten stehe.<\/p>\n<p>Der russische Botschafter hat seinerseits alle Vorw\u00fcrfe gegen Moskau zur\u00fcckgewiesen. &#8222;Uns wurden keinerlei Beweise vorgelegt. Die russische Seite weist diese v\u00f6llig unbegr\u00fcndete, absurde und jeglichem gesunden Menschenverstand widersprechende Anschuldigung entschieden zur\u00fcck&#8220;, <a href=\"https:\/\/wiadomosci.onet.pl\/kraj\/seria-pytan-do-macieja-berka-czy-podpisuje-sie-pan-pod-teza-donalda-tuska\/krw03b0\" target=\"_blank\" rel=\"noopener noreferrer\">sagte<\/a> Michno gegen\u00fcber Reportern nach dem Verlassen des Au\u00dfenministeriums.\u00a0\u00a0<\/p>\n<p>Nach der Einbestellung des Botschafters <a href=\"https:\/\/t.me\/rusembpol\/1781\" target=\"_blank\" rel=\"noopener noreferrer\">ver\u00f6ffentlichte<\/a>\u00a0die russische diplomatische Vertretung in Warschau eine offizielle Stellungnahme. Die russische Seite bezeichnete die Anschuldigungen als &#8222;eine eklatante und grobe Provokation&#8220;, die darauf abziele, die Spannungen zwischen Moskau und den europ\u00e4ischen L\u00e4ndern zu versch\u00e4rfen und die Beziehungen weiter zu verschlechtern. &#8222;Das russophobe Spektakel in Leipzig n\u00fctzt dem neonazistischen Terrorregime in Kiew, seinen ausl\u00e4ndischen Sponsoren und Drahtziehern, die es umfassend unterst\u00fctzen und an der Fortsetzung des Ukraine-Konflikts interessiert sind&#8220;, hie\u00df es in der Erkl\u00e4rung. Die Botschaft warnte, dass Moskau &#8222;die Handlungen, die darauf abzielen, der Russischen F\u00f6deration Schaden zuzuf\u00fcgen&#8220;, nicht unbeantwortet lassen werde.<\/p>\n<p>Der polnische Au\u00dfenminister Rados\u0142aw Sikorski hat die Vorladung des russischen Botschafters im Zusammenhang mit dem Drohnenvorfall in Leipzig ebenfalls kommentiert. &#8222;Polen hat den russischen Botschafter einbestellt, um den von der Russischen F\u00f6deration ver\u00fcbten Staatsterrorismus aufs Sch\u00e4rfste zu verurteilen&#8220;, <a href=\"https:\/\/wiadomosci.onet.pl\/kraj\/polska-wzywa-ambasadora-rosji\/zxhrz49?utm_campaign=cb\" target=\"_blank\" rel=\"noopener noreferrer\">sagte<\/a> Warschaus Chefdiplomat am Donnerstag bei einem Treffen des Weimarer Dreiecks, bei dem auch die Au\u00dfenminister Deutschlands und Frankreichs, Johann Wadephul und Jean-No\u00ebl Barrot, anwesend waren. &#8222;Was f\u00fcr einen Verb\u00fcndeten ein Problem darstellt, ist ein Problem f\u00fcr das gesamte B\u00fcndnis&#8220;, so Sikorski weiter. Ihm zufolge sei Russland &#8222;eine der gr\u00f6\u00dften Sicherheitsbedrohungen&#8220; f\u00fcr Europa und die gesamte Weltordnung. Moskau beabsichtige, &#8222;die europ\u00e4ische Sicherheitsarchitektur&#8220; zu zerst\u00f6ren, behauptete Sikorski. &#8222;Wir m\u00fcssen imperialen Ambitionen entgegenwirken&#8220;, f\u00fcgte er hinzu.<\/p>\n<p>Am 1. September hatte Deutschland Russland f\u00fcr den Drohnenvorfall am Flughafen Leipzig\/Halle im August verantwortlich gemacht. Die deutschen Beh\u00f6rden k\u00fcndigten die baldige Schlie\u00dfung des russischen Generalkonsulats in Bonn an und versprachen, die Kontrollen f\u00fcr die Einreise von Russen nach Deutschland zu versch\u00e4rfen. Zudem will Berlin den Vertrag \u00fcber das Russische Haus in Berlin k\u00fcndigen und dieses Kulturzentrum schlie\u00dfen.\u00a0<\/p>\n<p>Warschau <a href=\"https:\/\/www.gov.pl\/web\/diplomacy\/mfa-statement32\" target=\"_blank\" rel=\"noopener noreferrer\">hatte<\/a>\u00a0unverz\u00fcglich seine Unterst\u00fctzung f\u00fcr diese Ma\u00dfnahmen und seine Solidarit\u00e4t mit Berlin &#8222;im Kampf gegen Moskaus terroristische Aktivit\u00e4ten&#8220; bekundet. In\u00a0einer Erkl\u00e4rung des Au\u00dfenministeriums vom 2. September hie\u00df es, dass Polen &#8222;versuchte hybride Angriffe auf dem Gebiet von NATO- und EU-Mitgliedstaaten entschieden&#8220; ablehne. Das Land werde die NATO-Ostflanke weiterhin st\u00e4rken und sich daf\u00fcr einsetzen, dass &#8222;Russlands terroristische Aktivit\u00e4ten eine angemessene Antwort von NATO und EU erhalten.&#8220;\u00a0<\/p>\n<p><strong>Mehr zum Thema<\/strong> \u2013 <a href=\"https:\/\/de-rtnews.com\/international\/290580-peskow-schliesst-herabstufung-diplomatischen-beziehungen\/\" target=\"_blank\" rel=\"noopener noreferrer\">Peskow schlie\u00dft Herabstufung der diplomatischen Beziehungen zu Berlin auf russische Initiative aus<\/a><\/p>\n<div class=\"EmbedBlock-root EmbedBlock-externalVideo EmbedBlock-rumble\">\n<div class=\"VkEmbed\"><iframe class=\"lazyload\" data-src=\"https:\/\/rumble.com\/embed\/v7cunpy\" frameborder=\"0\" width=\"853\" height=\"480\" allowfullscreen><\/iframe><\/div>\n<\/p><\/div>\n<\/p>\n<\/div>","protected":false},"excerpt":{"rendered":"<p>Am Donnerstag hat das polnische Au\u00dfenministerium den russischen Botschafter in Warschau, Georgi Michno, einbestellt. Grund daf\u00fcr waren die j\u00fcngsten Anschuldigungen Deutschlands gegen Russland wegen einer angeblichen Beteiligung Moskaus an dem Drohnenvorfall am Flughafen Leipzig\/Halle im August.\u00a0 W\u00e4hrend des Treffens\u00a0legte Warschau bei dem russischen Diplomaten Protest ein. &#8222;Als Zeichen der Solidarit\u00e4t mit unserem Verb\u00fcndeten hat Polen [&hellip;]<\/p>\n","protected":false},"author":1,"featured_media":4846,"comment_status":"closed","ping_status":"closed","sticky":false,"template":"","format":"standard","meta":{"_gspb_post_css":"","_uag_custom_page_level_css":"","fifu_image_url":"","fifu_image_alt":"","footnotes":""},"categories":[5],"tags":[],"class_list":["post-20996","post","type-post","status-publish","format-standard","has-post-thumbnail","hentry","category-politik"],"blocksy_meta":{"styles_descriptor":{"styles":{"desktop":"","tablet":"","mobile":""},"google_fonts":[],"version":8}},"uagb_featured_image_src":{"full":["https:\/\/mleexelnfod5.i.optimole.com\/w:auto\/h:auto\/q:mauto\/f:best\/https:\/\/i2.wp.com\/meiser-tv.de\/wp-content\/uploads\/2026\/05\/RSS-Hintergrund.jpg?w=1920&fit=1920,1080&ssl=1",1920,1080,true],"thumbnail":["https:\/\/mleexelnfod5.i.optimole.com\/w:auto\/h:auto\/q:mauto\/f:best\/https:\/\/i2.wp.com\/meiser-tv.de\/wp-content\/uploads\/2026\/05\/RSS-Hintergrund.jpg?w=150&resize=150,150&ssl=1",150,150,true],"medium":["https:\/\/mleexelnfod5.i.optimole.com\/w:auto\/h:auto\/q:mauto\/f:best\/https:\/\/i2.wp.com\/meiser-tv.de\/wp-content\/uploads\/2026\/05\/RSS-Hintergrund.jpg?w=300&fit=300,300&ssl=1",300,300,true],"medium_large":["https:\/\/mleexelnfod5.i.optimole.com\/w:auto\/h:auto\/q:mauto\/f:best\/https:\/\/i2.wp.com\/meiser-tv.de\/wp-content\/uploads\/2026\/05\/RSS-Hintergrund.jpg?w=768&resize=768,0&ssl=1",768,0,true],"large":["https:\/\/mleexelnfod5.i.optimole.com\/w:auto\/h:auto\/q:mauto\/f:best\/https:\/\/i2.wp.com\/meiser-tv.de\/wp-content\/uploads\/2026\/05\/RSS-Hintergrund.jpg?w=1024&fit=1024,1024&ssl=1",1024,1024,true],"1536x1536":["https:\/\/mleexelnfod5.i.optimole.com\/w:auto\/h:auto\/q:mauto\/f:best\/https:\/\/i2.wp.com\/meiser-tv.de\/wp-content\/uploads\/2026\/05\/RSS-Hintergrund.jpg?w=1536&fit=1536,1536&ssl=1",1536,1536,true],"2048x2048":["https:\/\/mleexelnfod5.i.optimole.com\/w:auto\/h:auto\/q:mauto\/f:best\/https:\/\/i2.wp.com\/meiser-tv.de\/wp-content\/uploads\/2026\/05\/RSS-Hintergrund.jpg?w=2048&fit=2048,2048&ssl=1",2048,2048,true],"trp-custom-language-flag":["https:\/\/mleexelnfod5.i.optimole.com\/w:auto\/h:auto\/q:mauto\/f:best\/https:\/\/i2.wp.com\/meiser-tv.de\/wp-content\/uploads\/2026\/05\/RSS-Hintergrund.jpg?w=18&fit=18,12&ssl=1",18,12,true]},"uagb_author_info":{"display_name":"admin","author_link":"https:\/\/meiser-tv.de\/en\/author\/admin\/"},"uagb_comment_info":0,"uagb_excerpt":"Am Donnerstag hat das polnische Au\u00dfenministerium den russischen Botschafter in Warschau, Georgi Michno, einbestellt. Grund daf\u00fcr waren die j\u00fcngsten Anschuldigungen Deutschlands gegen Russland wegen einer angeblichen Beteiligung Moskaus an dem Drohnenvorfall am Flughafen Leipzig\/Halle im August.\u00a0 W\u00e4hrend des Treffens\u00a0legte Warschau bei dem russischen Diplomaten Protest ein. &#8222;Als Zeichen der Solidarit\u00e4t mit unserem Verb\u00fcndeten hat Polen&hellip;","_links":{"self":[{"href":"https:\/\/meiser-tv.de\/en\/wp-json\/wp\/v2\/posts\/20996","targetHints":{"allow":["GET"]}}],"collection":[{"href":"https:\/\/meiser-tv.de\/en\/wp-json\/wp\/v2\/posts"}],"about":[{"href":"https:\/\/meiser-tv.de\/en\/wp-json\/wp\/v2\/types\/post"}],"author":[{"embeddable":true,"href":"https:\/\/meiser-tv.de\/en\/wp-json\/wp\/v2\/users\/1"}],"replies":[{"embeddable":true,"href":"https:\/\/meiser-tv.de\/en\/wp-json\/wp\/v2\/comments?post=20996"}],"version-history":[{"count":0,"href":"https:\/\/meiser-tv.de\/en\/wp-json\/wp\/v2\/posts\/20996\/revisions"}],"wp:featuredmedia":[{"embeddable":true,"href":"https:\/\/meiser-tv.de\/en\/wp-json\/wp\/v2\/media\/4846"}],"wp:attachment":[{"href":"https:\/\/meiser-tv.de\/en\/wp-json\/wp\/v2\/media?parent=20996"}],"wp:term":[{"taxonomy":"category","embeddable":true,"href":"https:\/\/meiser-tv.de\/en\/wp-json\/wp\/v2\/categories?post=20996"},{"taxonomy":"post_tag","embeddable":true,"href":"https:\/\/meiser-tv.de\/en\/wp-json\/wp\/v2\/tags?post=20996"}],"curies":[{"name":"wp","href":"https:\/\/api.w.org\/{rel}","templated":true}]}}