{"id":21003,"date":"2026-09-04T13:03:04","date_gmt":"2026-09-04T11:03:04","guid":{"rendered":"https:\/\/meiser-tv.de\/politik\/us-unterhaendler-witkoff-und-kushner-fuers-wochenende-in-moskau-und-kiew-erwartet\/"},"modified":"2026-09-04T13:03:04","modified_gmt":"2026-09-04T11:03:04","slug":"us-unterhaendler-witkoff-und-kushner-fuers-wochenende-in-moskau-und-kiew-erwartet","status":"publish","type":"post","link":"https:\/\/meiser-tv.de\/en\/politik\/us-unterhaendler-witkoff-und-kushner-fuers-wochenende-in-moskau-und-kiew-erwartet\/","title":{"rendered":"US-Unterh\u00e4ndler Witkoff und Kushner f\u00fcrs Wochenende in Moskau und Kiew erwartet"},"content":{"rendered":"<div>\n<p>Einem Bericht der russischen Nachrichtenagentur <em>TASS<\/em> zufolge werden die beiden US-amerikanischen Unterh\u00e4ndler Steve Witkoff und Jared Kushner am Wochenende zun\u00e4chst nach Moskau, dann in die russische Hauptstadt Kiew reisen. Den f\u00fcr den 5. und 6. September geplanten Besuch der beiden Trump-Vertrauten teilte eine nicht n\u00e4her spezifizierte Quelle der Agentur <em>TASS<\/em> mit.<\/p>\n<p><a><\/a>Eine weitere Best\u00e4tigung erf\u00e4hrt diese Meldung durch einen <a target=\"_blank\" rel=\"noopener noreferrer\" href=\"https:\/\/t.me\/oleksiihoncharenko\/56967\">Telegram-Post<\/a> des ukrainischen Parlamentsabgeordneten Oleksij Hontscharenko. Auch er erw\u00e4hnt, dass Witkoff und Kushner am Sonntag in Kiew eintreffen werden. Mit welchen Mitgliedern der russischen F\u00fchrungsspitze die beiden US-Amerikaner in Moskau sprechen werden, ist noch nicht bekannt.<\/p>\n<p>Ein erneuter Vermittlungsversuch hatte sich schon gestern Abend angedeutet, als der Kiewer Machthaber Wladimir Selenskij ein entsprechendes Video <a target=\"_blank\" rel=\"noopener noreferrer\" href=\"https:\/\/x.com\/ZelenskyyUa\/status\/2095570625653813484\">gepostet<\/a> hatte. In dem Post war bereits von den Vorbereitungen f\u00fcr das Eintreffen von US-Gesandten die Rede. Selenskij erkl\u00e4rte, dass die US-amerikanische Seite den Besuch sowohl f\u00fcr Moskau als auch f\u00fcr Kiew best\u00e4tigt habe. Die Treffen w\u00fcrden in den kommenden Tagen stattfinden.<\/p>\n<p>Steve Witkoff und Jared Kushner, der mit Donald Trumps Tochter Ivanka verheiratet ist, hatten bereits im vergangenen Dezember in Moskau \u00fcber den Ukraine-Konflikt verhandelt. Sie sprachen damals mit Russlands Pr\u00e4sidenten Wladimir Putin, mit Kirill Dmitriew, dem Leiter des russischen Staatsfonds sowie mit Juri Uschakow, einem au\u00dfenpolitischen Berater Wladimir Putins. Ein anschlie\u00dfender Kiew-Besuch war damals jedoch noch nicht zustande gekommen.<\/p>\n<p>Das englischsprachige Online-Medium <em>The Kyiv Independent<\/em> stellt die f\u00fcrs Wochenende geplanten Verhandlungen aufgrund russischer Luftangriffe jedoch in Frage. Witkoff habe es mit der Angst zu tun bekommen, meldete das ukrainische Medium unter Berufung eine unbekannte Quelle. Auch sei Russland gegen einen Kiew-Besuch der US-Amerikaner und Witkoff wolle auf die russischen W\u00fcnsche R\u00fccksicht nehmen.<\/p>\n<p>Eine offizielle Best\u00e4tigung von Seiten des Wei\u00dfen Hauses oder des Kremls bez\u00fcglich der Einzelheiten der Besuchsplanungen liegt noch nicht vor. Dmitri Peskow, der Sprecher des russischen Pr\u00e4sidenten, erkl\u00e4rte der <em>TASS<\/em>, die Pr\u00e4sidialverwaltung werde \u00fcber die Kontakte der russischen Seite mit Witkoff und Kushner informieren, sobald diese stattf\u00e4nden.<\/p>\n<p><strong>Mehr zum Thema<\/strong> &#8211; <a target=\"_blank\" rel=\"noopener noreferrer\" href=\"https:\/\/de-rt.com\/russland\/290593-putin-laesst-westen-auflaufen-moskau\/\">Putin l\u00e4sst Westen auflaufen \u2013 Moskau h\u00e4lt T\u00fcr f\u00fcr Frieden offen<\/a><\/p>\n<div class=\"EmbedBlock-root EmbedBlock-externalVideo EmbedBlock-rumble\">\n<div class=\"VkEmbed\"><iframe class=\"lazyload\" data-src=\"https:\/\/rumble.com\/embed\/v7bm6g0\" frameborder=\"0\" width=\"853\" height=\"480\" allowfullscreen><\/iframe><\/div>\n<\/p><\/div>\n<\/p>\n<\/div>","protected":false},"excerpt":{"rendered":"<p>Einem Bericht der russischen Nachrichtenagentur TASS zufolge werden die beiden US-amerikanischen Unterh\u00e4ndler Steve Witkoff und Jared Kushner am Wochenende zun\u00e4chst nach Moskau, dann in die russische Hauptstadt Kiew reisen. Den f\u00fcr den 5. und 6. September geplanten Besuch der beiden Trump-Vertrauten teilte eine nicht n\u00e4her spezifizierte Quelle der Agentur TASS mit. Eine weitere Best\u00e4tigung erf\u00e4hrt [&hellip;]<\/p>\n","protected":false},"author":1,"featured_media":4846,"comment_status":"closed","ping_status":"closed","sticky":false,"template":"","format":"standard","meta":{"_gspb_post_css":"","_uag_custom_page_level_css":"","fifu_image_url":"","fifu_image_alt":"","footnotes":""},"categories":[5],"tags":[],"class_list":["post-21003","post","type-post","status-publish","format-standard","has-post-thumbnail","hentry","category-politik"],"blocksy_meta":{"styles_descriptor":{"styles":{"desktop":"","tablet":"","mobile":""},"google_fonts":[],"version":8}},"uagb_featured_image_src":{"full":["https:\/\/mleexelnfod5.i.optimole.com\/w:auto\/h:auto\/q:mauto\/f:best\/https:\/\/i2.wp.com\/meiser-tv.de\/wp-content\/uploads\/2026\/05\/RSS-Hintergrund.jpg?w=1920&fit=1920,1080&ssl=1",1920,1080,true],"thumbnail":["https:\/\/mleexelnfod5.i.optimole.com\/w:auto\/h:auto\/q:mauto\/f:best\/https:\/\/i2.wp.com\/meiser-tv.de\/wp-content\/uploads\/2026\/05\/RSS-Hintergrund.jpg?w=150&resize=150,150&ssl=1",150,150,true],"medium":["https:\/\/mleexelnfod5.i.optimole.com\/w:auto\/h:auto\/q:mauto\/f:best\/https:\/\/i2.wp.com\/meiser-tv.de\/wp-content\/uploads\/2026\/05\/RSS-Hintergrund.jpg?w=300&fit=300,300&ssl=1",300,300,true],"medium_large":["https:\/\/mleexelnfod5.i.optimole.com\/w:auto\/h:auto\/q:mauto\/f:best\/https:\/\/i2.wp.com\/meiser-tv.de\/wp-content\/uploads\/2026\/05\/RSS-Hintergrund.jpg?w=768&resize=768,0&ssl=1",768,0,true],"large":["https:\/\/mleexelnfod5.i.optimole.com\/w:auto\/h:auto\/q:mauto\/f:best\/https:\/\/i2.wp.com\/meiser-tv.de\/wp-content\/uploads\/2026\/05\/RSS-Hintergrund.jpg?w=1024&fit=1024,1024&ssl=1",1024,1024,true],"1536x1536":["https:\/\/mleexelnfod5.i.optimole.com\/w:auto\/h:auto\/q:mauto\/f:best\/https:\/\/i2.wp.com\/meiser-tv.de\/wp-content\/uploads\/2026\/05\/RSS-Hintergrund.jpg?w=1536&fit=1536,1536&ssl=1",1536,1536,true],"2048x2048":["https:\/\/mleexelnfod5.i.optimole.com\/w:auto\/h:auto\/q:mauto\/f:best\/https:\/\/i2.wp.com\/meiser-tv.de\/wp-content\/uploads\/2026\/05\/RSS-Hintergrund.jpg?w=2048&fit=2048,2048&ssl=1",2048,2048,true],"trp-custom-language-flag":["https:\/\/mleexelnfod5.i.optimole.com\/w:auto\/h:auto\/q:mauto\/f:best\/https:\/\/i2.wp.com\/meiser-tv.de\/wp-content\/uploads\/2026\/05\/RSS-Hintergrund.jpg?w=18&fit=18,12&ssl=1",18,12,true]},"uagb_author_info":{"display_name":"admin","author_link":"https:\/\/meiser-tv.de\/en\/author\/admin\/"},"uagb_comment_info":0,"uagb_excerpt":"Einem Bericht der russischen Nachrichtenagentur TASS zufolge werden die beiden US-amerikanischen Unterh\u00e4ndler Steve Witkoff und Jared Kushner am Wochenende zun\u00e4chst nach Moskau, dann in die russische Hauptstadt Kiew reisen. Den f\u00fcr den 5. und 6. September geplanten Besuch der beiden Trump-Vertrauten teilte eine nicht n\u00e4her spezifizierte Quelle der Agentur TASS mit. Eine weitere Best\u00e4tigung erf\u00e4hrt&hellip;","_links":{"self":[{"href":"https:\/\/meiser-tv.de\/en\/wp-json\/wp\/v2\/posts\/21003","targetHints":{"allow":["GET"]}}],"collection":[{"href":"https:\/\/meiser-tv.de\/en\/wp-json\/wp\/v2\/posts"}],"about":[{"href":"https:\/\/meiser-tv.de\/en\/wp-json\/wp\/v2\/types\/post"}],"author":[{"embeddable":true,"href":"https:\/\/meiser-tv.de\/en\/wp-json\/wp\/v2\/users\/1"}],"replies":[{"embeddable":true,"href":"https:\/\/meiser-tv.de\/en\/wp-json\/wp\/v2\/comments?post=21003"}],"version-history":[{"count":0,"href":"https:\/\/meiser-tv.de\/en\/wp-json\/wp\/v2\/posts\/21003\/revisions"}],"wp:featuredmedia":[{"embeddable":true,"href":"https:\/\/meiser-tv.de\/en\/wp-json\/wp\/v2\/media\/4846"}],"wp:attachment":[{"href":"https:\/\/meiser-tv.de\/en\/wp-json\/wp\/v2\/media?parent=21003"}],"wp:term":[{"taxonomy":"category","embeddable":true,"href":"https:\/\/meiser-tv.de\/en\/wp-json\/wp\/v2\/categories?post=21003"},{"taxonomy":"post_tag","embeddable":true,"href":"https:\/\/meiser-tv.de\/en\/wp-json\/wp\/v2\/tags?post=21003"}],"curies":[{"name":"wp","href":"https:\/\/api.w.org\/{rel}","templated":true}]}}