{"id":21004,"date":"2026-09-04T13:03:05","date_gmt":"2026-09-04T11:03:05","guid":{"rendered":"https:\/\/meiser-tv.de\/politik\/argentinischer-praesident-milei-bekraeftigt-anspruch-auf-falklandinseln-und-kuendigt-sanktionen-an\/"},"modified":"2026-09-04T13:03:05","modified_gmt":"2026-09-04T11:03:05","slug":"argentinischer-praesident-milei-bekraeftigt-anspruch-auf-falklandinseln-und-kuendigt-sanktionen-an","status":"publish","type":"post","link":"https:\/\/meiser-tv.de\/en\/politik\/argentinischer-praesident-milei-bekraeftigt-anspruch-auf-falklandinseln-und-kuendigt-sanktionen-an\/","title":{"rendered":"Argentinischer Pr\u00e4sident Milei bekr\u00e4ftigt Anspruch auf Falklandinseln und k\u00fcndigt Sanktionen an"},"content":{"rendered":"<div>\n<p>Der Falklandkrieg zwischen Argentinien und Gro\u00dfbritannien um den Besitz der von beiden L\u00e4ndern beanspruchten Falklandinseln liegt 44 Jahre zur\u00fcck. Seitdem waren die Briten faktisch unangefochten im Besitz der Inseln, die die Argentinier Malwinen (Islas Malvinas) nennen. Aus argentinischer Sicht stellt das eine Besatzung dar. Die argentinischen Regierungen haben ihren Anspruch auf die Inseln niemals aufgegeben.<\/p>\n<p>Nun erneuerte der seit 2023 amtierende ultraliberale Pr\u00e4sident Javier Milei die argentinischen Gebietsanspr\u00fcche und k\u00fcndigte konkrete Ma\u00dfnahmen an. In einer Fernsehansprache erkl\u00e4rte er am Donnerstagabend gegen 21 Uhr Ortszeit: &#8222;Wir werden alle diplomatischen, wirtschaftlichen und rechtlichen Mittel des Staates einsetzen, um staatliche und nichtstaatliche Akteure abzuschrecken, die unsere Souver\u00e4nit\u00e4t verletzen.&#8220;<\/p>\n<p>Firmen, die ohne Erlaubnis der argentinischen Beh\u00f6rden auf den Malwinen oder in den Gew\u00e4ssern vor den britisch besetzten Inseln direkt oder indirekt t\u00e4tig w\u00fcrden, bek\u00e4men es mit Sanktionen zu tun, so Milei. Ihnen werde die Gesch\u00e4ftst\u00e4tigkeit in Argentinien untersagt.<\/p>\n<p>Mit der angedrohten Sanktionsma\u00dfnahme nahm der argentinische Pr\u00e4sident auf das britisch-israelische Gemeinschaftsprojekt &#8222;Sea Lion&#8220; Bezug, in dessen Rahmen rund 220 Kilometer n\u00f6rdlich der Falklandinseln die Offshore-Erd\u00f6lf\u00f6rderung aufgenommen werden soll. Parallel dazu reichten argentinische Umweltanw\u00e4lte und Falklandkriegsveteranen Klage gegen das Projekt ein. Sie fordern unter anderem die Offenlegung der beteiligten Banken, Fonds, Versicherer und sonstigen Finanzierer und stellen weitere juristische Schritte gegen diese in Aussicht. Au\u00dfenminister Pablo Quirno bekr\u00e4ftigte unterdessen das Vorgehen der Regierung gegen Unternehmen, die an dem Projekt beteiligt sind oder dieses unterst\u00fctzen.<\/p>\n<p>In milit\u00e4rischer Hinsicht setzt Milei auf den Bau eines integrierten Marinest\u00fctzpunkts an der K\u00fcste des argentinischen Teils Feuerlands, der in vergleichsweise geringer Entfernung zu den umstrittenen Falklandinseln liegt. Diese Marinebasis sei &#8222;f\u00fcr die geopolitische Ausstrahlung Argentiniens von entscheidender Bedeutung&#8220; und diene dem Ausbau der Logistik und der Telekommunikationskapazit\u00e4ten.<\/p>\n<p>Mileis \u00f6ffentliche Formulierung argentinischer Gebietsanspr\u00fcche f\u00e4llt in eine Zeit des schwindenden US-amerikanischen R\u00fcckhalts f\u00fcr Gro\u00dfbritannien. US-Pr\u00e4sident Donald Trump hatte k\u00fcrzlich erkl\u00e4rt, die USA w\u00fcrden ihre Position zur Inselfrage \u00fcberpr\u00fcfen.<\/p>\n<p>Bisher hatten die Vereinigten Staaten die faktische Gebietshoheit der Briten formell anerkannt, sich in der Frage der v\u00f6lkerrechtlichen Zugeh\u00f6rigkeit des Archipels jedoch nicht festgelegt. In einem weiteren Interview deutete Trump an, sein Land werde den Briten in einem m\u00f6glichen weiteren Falklandkrieg nicht zur Hilfe kommen. Wohl in Anspielung darauf sprach Milei in seiner Fernsehansprache von einem &#8222;Wind des Wandels in der Welt&#8220;, der Argentinien beg\u00fcnstige.<\/p>\n<p>Auch der chilenische Pr\u00e4sident Jos\u00e9 Antonio Kast stellt sich in der Falklandfrage hinter das Nachbarland. Bei Mileis Chile-Besuch diese Woche ver\u00f6ffentlichten die Pr\u00e4sidenten beider L\u00e4nder eine Erkl\u00e4rung, in der Chile seine Unterst\u00fctzung f\u00fcr den argentinischen Souver\u00e4nit\u00e4tsanspruch auf die Malwinen bekr\u00e4ftigte, w\u00e4hrend Argentinien die chilenische Souver\u00e4nit\u00e4t \u00fcber die gesamte Magellanstra\u00dfe anerkannte. Milei und Kast forderten Gro\u00dfbritannien auf, die Verhandlungen \u00fcber die Malwinen wiederaufzunehmen.<\/p>\n<p>Gro\u00dfbritannien weist die argentinischen Gebietsforderungen weiterhin zur\u00fcck. In einem Post auf der Plattform X\u00a0<a target=\"_blank\" rel=\"noopener noreferrer\" href=\"https:\/\/x.com\/wesstreeting\/status\/2095757882713055436\">schrieb<\/a> der britische Verteidigungsminister Wes Streeting unter Bezugnahme auf ein 2013 stattgefundenes Referendum: &#8222;Die Falklandinseln sind britisch, weil die Falkl\u00e4nder sich daf\u00fcr entscheiden, britisch zu sein. Unser Engagement f\u00fcr die Falklandinseln ist absolut und unersch\u00fctterlich.&#8220;<\/p>\n<p>Streeting gab zu verstehen, dass es sich bei Mileis Versch\u00e4rfung des Tonfalls um ein innenpolitisch ausgerichtetes Man\u00f6ver handeln k\u00f6nnte. Die angedrohten Sanktionen wies das britische Au\u00dfenministerium als &#8222;illegale und unziemliche&#8220; Einsch\u00fcchterungsversuche zur\u00fcck, die sich gegen die Bewohner der Falklandinseln richteten.<\/p>\n<p><strong>Mehr zum Thema<\/strong>\u00a0\u2012 <a target=\"_blank\" rel=\"noopener noreferrer\" href=\"https:\/\/de-rt.com\/international\/290076-medien-usa-koennen-falklandinseln\/\">Medienbericht: USA k\u00f6nnen Falklandinseln als Druckmittel gegen Gro\u00dfbritannien nutzen<\/a><\/p>\n<div class=\"EmbedBlock-root EmbedBlock-externalVideo EmbedBlock-rumble\">\n<div class=\"VkEmbed\"><iframe class=\"lazyload\" data-src=\"https:\/\/rumble.com\/embed\/v70y48q\" frameborder=\"0\" width=\"853\" height=\"480\" allowfullscreen><\/iframe><\/div>\n<\/p><\/div>\n<\/p>\n<\/div>","protected":false},"excerpt":{"rendered":"<p>Der Falklandkrieg zwischen Argentinien und Gro\u00dfbritannien um den Besitz der von beiden L\u00e4ndern beanspruchten Falklandinseln liegt 44 Jahre zur\u00fcck. Seitdem waren die Briten faktisch unangefochten im Besitz der Inseln, die die Argentinier Malwinen (Islas Malvinas) nennen. Aus argentinischer Sicht stellt das eine Besatzung dar. Die argentinischen Regierungen haben ihren Anspruch auf die Inseln niemals aufgegeben. [&hellip;]<\/p>\n","protected":false},"author":1,"featured_media":4846,"comment_status":"closed","ping_status":"closed","sticky":false,"template":"","format":"standard","meta":{"_gspb_post_css":"","_uag_custom_page_level_css":"","fifu_image_url":"","fifu_image_alt":"","footnotes":""},"categories":[5],"tags":[],"class_list":["post-21004","post","type-post","status-publish","format-standard","has-post-thumbnail","hentry","category-politik"],"blocksy_meta":{"styles_descriptor":{"styles":{"desktop":"","tablet":"","mobile":""},"google_fonts":[],"version":8}},"uagb_featured_image_src":{"full":["https:\/\/mleexelnfod5.i.optimole.com\/w:auto\/h:auto\/q:mauto\/f:best\/https:\/\/i2.wp.com\/meiser-tv.de\/wp-content\/uploads\/2026\/05\/RSS-Hintergrund.jpg?w=1920&fit=1920,1080&ssl=1",1920,1080,true],"thumbnail":["https:\/\/mleexelnfod5.i.optimole.com\/w:auto\/h:auto\/q:mauto\/f:best\/https:\/\/i2.wp.com\/meiser-tv.de\/wp-content\/uploads\/2026\/05\/RSS-Hintergrund.jpg?w=150&resize=150,150&ssl=1",150,150,true],"medium":["https:\/\/mleexelnfod5.i.optimole.com\/w:auto\/h:auto\/q:mauto\/f:best\/https:\/\/i2.wp.com\/meiser-tv.de\/wp-content\/uploads\/2026\/05\/RSS-Hintergrund.jpg?w=300&fit=300,300&ssl=1",300,300,true],"medium_large":["https:\/\/mleexelnfod5.i.optimole.com\/w:auto\/h:auto\/q:mauto\/f:best\/https:\/\/i2.wp.com\/meiser-tv.de\/wp-content\/uploads\/2026\/05\/RSS-Hintergrund.jpg?w=768&resize=768,0&ssl=1",768,0,true],"large":["https:\/\/mleexelnfod5.i.optimole.com\/w:auto\/h:auto\/q:mauto\/f:best\/https:\/\/i2.wp.com\/meiser-tv.de\/wp-content\/uploads\/2026\/05\/RSS-Hintergrund.jpg?w=1024&fit=1024,1024&ssl=1",1024,1024,true],"1536x1536":["https:\/\/mleexelnfod5.i.optimole.com\/w:auto\/h:auto\/q:mauto\/f:best\/https:\/\/i2.wp.com\/meiser-tv.de\/wp-content\/uploads\/2026\/05\/RSS-Hintergrund.jpg?w=1536&fit=1536,1536&ssl=1",1536,1536,true],"2048x2048":["https:\/\/mleexelnfod5.i.optimole.com\/w:auto\/h:auto\/q:mauto\/f:best\/https:\/\/i2.wp.com\/meiser-tv.de\/wp-content\/uploads\/2026\/05\/RSS-Hintergrund.jpg?w=2048&fit=2048,2048&ssl=1",2048,2048,true],"trp-custom-language-flag":["https:\/\/mleexelnfod5.i.optimole.com\/w:auto\/h:auto\/q:mauto\/f:best\/https:\/\/i2.wp.com\/meiser-tv.de\/wp-content\/uploads\/2026\/05\/RSS-Hintergrund.jpg?w=18&fit=18,12&ssl=1",18,12,true]},"uagb_author_info":{"display_name":"admin","author_link":"https:\/\/meiser-tv.de\/en\/author\/admin\/"},"uagb_comment_info":0,"uagb_excerpt":"Der Falklandkrieg zwischen Argentinien und Gro\u00dfbritannien um den Besitz der von beiden L\u00e4ndern beanspruchten Falklandinseln liegt 44 Jahre zur\u00fcck. Seitdem waren die Briten faktisch unangefochten im Besitz der Inseln, die die Argentinier Malwinen (Islas Malvinas) nennen. Aus argentinischer Sicht stellt das eine Besatzung dar. Die argentinischen Regierungen haben ihren Anspruch auf die Inseln niemals aufgegeben.&hellip;","_links":{"self":[{"href":"https:\/\/meiser-tv.de\/en\/wp-json\/wp\/v2\/posts\/21004","targetHints":{"allow":["GET"]}}],"collection":[{"href":"https:\/\/meiser-tv.de\/en\/wp-json\/wp\/v2\/posts"}],"about":[{"href":"https:\/\/meiser-tv.de\/en\/wp-json\/wp\/v2\/types\/post"}],"author":[{"embeddable":true,"href":"https:\/\/meiser-tv.de\/en\/wp-json\/wp\/v2\/users\/1"}],"replies":[{"embeddable":true,"href":"https:\/\/meiser-tv.de\/en\/wp-json\/wp\/v2\/comments?post=21004"}],"version-history":[{"count":0,"href":"https:\/\/meiser-tv.de\/en\/wp-json\/wp\/v2\/posts\/21004\/revisions"}],"wp:featuredmedia":[{"embeddable":true,"href":"https:\/\/meiser-tv.de\/en\/wp-json\/wp\/v2\/media\/4846"}],"wp:attachment":[{"href":"https:\/\/meiser-tv.de\/en\/wp-json\/wp\/v2\/media?parent=21004"}],"wp:term":[{"taxonomy":"category","embeddable":true,"href":"https:\/\/meiser-tv.de\/en\/wp-json\/wp\/v2\/categories?post=21004"},{"taxonomy":"post_tag","embeddable":true,"href":"https:\/\/meiser-tv.de\/en\/wp-json\/wp\/v2\/tags?post=21004"}],"curies":[{"name":"wp","href":"https:\/\/api.w.org\/{rel}","templated":true}]}}