{"id":21005,"date":"2026-09-04T13:03:37","date_gmt":"2026-09-04T11:03:37","guid":{"rendered":"https:\/\/meiser-tv.de\/uncategorized\/globalisten-und-die-vision-einer-neuen-weltordnung\/"},"modified":"2026-09-04T13:03:37","modified_gmt":"2026-09-04T11:03:37","slug":"globalisten-und-die-vision-einer-neuen-weltordnung","status":"publish","type":"post","link":"https:\/\/meiser-tv.de\/en\/uncategorized\/globalisten-und-die-vision-einer-neuen-weltordnung\/","title":{"rendered":"GLOBALISTEN UND DIE VISION EINER NEUEN WELTORDNUNG"},"content":{"rendered":"<div>\n<p class=\"wp-block-paragraph\"><strong>Zwischen Machtkonzentration, Bev\u00f6lkerungspolitik und der Frage nach der globalen Kontrolle<\/strong><\/p>\n<p class=\"wp-block-paragraph\"><strong>Von Nico Stino<\/strong><\/p>\n<p class=\"wp-block-paragraph\">Wer \u00fcber die Zukunft der Welt spricht, landet fr\u00fcher oder sp\u00e4ter bei einer grunds\u00e4tzlichen Frage: <strong>Wer entscheidet eigentlich dar\u00fcber, wie unsere Gesellschaften in Zukunft organisiert werden?<\/strong><\/p>\n<p class=\"wp-block-paragraph\">Im Zentrum einer zunehmend kontrovers gef\u00fchrten Debatte stehen dabei internationale Organisationen, Regierungen, Grosskonzerne, milliardenschwere Stiftungen und einflussreiche Pers\u00f6nlichkeiten aus Politik, Wirtschaft und Wissenschaft. Kritiker fassen diese unterschiedlichen Akteure h\u00e4ufig unter dem Begriff <strong>\u201eGlobalisten\u201c<\/strong><\/p>\n<\/div>","protected":false},"excerpt":{"rendered":"<p>Zwischen Machtkonzentration, Bev\u00f6lkerungspolitik und der Frage nach der globalen Kontrolle Von Nico Stino Wer \u00fcber die Zukunft der Welt spricht, landet fr\u00fcher oder sp\u00e4ter bei einer grunds\u00e4tzlichen Frage: Wer entscheidet eigentlich dar\u00fcber, wie unsere Gesellschaften in Zukunft organisiert werden? Im Zentrum einer zunehmend kontrovers gef\u00fchrten Debatte stehen dabei internationale Organisationen, Regierungen, Grosskonzerne, milliardenschwere Stiftungen und [&hellip;]<\/p>\n","protected":false},"author":1,"featured_media":4846,"comment_status":"closed","ping_status":"closed","sticky":false,"template":"","format":"standard","meta":{"_gspb_post_css":"","_uag_custom_page_level_css":"","fifu_image_url":"","fifu_image_alt":"","footnotes":""},"categories":[1],"tags":[],"class_list":["post-21005","post","type-post","status-publish","format-standard","has-post-thumbnail","hentry","category-uncategorized"],"blocksy_meta":{"styles_descriptor":{"styles":{"desktop":"","tablet":"","mobile":""},"google_fonts":[],"version":8}},"uagb_featured_image_src":{"full":["https:\/\/mleexelnfod5.i.optimole.com\/w:auto\/h:auto\/q:mauto\/f:best\/https:\/\/i2.wp.com\/meiser-tv.de\/wp-content\/uploads\/2026\/05\/RSS-Hintergrund.jpg?w=1920&fit=1920,1080&ssl=1",1920,1080,true],"thumbnail":["https:\/\/mleexelnfod5.i.optimole.com\/w:auto\/h:auto\/q:mauto\/f:best\/https:\/\/i2.wp.com\/meiser-tv.de\/wp-content\/uploads\/2026\/05\/RSS-Hintergrund.jpg?w=150&resize=150,150&ssl=1",150,150,true],"medium":["https:\/\/mleexelnfod5.i.optimole.com\/w:auto\/h:auto\/q:mauto\/f:best\/https:\/\/i2.wp.com\/meiser-tv.de\/wp-content\/uploads\/2026\/05\/RSS-Hintergrund.jpg?w=300&fit=300,300&ssl=1",300,300,true],"medium_large":["https:\/\/mleexelnfod5.i.optimole.com\/w:auto\/h:auto\/q:mauto\/f:best\/https:\/\/i2.wp.com\/meiser-tv.de\/wp-content\/uploads\/2026\/05\/RSS-Hintergrund.jpg?w=768&resize=768,0&ssl=1",768,0,true],"large":["https:\/\/mleexelnfod5.i.optimole.com\/w:auto\/h:auto\/q:mauto\/f:best\/https:\/\/i2.wp.com\/meiser-tv.de\/wp-content\/uploads\/2026\/05\/RSS-Hintergrund.jpg?w=1024&fit=1024,1024&ssl=1",1024,1024,true],"1536x1536":["https:\/\/mleexelnfod5.i.optimole.com\/w:auto\/h:auto\/q:mauto\/f:best\/https:\/\/i2.wp.com\/meiser-tv.de\/wp-content\/uploads\/2026\/05\/RSS-Hintergrund.jpg?w=1536&fit=1536,1536&ssl=1",1536,1536,true],"2048x2048":["https:\/\/mleexelnfod5.i.optimole.com\/w:auto\/h:auto\/q:mauto\/f:best\/https:\/\/i2.wp.com\/meiser-tv.de\/wp-content\/uploads\/2026\/05\/RSS-Hintergrund.jpg?w=2048&fit=2048,2048&ssl=1",2048,2048,true],"trp-custom-language-flag":["https:\/\/mleexelnfod5.i.optimole.com\/w:auto\/h:auto\/q:mauto\/f:best\/https:\/\/i2.wp.com\/meiser-tv.de\/wp-content\/uploads\/2026\/05\/RSS-Hintergrund.jpg?w=18&fit=18,12&ssl=1",18,12,true]},"uagb_author_info":{"display_name":"admin","author_link":"https:\/\/meiser-tv.de\/en\/author\/admin\/"},"uagb_comment_info":0,"uagb_excerpt":"Zwischen Machtkonzentration, Bev\u00f6lkerungspolitik und der Frage nach der globalen Kontrolle Von Nico Stino Wer \u00fcber die Zukunft der Welt spricht, landet fr\u00fcher oder sp\u00e4ter bei einer grunds\u00e4tzlichen Frage: Wer entscheidet eigentlich dar\u00fcber, wie unsere Gesellschaften in Zukunft organisiert werden? Im Zentrum einer zunehmend kontrovers gef\u00fchrten Debatte stehen dabei internationale Organisationen, Regierungen, Grosskonzerne, milliardenschwere Stiftungen und&hellip;","_links":{"self":[{"href":"https:\/\/meiser-tv.de\/en\/wp-json\/wp\/v2\/posts\/21005","targetHints":{"allow":["GET"]}}],"collection":[{"href":"https:\/\/meiser-tv.de\/en\/wp-json\/wp\/v2\/posts"}],"about":[{"href":"https:\/\/meiser-tv.de\/en\/wp-json\/wp\/v2\/types\/post"}],"author":[{"embeddable":true,"href":"https:\/\/meiser-tv.de\/en\/wp-json\/wp\/v2\/users\/1"}],"replies":[{"embeddable":true,"href":"https:\/\/meiser-tv.de\/en\/wp-json\/wp\/v2\/comments?post=21005"}],"version-history":[{"count":0,"href":"https:\/\/meiser-tv.de\/en\/wp-json\/wp\/v2\/posts\/21005\/revisions"}],"wp:featuredmedia":[{"embeddable":true,"href":"https:\/\/meiser-tv.de\/en\/wp-json\/wp\/v2\/media\/4846"}],"wp:attachment":[{"href":"https:\/\/meiser-tv.de\/en\/wp-json\/wp\/v2\/media?parent=21005"}],"wp:term":[{"taxonomy":"category","embeddable":true,"href":"https:\/\/meiser-tv.de\/en\/wp-json\/wp\/v2\/categories?post=21005"},{"taxonomy":"post_tag","embeddable":true,"href":"https:\/\/meiser-tv.de\/en\/wp-json\/wp\/v2\/tags?post=21005"}],"curies":[{"name":"wp","href":"https:\/\/api.w.org\/{rel}","templated":true}]}}