{"id":21008,"date":"2026-09-04T13:03:38","date_gmt":"2026-09-04T11:03:38","guid":{"rendered":"https:\/\/meiser-tv.de\/uncategorized\/wem-gehoert-bobby-teil-2-verbindungen-zur-cia-und-zur-danaher-corp\/"},"modified":"2026-09-04T13:03:38","modified_gmt":"2026-09-04T11:03:38","slug":"wem-gehoert-bobby-teil-2-verbindungen-zur-cia-und-zur-danaher-corp","status":"publish","type":"post","link":"https:\/\/meiser-tv.de\/en\/uncategorized\/wem-gehoert-bobby-teil-2-verbindungen-zur-cia-und-zur-danaher-corp\/","title":{"rendered":"Wem geh\u00f6rt Bobby? Teil 2: Verbindungen zur CIA und zur Danaher Corp."},"content":{"rendered":"<div>\n<p class=\"wp-block-paragraph\"><em>Von Sasha Latypova<\/em><\/p>\n<p class=\"wp-block-paragraph\"><a href=\"https:\/\/uncutnews.ch\/wem-gehoert-bobby-ueberpruefung-der-finanzdaten-der-maha-alliance-fuer-2024-2025\/\" target=\"_blank\" rel=\"noopener\">\u201eWem geh\u00f6rt Bobby? Teil 1\u201c ist hier zu finden<\/a>. Darin habe ich die gr\u00f6\u00dften Spender f\u00fcr Kennedys MAHA-Alliance-Kampagne (~8 Mio. $) behandelt. Um das Thema der Wahlkampffinanzierung abzurunden: Aus den <a href=\"https:\/\/www.fec.gov\/data\/candidate\/p40011793\/?utm_source=chatgpt.com\" target=\"_blank\" rel=\"noopener\">bei der Bundeswahlkommission eingereichten Unterlagen zur Kennedy-Kampagne<\/a> geht hervor, dass im Wahlzyklus 2023\u20132024 insgesamt etwa <strong>67,3 Mio. $<\/strong> gesammelt wurden. Nicole Shanahan steuerte 20 Mio. $ bei, und der Rest der Finanzierung stammte aus etwa 180.000 einzelnen Kleinspenden. Man k\u00f6nnte nun sagen: Sicherlich geh\u00f6rt Bobby jetzt Nicole, oder? Nicht ganz. Wir sollten politische Wohlt\u00e4tigkeit nicht mit politischem Unternehmertum verwechseln. Nicoles Verm\u00f6gen f\u00e4llt unter Ersteres: Sie hat zwar viel Geld, das stimmt, aber es stammt ausschlie\u00dflich aus der Scheidungsvereinbarung mit Sergey Brin. Es gibt keine Koalition von Unternehmen, die von Regierungsverbindungen und Vertr\u00e4gen mit dem Milit\u00e4r und den Geheimdiensten profitieren w\u00fcrde, und daher auch nichts, worauf man ein dauerhaftes \u201e\u00f6ffentlich-privates\u201c Imperium oder einen gewinnbaren Wahlkampf aufbauen k\u00f6nnte. In der US-Politik ist es nicht der Kandidat, der f\u00fcr ein Amt kandidiert. Es ist das B\u00fcndnis aus Unternehmen, Geheimdiensten und Milit\u00e4r, das in seinen politischen Marionettenkandidaten investiert und Renditen erwartet, sobald dieser an die Macht kommt.<\/p>\n<p class=\"wp-block-paragraph\">Wie Catherine Austin Fitts feststellte \u2013 es ist nicht das Geld an sich, das die politischen Wahlk\u00e4mpfe finanziert, sondern die Kapitalgewinne. Damit eine politische Kandidatur gewinnbar ist, muss die Finanzierung idealerweise aus mehreren gro\u00dfen Branchen stammen, die von staatlichen Zuwendungen, g\u00fcnstigen Vorschriften sowie milit\u00e4rischen und \u201ewissenschaftlichen\u201c Zusch\u00fcssen und Auftr\u00e4gen profitieren \u2013 d.\u202fh. von den finanziellen \u201eErtr\u00e4gen\u201c aus den \u201eInvestitionen\u201c, die die Unternehmen get\u00e4tigt haben, um einen Politiker zu unterst\u00fctzen, der ihre Interessen durchsetzen wird. Gleichzeitig sorgen Allianzen mit gro\u00dfen Geheimdiensten f\u00fcr \u00e4hnliche Profite f\u00fcr die Geheimdienst-Auftragnehmer, die weltweit eine Vielzahl von Geldw\u00e4sche-, Regimewechsel-, Waffen-, Drogen- und Menschenhandelsgesch\u00e4ften betreiben. Diese Elemente der Verbindung zwischen Unternehmen, Deep State und Milit\u00e4r fehlten bei Kennedys Kandidatur 2024, weshalb seine Kampagne von vornherein aussichtslos war. Der Plan war einfach: Nimm Nicoles Geld und liefere Trump die motivierte Basis der Gesundheitsfreiheit. Es hat funktioniert.<\/p>\n<p class=\"wp-block-paragraph\">Nicole selbst scheint zu idealistisch, um ein solches Unterfangen zu wagen. Sie wurde ihrer 20 Millionen Dollar f\u00fcr wohlt\u00e4tige Zwecke beraubt und d\u00fcrfte f\u00fcr die n\u00e4chste Saison kaum weitere 20 Millionen Dollar zwischen den Sofakissen versteckt haben. Somit war sie ein n\u00fctzliches Sprungbrett, wurde aber sofort am Stra\u00dfenrand abgesetzt (und blutete buchst\u00e4blich aufgrund einer \u00fcber 20-w\u00f6chigen Fehlgeburt, wahrscheinlich verursacht durch die mRNA-Impfung), sobald Kennedy offiziell eine Vereinbarung mit Trump ausgehandelt hatte. Meiner Meinung nach war dieser Deal schon viel fr\u00fcher ausgehandelt worden.<\/p>\n<p class=\"wp-block-paragraph\">W\u00e4hrend sich dieser Beitrag um die Schwiegertochter von RFK Jr. und die Wahlkampfmanagerin von Kennedy 2024 dreht \u2013 Amaryllis Fox Kennedy, die mit RFK Jr.s \u00e4ltestem Sohn RFK III. verheiratet ist \u2013, m\u00f6chte ich darauf hinweisen, dass dies nicht daran liegt, dass Amaryllis eine CIA-Agentin ist. Das ist lediglich ihr Stammbaum. Ein weitaus wichtigerer Aspekt bei der Beantwortung der Frage \u201eWem geh\u00f6rt Bobby?\u201c ist Amaryllis\u2019 Stiefvater, Stephen Rales, wie im Folgenden erl\u00e4utert wird. Ich f\u00fcge einige Links aus dem Internet Archive bei, da es den Anschein hat, dass die Daten \u00fcber Amaryllis und ihre Familie weitgehend aus dem Internet gel\u00f6scht wurden. Viele dieser Quellartikel wurden von einem Leser f\u00fcr mich zusammengestellt, und ich danke ihm f\u00fcr diesen Beitrag.<\/p>\n<p class=\"wp-block-paragraph\">Amaryllis ist eine \u201eehemalige\u201c CIA-Agentin und Spionin. Sie trat im Alter von 22 Jahren der CIA bei (war aber meiner Meinung nach bereits seit ihrer Jugend im \u201eCIA-Nachwuchsf\u00f6rderungsprogramm\u201c) und war zwischen 2002 und 2010 im Bereich der Terrorismusbek\u00e4mpfung t\u00e4tig. Die offizielle Darstellung besagt, dass sie die CIA im Jahr 2010 verlassen habe; allerdings gibt es so etwas wie einen \u201eEx-CIA-Mitarbeiter\u201c nicht.<\/p>\n<p class=\"wp-block-paragraph\">Im Jahr 2014 wurde Amaryllis \u00fcber einen gemeinsamen Freund beim \u201eBurning Man\u201c \u2013 einem sehr beliebten j\u00e4hrlichen Festival in der W\u00fcste von Nevada, an dem Eliten aus der Finanz-, Tech- und Regierungswelt teilnehmen und das von Geheimdienstmitarbeitern nur so wimmelt \u2013 dem \u00e4ltesten Sohn von RFK Jr. vorgestellt. Prostitution ist in Nevada legal, und in der W\u00fcste von Nevada ist praktisch alles andere legal. Das Festival ist gepr\u00e4gt von Drogen, Sex und offen satanistischen Themen. Hier ist ein <a href=\"https:\/\/x.com\/NicoleShanahan\/status\/1961202248362406142?s=20\" target=\"_blank\" rel=\"noopener\">guter Artikel dar\u00fcber von Nicole Shanahan<\/a>, die ihren milliardenschweren Ex-Ehemann Sergei Brin ebenfalls beim Burning Man kennengelernt hat. Er vermittelt einen Eindruck davon, unter welchen Umst\u00e4nden sich \u201eehemalige\u201c CIA-Sch\u00f6nheiten mit hochrangigen Zielpersonen wie RFK III einlassen. Amaryllis ist \u00e4lter als der Dritte und hat schon einiges erlebt. Sie war zuvor verheiratet (einigen Quellen zufolge sogar zweimal). Ich kann keine Informationen \u00fcber die erste Ehe finden, aber ihre zweite Ehe schloss sie mit Dean Fox, mit dem sie eine Tochter hat, Zo\u00eb Victoria, geboren 2009, deren Nachnamen sie auch nach ihrer dritten Heirat mit dem Dritten beibehielt. Es sind keine \u00f6ffentlichen Informationen \u00fcber Dean Fox verf\u00fcgbar. Bekannt ist, dass er Amaryllis Fox kennenlernte, als beide verdeckt f\u00fcr die CIA in Shanghai t\u00e4tig waren. Die Daten der Heirat oder Scheidung sind nicht bekannt.<\/p>\n<p class=\"wp-block-paragraph\">Amaryllis und RFK III. haben 2018 geheiratet und haben zwei Kinder. Ich will damit keineswegs andeuten, dass die Beziehung nicht echt ist. Jeder Mensch kann sich verlieben.<\/p>\n<p class=\"wp-block-paragraph\"><strong><a href=\"https:\/\/web.archive.org\/web\/20180707172038\/https:\/\/www.irishcentral.com\/roots\/amaryllis-fox-facts\" target=\"_blank\" rel=\"noopener\">Amaryllis\u2019 Biografie<\/a><\/strong> <strong>(und<\/strong> <strong><a href=\"https:\/\/web.archive.org\/web\/20180704221203\/http:\/\/www.wmespeakers.com\/speaker\/amaryllis-fox#tab-biography\" target=\"_blank\" rel=\"noopener\">hier)<\/a><\/strong> <strong>ist ziemlich atemberaubend:<\/strong><\/p>\n<blockquote class=\"wp-block-quote is-layout-flow wp-block-quote-is-layout-flow\">\n<p class=\"wp-block-paragraph\"><em>W\u00e4hrend sich viele ihrer Altersgenossen Gedanken \u00fcber den Abschlussball und die Fr\u00fchlingsferien machten, engagierte sich Fox ehrenamtlich in einem Fl\u00fcchtlingslager in Mai Laa an der Grenze zwischen Thailand und Myanmar. Wie sie <a href=\"https:\/\/web.archive.org\/web\/20180707172038\/http:\/\/www.papermag.com\/amaryllis-fox-1426015298.html\" target=\"_blank\" rel=\"noopener\">in einem Interview mit dem \u201ePaper Mag\u201c<\/a> (Anmerkung: Der Link wurde entfernt) erz\u00e4hlte, war ihr \u2013 obwohl sie erst 17 Jahre alt war \u2013 eines ganz sicher, als sie am Flughafen ankam, um nach Hause zu fliegen: Sie wollte gar nicht nach Hause.<\/em><\/p>\n<p class=\"wp-block-paragraph\"><em>Stattdessen verbrachte sie dort zwei weitere Jahre, arbeitete in Gesundheitskliniken und half dabei, Spenden f\u00fcr diese zu sammeln. Au\u00dferdem stieg sie in den Journalismus ein und f\u00fchrte f\u00fcr die BBC ein seltenes Interview mit Aung San Suu Kyi, was ihr f\u00fcr kurze Zeit einen Aufenthalt in einem burmesischen Gef\u00e4ngnis einbrachte (!!!)<\/em><\/p>\n<\/blockquote>\n<p class=\"wp-block-paragraph\">Hier erz\u00e4hlt <a href=\"https:\/\/freakonomics.com\/podcast\/amaryllis-fox-what-does-this-new-version-of-mutually-assured-destruction-look-like\/\" target=\"_blank\" rel=\"noopener\">Amaryllis selbst den Autoren der \u201eFreakonomics\u201c-B\u00fccher von dieser schrecklichen Inhaftierung<\/a> (hmm, soweit ich das beurteilen kann, handelte es sich eher um eine kurze Festhaltung am Flughafen). Ich habe sowohl \u201eFreakonomics\u201c als auch \u201eSuperFreakonomics\u201c gelesen, und es sind sehr interessante Werke.<\/p>\n<p class=\"wp-block-paragraph\">Aber, heilige Schei\u00dfe! Ein Interview mit einer Marionette des globalen Deep State, Aung San Suu Kyi (CIA-Agentin, vielleicht?), f\u00fcr ein Propagandamedium des globalen Deep State (BBC) f\u00fchren und sich im Alter von 17 Jahren in einem burmesischen Gef\u00e4ngnis Respekt verschaffen? Oder vielleicht 19? (Je nachdem, wer die Geschichte nacherz\u00e4hlt). Check! Ich frage mich, warum die BBC an diesem Tag einen Mangel an qualifizierten Journalisten hatte, dass sie ein so hochkar\u00e4tiges Interview einer zuf\u00e4lligen Teenagerin anvertraute \u2026 aber okay. Hier ist eine treffende und sehr unterhaltsame Diskussion dar\u00fcber, dass Amarylis offensichtlich eine von der CIA und dem britischen Geheimdienst gef\u00f6rderte \u201eJunge Pionierin\u201c war, und zwar bereits im zarten Alter von etwa 8 Jahren (ab Minute 17):<\/p>\n<figure class=\"wp-block-embed aligncenter is-type-video is-provider-youtube wp-block-embed-youtube wp-embed-aspect-16-9 wp-has-aspect-ratio\">\n<div class=\"wp-block-embed__wrapper\">\n<iframe title=\"Who is Ex-CIA RFK Jr Campaign Manager Amaryllis Fox?\" width=\"800\" height=\"450\" src=\"https:\/\/www.youtube.com\/embed\/0u-aYUaLxYQ?feature=oembed\" frameborder=\"0\" allow=\"accelerometer; autoplay; clipboard-write; encrypted-media; gyroscope; picture-in-picture; web-share\" referrerpolicy=\"strict-origin-when-cross-origin\" allowfullscreen><\/iframe>\n<\/div>\n<\/figure>\n<p class=\"wp-block-paragraph\">Ich empfehle, den gesamten Podcast anzuh\u00f6ren. Amaryllis ist eine L\u00fcgnerin, und zwar eine ziemlich mittelm\u00e4\u00dfige und faule dazu. Das passt zu ihrem Charakter \u2013 \u201ewoke AF\u201c-Marxisten sind schlie\u00dflich meist faule, mittelm\u00e4\u00dfige Typen.<\/p>\n<p class=\"wp-block-paragraph\">Was die prominente Interviewpartnerin aus Myanmar betrifft, Aung San Suu Kyi, die die m\u00f6glicherweise noch minderj\u00e4hrige Amaryllis f\u00fcr die BBC interviewte und das Filmmaterial anschlie\u00dfend in ihrem, \u00e4hm\u2026 [geschw\u00e4rzt]\u2026 herausschmuggelte \u2013 aus bestimmten Gr\u00fcnden \u2013, zog die ber\u00fcchtigte Aung San Suu Kyi Kritik aus mehreren L\u00e4ndern, Organisationen und von verschiedenen Pers\u00f6nlichkeiten auf sich, weil Myanmar angesichts des <a href=\"https:\/\/en.wikipedia.org\/wiki\/Rohingya_genocide\" target=\"_blank\" rel=\"noopener\">V\u00f6lkermords an den Rohingya<\/a> im <a href=\"https:\/\/en.wikipedia.org\/wiki\/Rakhine_State\" target=\"_blank\" rel=\"noopener\">Rakhine-Staat<\/a> unt\u00e4tig blieb und sich weigerte anzuerkennen, dass die <a target=\"_blank\" rel=\"noopener noreferrer\" href=\"https:\/\/en.wikipedia.org\/wiki\/Tatmadaw\">Tatmadaw<\/a> (Streitkr\u00e4fte) Massaker begangen hatten. <sup><a href=\"https:\/\/en.wikipedia.org\/wiki\/Aung_San_Suu_Kyi#cite_note-15\" target=\"_blank\" rel=\"noopener\">[13]<\/a><a href=\"https:\/\/en.wikipedia.org\/wiki\/Aung_San_Suu_Kyi#cite_note-16\" target=\"_blank\" rel=\"noopener\">[14]<\/a><a href=\"https:\/\/en.wikipedia.org\/wiki\/Aung_San_Suu_Kyi#cite_note-17\" target=\"_blank\" rel=\"noopener\">[15]<\/a><a href=\"https:\/\/en.wikipedia.org\/wiki\/Aung_San_Suu_Kyi#cite_note-Gua_181112-18\" target=\"_blank\" rel=\"noopener\">[16]<\/a><\/sup> Unter ihrer F\u00fchrung wurde Myanmar zudem wegen der strafrechtlichen Verfolgung von Journalisten kritisiert.<sup><a href=\"https:\/\/en.wikipedia.org\/wiki\/Aung_San_Suu_Kyi#cite_note-Reuters-Nebehay-19\" target=\"_blank\" rel=\"noopener\">[17]<\/a><\/sup> Im Jahr 2019 erschien Aung San Suu Kyi vor dem Internationalen Gerichtshof, wo sie das myanmarische Milit\u00e4r gegen Vorw\u00fcrfe des V\u00f6lkermords am <a href=\"https:\/\/en.wikipedia.org\/wiki\/Rohingya_people\" target=\"_blank\" rel=\"noopener\">Volk der Rohingya<\/a> verteidigte.<sup><a href=\"https:\/\/en.wikipedia.org\/wiki\/Aung_San_Suu_Kyi#cite_note-alj-zarni-20\" target=\"_blank\" rel=\"noopener\">[18]<\/a><\/sup><\/p>\n<p class=\"wp-block-paragraph\">Angesichts der Tatsache, dass ihr der Friedensnobelpreis verliehen wurde, k\u00f6nnen wir mit Sicherheit davon ausgehen, dass die Vorw\u00fcrfe des V\u00f6lkermords durchaus berechtigt waren.<\/p>\n<p class=\"wp-block-paragraph\">Nachdem sie nach dem Milit\u00e4rputsch in Myanmar im Februar 2021 (erneut!) inhaftiert worden war, verb\u00fc\u00dfte Aung San Suu Kyi eine lange Haftstrafe an einem geheim gehaltenen Ort in Naypyidaw. Im April 2026 gab die Milit\u00e4rregierung Myanmars bekannt, dass sie ihre Strafe im Rahmen einer umfassenden Amnestie verk\u00fcrzt und sie aus dem Gef\u00e4ngnis in den Hausarrest (oder eine festgelegte Wohnst\u00e4tte) verlegt habe. Wieder einmal.<\/p>\n<p class=\"wp-block-paragraph\">Zur\u00fcck zu Amaryllis\u2019 unglaublichen Abenteuern. Im Jahr 2002 kehrte sie aus den hei\u00dfen Gefilden nach Hause zur\u00fcck: Sie ging nach Oxford, um einen Bachelor-Abschluss zu machen, und <a href=\"https:\/\/web.archive.org\/web\/20180707172038\/https:\/\/www.irishcentral.com\/roots\/amaryllis-fox-facts\" target=\"_blank\" rel=\"noopener\">kehrte anschlie\u00dfend in die USA zur\u00fcck, um ein Masterstudium in Georgetown zu absolvieren<\/a>:<\/p>\n<blockquote class=\"wp-block-quote is-layout-flow wp-block-quote-is-layout-flow\">\n<p class=\"wp-block-paragraph\"><em>W\u00e4hrend ihres Studiums in Georgetown entwickelte sie einen bemerkenswerten Algorithmus zur Vorhersage terroristischer Aktivit\u00e4ten und wurde vom CIA-Beauftragten der Universit\u00e4t, Dallas Jones, gebeten, diesen an Langley weiterzugeben.<\/em><\/p>\n<p class=\"wp-block-paragraph\"><em>Laut <a href=\"https:\/\/web.archive.org\/web\/20180707172038\/https:\/\/bigthink.com\/experts\/amaryllis-fox\" target=\"_blank\" rel=\"noopener\">Fox\u2019 Biografie f\u00fcr Big Think<\/a> \u201ebegann sie ihre T\u00e4tigkeit als Analystin f\u00fcr Politik und Terrorismus in S\u00fcdostasien und pendelte zwischen Langley und Georgetown hin und her, um ihr Studium mit Auszeichnung abzuschlie\u00dfen.\u201c<\/em><\/p>\n<\/blockquote>\n<p class=\"wp-block-paragraph\">Meine G\u00fcte! Das k\u00f6nnte direkt aus einem Hollywood-Drehbuch stammen: Jugend, Sch\u00f6nheit UND Intelligenz einer \u201eWhite-Hat\u201c-Hackerin, die Terroristen jagt \u2026 wann hat sie sich dieses technisches Fachwissen angeeignet? Der Algorithmus selbst ist allerdings ein Kinderspiel: Die CIA braucht keine speziellen Algorithmen, um ihre eigenen Operationen vorherzusagen. Sie mussten Amaryllis\u2019 Biografie lediglich etwas mehr Pep verleihen, indem sie diesen erstaunlichen \u201eCode\u201c anpriesen, den sie angeblich entwickelt hat.<\/p>\n<p class=\"wp-block-paragraph\">Apropos verdammt gro\u00dfe Zuf\u00e4lle. Eine weitere Geschichte \u00fcber einen Computercode zur Terrorismusvorhersage findet sich in dem Buch <em>SuperFreakonomics<\/em> (siehe obigen Link zu Amaryllis\u2019 Vortrag im Podcast der Autoren). Darin wird ein experimentelles Projekt des britischen Bankbetrugsermittlers Ian Horsley beschrieben (der in Blogbeitr\u00e4gen von Freakonomics namentlich genannt wird), der gemeinsam mit dem \u00d6konomen Steven Levitt untersuchte, ob Daten aus dem Privatkundengesch\u00e4ft \u201epotenzielle Terroristen\u201c identifizieren k\u00f6nnten. \u00dcbersetzung: Einf\u00fchrung einer massenhaften, richterlosen \u00dcberwachung der Finanztransaktionen der B\u00fcrger unter dem Vorwand der \u201eTerrorbek\u00e4mpfung\u201c.<\/p>\n<p class=\"wp-block-paragraph\">Das Projekt begann nach den Londoner Bombenanschl\u00e4gen von 2005 (7.7.). Aber nat\u00fcrlich haben wir genau zur Zeit der Verabschiedung des Patriot Act, des PREP Act und verwandter S\u00e4ulen des globalen totalit\u00e4ren Regimes einen auf London fokussierten \u201eProblem-Reaktion-L\u00f6sung\u201c-Vorfall. Schauen wir mal, wer die Hauptt\u00e4ter waren:<\/p>\n<ul class=\"wp-block-list\">\n<li><a href=\"https:\/\/en.wikipedia.org\/wiki\/Mohammad_Sidique_Khan\" target=\"_blank\" rel=\"noopener\">Mohammad <em>Sidique Khan<\/em><\/a>, 30 Jahre alt. Als Anf\u00fchrer der vier Attent\u00e4ter lebte auch er mit seiner Frau und seinem kleinen Kind in <a href=\"https:\/\/en.wikipedia.org\/wiki\/Beeston,_Leeds\" target=\"_blank\" rel=\"noopener\">Beeston<\/a>, Leeds. Er arbeitete als Lernbegleiter an einer Grundschule. Khan war der zweite, der eine Bombe z\u00fcndete \u2013 im <em>Zug Nummer 216<\/em> \u2013, wobei sieben Menschen ums Leben kamen, darunter auch er selbst.<\/li>\n<\/ul>\n<p class=\"wp-block-paragraph\">\n<p class=\"wp-block-paragraph\">Liebe Leser, die H\u00e4ufung von Zuf\u00e4llen \u00fcberw\u00e4ltigt mich! Vielleicht waren die \u00f6ffentliche Bekanntheit des Namens des Anf\u00fchrers der Terroristen sowie die Zugnummer die entscheidenden Faktoren, die dazu f\u00fchrten, dass der <a href=\"https:\/\/en.wikipedia.org\/wiki\/Mayor_of_London\" target=\"_blank\" rel=\"noopener\">Londoner B\u00fcrgermeister <em>Sadiq Khan<\/em><\/a> im Jahr <em>2016<\/em> in sein Amt gew\u00e4hlt wurde? Funktioniert die Demokratie nicht genau so?<\/p>\n<p class=\"wp-block-paragraph\">Was den Algorithmus zur Bankenaufsicht betrifft, schlug Ian Horsley vor, dieselben statistischen Verfahren zu nutzen, die Banken zur Betrugsaufdeckung einsetzen \u2013 doch anstatt betr\u00fcgerische Kunden zu identifizieren, sollte der Algorithmus Personen ermitteln, deren \u201eBankverhalten dem bekannter Terroristen \u00e4hnelte\u201c. Der vorgeschlagene Prozess sah wie folgt aus:<\/p>\n<ol class=\"wp-block-list\">\n<li>Erfassung von Bankdaten zu Personen, die bereits als Terroristen oder Terrorverd\u00e4chtige identifiziert wurden. (Ich frage mich, ob das mit oder ohne richterliche Anordnung geschah?)<\/li>\n<li>Vergleich ihres Finanzverhaltens mit dem von Millionen gew\u00f6hnlicher Kunden. (Auch hier frage ich mich: Wurden die Daten dieser \u201eMillionen gew\u00f6hnlicher Kunden\u201c mit oder ohne richterliche Anordnung erhoben?)<\/li>\n<li>Erstellen Sie ein statistisches Modell, das Kombinationen von Merkmalen identifiziert, die die beiden Gruppen voneinander unterscheiden.<\/li>\n<li>Wenden Sie das Modell auf die Kundendatenbank der Bank an, um eine Rangliste von Personen f\u00fcr weitere Ermittlungen zu erstellen \u2013 nicht, um eine Schuld festzustellen. (Meine G\u00fcte, wir sind dankbar, dass die KI der Bank noch keine Befugnisse zur Verurteilung oder Hinrichtung hat! Das kommt erst in den n\u00e4chsten Versions-Updates\u2026)<\/li>\n<\/ol>\n<p class=\"wp-block-paragraph\">\n<p class=\"wp-block-paragraph\">In dem Buch <em>SuperFreakonomics<\/em> wurden bewusst nur wenige \u00dcberwachungsvariablen offengelegt. Den Informationen aus \u201eFreakonomics\u201c zufolge geh\u00f6rten zu den Merkmalen, die mit bekannten Verd\u00e4chtigen in Verbindung standen, unter anderem:<\/p>\n<ul class=\"wp-block-list\">\n<li>Einen muslimischen Namen zu haben \u2013 ach, das gute alte Racial Profiling! Genial. Nur so nebenbei: Mein Nachname ist arabischen Ursprungs, da mein Gro\u00dfvater Tatar war.<\/li>\n<li>In bestimmten geografischen Gebieten zu leben \u2013 genau wie oben: das gute alte Racial Profiling!<\/li>\n<li>Andere nicht n\u00e4her bezeichnete Verhaltensmerkmale \u2026 Einige davon kann ich mir vorstellen: der Besuch religi\u00f6ser Gottesdienste, Schulen, das Einkaufen in bestimmten Gesch\u00e4ften (Halal), der Kauf bestimmter Kleidungsst\u00fccke oder Einrichtungsgegenst\u00e4nde, der Zeitpunkt der Transaktionen in Abh\u00e4ngigkeit von Wochentagen und religi\u00f6sen Feiertagen, Reisegewohnheiten usw.<\/li>\n<\/ul>\n<p class=\"wp-block-paragraph\">\n<p class=\"wp-block-paragraph\">Noch eine pers\u00f6nliche Anmerkung: Mein Mann hat bei Amazon eine clevere muslimische Erfindung entdeckt \u2013 Hijab-Magnete. Er nutzt sie, um die Ellbogensch\u00fctzer beim Mountainbiken zu befestigen, damit sie bei holprigen Abfahrten nicht herunterrutschen \u2026 In Kombination mit meiner Karriere im Kampf gegen Pandemie-Kriminalit\u00e4t und meinem Namen stehen wir bestimmt auf soooo vielen Terroristen-Beobachtungslisten, das kann ich mir nur vorstellen! Meine Kinder haben mir diesen Aufkleber geschenkt:<\/p>\n<figure class=\"wp-block-image aligncenter size-large\"><img data-opt-id=556222652  fetchpriority=\"high\" decoding=\"async\" src=\"https:\/\/mleexelnfod5.i.optimole.com\/cb:aQ6F.d38\/w:auto\/h:auto\/q:mauto\/f:best\/https:\/\/meiser-tv.de\/wp-content\/uploads\/2026\/09\/fd56f6f8-6e2a-46a3-abd3-02b91311f916_1502x1502.jpeg\" alt=\"\"><\/figure>\n<p class=\"wp-block-paragraph\">Ich denke, es ist ganz klar, was diese \u201esuper-tollen\u201c Code-Algorithmen sind \u2013 nichts anderes als altbekannte Profiling-Taktiken. Der einzige Unterschied seit 2005 besteht darin, dass die an der Macht befindlichen technokratischen Totalitaristen die fr\u00fcher illegale \u00dcberwachung ohne richterliche Anordnung und das rassistische Profiling unter dem Deckmantel des \u201eKriegs gegen den Terror\u201c gerechtfertigt haben. Die CIA und ihre internationalen Komplizen sorgten f\u00fcr die Terroranschl\u00e4ge, die f\u00fcr die illegalen Gesetze erforderlich waren, darunter der Patriot Act und der PREP Act \u2013 ein \u00e4hnliches Gesetz, das in Gro\u00dfbritannien verabschiedet werden soll.<\/p>\n<p class=\"wp-block-paragraph\">Okay, genug der Abschweifungen, zur\u00fcck zu Amaryllis.<\/p>\n<p class=\"wp-block-paragraph\"><a href=\"https:\/\/web.archive.org\/web\/20231025200240\/https:\/\/en.wikipedia.org\/wiki\/Amaryllis_Fox_Kennedy\" target=\"_blank\" rel=\"noopener\">Amaryllis wurde Wahlkampfleiterin f\u00fcr RFK Jr.s Pr\u00e4sidentschaftskampagne 2024<\/a>, nachdem Denis Kucinich von derselben Spenderklasse verdr\u00e4ngt worden war, die von Kennedy verlangt hatte, als Unabh\u00e4ngiger zu kandidieren. Kennedy ersetzte Kucinich schlichtweg durch seine eigene britische Geheimdienstagentin von einer Schwiegertochter, die keinerlei politische Erfahrung hatte. In der Folge <a href=\"https:\/\/web.archive.org\/web\/20250331222947\/https:\/\/www.axios.com\/2024\/12\/10\/rfk-jr-amaryllis-fox-cia-trump\" target=\"_blank\" rel=\"noopener\">handelte RFK Jr. f\u00fcr Amaryllis die Position der stellvertretenden CIA-Direktorin in der Trump-Regierung aus<\/a>. Im Jahr 2024 wurde Amaryllis von Trump als <a href=\"https:\/\/web.archive.org\/web\/20250405142842\/https:\/\/www.nytimes.com\/2024\/12\/11\/us\/politics\/amaryllis-fox-kennedy-cia.html\" target=\"_blank\" rel=\"noopener\">stellvertretende Direktorin des Nationalen Nachrichtendienstes f\u00fcr Politik und Kapazit\u00e4ten<\/a> sowie als stellvertretende Direktorin f\u00fcr Nachrichtendienste und internationale Angelegenheiten im Amt f\u00fcr Verwaltung und Haushalt eingesetzt. Sie ist zudem Mitglied von Trumps Geheimdienstbeirat. Das sind ziemlich viele CIA-Titel f\u00fcr jemanden, der angeblich \u201eEx-CIA\u201c ist!<\/p>\n<p class=\"wp-block-paragraph\">Amaryllis trat 2026 gemeinsam mit Tulsi Gabbard zur\u00fcck. Amaryllis wurde Partnerin bei <strong><a href=\"https:\/\/ballardpartners.com\/\" target=\"_blank\" rel=\"noopener\">Ballard Partners<\/a><\/strong>, wo sie den gemeinsamen Vorsitz der Praxisgruppe f\u00fcr neue Technologien und KI der Kanzlei \u00fcbernehmen wird. Laut <a href=\"https:\/\/floridapolitics.com\/archives\/807643-personnel-note-amaryllis-fox-kennedy-joins-ballard-partners\/\" target=\"_blank\" rel=\"noopener\">ver\u00f6ffentlichten Nachrichtenartikeln<\/a> ist Ballard Partners \u00fcbergl\u00fccklich, sie an Bord zu haben (wer w\u00e4re das nicht?):<\/p>\n<blockquote class=\"wp-block-quote is-layout-flow wp-block-quote-is-layout-flow\">\n<p class=\"wp-block-paragraph\"><em>\u201eWir freuen uns sehr, Amaryllis bei Ballard Partners und in unserer Praxisgruppe f\u00fcr neue Technologien und KI willkommen zu hei\u00dfen\u201c, sagte der Gr\u00fcnder und Pr\u00e4sident der Firma, <strong>Brian Ballard<\/strong>.<\/em><\/p>\n<p class=\"wp-block-paragraph\"><em>\u201eSie war auf h\u00f6chster Ebene in den Geheimdiensten und im Bundeshaushaltsverfahren t\u00e4tig, und nur wenige Menschen im Land verstehen so gut wie sie, wie die Regierung fortschrittliche Technologien finanziert, \u00fcberwacht und einf\u00fchrt. Da k\u00fcnstliche Intelligenz jede Branche und jeden Bereich der Regierung ver\u00e4ndert, werden ihr Urteilsverm\u00f6gen und ihre Erfahrung f\u00fcr unsere Mandanten von unsch\u00e4tzbarem Wert sein.\u201c<\/em><\/p>\n<\/blockquote>\n<p class=\"wp-block-paragraph\">Die Kanzlei vertritt Dutzende von Unternehmen aus allen wichtigen Branchen sowie zahlreiche Kommunalverwaltungen und akademische Einrichtungen. Zu den Mandanten z\u00e4hlen Palantir, Meta, Bayer Pharma, Blackstone, die NYSE, die Olympischen Spiele LA28, die MLB, die NBA, die NY Yankees, die NFL, die PGA Tour, Amazon, Anthropic und viele mehr!<\/p>\n<p class=\"wp-block-paragraph\">Die Danaher Corp d\u00fcrfte eine lukrative Erg\u00e4nzung der Kundenliste sein, und das k\u00f6nnte der wahre Grund f\u00fcr Brian Ballards Begeisterung \u00fcber seinen neuen Partner sein. Nun kommen wir der eigentlichen Antwort darauf auf die Spur, wem Bobby geh\u00f6rt. Werfen wir einen Blick auf das Gesch\u00e4ft mit mRNA-Biowaffen.<\/p>\n<h3 class=\"wp-block-heading has-medium-font-size\"><strong>Lernen Sie Amaryllis\u2019 Familie kennen \u2013 professionelle Pl\u00fcnderer und H\u00e4ndler von Biowaffen<\/strong><\/h3>\n<p class=\"wp-block-paragraph\">Amaryllis\u2019 Eltern geh\u00f6ren mehreren prestigetr\u00e4chtigen Clubs an: den Milliard\u00e4ren, den Pl\u00fcnderern und den Biowaffenh\u00e4ndlern. Amaryllis\u2019 Vaterist der amerikanische \u00d6konom Hodson Thornber, der ma\u00dfgeblich an der Pl\u00fcnderung der UdSSR nach deren Zusammenbruch beteiligt war. Thornber war in den letzten vierzig Jahren in den h\u00f6chsten Ebenen der britischen Finanz- und Geheimdienstoperationen t\u00e4tig. In den 1980er Jahren half er im Auftrag der globalen Finanzwelt bei der Pl\u00fcnderung der Energie- und Transportlogistik in den USA und Gro\u00dfbritannien und arbeitete dann in den 1990er Jahren f\u00fcr Renaissance Capital in London und Moskau bei Privatisierungs-Pl\u00fcnderungsoperationen in den ehemaligen Sowjetstaaten Russland, Kasachstan und der Ukraine. Renaissance arbeitete bei diesen Machenschaften wiederholt mit George Soros zusammen. <a href=\"https:\/\/web.archive.org\/web\/20250522005330\/https:\/\/bfi.uchicago.edu\/scholar\/hodson-thornber\/\" target=\"_blank\" rel=\"noopener\">Hier ist seine Biografie einschlie\u00dflich seiner Verbindungen zu Russland, der Ukraine usw.<\/a><\/p>\n<p class=\"wp-block-paragraph\">Amaryllis\u2019 Mutter ist eine <a href=\"https:\/\/web.archive.org\/web\/20251212220724\/https:\/\/investgtr.com\/lalage-damerell\/\" target=\"_blank\" rel=\"noopener\">\u201ebritische Schauspielerin\u201cLalage Damerell<\/a>. Man beachte, dass zahlreiche Quellen sie als \u201ebritische Schauspielerin\u201c bezeichnen, als w\u00e4re sie bekannt, doch es gibt keine Informationen \u00fcber ihre angebliche Schauspielkarriere und keine nennenswerten Film- oder Theaterrollen. Beachten Sie au\u00dferdem, dass Amaryllis zumindest in einigen ihrer eigenen Interviews ihre T\u00e4tigkeiten f\u00fcr Geheimdienste als \u201eMethod Acting\u201c bezeichnet. Im Jahr 2012, nach der Scheidung von Thornber, heiratete Lalage den <a href=\"https:\/\/web.archive.org\/web\/20150331072544\/https:\/\/en.wikipedia.org\/wiki\/Steven_Rales\" target=\"_blank\" rel=\"noopener\">Milliard\u00e4r Steven Rales<\/a> (der damit Amaryllis\u2019 Stiefvater und RFK Jr.s Schwager wurde).<\/p>\n<figure class=\"wp-block-image aligncenter size-large\"><img data-opt-id=257202483  fetchpriority=\"high\" decoding=\"async\" src=\"https:\/\/mleexelnfod5.i.optimole.com\/cb:aQ6F.d38\/w:auto\/h:auto\/q:mauto\/f:best\/https:\/\/meiser-tv.de\/wp-content\/uploads\/2026\/09\/085860aa-7b67-4935-803f-58c23c206517_1000x600.jpeg\" alt=\"\"><\/figure>\n<p class=\"wp-block-paragraph\">Rales ist Mitbegr\u00fcnder und Vorstandsvorsitzender der <strong><a href=\"https:\/\/www.danaher.com\/\" target=\"_blank\" rel=\"noopener\">Danaher Corporation<\/a><\/strong>, eines weltweit t\u00e4tigen Giganten im Bereich Wissenschaft, biotechnologische Fertigung und Biotechnologie, der einen Jahresumsatz von rund 25 Mrd. US-Dollar erzielt und einen Nettogewinn von 3,6 Mrd. US-Dollar erwirtschaftet, wobei der freie Cashflow noch deutlich h\u00f6her ausf\u00e4llt. Im Jahr 2020 wurde Danaher von der FDA mit der Herstellung von Covid-Tests beauftragt.<\/p>\n<blockquote class=\"wp-block-quote is-layout-flow wp-block-quote-is-layout-flow\">\n<p class=\"wp-block-paragraph\"><em>\u201eAm Montag, dem<\/em> <strong><em>2. M\u00e4rz 2020<\/em><\/strong><em>, erkl\u00e4rte Dr. Stephen Hahn, der<\/em> <strong><em>Leiter der FDA<\/em><\/strong><em>, die Beh\u00f6rde habe Ma\u00dfnahmen ergriffen, um privaten Labors und Unternehmen die Herstellung eigener<\/em> <strong><em>Coronavirus-Tests<\/em><\/strong> <em>zu erm\u00f6glichen, um die Testkapazit\u00e4ten der USA f\u00fcr das Virus erheblich zu erweitern. Hahn f\u00fcgte hinzu: \u201eNach den Sch\u00e4tzungen, die wir derzeit von der Industrie erhalten, werden bis Ende dieser Woche fast eine Million Tests durchgef\u00fchrt werden k\u00f6nnen.\u201c Am folgenden Morgen wies eine Sprecherin des US-Gesundheitsministeriums darauf hin, dass sich Dr. Hahn auf<\/em> <strong><em>Tests bezog, die von einem externen Hersteller, Integrated DNA Technologies (IDT), produziert werden. IDT ist ein Gesch\u00e4ftsbereich von Danaher, der Anfang 2019 \u00fcbernommen wurde<\/em><\/strong><em>.<\/em><\/p>\n<\/blockquote>\n<p class=\"wp-block-paragraph\"><a href=\"https:\/\/web.archive.org\/web\/20250214112821\/http:\/\/en.wikipedia.org\/wiki\/Danaher_Corporation\" target=\"_blank\" rel=\"noopener\">Die Hauptgesch\u00e4ftsbereiche von Danaher liegen im Biotechnologiesektor<\/a>. Dieses Segment liefert Ger\u00e4te, Verbrauchsmaterialien und Software f\u00fcr die Entwicklung und Herstellung von biologischen Arzneimitteln wie monoklonalen Antik\u00f6rpern, Impfstoffen, Gentherapien und Zelltherapien. Zu den wichtigsten Marken z\u00e4hlen Cytiva und die Pall Corporation. Zu den Produkten von Danaher geh\u00f6ren Bioreaktoren, Zellkulturmedien, Chromatographiesysteme, Filtersysteme, Einweg-Produktionsanlagen [Anmerkung: Diese werden von Herstellern von mRNA und anderen injizierbaren Biowaffen bevorzugt, da die Herstellung nicht nachpr\u00fcfbar ist \u2013 die Produktionslinie wird aus Beuteln voller nicht identifizierbarer Abf\u00e4lle zusammengestellt und verschwindet buchst\u00e4blich, sobald das Produkt fertiggestellt ist], Instrumente zur Prozessentwicklung sowie Fertigungssoftware. Mit anderen Worten: Danaher ist der sprichw\u00f6rtliche Lieferant von \u201eEimern und Schaufeln\u201c f\u00fcr den Goldrausch, d.\u202fh. der Akteur, der am ehesten von dem sinnlosen, t\u00f6dlichen und zum Scheitern verurteilten Gl\u00fccksspiel der \u201eRevolution der Genbearbeitung\u201c profitieren wird, die bisher eine Menge Gift, aber sonst nicht viel hervorgebracht hat\u2026 Die Auftragnehmer jedoch, die eine Kette von zum Scheitern verurteilten Casinos errichten und Baumaterialien, M\u00f6bel sowie Spielausr\u00fcstung liefern, sind garantiert erfolgreich, ganz gleich, wie es letztendlich mit dem Casino ausgeht.<\/p>\n<p class=\"wp-block-paragraph\">Danaher war im Jahr 2020 und ist bis heute ein <a href=\"https:\/\/www.danaher.com\/how-danahers-mrna-ecosystem-shaping-medicines-future\" target=\"_blank\" rel=\"noopener\">wichtiger Lieferant von Ausr\u00fcstung f\u00fcr die biotechnologische Fertigung<\/a>, einschlie\u00dflich \u201everschwindender\u201c Fertigungslinien (Einweg) f\u00fcr die mRNA-Impfstoffe von Pfizer und Moderna. Offensichtlich ist die Zukunft des mRNA-Gifts nun eng mit dem Kennedy-Clan verbunden und wird zumindest den Reichtum und das Gl\u00fcck der Enkelkinder von RFK Jr., der Kinder von RFK III, sichern. Neben \u00fcberragendem Reichtum ist es zudem sehr wahrscheinlich, dass diese gl\u00fccklichen Kinder ungeimpft bleiben, w\u00e4hrend die Regierung Ihre Kinder mit vorgehaltener Waffe zwingen wird, sich mit Biowaffen vergiften zu lassen. Rales ist ein <a href=\"https:\/\/littlesis.org\/person\/4202-Steven_M_Rales\" target=\"_blank\" rel=\"noopener\">langj\u00e4hriger politischer Spender der Demokraten<\/a>, RFK Jr. ist ein lebenslanger Demokrat, ebenso wie Trump. Beide setzen sich f\u00fcr Pl\u00fcnderung, KI-\u00dcberwachung und die Zentralisierung der Regierungsmacht ein, w\u00e4hrend sie die kleinen Familienbetriebe immer st\u00e4rker unter Druck setzen. Wird der Reichtum aus der mRNA-Biowaffe wahrscheinlich eine wichtige Finanzierungsquelle f\u00fcr RFK Jr.s erwartete Pr\u00e4sidentschaftskandidatur im Jahr 2028 sein?<\/p>\n<h3 class=\"wp-block-heading has-medium-font-size\"><strong>Aufbau eines Quasi-Monopols im Bereich der mRNA-Ausr\u00fcstung<\/strong><\/h3>\n<p class=\"wp-block-paragraph\">Die Danaher Corporation hat sich heute eine Quasi-Monopolstellung im Bereich der Ausr\u00fcstung f\u00fcr die biologische Fertigung gesichert. Seit etwa 2016 hat Danaher strategisch Unternehmen (\u00fcber 33 Firmen) \u00fcbernommen, die dem Konzern w\u00e4hrend der Covid-\u201eScamdemie\u201c gigantische Gewinne einbrachten. Hatten sie etwa eine Kristallkugel, frage ich mich? Vielleicht hat Amaryllis einen weiteren genialen Vorhersagealgorithmus entwickelt?<\/p>\n<p class=\"wp-block-paragraph\"><strong>September 2016: Danaher \u00fcbernahm CEPHEID f\u00fcr ca. 4 Mrd. $.<\/strong> <a href=\"https:\/\/web.archive.org\/web\/20200402184939\/https:\/\/www.cepheid.com\/coronavirus\" target=\"_blank\" rel=\"noopener\">Cepheids Reaktion auf Covid (Archiv, April 2020)<\/a><\/p>\n<p class=\"wp-block-paragraph\"><strong>M\u00e4rz 2018: Danaher \u00fcbernahm INTEGRATED DNA TECHNOLOGIES (IDT) f\u00fcr ca. 1,9 Mrd. $.<\/strong><\/p>\n<p class=\"wp-block-paragraph\"><a href=\"https:\/\/web.archive.org\/web\/20200303160007\/https:\/\/www.nytimes.com\/2020\/03\/03\/health\/coronavirus-tests-fda.html#commentsContainer\" target=\"_blank\" rel=\"noopener\">Ein NYT-Artikel (Archiv, M\u00e4rz 2020) erw\u00e4hnt IDT als Auftragnehmer<\/a>.<\/p>\n<p class=\"wp-block-paragraph\"><a href=\"https:\/\/sfvideo.blob.core.windows.net\/sitefinity\/docs\/default-source\/miscellaneous\/idt-fact-sheet---june-12.pdf?sfvrsn=55c31107_2\" target=\"_blank\" rel=\"noopener\">IDTs COVID-19-Ma\u00dfnahmen (Fact Sheet \u2013 Juni 2020)<\/a>.<\/p>\n<p class=\"wp-block-paragraph\"><a href=\"https:\/\/web.archive.org\/web\/20200809082512\/https:\/\/eu.idtdna.com\/pages\/landing\/coronavirus-research-reagents?promo_name=COVID19&amp;promo_id=1a1b&amp;promo_creative=Run%20of%20Site%20Alert&amp;promo_position=1\" target=\"_blank\" rel=\"noopener\">SARS-CoV-2-Sonden und andere COVID-19-Forschungsreagenzien (Archiv, Juni 2020)<\/a>.<\/p>\n<p class=\"wp-block-paragraph\"><strong>Juni 2021: DANAHER \u00fcbernahm ALDEVRON f\u00fcr ca. 9,6 Mrd. US-Dollar<\/strong><\/p>\n<p class=\"wp-block-paragraph\"><a href=\"https:\/\/web.archive.org\/web\/20201118154116\/https:\/\/www.aldevron.com\/covid\" target=\"_blank\" rel=\"noopener\">Aldevrons Covid-Ma\u00dfnahmen (Archiv, November 2020)<\/a>.<\/p>\n<p class=\"wp-block-paragraph\"><strong>Gewinne von DANAHER (Fortune 500)<\/strong><\/p>\n<p class=\"wp-block-paragraph\"><a href=\"https:\/\/web.archive.org\/web\/20211011225226\/https:\/\/fortune.com\/company\/danaher\/fortune500\/\" target=\"_blank\" rel=\"noopener\">Archiv, Juni 2020<\/a> <strong><em>Auszug:<\/em><\/strong> <em>\u201e\u2026 das Unternehmen hat von starken Ums\u00e4tzen mit seinen COVID-19-Diagnosetests profitiert.\u201c<\/em><\/p>\n<p class=\"wp-block-paragraph\"><strong><a href=\"https:\/\/www.usaspending.gov\/recipient\/a84bc7e2-2cc1-dedf-9fda-65ae2a8f78c5-P\/all\" target=\"_blank\" rel=\"noopener\">DANAHER als Empf\u00e4nger staatlicher Auftr\u00e4ge<\/a><\/strong><\/p>\n<p class=\"wp-block-paragraph\">Rales ist nicht nur ein Gigant der Bioproduktion, sondern auch ein bedeutender Hollywood-Investor, der mehrere Filme von Wes Anderson finanziert hat (die mir sehr gut gefallen).<\/p>\n<p class=\"wp-block-paragraph\">Vor der \u201eScamdemie\u201c betrug Rales\u2019 Nettoverm\u00f6gen 3 Mrd. US-Dollar, und nach der \u201eScamdemie\u201c wuchs es auf etwa 9 Mrd. US-Dollar (!) an. Das ist eine Menge Finanzreserve f\u00fcr Wahlkampfspenden, und was f\u00fcr ein gro\u00dfartiger Schwager f\u00fcr einen politischen Adelsclan! Ein echter Gl\u00fccksgriff.<\/p>\n<p class=\"wp-block-paragraph\">\u00dcberrascht es irgendjemanden, dass Bobby, anstatt seine Wahlversprechen einzul\u00f6sen, anstatt sich um Rechenschaftspflicht, Reformen, Gerechtigkeit f\u00fcr die Opfer der Covid-Betrugs-Pandemie oder irgendetwas auch nur im Entferntesten damit Verbundenes zu k\u00fcmmern, die Hersteller von Biowaffen weiterhin mit Geld \u00fcbersch\u00fcttet (das letztendlich in Stephen Rales\u2019 Taschen flie\u00dft), neue mRNA-Giftimpfungen genehmigt, den Haftungsschutz des PREP-Gesetzes f\u00fcr das Verbrecherkartell nicht aufhebt und in seiner Freizeit <a href=\"https:\/\/www.usatoday.com\/story\/news\/politics\/2026\/07\/30\/rfk-cooking-show-real-food\/91097532007\/\" target=\"_blank\" rel=\"noopener\">eine Kochshow mit Stark\u00f6chen moderiert<\/a>?Kunstwerk des Tages: Angora Lakes, Aquarell, 11\u00d714 in.<\/p>\n<p class=\"wp-block-paragraph\">\n<\/div>\n","protected":false},"excerpt":{"rendered":"<p>Von Sasha Latypova \u201eWem geh\u00f6rt Bobby? Teil 1\u201c ist hier zu finden. Darin habe ich die gr\u00f6\u00dften Spender f\u00fcr Kennedys MAHA-Alliance-Kampagne (~8 Mio. $) behandelt. Um das Thema der Wahlkampffinanzierung abzurunden: Aus den bei der Bundeswahlkommission eingereichten Unterlagen zur Kennedy-Kampagne geht hervor, dass im Wahlzyklus 2023\u20132024 insgesamt etwa 67,3 Mio. $ gesammelt wurden. Nicole Shanahan [&hellip;]<\/p>\n","protected":false},"author":1,"featured_media":21009,"comment_status":"closed","ping_status":"closed","sticky":false,"template":"","format":"standard","meta":{"_gspb_post_css":"","_uag_custom_page_level_css":"","fifu_image_url":"","fifu_image_alt":"","footnotes":""},"categories":[1],"tags":[],"class_list":["post-21008","post","type-post","status-publish","format-standard","has-post-thumbnail","hentry","category-uncategorized"],"blocksy_meta":{"styles_descriptor":{"styles":{"desktop":"","tablet":"","mobile":""},"google_fonts":[],"version":8}},"uagb_featured_image_src":{"full":["https:\/\/mleexelnfod5.i.optimole.com\/cb:aQ6F.d38\/w:auto\/h:auto\/q:mauto\/f:best\/https:\/\/meiser-tv.de\/wp-content\/uploads\/2026\/09\/fd56f6f8-6e2a-46a3-abd3-02b91311f916_1502x1502.jpeg",1456,1456,false],"thumbnail":["https:\/\/mleexelnfod5.i.optimole.com\/cb:aQ6F.d38\/w:150\/h:150\/q:mauto\/rt:fill\/g:ce\/f:best\/https:\/\/meiser-tv.de\/wp-content\/uploads\/2026\/09\/fd56f6f8-6e2a-46a3-abd3-02b91311f916_1502x1502.jpeg",150,150,true],"medium":["https:\/\/mleexelnfod5.i.optimole.com\/cb:aQ6F.d38\/w:300\/h:300\/q:mauto\/f:best\/https:\/\/meiser-tv.de\/wp-content\/uploads\/2026\/09\/fd56f6f8-6e2a-46a3-abd3-02b91311f916_1502x1502.jpeg",300,300,true],"medium_large":["https:\/\/mleexelnfod5.i.optimole.com\/cb:aQ6F.d38\/w:768\/h:768\/q:mauto\/f:best\/https:\/\/meiser-tv.de\/wp-content\/uploads\/2026\/09\/fd56f6f8-6e2a-46a3-abd3-02b91311f916_1502x1502.jpeg",768,768,true],"large":["https:\/\/mleexelnfod5.i.optimole.com\/cb:aQ6F.d38\/w:1024\/h:1024\/q:mauto\/f:best\/https:\/\/meiser-tv.de\/wp-content\/uploads\/2026\/09\/fd56f6f8-6e2a-46a3-abd3-02b91311f916_1502x1502.jpeg",1024,1024,true],"1536x1536":["https:\/\/mleexelnfod5.i.optimole.com\/cb:aQ6F.d38\/w:auto\/h:auto\/q:mauto\/f:best\/https:\/\/meiser-tv.de\/wp-content\/uploads\/2026\/09\/fd56f6f8-6e2a-46a3-abd3-02b91311f916_1502x1502.jpeg",1456,1456,false],"2048x2048":["https:\/\/mleexelnfod5.i.optimole.com\/cb:aQ6F.d38\/w:auto\/h:auto\/q:mauto\/f:best\/https:\/\/meiser-tv.de\/wp-content\/uploads\/2026\/09\/fd56f6f8-6e2a-46a3-abd3-02b91311f916_1502x1502.jpeg",1456,1456,false],"trp-custom-language-flag":["https:\/\/mleexelnfod5.i.optimole.com\/cb:aQ6F.d38\/w:12\/h:12\/q:mauto\/f:best\/dpr:2\/https:\/\/meiser-tv.de\/wp-content\/uploads\/2026\/09\/fd56f6f8-6e2a-46a3-abd3-02b91311f916_1502x1502.jpeg",12,12,true]},"uagb_author_info":{"display_name":"admin","author_link":"https:\/\/meiser-tv.de\/en\/author\/admin\/"},"uagb_comment_info":0,"uagb_excerpt":"Von Sasha Latypova \u201eWem geh\u00f6rt Bobby? Teil 1\u201c ist hier zu finden. Darin habe ich die gr\u00f6\u00dften Spender f\u00fcr Kennedys MAHA-Alliance-Kampagne (~8 Mio. $) behandelt. Um das Thema der Wahlkampffinanzierung abzurunden: Aus den bei der Bundeswahlkommission eingereichten Unterlagen zur Kennedy-Kampagne geht hervor, dass im Wahlzyklus 2023\u20132024 insgesamt etwa 67,3 Mio. $ gesammelt wurden. Nicole Shanahan&hellip;","_links":{"self":[{"href":"https:\/\/meiser-tv.de\/en\/wp-json\/wp\/v2\/posts\/21008","targetHints":{"allow":["GET"]}}],"collection":[{"href":"https:\/\/meiser-tv.de\/en\/wp-json\/wp\/v2\/posts"}],"about":[{"href":"https:\/\/meiser-tv.de\/en\/wp-json\/wp\/v2\/types\/post"}],"author":[{"embeddable":true,"href":"https:\/\/meiser-tv.de\/en\/wp-json\/wp\/v2\/users\/1"}],"replies":[{"embeddable":true,"href":"https:\/\/meiser-tv.de\/en\/wp-json\/wp\/v2\/comments?post=21008"}],"version-history":[{"count":0,"href":"https:\/\/meiser-tv.de\/en\/wp-json\/wp\/v2\/posts\/21008\/revisions"}],"wp:featuredmedia":[{"embeddable":true,"href":"https:\/\/meiser-tv.de\/en\/wp-json\/wp\/v2\/media\/21009"}],"wp:attachment":[{"href":"https:\/\/meiser-tv.de\/en\/wp-json\/wp\/v2\/media?parent=21008"}],"wp:term":[{"taxonomy":"category","embeddable":true,"href":"https:\/\/meiser-tv.de\/en\/wp-json\/wp\/v2\/categories?post=21008"},{"taxonomy":"post_tag","embeddable":true,"href":"https:\/\/meiser-tv.de\/en\/wp-json\/wp\/v2\/tags?post=21008"}],"curies":[{"name":"wp","href":"https:\/\/api.w.org\/{rel}","templated":true}]}}