{"id":21017,"date":"2026-09-04T14:03:17","date_gmt":"2026-09-04T12:03:17","guid":{"rendered":"https:\/\/meiser-tv.de\/politik\/magdeburg-proteste-und-freudenfeste-alle-verfuegbaren-polizeikraefte-am-wahlabend-im-einsatz\/"},"modified":"2026-09-04T14:03:17","modified_gmt":"2026-09-04T12:03:17","slug":"magdeburg-proteste-und-freudenfeste-alle-verfuegbaren-polizeikraefte-am-wahlabend-im-einsatz","status":"publish","type":"post","link":"https:\/\/meiser-tv.de\/en\/politik\/magdeburg-proteste-und-freudenfeste-alle-verfuegbaren-polizeikraefte-am-wahlabend-im-einsatz\/","title":{"rendered":"Magdeburg: Proteste und Freudenfeste &#8211; Alle verf\u00fcgbaren Polizeikr\u00e4fte am Wahlabend im Einsatz"},"content":{"rendered":"<div>\n<p>Kurz vor der Landtagswahl am Sonntag sehen sich die Stadtverantwortlichen und die Polizei in Magdeburg\u00a0mit zahlreichen bereits angemeldeten Versammlungen und Veranstaltungen konfrontiert. Laut Informationen der\u00a0<em>Welt<\/em>-Redaktion (Bezahlschranke) bereiten sich die Polizeibeh\u00f6rden und das Landeskriminalamt Sachsen-Anhalt seit Monaten auf den 6. September vor. Interne Polizeidokumente w\u00fcrden dabei belegen, &#8222;wie angespannt&#8220; die Sicherheitsbeh\u00f6rden &#8222;die Lage rund um das Wahlwochenende bewerten&#8220;.\u00a0<\/p>\n<p>Das kommende Wochenende wird in vielerlei Hinsicht nicht nur f\u00fcr die Medien und die Politik erkenntnisreich. Hauptbetroffene bleiben die B\u00fcrger Sachsen-Anhalts, die seit Monaten\u00a0aufgrund der konstanten Werte der AfD bei Umfragen gesellschaftspolitisch durchleuchtet werden.<\/p>\n<p>Der hohe landesweite Zuspruch in Sachsen-Anhalt f\u00fcr die Alternative f\u00fcr Deutschland (AfD), neben parallelen Umfrageerfolgen auch in westdeutschen Bundesl\u00e4ndern, sorgt laut\u00a0<em>Welt<\/em>-Artikel f\u00fcr &#8222;die Sorge&#8220; bei den Sicherheitsbeh\u00f6rden, die laut einem internen Papier davon ausgehen, dass\u00a0nach Bekanntgabe des vorl\u00e4ufigen Endergebnisses am Sonntagabend &#8222;sowohl mit spontanen Protesten aus dem linken Spektrum als auch mit m\u00f6glichen Aktionen von Rechtsextremisten&#8220; zu rechnen sei.<\/p>\n<p>Im Mittelpunkt der polizeilichen Vorbereitungen steht demnach die Landeshauptstadt Magdeburg, wo jetzt bereits\u00a0<a href=\"https:\/\/www.tag24.de\/magdeburg\/lokales\/wahl-wochenende-in-magdeburg-zahlreiche-demos-sorgen-fuer-sperrungen-3529423\" target=\"_blank\" rel=\"noopener noreferrer\">nach Angaben<\/a>\u00a0der Polizeiinspektion Magdeburg &#8222;aktuell insgesamt 16 Versammlungen angemeldet&#8220; wurden, beginnend am heutigen Freitag mit vier Versammlungen ab den Mittagsstunden bis zum Abend. Die B\u00fcrger m\u00fcssen mit Absperrungen &#8222;vor allem am\u00a0Stadtpark und der Innenstadt&#8220; rechnen.<\/p>\n<p>Allein zur Abschlussveranstaltung des AfD-Wahlkampfes werden laut\u00a0<em>Volksstimme<\/em>\u00a0am Freitag 10.000 Menschen in Magdeburg auf dem Messeplatz im Stadtpark\u00a0<a href=\"https:\/\/www.volksstimme.de\/wahl\/landtagswahl-sachsen-anhalt\/landtagswahl-demonstrationen-wahl-wochenende-4312629\" target=\"_blank\" rel=\"noopener noreferrer\">erwartet<\/a>.<\/p>\n<p>Zudem werden spontane Ansammlungen am Wahltag in Halle, Dessau-Ro\u00dflau und Halberstadt bef\u00fcrchtet. Die Polizei h\u00e4lt laut dem Papier in den vier St\u00e4dten &#8222;Auseinandersetzungen zwischen politischen Gegnern, Angriffe auf Einsatzkr\u00e4fte und Sachbesch\u00e4digungen f\u00fcr m\u00f6glich&#8220;, so die Bef\u00fcrchtung. W\u00f6rtlich hei\u00dft es im Artikel bez\u00fcglich der Sachlage:<\/p>\n<p><em>&#8222;Alle verf\u00fcgbaren Kr\u00e4fte der Landespolizei sollen im Einsatz sein. Unterst\u00fctzung kommt aus anderen Bundesl\u00e4ndern. Nach Welt-Informationen werden neben uniformierten und zivilen Beamten auch Spezialeinsatzkr\u00e4fte, Sprengstoffexperten sowie Einheiten zur Drohnenabwehr vorgehalten.&#8220;<\/em><\/p>\n<p>Als potenzielle Ziele nennt die Analyse der Sicherheitsbeh\u00f6rden &#8222;vor allem Gesch\u00e4ftsstellen und B\u00fcros der AfD&#8220;. Zudem k\u00f6nnten auch &#8222;Parteiveranstaltungen, \u00f6ffentliche Geb\u00e4ude, Fahrzeuge sowie Wohn- und Arbeitsst\u00e4tten politischer Funktionstr\u00e4ger&#8220; in den Fokus gewaltbereiter Gegner aus dem linksextremen Milieu geraten, das erwartungsgem\u00e4\u00df aus dem gesamten Bundesgebiet anreisen wird.<\/p>\n<p>So bereits heute in die Stadt Bitterfeld, wodurch das traditionelle Stadtfest vorsorglich abgesagt wurde. Grund daf\u00fcr sei ein angemeldetes &#8222;linkes Antifa-Protestcamp&#8220; namens &#8222;Schlechte Gr\u00fc\u00dfe aus Bitterfeld&#8220;, berichtet das Portal\u00a0<em>Nius<\/em>.<\/p>\n<div class=\"EmbedBlock-root EmbedBlock-all\">\n<div class=\"AllEmbed\">\n<blockquote class=\"twitter-tweet\" data-media-max-width=\"560\">\n<p lang=\"de\" dir=\"ltr\">Das traditionelle Bitterfelder Stadtfest f\u00e4llt aus. Schuld daran ist ein linkes Antifa-Protestcamp namens \u201eSchlechte Gr\u00fc\u00dfe aus Bitterfeld\u201c. Von Freitag bis Sonntag wollen sich bis zu 3.000 Teilnehmer in der \u201eGr\u00fcnen Lunge\u201c auf die Landtagswahl und die Demonstrationen gegen die AfD\u2026 <a target=\"_blank\" rel=\"noopener noreferrer\" href=\"https:\/\/t.co\/NtQqgoutKH\">pic.twitter.com\/NtQqgoutKH<\/a><\/p>\n<p>\u2014 NIUS (@niusde_) <a target=\"_blank\" rel=\"noopener noreferrer\" href=\"https:\/\/x.com\/niusde_\/status\/2095433461456638221?ref_src=twsrc%5Etfw\">September 3, 2026<\/a><\/p><\/blockquote>\n<p> <script async src=\"https:\/\/platform.x.com\/widgets.js\" charset=\"utf-8\"><\/script>\n                    <\/div>\n<\/p><\/div>\n<p>Laut Informationen vor Ort wollen demnach von Freitag bis Sonntag &#8222;sich bis zu 3.000 Teilnehmer&#8220; im innerst\u00e4dtischen Gebiet &#8222;der Gr\u00fcnen Lunge&#8220; auf die Landtagswahl &#8222;und die Demonstrationen gegen die AfD&#8220; einstimmen.\u00a0<\/p>\n<p>Der F\u00f6rderverein gab zu Protokoll, dass der Sicherheitsdienst angesichts der zu bef\u00fcrchtenden Teilnehmerzahl &#8222;keinen st\u00f6rungsfreien und sicheren Ablauf mehr garantieren konnte&#8220; und daher das Stadtfest komplett f\u00fcr dieses Jahr absagte.<\/p>\n<p>Bei einem starken AfD-Ergebnis h\u00e4lt das Landeskriminalamt gezielte Straftaten in der Landeshauptstadt &#8222;mit unmittelbarem Wahlbezug&#8220; zun\u00e4chst &#8222;f\u00fcr eher unwahrscheinlich&#8220;. W\u00f6rtlich hei\u00dft es jedoch, dass ein &#8222;euphorisiertes Klima die Hemmschwelle f\u00fcr rechtsextreme Propagandadelikte und Volksverhetzung senken k\u00f6nnte&#8220;.<\/p>\n<p><strong>Mehr zum Thema &#8211;<\/strong>\u00a0<a href=\"https:\/\/de-rtnews.com\/inland\/290327-vor-sachsen-anhalt-wahl-merz\/\" target=\"_blank\" rel=\"noopener noreferrer\">Vor Sachsen-Anhalt-Wahl: Merz schlie\u00dft CDU-Zusammenarbeit mit AfD oder Linken kategorisch aus <\/a><\/p>\n<div class=\"EmbedBlock-root EmbedBlock-externalVideo EmbedBlock-rumble\">\n<div class=\"VkEmbed\"><iframe class=\"lazyload\" data-src=\"https:\/\/rumble.com\/embed\/v7cl4ai\" frameborder=\"0\" width=\"853\" height=\"480\" allowfullscreen><\/iframe><\/div>\n<\/p><\/div>\n<\/p>\n<\/div>","protected":false},"excerpt":{"rendered":"<p>Kurz vor der Landtagswahl am Sonntag sehen sich die Stadtverantwortlichen und die Polizei in Magdeburg\u00a0mit zahlreichen bereits angemeldeten Versammlungen und Veranstaltungen konfrontiert. Laut Informationen der\u00a0Welt-Redaktion (Bezahlschranke) bereiten sich die Polizeibeh\u00f6rden und das Landeskriminalamt Sachsen-Anhalt seit Monaten auf den 6. September vor. Interne Polizeidokumente w\u00fcrden dabei belegen, &#8222;wie angespannt&#8220; die Sicherheitsbeh\u00f6rden &#8222;die Lage rund um das [&hellip;]<\/p>\n","protected":false},"author":1,"featured_media":4846,"comment_status":"closed","ping_status":"closed","sticky":false,"template":"","format":"standard","meta":{"_gspb_post_css":"","_uag_custom_page_level_css":"","fifu_image_url":"","fifu_image_alt":"","footnotes":""},"categories":[5],"tags":[],"class_list":["post-21017","post","type-post","status-publish","format-standard","has-post-thumbnail","hentry","category-politik"],"blocksy_meta":{"styles_descriptor":{"styles":{"desktop":"","tablet":"","mobile":""},"google_fonts":[],"version":8}},"uagb_featured_image_src":{"full":["https:\/\/mleexelnfod5.i.optimole.com\/w:auto\/h:auto\/q:mauto\/f:best\/https:\/\/i2.wp.com\/meiser-tv.de\/wp-content\/uploads\/2026\/05\/RSS-Hintergrund.jpg?w=1920&fit=1920,1080&ssl=1",1920,1080,true],"thumbnail":["https:\/\/mleexelnfod5.i.optimole.com\/w:auto\/h:auto\/q:mauto\/f:best\/https:\/\/i2.wp.com\/meiser-tv.de\/wp-content\/uploads\/2026\/05\/RSS-Hintergrund.jpg?w=150&resize=150,150&ssl=1",150,150,true],"medium":["https:\/\/mleexelnfod5.i.optimole.com\/w:auto\/h:auto\/q:mauto\/f:best\/https:\/\/i2.wp.com\/meiser-tv.de\/wp-content\/uploads\/2026\/05\/RSS-Hintergrund.jpg?w=300&fit=300,300&ssl=1",300,300,true],"medium_large":["https:\/\/mleexelnfod5.i.optimole.com\/w:auto\/h:auto\/q:mauto\/f:best\/https:\/\/i2.wp.com\/meiser-tv.de\/wp-content\/uploads\/2026\/05\/RSS-Hintergrund.jpg?w=768&resize=768,0&ssl=1",768,0,true],"large":["https:\/\/mleexelnfod5.i.optimole.com\/w:auto\/h:auto\/q:mauto\/f:best\/https:\/\/i2.wp.com\/meiser-tv.de\/wp-content\/uploads\/2026\/05\/RSS-Hintergrund.jpg?w=1024&fit=1024,1024&ssl=1",1024,1024,true],"1536x1536":["https:\/\/mleexelnfod5.i.optimole.com\/w:auto\/h:auto\/q:mauto\/f:best\/https:\/\/i2.wp.com\/meiser-tv.de\/wp-content\/uploads\/2026\/05\/RSS-Hintergrund.jpg?w=1536&fit=1536,1536&ssl=1",1536,1536,true],"2048x2048":["https:\/\/mleexelnfod5.i.optimole.com\/w:auto\/h:auto\/q:mauto\/f:best\/https:\/\/i2.wp.com\/meiser-tv.de\/wp-content\/uploads\/2026\/05\/RSS-Hintergrund.jpg?w=2048&fit=2048,2048&ssl=1",2048,2048,true],"trp-custom-language-flag":["https:\/\/mleexelnfod5.i.optimole.com\/w:auto\/h:auto\/q:mauto\/f:best\/https:\/\/i2.wp.com\/meiser-tv.de\/wp-content\/uploads\/2026\/05\/RSS-Hintergrund.jpg?w=18&fit=18,12&ssl=1",18,12,true]},"uagb_author_info":{"display_name":"admin","author_link":"https:\/\/meiser-tv.de\/en\/author\/admin\/"},"uagb_comment_info":0,"uagb_excerpt":"Kurz vor der Landtagswahl am Sonntag sehen sich die Stadtverantwortlichen und die Polizei in Magdeburg\u00a0mit zahlreichen bereits angemeldeten Versammlungen und Veranstaltungen konfrontiert. Laut Informationen der\u00a0Welt-Redaktion (Bezahlschranke) bereiten sich die Polizeibeh\u00f6rden und das Landeskriminalamt Sachsen-Anhalt seit Monaten auf den 6. September vor. Interne Polizeidokumente w\u00fcrden dabei belegen, &#8222;wie angespannt&#8220; die Sicherheitsbeh\u00f6rden &#8222;die Lage rund um das&hellip;","_links":{"self":[{"href":"https:\/\/meiser-tv.de\/en\/wp-json\/wp\/v2\/posts\/21017","targetHints":{"allow":["GET"]}}],"collection":[{"href":"https:\/\/meiser-tv.de\/en\/wp-json\/wp\/v2\/posts"}],"about":[{"href":"https:\/\/meiser-tv.de\/en\/wp-json\/wp\/v2\/types\/post"}],"author":[{"embeddable":true,"href":"https:\/\/meiser-tv.de\/en\/wp-json\/wp\/v2\/users\/1"}],"replies":[{"embeddable":true,"href":"https:\/\/meiser-tv.de\/en\/wp-json\/wp\/v2\/comments?post=21017"}],"version-history":[{"count":0,"href":"https:\/\/meiser-tv.de\/en\/wp-json\/wp\/v2\/posts\/21017\/revisions"}],"wp:featuredmedia":[{"embeddable":true,"href":"https:\/\/meiser-tv.de\/en\/wp-json\/wp\/v2\/media\/4846"}],"wp:attachment":[{"href":"https:\/\/meiser-tv.de\/en\/wp-json\/wp\/v2\/media?parent=21017"}],"wp:term":[{"taxonomy":"category","embeddable":true,"href":"https:\/\/meiser-tv.de\/en\/wp-json\/wp\/v2\/categories?post=21017"},{"taxonomy":"post_tag","embeddable":true,"href":"https:\/\/meiser-tv.de\/en\/wp-json\/wp\/v2\/tags?post=21017"}],"curies":[{"name":"wp","href":"https:\/\/api.w.org\/{rel}","templated":true}]}}