{"id":21018,"date":"2026-09-04T14:03:17","date_gmt":"2026-09-04T12:03:17","guid":{"rendered":"https:\/\/meiser-tv.de\/politik\/letzter-stellvertretender-ddr-generalstaatsanwalt-schluss-mit-sanktionen-gegen-russland\/"},"modified":"2026-09-04T14:03:17","modified_gmt":"2026-09-04T12:03:17","slug":"letzter-stellvertretender-ddr-generalstaatsanwalt-schluss-mit-sanktionen-gegen-russland","status":"publish","type":"post","link":"https:\/\/meiser-tv.de\/en\/politik\/letzter-stellvertretender-ddr-generalstaatsanwalt-schluss-mit-sanktionen-gegen-russland\/","title":{"rendered":"Letzter stellvertretender DDR-Generalstaatsanwalt: Schluss mit Sanktionen gegen Russland"},"content":{"rendered":"<div>\n<p>Die <a href=\"https:\/\/www.grh-ev.org\/ueber-die-grh.html\" target=\"_new\" data-start=\"388\" data-end=\"491\">Gesellschaft zur Rechtlichen und Humanit\u00e4ren Unterst\u00fctzung<\/a> (GRH) wurde 1993 gegr\u00fcndet. Die Mitglieder engagieren sich nach eigenen Angaben &#8222;gegen politische Strafverfolgung und Kriminalisierung von DDR-B\u00fcrgern, f\u00fcr Rehabilitierung, Gerechtigkeit und historische Wahrheit&#8220;. Vorstandsvorsitzender ist der ehemalige stellvertretende Generalstaatsanwalt der DDR, Hans Bauer.<\/p>\n<p data-start=\"805\" data-end=\"1162\">Der Jurist ver\u00f6ffentlichte am Mittwoch, dem 2. September, die Erkl\u00e4rung der GRH &#8222;Schluss mit den Provokationen und Sanktionen gegen Russland!&#8220;. Deutschland handle mit den Sanktionen sowohl gegen die Interessen der eigenen Bev\u00f6lkerung als auch gegen internationale Verpflichtungen, hei\u00dft es in dem Schreiben. <em data-start=\"1113\" data-end=\"1120\">RT DE<\/em> ver\u00f6ffentlicht\u00a0die Erkl\u00e4rung im Wortlaut.<\/p>\n<p data-start=\"1164\" data-end=\"1239\"><em data-start=\"1164\" data-end=\"1181\">Von Hans Bauer,<\/em><br data-start=\"1181\" data-end=\"1184\"> <em data-start=\"1184\" data-end=\"1239\">letzter stellvertretender Generalstaatsanwalt der DDR<\/em><\/p>\n<h4>Erkl\u00e4rung der GRH \u2013 Schluss mit den Provokationen und Sanktionen gegen Russland!<\/h4>\n<p>Am 1. September 1939 begann das faschistische Deutschland unter Vort\u00e4uschung falscher Tatsachen mit dem \u00dcberfall auf den Sender Gleiwitz den Zweiten Weltkrieg. Am 1. September 2026, dem Weltfriedenstag, verh\u00e4ngte das imperialistische Deutschland mit falscher Schuldzuweisung neue feindselige Sanktionen gegen die Russische F\u00f6deration. Ein Zufall? Oder ein beunruhigendes Echo der Geschichte?<\/p>\n<p data-start=\"1720\" data-end=\"2090\">Mit einer &#8222;Gefahr aus dem Osten&#8220;, einer Bedrohungsl\u00fcge, wird das Volk auf einen Krieg gegen Russland vorbereitet. Zur &#8222;Beweisf\u00fchrung&#8220; daf\u00fcr ist jedes Mittel der Provokation recht. Obgleich die russische F\u00fchrung mehrfach glaubhaft versicherte \u2013 und die Fakten dies st\u00fctzen \u2013, dass keine Angriffsabsichten gegen\u00fcber NATO-Staaten bestehen. Auch nicht gegen\u00fcber Deutschland.<\/p>\n<p>Die Schlie\u00dfung des Russischen Hauses, des Bonner Generalkonsulats und weitere &#8222;Strafma\u00dfnahmen&#8220; betreffen nicht nur Russland. Sie betreffen uns alle. Sie zerst\u00f6ren die letzten verbliebenen Br\u00fccken zwischen unseren L\u00e4ndern \u2013 Kultur, Wissenschaft, Bildung und menschliche Begegnung.<\/p>\n<blockquote data-start=\"2373\" data-end=\"2579\">\n<p data-start=\"2375\" data-end=\"2579\"><em data-start=\"2375\" data-end=\"2579\">Mit ihrer Entscheidung handelt Deutschlands Regierung gegen die Interessen der eigenen Bev\u00f6lkerung, gegen ihre historische Verantwortung, ihren Amtseid im Grundgesetz und internationale Verpflichtungen.<\/em><\/p>\n<\/blockquote>\n<p data-start=\"2375\" data-end=\"2579\">Sie verursacht eine weitere Versch\u00e4rfung in den deutsch-russischen Beziehungen und vertieft die Gr\u00e4ben zwischen unseren beiden V\u00f6lkern und Staaten.<\/p>\n<p data-start=\"2727\" data-end=\"2850\">Wir verurteilen diese Ma\u00dfnahmen zutiefst.<br data-start=\"2768\" data-end=\"2771\"> Wir fordern die sofortige Aufhebung aller gegen Russland verh\u00e4ngten Sanktionen.<\/p>\n<p data-start=\"2852\" data-end=\"3034\">In dem Bem\u00fchen um friedliche und gut nachbarschaftliche Beziehungen versichern wir Russland unsere Solidarit\u00e4t. Russland ist nicht unser Feind! Frieden und Freundschaft mit Russland!<\/p>\n<p data-start=\"3036\" data-end=\"3064\">Berlin, am 2. September 2026<\/p>\n<p data-start=\"3066\" data-end=\"3109\" data-is-last-node=\"\" data-is-only-node=\"\">F\u00fcr den Vorstand<br data-start=\"3082\" data-end=\"3085\"> Hans Bauer, Vorsitzender<\/p>\n<\/p>\n<p><strong>Mehr zum Thema<\/strong>\u00a0\u2012 <a href=\"https:\/\/de-rtnews.com\/meinung\/290575-berlins-juengste-russland-panik-ist-selbst-fuer-seine-verhaeltnisse-ruecksichtslos\/\" target=\"_blank\" rel=\"noopener noreferrer\">Berlins j\u00fcngste Russland-Panik: Sie ist selbst f\u00fcr seine Verh\u00e4ltnisse r\u00fccksichtslos<\/a><\/p>\n<div class=\"EmbedBlock-root EmbedBlock-externalVideo EmbedBlock-rumble\">\n<div class=\"VkEmbed\"><iframe class=\"lazyload\" data-src=\"https:\/\/rumble.com\/embed\/v7cv440\" frameborder=\"0\" width=\"853\" height=\"480\" allowfullscreen><\/iframe><\/div>\n<\/p><\/div>\n<p>\u00a0 \u00a0 \u00a0 \u00a0 \u00a0 \u00a0 \u00a0 \u00a0 \u00a0 \u00a0 \u00a0 \u00a0 \u00a0 \u00a0 \u00a0 \u00a0 \u00a0 \u00a0 \u00a0 \u00a0 \u00a0 \u00a0 \u00a0 \u00a0 \u00a0 \u00a0 \u00a0 \u00a0\u00a0<\/p>\n<p>\u00a0 \u00a0 \u00a0 \u00a0 \u00a0 \u00a0 \u00a0 \u00a0 \u00a0 \u00a0 \u00a0 \u00a0 \u00a0 \u00a0 \u00a0 \u00a0 \u00a0 \u00a0 \u00a0 \u00a0 \u00a0 \u00a0 \u00a0 \u00a0 \u00a0 \u00a0 \u00a0 \u00a0 \u00a0\u00a0<\/p>\n<p>\u00a0<\/p>\n<\/div>","protected":false},"excerpt":{"rendered":"<p>Die Gesellschaft zur Rechtlichen und Humanit\u00e4ren Unterst\u00fctzung (GRH) wurde 1993 gegr\u00fcndet. Die Mitglieder engagieren sich nach eigenen Angaben &#8222;gegen politische Strafverfolgung und Kriminalisierung von DDR-B\u00fcrgern, f\u00fcr Rehabilitierung, Gerechtigkeit und historische Wahrheit&#8220;. Vorstandsvorsitzender ist der ehemalige stellvertretende Generalstaatsanwalt der DDR, Hans Bauer. Der Jurist ver\u00f6ffentlichte am Mittwoch, dem 2. September, die Erkl\u00e4rung der GRH &#8222;Schluss mit [&hellip;]<\/p>\n","protected":false},"author":1,"featured_media":4846,"comment_status":"closed","ping_status":"closed","sticky":false,"template":"","format":"standard","meta":{"_gspb_post_css":"","_uag_custom_page_level_css":"","fifu_image_url":"","fifu_image_alt":"","footnotes":""},"categories":[5],"tags":[],"class_list":["post-21018","post","type-post","status-publish","format-standard","has-post-thumbnail","hentry","category-politik"],"blocksy_meta":{"styles_descriptor":{"styles":{"desktop":"","tablet":"","mobile":""},"google_fonts":[],"version":8}},"uagb_featured_image_src":{"full":["https:\/\/mleexelnfod5.i.optimole.com\/w:auto\/h:auto\/q:mauto\/f:best\/https:\/\/i2.wp.com\/meiser-tv.de\/wp-content\/uploads\/2026\/05\/RSS-Hintergrund.jpg?w=1920&fit=1920,1080&ssl=1",1920,1080,true],"thumbnail":["https:\/\/mleexelnfod5.i.optimole.com\/w:auto\/h:auto\/q:mauto\/f:best\/https:\/\/i2.wp.com\/meiser-tv.de\/wp-content\/uploads\/2026\/05\/RSS-Hintergrund.jpg?w=150&resize=150,150&ssl=1",150,150,true],"medium":["https:\/\/mleexelnfod5.i.optimole.com\/w:auto\/h:auto\/q:mauto\/f:best\/https:\/\/i2.wp.com\/meiser-tv.de\/wp-content\/uploads\/2026\/05\/RSS-Hintergrund.jpg?w=300&fit=300,300&ssl=1",300,300,true],"medium_large":["https:\/\/mleexelnfod5.i.optimole.com\/w:auto\/h:auto\/q:mauto\/f:best\/https:\/\/i2.wp.com\/meiser-tv.de\/wp-content\/uploads\/2026\/05\/RSS-Hintergrund.jpg?w=768&resize=768,0&ssl=1",768,0,true],"large":["https:\/\/mleexelnfod5.i.optimole.com\/w:auto\/h:auto\/q:mauto\/f:best\/https:\/\/i2.wp.com\/meiser-tv.de\/wp-content\/uploads\/2026\/05\/RSS-Hintergrund.jpg?w=1024&fit=1024,1024&ssl=1",1024,1024,true],"1536x1536":["https:\/\/mleexelnfod5.i.optimole.com\/w:auto\/h:auto\/q:mauto\/f:best\/https:\/\/i2.wp.com\/meiser-tv.de\/wp-content\/uploads\/2026\/05\/RSS-Hintergrund.jpg?w=1536&fit=1536,1536&ssl=1",1536,1536,true],"2048x2048":["https:\/\/mleexelnfod5.i.optimole.com\/w:auto\/h:auto\/q:mauto\/f:best\/https:\/\/i2.wp.com\/meiser-tv.de\/wp-content\/uploads\/2026\/05\/RSS-Hintergrund.jpg?w=2048&fit=2048,2048&ssl=1",2048,2048,true],"trp-custom-language-flag":["https:\/\/mleexelnfod5.i.optimole.com\/w:auto\/h:auto\/q:mauto\/f:best\/https:\/\/i2.wp.com\/meiser-tv.de\/wp-content\/uploads\/2026\/05\/RSS-Hintergrund.jpg?w=18&fit=18,12&ssl=1",18,12,true]},"uagb_author_info":{"display_name":"admin","author_link":"https:\/\/meiser-tv.de\/en\/author\/admin\/"},"uagb_comment_info":0,"uagb_excerpt":"Die Gesellschaft zur Rechtlichen und Humanit\u00e4ren Unterst\u00fctzung (GRH) wurde 1993 gegr\u00fcndet. Die Mitglieder engagieren sich nach eigenen Angaben &#8222;gegen politische Strafverfolgung und Kriminalisierung von DDR-B\u00fcrgern, f\u00fcr Rehabilitierung, Gerechtigkeit und historische Wahrheit&#8220;. Vorstandsvorsitzender ist der ehemalige stellvertretende Generalstaatsanwalt der DDR, Hans Bauer. Der Jurist ver\u00f6ffentlichte am Mittwoch, dem 2. September, die Erkl\u00e4rung der GRH &#8222;Schluss mit&hellip;","_links":{"self":[{"href":"https:\/\/meiser-tv.de\/en\/wp-json\/wp\/v2\/posts\/21018","targetHints":{"allow":["GET"]}}],"collection":[{"href":"https:\/\/meiser-tv.de\/en\/wp-json\/wp\/v2\/posts"}],"about":[{"href":"https:\/\/meiser-tv.de\/en\/wp-json\/wp\/v2\/types\/post"}],"author":[{"embeddable":true,"href":"https:\/\/meiser-tv.de\/en\/wp-json\/wp\/v2\/users\/1"}],"replies":[{"embeddable":true,"href":"https:\/\/meiser-tv.de\/en\/wp-json\/wp\/v2\/comments?post=21018"}],"version-history":[{"count":0,"href":"https:\/\/meiser-tv.de\/en\/wp-json\/wp\/v2\/posts\/21018\/revisions"}],"wp:featuredmedia":[{"embeddable":true,"href":"https:\/\/meiser-tv.de\/en\/wp-json\/wp\/v2\/media\/4846"}],"wp:attachment":[{"href":"https:\/\/meiser-tv.de\/en\/wp-json\/wp\/v2\/media?parent=21018"}],"wp:term":[{"taxonomy":"category","embeddable":true,"href":"https:\/\/meiser-tv.de\/en\/wp-json\/wp\/v2\/categories?post=21018"},{"taxonomy":"post_tag","embeddable":true,"href":"https:\/\/meiser-tv.de\/en\/wp-json\/wp\/v2\/tags?post=21018"}],"curies":[{"name":"wp","href":"https:\/\/api.w.org\/{rel}","templated":true}]}}