{"id":21026,"date":"2026-09-04T15:02:11","date_gmt":"2026-09-04T13:02:11","guid":{"rendered":"https:\/\/meiser-tv.de\/medienkritik\/chaostage-in-thueringen-bsw-fraktion-zerfaellt-bjoern-hoecke-afd-kuendigt-antrag-zur-aufloesung-des-landtags-an\/"},"modified":"2026-09-04T15:02:11","modified_gmt":"2026-09-04T13:02:11","slug":"chaostage-in-thueringen-bsw-fraktion-zerfaellt-bjoern-hoecke-afd-kuendigt-antrag-zur-aufloesung-des-landtags-an","status":"publish","type":"post","link":"https:\/\/meiser-tv.de\/en\/medienkritik\/chaostage-in-thueringen-bsw-fraktion-zerfaellt-bjoern-hoecke-afd-kuendigt-antrag-zur-aufloesung-des-landtags-an\/","title":{"rendered":"Chaostage in Th\u00fcringen: BSW-Fraktion zerf\u00e4llt \u2013 Bj\u00f6rn H\u00f6cke (AfD) k\u00fcndigt Antrag zur Aufl\u00f6sung des Landtags an"},"content":{"rendered":"<div>\n<p class=\"wp-block-paragraph\">Die Dauer-Regierungskrise in Th\u00fcringen hat ihren vorl\u00e4ufigen H\u00f6hepunkt erreicht: Im Streit um die Ausrichtung des BSW und die Regierungsbeteiligung verlassen zehn weitere Landtagsabgeordnete die Partei \u201eB\u00fcndnis Sahra Wagenknecht\u201c. Die BSW-Fraktion existiert damit nicht mehr. Oppositionsf\u00fchrer Bj\u00f6rn H\u00f6cke (AfD) k\u00fcndigte einen Antrag zur Ausl\u00f6sung des Landesparlaments in Erfurt an.<\/p>\n<p class=\"wp-block-paragraph\">In Th\u00fcringen spitzt sich die monatelange schwere Regierungskrise der sogenannten Brombeer-Koalition aus CDU, SPD und BSW dramatisch zu. Nach ersten Austritten in den vergangenen Tagen haben nun weitere zehn BSW-Landtagsabgeordnete, darunter alle drei BSW-Minister wie die stellvertretende Ministerpr\u00e4sidentin Katja Wolf, ihren Austritt aus der Partei erkl\u00e4rt. Der offene Bruch mit dem Bundes-BSW um Parteigr\u00fcnderin Sahra Wagenknecht ist damit vollzogen. Mitausl\u00f6ser war zuletzt der Streit um die anstehende Wahl in Sachsen-Anhalt, bei der Wagenknecht signalisierte, einen AfD-Ministerpr\u00e4sidenten durch Enthaltung zu erm\u00f6glichen.<\/p>\n<p class=\"wp-block-paragraph\">Trotz ihres Parteiaustritts betonten die ehemaligen BSW-Abgeordneten und Fraktionschefin Sigrid Huppach, dass sie weiterhin zur Koalition unter Plagiats-Ministerpr\u00e4sident Mario Voigt (CDU) stehen und die Landesregierung st\u00fctzen wollen.<\/p>\n<p class=\"wp-block-paragraph\"><strong>Voigt: Wir bleiben an den Fleischt\u00f6pfen<\/strong><\/p>\n<p class=\"wp-block-paragraph\">Plagiats-Ministerpr\u00e4sident Mario Voigt (CDU) erkl\u00e4rte in einer ersten Reaktion, dass seine immer st\u00e4rker wackelnde Koalition, die im Landtag von den Kommunisten gest\u00fctzt wird, weitermachen werde.<\/p>\n<p class=\"wp-block-paragraph\">Die Th\u00fcringer AfD unter Bj\u00f6rn H\u00f6cke spricht von \u201eChaostagen\u201c in Erfurt und hat angek\u00fcndigt, einen Antrag auf Aufl\u00f6sung des Landtags einzubringen. Daf\u00fcr ist allerdings eine laut Beobachtern derzeit als unwahrscheinlich geltende Zweidrittelmehrheit notwendig.<\/p>\n<p><strong>Beitrag:<\/strong> <a target=\"_blank\" rel=\"noopener noreferrer\" href=\"https:\/\/deutschlandkurier.de\/2026\/09\/chaostage-in-thueringen-bsw-fraktion-zerfaellt-bjoern-hoecke-afd-kuendigt-antrag-zur-aufloesung-des-landtags-an\/\">Chaostage in Th\u00fcringen: BSW-Fraktion zerf\u00e4llt \u2013 Bj\u00f6rn H\u00f6cke (AfD) k\u00fcndigt Antrag zur Aufl\u00f6sung des Landtags an<\/a> <br><strong>Quelle:<\/strong> Deutschland-Kurier.<\/p>\n<\/div>","protected":false},"excerpt":{"rendered":"<div>\n<p>Die Dauer-Regierungskrise in Th\u00fcringen hat ihren vorl\u00e4ufigen H\u00f6hepunkt erreicht: Im Streit um die Ausrichtung des BSW und die Regierungsbeteiligung verlassen zehn weitere Landtagsabgeordnete die Partei \u201eB\u00fcndnis Sahra Wagenknecht\u201c. Die BSW-Fraktion existiert damit nicht mehr. Oppositionsf\u00fchrer Bj\u00f6rn H\u00f6cke (AfD) k\u00fcndigte einen Antrag zur Ausl\u00f6sung des Landesparlaments in Erfurt an. In Th\u00fcringen spitzt sich die monatelange schwere [\u2026]<\/p>\n<p>The post <a href=\"https:\/\/deutschlandkurier.de\/2026\/09\/chaostage-in-thueringen-bsw-fraktion-zerfaellt-bjoern-hoecke-afd-kuendigt-antrag-zur-aufloesung-des-landtags-an\/\">Chaostage in Th\u00fcringen: BSW-Fraktion zerf\u00e4llt \u2013 Bj\u00f6rn H\u00f6cke (AfD) k\u00fcndigt Antrag zur Aufl\u00f6sung des Landtags an<\/a> appeared first on <a href=\"https:\/\/deutschlandkurier.de\/\">Deutschland-Kurier<\/a>.<\/p>\n<\/div>\n","protected":false},"author":1,"featured_media":4846,"comment_status":"closed","ping_status":"closed","sticky":false,"template":"","format":"standard","meta":{"_gspb_post_css":"","_uag_custom_page_level_css":"","fifu_image_url":"","fifu_image_alt":"","footnotes":""},"categories":[17],"tags":[],"class_list":["post-21026","post","type-post","status-publish","format-standard","has-post-thumbnail","hentry","category-medienkritik"],"blocksy_meta":{"styles_descriptor":{"styles":{"desktop":"","tablet":"","mobile":""},"google_fonts":[],"version":8}},"uagb_featured_image_src":{"full":["https:\/\/mleexelnfod5.i.optimole.com\/w:auto\/h:auto\/q:mauto\/f:best\/https:\/\/i2.wp.com\/meiser-tv.de\/wp-content\/uploads\/2026\/05\/RSS-Hintergrund.jpg?w=1920&fit=1920,1080&ssl=1",1920,1080,true],"thumbnail":["https:\/\/mleexelnfod5.i.optimole.com\/w:auto\/h:auto\/q:mauto\/f:best\/https:\/\/i2.wp.com\/meiser-tv.de\/wp-content\/uploads\/2026\/05\/RSS-Hintergrund.jpg?w=150&resize=150,150&ssl=1",150,150,true],"medium":["https:\/\/mleexelnfod5.i.optimole.com\/w:auto\/h:auto\/q:mauto\/f:best\/https:\/\/i2.wp.com\/meiser-tv.de\/wp-content\/uploads\/2026\/05\/RSS-Hintergrund.jpg?w=300&fit=300,300&ssl=1",300,300,true],"medium_large":["https:\/\/mleexelnfod5.i.optimole.com\/w:auto\/h:auto\/q:mauto\/f:best\/https:\/\/i2.wp.com\/meiser-tv.de\/wp-content\/uploads\/2026\/05\/RSS-Hintergrund.jpg?w=768&resize=768,0&ssl=1",768,0,true],"large":["https:\/\/mleexelnfod5.i.optimole.com\/w:auto\/h:auto\/q:mauto\/f:best\/https:\/\/i2.wp.com\/meiser-tv.de\/wp-content\/uploads\/2026\/05\/RSS-Hintergrund.jpg?w=1024&fit=1024,1024&ssl=1",1024,1024,true],"1536x1536":["https:\/\/mleexelnfod5.i.optimole.com\/w:auto\/h:auto\/q:mauto\/f:best\/https:\/\/i2.wp.com\/meiser-tv.de\/wp-content\/uploads\/2026\/05\/RSS-Hintergrund.jpg?w=1536&fit=1536,1536&ssl=1",1536,1536,true],"2048x2048":["https:\/\/mleexelnfod5.i.optimole.com\/w:auto\/h:auto\/q:mauto\/f:best\/https:\/\/i2.wp.com\/meiser-tv.de\/wp-content\/uploads\/2026\/05\/RSS-Hintergrund.jpg?w=2048&fit=2048,2048&ssl=1",2048,2048,true],"trp-custom-language-flag":["https:\/\/mleexelnfod5.i.optimole.com\/w:auto\/h:auto\/q:mauto\/f:best\/https:\/\/i2.wp.com\/meiser-tv.de\/wp-content\/uploads\/2026\/05\/RSS-Hintergrund.jpg?w=18&fit=18,12&ssl=1",18,12,true]},"uagb_author_info":{"display_name":"admin","author_link":"https:\/\/meiser-tv.de\/en\/author\/admin\/"},"uagb_comment_info":0,"uagb_excerpt":"Die Dauer-Regierungskrise in Th\u00fcringen hat ihren vorl\u00e4ufigen H\u00f6hepunkt erreicht: Im Streit um die Ausrichtung des BSW und die Regierungsbeteiligung verlassen zehn weitere Landtagsabgeordnete die Partei \u201eB\u00fcndnis Sahra Wagenknecht\u201c. Die BSW-Fraktion existiert damit nicht mehr. Oppositionsf\u00fchrer Bj\u00f6rn H\u00f6cke (AfD) k\u00fcndigte einen Antrag zur Ausl\u00f6sung des Landesparlaments in Erfurt an. In Th\u00fcringen spitzt sich die monatelange schwere&hellip;","_links":{"self":[{"href":"https:\/\/meiser-tv.de\/en\/wp-json\/wp\/v2\/posts\/21026","targetHints":{"allow":["GET"]}}],"collection":[{"href":"https:\/\/meiser-tv.de\/en\/wp-json\/wp\/v2\/posts"}],"about":[{"href":"https:\/\/meiser-tv.de\/en\/wp-json\/wp\/v2\/types\/post"}],"author":[{"embeddable":true,"href":"https:\/\/meiser-tv.de\/en\/wp-json\/wp\/v2\/users\/1"}],"replies":[{"embeddable":true,"href":"https:\/\/meiser-tv.de\/en\/wp-json\/wp\/v2\/comments?post=21026"}],"version-history":[{"count":0,"href":"https:\/\/meiser-tv.de\/en\/wp-json\/wp\/v2\/posts\/21026\/revisions"}],"wp:featuredmedia":[{"embeddable":true,"href":"https:\/\/meiser-tv.de\/en\/wp-json\/wp\/v2\/media\/4846"}],"wp:attachment":[{"href":"https:\/\/meiser-tv.de\/en\/wp-json\/wp\/v2\/media?parent=21026"}],"wp:term":[{"taxonomy":"category","embeddable":true,"href":"https:\/\/meiser-tv.de\/en\/wp-json\/wp\/v2\/categories?post=21026"},{"taxonomy":"post_tag","embeddable":true,"href":"https:\/\/meiser-tv.de\/en\/wp-json\/wp\/v2\/tags?post=21026"}],"curies":[{"name":"wp","href":"https:\/\/api.w.org\/{rel}","templated":true}]}}