{"id":21048,"date":"2026-09-04T17:02:20","date_gmt":"2026-09-04T15:02:20","guid":{"rendered":"https:\/\/meiser-tv.de\/news\/volkswagen-arbeitsministerin-baerbel-bas-fordert-erhalt-bedrohter-vw-werke-a-67051da0-4dfc-4f67-a8d6-ad08cd7122f1\/"},"modified":"2026-09-04T17:02:20","modified_gmt":"2026-09-04T15:02:20","slug":"volkswagen-arbeitsministerin-baerbel-bas-fordert-erhalt-bedrohter-vw-werke-a-67051da0-4dfc-4f67-a8d6-ad08cd7122f1","status":"publish","type":"post","link":"https:\/\/meiser-tv.de\/en\/news\/volkswagen-arbeitsministerin-baerbel-bas-fordert-erhalt-bedrohter-vw-werke-a-67051da0-4dfc-4f67-a8d6-ad08cd7122f1\/","title":{"rendered":"Volkswagen: Arbeitsministerin B\u00e4rbel Bas fordert Erhalt bedrohter VW-Werke"},"content":{"rendered":"<div>Nach der Einigung auf das Sparprogramm bei Volkswagen setzt sich Arbeitsministerin B\u00e4rbel Bas f\u00fcr den Erhalt der bedrohten Standorte ein. Laut Niedersachsens Ministerpr\u00e4sident Olaf Lies sind rund 25.000 Arbeitspl\u00e4tze in Deutschland von den Stellenstreichungen betroffen.<\/div>","protected":false},"excerpt":{"rendered":"<div>Nach der Einigung auf das Sparprogramm bei Volkswagen setzt sich Arbeitsministerin B\u00e4rbel Bas f\u00fcr den Erhalt der bedrohten Standorte ein. Laut Niedersachsens Ministerpr\u00e4sident Olaf Lies sind rund 25.000 Arbeitspl\u00e4tze in Deutschland von den Stellenstreichungen betroffen.<\/div>","protected":false},"author":1,"featured_media":4846,"comment_status":"closed","ping_status":"closed","sticky":false,"template":"","format":"standard","meta":{"_gspb_post_css":"","_uag_custom_page_level_css":"","fifu_image_url":"","fifu_image_alt":"","footnotes":""},"categories":[18],"tags":[],"class_list":["post-21048","post","type-post","status-publish","format-standard","has-post-thumbnail","hentry","category-news"],"blocksy_meta":{"styles_descriptor":{"styles":{"desktop":"","tablet":"","mobile":""},"google_fonts":[],"version":8}},"uagb_featured_image_src":{"full":["https:\/\/mleexelnfod5.i.optimole.com\/w:auto\/h:auto\/q:mauto\/f:best\/https:\/\/i2.wp.com\/meiser-tv.de\/wp-content\/uploads\/2026\/05\/RSS-Hintergrund.jpg?w=1920&fit=1920,1080&ssl=1",1920,1080,true],"thumbnail":["https:\/\/mleexelnfod5.i.optimole.com\/w:auto\/h:auto\/q:mauto\/f:best\/https:\/\/i2.wp.com\/meiser-tv.de\/wp-content\/uploads\/2026\/05\/RSS-Hintergrund.jpg?w=150&resize=150,150&ssl=1",150,150,true],"medium":["https:\/\/mleexelnfod5.i.optimole.com\/w:auto\/h:auto\/q:mauto\/f:best\/https:\/\/i2.wp.com\/meiser-tv.de\/wp-content\/uploads\/2026\/05\/RSS-Hintergrund.jpg?w=300&fit=300,300&ssl=1",300,300,true],"medium_large":["https:\/\/mleexelnfod5.i.optimole.com\/w:auto\/h:auto\/q:mauto\/f:best\/https:\/\/i2.wp.com\/meiser-tv.de\/wp-content\/uploads\/2026\/05\/RSS-Hintergrund.jpg?w=768&resize=768,0&ssl=1",768,0,true],"large":["https:\/\/mleexelnfod5.i.optimole.com\/w:auto\/h:auto\/q:mauto\/f:best\/https:\/\/i2.wp.com\/meiser-tv.de\/wp-content\/uploads\/2026\/05\/RSS-Hintergrund.jpg?w=1024&fit=1024,1024&ssl=1",1024,1024,true],"1536x1536":["https:\/\/mleexelnfod5.i.optimole.com\/w:auto\/h:auto\/q:mauto\/f:best\/https:\/\/i2.wp.com\/meiser-tv.de\/wp-content\/uploads\/2026\/05\/RSS-Hintergrund.jpg?w=1536&fit=1536,1536&ssl=1",1536,1536,true],"2048x2048":["https:\/\/mleexelnfod5.i.optimole.com\/w:auto\/h:auto\/q:mauto\/f:best\/https:\/\/i2.wp.com\/meiser-tv.de\/wp-content\/uploads\/2026\/05\/RSS-Hintergrund.jpg?w=2048&fit=2048,2048&ssl=1",2048,2048,true],"trp-custom-language-flag":["https:\/\/mleexelnfod5.i.optimole.com\/w:auto\/h:auto\/q:mauto\/f:best\/https:\/\/i2.wp.com\/meiser-tv.de\/wp-content\/uploads\/2026\/05\/RSS-Hintergrund.jpg?w=18&fit=18,12&ssl=1",18,12,true]},"uagb_author_info":{"display_name":"admin","author_link":"https:\/\/meiser-tv.de\/en\/author\/admin\/"},"uagb_comment_info":0,"uagb_excerpt":"Nach der Einigung auf das Sparprogramm bei Volkswagen setzt sich Arbeitsministerin B\u00e4rbel Bas f\u00fcr den Erhalt der bedrohten Standorte ein. Laut Niedersachsens Ministerpr\u00e4sident Olaf Lies sind rund 25.000 Arbeitspl\u00e4tze in Deutschland von den Stellenstreichungen betroffen.","_links":{"self":[{"href":"https:\/\/meiser-tv.de\/en\/wp-json\/wp\/v2\/posts\/21048","targetHints":{"allow":["GET"]}}],"collection":[{"href":"https:\/\/meiser-tv.de\/en\/wp-json\/wp\/v2\/posts"}],"about":[{"href":"https:\/\/meiser-tv.de\/en\/wp-json\/wp\/v2\/types\/post"}],"author":[{"embeddable":true,"href":"https:\/\/meiser-tv.de\/en\/wp-json\/wp\/v2\/users\/1"}],"replies":[{"embeddable":true,"href":"https:\/\/meiser-tv.de\/en\/wp-json\/wp\/v2\/comments?post=21048"}],"version-history":[{"count":0,"href":"https:\/\/meiser-tv.de\/en\/wp-json\/wp\/v2\/posts\/21048\/revisions"}],"wp:featuredmedia":[{"embeddable":true,"href":"https:\/\/meiser-tv.de\/en\/wp-json\/wp\/v2\/media\/4846"}],"wp:attachment":[{"href":"https:\/\/meiser-tv.de\/en\/wp-json\/wp\/v2\/media?parent=21048"}],"wp:term":[{"taxonomy":"category","embeddable":true,"href":"https:\/\/meiser-tv.de\/en\/wp-json\/wp\/v2\/categories?post=21048"},{"taxonomy":"post_tag","embeddable":true,"href":"https:\/\/meiser-tv.de\/en\/wp-json\/wp\/v2\/tags?post=21048"}],"curies":[{"name":"wp","href":"https:\/\/api.w.org\/{rel}","templated":true}]}}