{"id":21050,"date":"2026-09-04T17:03:06","date_gmt":"2026-09-04T15:03:06","guid":{"rendered":"https:\/\/meiser-tv.de\/politik\/als-bettvorleger-gelandet-alternative-gewerkschaft-krisitiert-ig-metall-wegen-vw-sparplaenen\/"},"modified":"2026-09-04T17:03:06","modified_gmt":"2026-09-04T15:03:06","slug":"als-bettvorleger-gelandet-alternative-gewerkschaft-krisitiert-ig-metall-wegen-vw-sparplaenen","status":"publish","type":"post","link":"https:\/\/meiser-tv.de\/en\/politik\/als-bettvorleger-gelandet-alternative-gewerkschaft-krisitiert-ig-metall-wegen-vw-sparplaenen\/","title":{"rendered":"&#8222;Als Bettvorleger gelandet&#8220; \u2013 Alternative Gewerkschaft krisitiert IG Metall wegen VW-Sparpl\u00e4nen"},"content":{"rendered":"<div>\n<p>Am Donnerstagabend hatte sich der Aufsichtsrat des VW-Konzerns\u00a0\u00fcberraschend auf ein Sparpaket geeinigt.\u00a0Wie Medien \u00fcbereinstimmend berichten, umfasst der Beschluss die Streichung von 50.000 Arbeitspl\u00e4tzen in den kommenden Jahren.<\/p>\n<p data-start=\"616\" data-end=\"1053\">&#8222;Als Tiger gestartet, als Bettvorleger gelandet&#8220;, kommentierte das &#8222;Zentrum \u2013 Die alternative Gewerkschaft e.\u00a0V.&#8220;\u00a0(kurz Zentrum) in einer Presseerkl\u00e4rung das Verhalten der IG Metall.\u00a0Das VW-Management habe sich &#8222;in allen wesentlichen Punkten&#8220; durchgesetzt, und die IG\u00a0Metall habe &#8222;zum widerholten Mal&#8220; bewiesen, &#8222;dass sie nicht bereit oder willens ist, dem Arbeitsplatzabbau in Deutschland effektiv zu begegnen&#8220;, hei\u00dft es in der Erkl\u00e4rung.\u00a0<\/p>\n<p data-start=\"616\" data-end=\"1053\">Die Krise der deutschen Automobilindustrie sei\u00a0der &#8222;Fokussierung auf Elektromobilit\u00e4t&#8220;, den &#8222;exorbitant teuren&#8220; Strompreise sowie der &#8222;hohen Steuer- und Abgabenbelastung&#8220; geschuldet, so das Zentrum\u00a0gegen\u00fcber <em>RT\u00a0DE<\/em>.<\/p>\n<p data-start=\"616\" data-end=\"1053\">Auf die Frage, warum die traditionellen Gewerkschaften wie die IG\u00a0Metall es mit ihren Kampfma\u00dfnahmen nicht schaffen, Werksschlie\u00dfungen und Entlassungen zu verhindern, antwortete die alternative Gewerkschaft: &#8222;Ganz klar: Diese Streiks oder Proteste sind alles nur Schein, und VW ist wieder einmal ein Paradebeispiel daf\u00fcr, wie schamlos IG\u00a0Metall und SPD die Interessen der Arbeitnehmer verkaufen. Sowohl IG\u00a0Metall als auch SPD sitzen im Aufsichtsrat bei VW. Sie haben das Ganze auf der politischen B\u00fchne mitgetragen.&#8220;<\/p>\n<p data-start=\"616\" data-end=\"1053\">Infolge dieser Politik glaube der \u00fcberwiegende Teil der Besch\u00e4ftigten nicht mehr daran, seine Interessen mit den Mitteln kollektiver Solidarit\u00e4t wirksam durchsetzen zu k\u00f6nnen, so das\u00a0Zentrum\u00a0gegen\u00fcber <em>RT\u00a0DE<\/em>. Die eigentliche Aufgabe einer Gewerkschaft bestehe nicht darin, &#8222;Besch\u00e4ftigte wieder und wieder davon zu \u00fcberzeugen, was &#8218;politisch richtig oder falsch&#8216; ist, sondern sie so zu organisieren, damit sie ihre eigene kollektive Macht wieder erleben&#8220;, so das Zentrum.<\/p>\n<p data-start=\"616\" data-end=\"1053\">VW hatte bereits im Dezember\u00a02024 den weltweiten Abbau von 50.000 Arbeitspl\u00e4tzen beschlossen, zu dem jetzt weitere 50.000 Arbeitspl\u00e4tze hinzukommen, von denen der gr\u00f6\u00dfte Teil in Deutschland abgebaut werden soll.<\/p>\n<p data-start=\"616\" data-end=\"1053\">Au\u00dferdem steht die Zukunft vierer VW-Werke auf der Kippe: Emden, Zwickau, Hannover und Neckarsulm. Hier k\u00f6nne gestaffelt ab 2031 bis 2034 keine &#8222;wettbewerbsf\u00e4hige Folgebelegung&#8220; gew\u00e4hrleistet werden, teilte VW mit. F\u00fcr diese Werke w\u00fcrden &#8222;parallel und erg\u00e4nzend alternative Verwendungsm\u00f6glichkeiten gepr\u00fcft&#8220;.<\/p>\n<p data-start=\"616\" data-end=\"1053\"><strong>Mehr zum Thema<\/strong>\u00a0\u2013 <a target=\"_blank\" rel=\"noopener noreferrer\" href=\"https:\/\/de-rtnews.com\/inland\/290241-vw-gewerkschaft-will-gegen-kahlschlag\/\">VW: Gewerkschaft will gegen Kahlschlag k\u00e4mpfen<\/a><\/p>\n<div class=\"EmbedBlock-root EmbedBlock-externalVideo EmbedBlock-rumble\">\n<div class=\"VkEmbed\"><iframe class=\"lazyload\" data-src=\"https:\/\/rumble.com\/embed\/v7cin0c\" frameborder=\"0\" width=\"853\" height=\"480\" allowfullscreen><\/iframe><\/div>\n<\/p><\/div>\n<\/p>\n<\/div>","protected":false},"excerpt":{"rendered":"<p>Am Donnerstagabend hatte sich der Aufsichtsrat des VW-Konzerns\u00a0\u00fcberraschend auf ein Sparpaket geeinigt.\u00a0Wie Medien \u00fcbereinstimmend berichten, umfasst der Beschluss die Streichung von 50.000 Arbeitspl\u00e4tzen in den kommenden Jahren. &#8222;Als Tiger gestartet, als Bettvorleger gelandet&#8220;, kommentierte das &#8222;Zentrum \u2013 Die alternative Gewerkschaft e.\u00a0V.&#8220;\u00a0(kurz Zentrum) in einer Presseerkl\u00e4rung das Verhalten der IG Metall.\u00a0Das VW-Management habe sich &#8222;in allen [&hellip;]<\/p>\n","protected":false},"author":1,"featured_media":4846,"comment_status":"closed","ping_status":"closed","sticky":false,"template":"","format":"standard","meta":{"_gspb_post_css":"","_uag_custom_page_level_css":"","fifu_image_url":"","fifu_image_alt":"","footnotes":""},"categories":[5],"tags":[],"class_list":["post-21050","post","type-post","status-publish","format-standard","has-post-thumbnail","hentry","category-politik"],"blocksy_meta":{"styles_descriptor":{"styles":{"desktop":"","tablet":"","mobile":""},"google_fonts":[],"version":8}},"uagb_featured_image_src":{"full":["https:\/\/mleexelnfod5.i.optimole.com\/w:auto\/h:auto\/q:mauto\/f:best\/https:\/\/i2.wp.com\/meiser-tv.de\/wp-content\/uploads\/2026\/05\/RSS-Hintergrund.jpg?w=1920&fit=1920,1080&ssl=1",1920,1080,true],"thumbnail":["https:\/\/mleexelnfod5.i.optimole.com\/w:auto\/h:auto\/q:mauto\/f:best\/https:\/\/i2.wp.com\/meiser-tv.de\/wp-content\/uploads\/2026\/05\/RSS-Hintergrund.jpg?w=150&resize=150,150&ssl=1",150,150,true],"medium":["https:\/\/mleexelnfod5.i.optimole.com\/w:auto\/h:auto\/q:mauto\/f:best\/https:\/\/i2.wp.com\/meiser-tv.de\/wp-content\/uploads\/2026\/05\/RSS-Hintergrund.jpg?w=300&fit=300,300&ssl=1",300,300,true],"medium_large":["https:\/\/mleexelnfod5.i.optimole.com\/w:auto\/h:auto\/q:mauto\/f:best\/https:\/\/i2.wp.com\/meiser-tv.de\/wp-content\/uploads\/2026\/05\/RSS-Hintergrund.jpg?w=768&resize=768,0&ssl=1",768,0,true],"large":["https:\/\/mleexelnfod5.i.optimole.com\/w:auto\/h:auto\/q:mauto\/f:best\/https:\/\/i2.wp.com\/meiser-tv.de\/wp-content\/uploads\/2026\/05\/RSS-Hintergrund.jpg?w=1024&fit=1024,1024&ssl=1",1024,1024,true],"1536x1536":["https:\/\/mleexelnfod5.i.optimole.com\/w:auto\/h:auto\/q:mauto\/f:best\/https:\/\/i2.wp.com\/meiser-tv.de\/wp-content\/uploads\/2026\/05\/RSS-Hintergrund.jpg?w=1536&fit=1536,1536&ssl=1",1536,1536,true],"2048x2048":["https:\/\/mleexelnfod5.i.optimole.com\/w:auto\/h:auto\/q:mauto\/f:best\/https:\/\/i2.wp.com\/meiser-tv.de\/wp-content\/uploads\/2026\/05\/RSS-Hintergrund.jpg?w=2048&fit=2048,2048&ssl=1",2048,2048,true],"trp-custom-language-flag":["https:\/\/mleexelnfod5.i.optimole.com\/w:auto\/h:auto\/q:mauto\/f:best\/https:\/\/i2.wp.com\/meiser-tv.de\/wp-content\/uploads\/2026\/05\/RSS-Hintergrund.jpg?w=18&fit=18,12&ssl=1",18,12,true]},"uagb_author_info":{"display_name":"admin","author_link":"https:\/\/meiser-tv.de\/en\/author\/admin\/"},"uagb_comment_info":0,"uagb_excerpt":"Am Donnerstagabend hatte sich der Aufsichtsrat des VW-Konzerns\u00a0\u00fcberraschend auf ein Sparpaket geeinigt.\u00a0Wie Medien \u00fcbereinstimmend berichten, umfasst der Beschluss die Streichung von 50.000 Arbeitspl\u00e4tzen in den kommenden Jahren. &#8222;Als Tiger gestartet, als Bettvorleger gelandet&#8220;, kommentierte das &#8222;Zentrum \u2013 Die alternative Gewerkschaft e.\u00a0V.&#8220;\u00a0(kurz Zentrum) in einer Presseerkl\u00e4rung das Verhalten der IG Metall.\u00a0Das VW-Management habe sich &#8222;in allen&hellip;","_links":{"self":[{"href":"https:\/\/meiser-tv.de\/en\/wp-json\/wp\/v2\/posts\/21050","targetHints":{"allow":["GET"]}}],"collection":[{"href":"https:\/\/meiser-tv.de\/en\/wp-json\/wp\/v2\/posts"}],"about":[{"href":"https:\/\/meiser-tv.de\/en\/wp-json\/wp\/v2\/types\/post"}],"author":[{"embeddable":true,"href":"https:\/\/meiser-tv.de\/en\/wp-json\/wp\/v2\/users\/1"}],"replies":[{"embeddable":true,"href":"https:\/\/meiser-tv.de\/en\/wp-json\/wp\/v2\/comments?post=21050"}],"version-history":[{"count":0,"href":"https:\/\/meiser-tv.de\/en\/wp-json\/wp\/v2\/posts\/21050\/revisions"}],"wp:featuredmedia":[{"embeddable":true,"href":"https:\/\/meiser-tv.de\/en\/wp-json\/wp\/v2\/media\/4846"}],"wp:attachment":[{"href":"https:\/\/meiser-tv.de\/en\/wp-json\/wp\/v2\/media?parent=21050"}],"wp:term":[{"taxonomy":"category","embeddable":true,"href":"https:\/\/meiser-tv.de\/en\/wp-json\/wp\/v2\/categories?post=21050"},{"taxonomy":"post_tag","embeddable":true,"href":"https:\/\/meiser-tv.de\/en\/wp-json\/wp\/v2\/tags?post=21050"}],"curies":[{"name":"wp","href":"https:\/\/api.w.org\/{rel}","templated":true}]}}