{"id":21078,"date":"2026-09-04T22:03:28","date_gmt":"2026-09-04T20:03:28","guid":{"rendered":"https:\/\/meiser-tv.de\/politik\/anti-tagi-medien-watchdog-mit-biss-heute-blick-putin-luege-hans-ueli-in-der-zeit-mike-mueller-x\/"},"modified":"2026-09-04T22:03:28","modified_gmt":"2026-09-04T20:03:28","slug":"anti-tagi-medien-watchdog-mit-biss-heute-blick-putin-luege-hans-ueli-in-der-zeit-mike-mueller-x","status":"publish","type":"post","link":"https:\/\/meiser-tv.de\/en\/politik\/anti-tagi-medien-watchdog-mit-biss-heute-blick-putin-luege-hans-ueli-in-der-zeit-mike-mueller-x\/","title":{"rendered":"Anti-Tagi: Medien-Watchdog mit Biss \u2013 heute: Blick-Putin-L\u00fcge, Hans-Ueli in der Zeit, Mike M\u00fcller X"},"content":{"rendered":"<div>\n<p><em>Von Hans-Ueli L\u00e4ppli<\/em><\/p>\n<p>\u00dcber Wladimir Putin wird in den Schweizer Medien nahezu t\u00e4glich berichtet \u2013 heute etwa mit der Behauptung, Putin sei f\u00fcr den Ansturm von Migranten in Ceuta verantwortlich. Kaum ein internationales Thema wird in Schweizer Redaktionen derart intensiv und kontrovers behandelt. Selbst im Zusammenhang mit der Schweizer Neutralit\u00e4tsinitiative reicht die Berichterstattung inzwischen so weit, dass sogar die <em>Zeit<\/em>\u00a0\u00fcber <em>RT\u00a0DE<\/em> berichtet\u00a0\u2013 inklusive Hans-Ueli L\u00e4ppli.<\/p>\n<p>Kritische Berichterstattung \u00fcber Russland ist selbstverst\u00e4ndlich legitim. Doch gerade bei einem derart polarisierenden Thema lohnt sich der zweite Blick: Was steht tats\u00e4chlich im Artikel? Welche Quellen werden verwendet? Welche Fakten bleiben unerw\u00e4hnt? Und an welchem Punkt wird aus Berichterstattung bereits Interpretation?<\/p>\n<p>Genau hier setzt\u00a0Anti-Tagi\u00a0an. Die neue Medien-Watchdog-Kolumne von <em>RT DE<\/em> nimmt die Schweizer Berichterstattung \u00fcber Russland unter die Lupe. Wir pr\u00fcfen Schlagzeilen, hinterfragen Narrative, vergleichen Darstellungen und schauen genauer hin, wenn politische Sprachakrobatik oder ideologische Scheuklappen die Fakten zu \u00fcberlagern drohen.<\/p>\n<p>Anti-Tagi\u00a0ist dabei kein &#8222;Gegen-Tagi&#8220;. Wir behaupten nicht automatisch das Gegenteil. Wir pr\u00fcfen, vergleichen und widersprechen dort, wo es etwas zu widersprechen gibt.<\/p>\n<p>Nicht einfach nachplappern. Nachpr\u00fcfen!<\/p>\n<figure class=\"RTImage-root\">\n<div class=\"RTImage-image RTImage-original\"><picture class=\"Picture-root Picture-original\"><!--[if IE 9]><video style=\"display: none;\"><![endif]--><source media=\"(-webkit-min-device-pixel-ratio: 2) and (min-resolution: 120dpi)\" data-srcset=\" \nhttps:\/\/meiser-tv.de\/wp-content\/uploads\/2026\/09\/6a9ab8dcb480cc1fcf2e599f.png 850w,\n                https:\/\/mleexelnfod5.i.optimole.com\/cb:W1qy.d3c\/w:auto\/h:auto\/q:mauto\/f:best\/https:\/\/meiser-tv.de\/wp-content\/uploads\/2026\/09\/6a9ab8dcb480cc1fcf2e599f.png 1960w,            \" srcset=\"data:image\/png;base64,iVBORw0KGgoAAAANSUhEUgAAABAAAAAJCAQAAACRI2S5AAAAEElEQVR42mNkIAAYRxWAAQAG9gAKqv6+AwAAAABJRU5ErkJggg==\"><source data-srcset=\" \nhttps:\/\/meiser-tv.de\/wp-content\/uploads\/2026\/09\/6a9ab8dcb480cc1fcf2e599f.png 460w,\n              https:\/\/mleexelnfod5.i.optimole.com\/cb:W1qy.d3c\/w:auto\/h:auto\/q:mauto\/f:best\/https:\/\/meiser-tv.de\/wp-content\/uploads\/2026\/09\/6a9ab8dcb480cc1fcf2e599f.png 980w,\n            \" srcset=\"data:image\/png;base64,iVBORw0KGgoAAAANSUhEUgAAABAAAAAJCAQAAACRI2S5AAAAEElEQVR42mNkIAAYRxWAAQAG9gAKqv6+AwAAAABJRU5ErkJggg==\"><!--[if IE 9]><\/video><![endif]--><\/picture><!-- noscript pattern --><noscript><\/noscript><\/div><figcaption class=\"RTImage-footer\"><span class=\"RTImage-caption\"><span class=\"RTImage-captionItem\">Blick verbreitet Fake News: Immer Putin! Keine Beweise, aber Putin: Die Ceuta-Story von Blick<\/span><\/span><span class=\"RTImage-source\"><span class=\"RTImage-captionItem\">Printscreen Blick<\/span><\/span><\/figcaption><\/figure>\n<p><strong>Immer Putin? Ceuta zeigt vor allem Europas eigenes Migrationsproblem<\/strong><\/p>\n<p>72&#8217;000 Migranten erreichen in kurzer Zeit Ceuta \u2013 und schon wird im Schweizer Boulevard Putin als Drahtzieher pr\u00e4sentiert. Doch der entscheidende Beweis fehlt: Dass Telegram-Kan\u00e4le m\u00f6glicherweise Desinformation verbreitet haben, bedeutet noch lange nicht, dass der Kreml den Massenansturm verursacht oder organisiert hat.<\/p>\n<p>Zwischen einem Beitrag auf Telegram und der tats\u00e4chlichen Entscheidung Zehntausender Menschen liegen mehrere ungekl\u00e4rte Schritte. Trotzdem wird aus vagen &#8222;Hinweisen&#8220; eine weitreichende Behauptung: Putin wolle Europa gezielt mit Migration spalten.<\/p>\n<p>Dabei liegen die naheliegenden Fragen direkt vor Europas Haust\u00fcr: Warum konnte eine solche Massenbewegung an der spanisch-marokkanischen Grenze \u00fcberhaupt entstehen? Welche Verantwortung tragen Spanien und die EU f\u00fcr den Schutz ihrer Aussengrenzen? Und warum protestieren Zehntausende Spanier gegen die eigene Migrationspolitik?<\/p>\n<p>Es ist immer einfacher, Putin f\u00fcr Europas Probleme verantwortlich zu machen, als sich mit den eigenen politischen Fehlern auseinanderzusetzen. Russland darf f\u00fcr nachgewiesene Desinformation kritisiert werden\u00a0\u2013 aber aus einzelnen Telegram-Beitr\u00e4gen automatisch eine Kreml-Operation zu konstruieren, ist keine Analyse, sondern ein politischer Reflex.<\/p>\n<figure class=\"RTImage-root\">\n<div class=\"RTImage-image RTImage-original\"><picture class=\"Picture-root Picture-original\"><!--[if IE 9]><video style=\"display: none;\"><![endif]--><source media=\"(-webkit-min-device-pixel-ratio: 2) and (min-resolution: 120dpi)\" data-srcset=\" \nhttps:\/\/meiser-tv.de\/wp-content\/uploads\/2026\/09\/6a9aba22b480cc19f30665d2.png 850w,\n                https:\/\/mleexelnfod5.i.optimole.com\/cb:W1qy.d3c\/w:auto\/h:auto\/q:mauto\/f:best\/https:\/\/meiser-tv.de\/wp-content\/uploads\/2026\/09\/6a9aba22b480cc19f30665d2.png 1960w,            \" srcset=\"data:image\/png;base64,iVBORw0KGgoAAAANSUhEUgAAABAAAAAJCAQAAACRI2S5AAAAEElEQVR42mNkIAAYRxWAAQAG9gAKqv6+AwAAAABJRU5ErkJggg==\"><source data-srcset=\" \nhttps:\/\/meiser-tv.de\/wp-content\/uploads\/2026\/09\/6a9aba22b480cc19f30665d2.png 460w,\n              https:\/\/mleexelnfod5.i.optimole.com\/cb:W1qy.d3c\/w:auto\/h:auto\/q:mauto\/f:best\/https:\/\/meiser-tv.de\/wp-content\/uploads\/2026\/09\/6a9aba22b480cc19f30665d2.png 980w,\n            \" srcset=\"data:image\/png;base64,iVBORw0KGgoAAAANSUhEUgAAABAAAAAJCAQAAACRI2S5AAAAEElEQVR42mNkIAAYRxWAAQAG9gAKqv6+AwAAAABJRU5ErkJggg==\"><!--[if IE 9]><\/video><![endif]--><img data-opt-id=791639987  fetchpriority=\"high\" decoding=\"async\" data-sizes=\"auto\" src=\"data:image\/png;base64,iVBORw0KGgoAAAANSUhEUgAAABAAAAAJCAQAAACRI2S5AAAAEElEQVR42mNkIAAYRxWAAQAG9gAKqv6+AwAAAABJRU5ErkJggg==\" class=\"Picture-root Picture-original lazyload\" data-src=\"https:\/\/mleexelnfod5.i.optimole.com\/cb:W1qy.d3c\/w:auto\/h:auto\/q:mauto\/f:best\/https:\/\/meiser-tv.de\/wp-content\/uploads\/2026\/09\/6a9aba22b480cc19f30665d2.png\" alt=\"\"><\/picture><!-- noscript pattern --><noscript><img data-opt-id=1455920212  fetchpriority=\"high\" decoding=\"async\" src=\"https:\/\/mleexelnfod5.i.optimole.com\/cb:W1qy.d3c\/w:auto\/h:auto\/q:mauto\/f:best\/https:\/\/meiser-tv.de\/wp-content\/uploads\/2026\/09\/6a9aba22b480cc19f30665d2.png\" alt=\"\"><\/noscript><\/div><figcaption class=\"RTImage-footer\"><span class=\"RTImage-caption\"><\/span><span class=\"RTImage-source\"><span class=\"RTImage-captionItem\">Printscreen Die Zeit<\/span><\/span><\/figcaption><\/figure>\n<p><strong>Hans-Ueli L\u00e4ppli \u2013 jetzt sogar als\u00a0James Bond<\/strong><\/p>\n<p>Die <em>Zeit<\/em>\u00a0macht L\u00e4ppli zum Beispiel f\u00fcr Russlands angeblichen &#8222;hybriden Krieg&#8220; gegen die Schweiz. Seine Kritik an den Russland-Sanktionen und an der Schweizer Medienwelt wird dabei weniger inhaltlich widerlegt als geopolitisch eingeordnet: Wer SVP- oder AfD-nahe Positionen vertritt oder ver\u00f6ffentlicht, erscheint schnell als Teil einer Kreml-Operation.<\/p>\n<p>Aus einem investigativen Journalisten wird so rhetorisch ein B\u00f6sewicht\u00a0\u2013 nicht weil seine Argumente widerlegt w\u00e4ren, sondern weil sie aus der falschen Richtung kommen. Warum nicht die Argumente bek\u00e4mpfen, statt den Autor zum Teil einer russischen Einflussoperation zu erkl\u00e4ren? Sonst wird jeder unbequeme Kritiker irgendwann zum &#8222;Putin-Agenten&#8220;.<\/p>\n<figure class=\"RTImage-root\">\n<div class=\"RTImage-image RTImage-original\"><picture class=\"Picture-root Picture-original\"><!--[if IE 9]><video style=\"display: none;\"><![endif]--><source media=\"(-webkit-min-device-pixel-ratio: 2) and (min-resolution: 120dpi)\" data-srcset=\" \nhttps:\/\/meiser-tv.de\/wp-content\/uploads\/2026\/09\/6a9abb57b480cc2370721e7b.png 850w,\n                https:\/\/mleexelnfod5.i.optimole.com\/cb:W1qy.d3c\/w:auto\/h:auto\/q:mauto\/f:best\/https:\/\/meiser-tv.de\/wp-content\/uploads\/2026\/09\/6a9abb57b480cc2370721e7b.png 1960w,            \" srcset=\"data:image\/png;base64,iVBORw0KGgoAAAANSUhEUgAAABAAAAAJCAQAAACRI2S5AAAAEElEQVR42mNkIAAYRxWAAQAG9gAKqv6+AwAAAABJRU5ErkJggg==\"><source data-srcset=\" \nhttps:\/\/meiser-tv.de\/wp-content\/uploads\/2026\/09\/6a9abb57b480cc2370721e7b.png 460w,\n              https:\/\/mleexelnfod5.i.optimole.com\/cb:W1qy.d3c\/w:auto\/h:auto\/q:mauto\/f:best\/https:\/\/meiser-tv.de\/wp-content\/uploads\/2026\/09\/6a9abb57b480cc2370721e7b.png 980w,\n            \" srcset=\"data:image\/png;base64,iVBORw0KGgoAAAANSUhEUgAAABAAAAAJCAQAAACRI2S5AAAAEElEQVR42mNkIAAYRxWAAQAG9gAKqv6+AwAAAABJRU5ErkJggg==\"><!--[if IE 9]><\/video><![endif]--><img data-opt-id=791639987  decoding=\"async\" data-sizes=\"auto\" src=\"data:image\/png;base64,iVBORw0KGgoAAAANSUhEUgAAABAAAAAJCAQAAACRI2S5AAAAEElEQVR42mNkIAAYRxWAAQAG9gAKqv6+AwAAAABJRU5ErkJggg==\" class=\"Picture-root Picture-original lazyload\" data-src=\"https:\/\/mleexelnfod5.i.optimole.com\/cb:W1qy.d3c\/w:auto\/h:auto\/q:mauto\/f:best\/https:\/\/meiser-tv.de\/wp-content\/uploads\/2026\/09\/6a9abb57b480cc2370721e7b.png\" alt=\"\"><\/picture><!-- noscript pattern --><noscript><img data-opt-id=530872724  decoding=\"async\" src=\"https:\/\/mleexelnfod5.i.optimole.com\/cb:W1qy.d3c\/w:auto\/h:auto\/q:mauto\/f:best\/https:\/\/meiser-tv.de\/wp-content\/uploads\/2026\/09\/6a9abb57b480cc2370721e7b.png\" alt=\"\"><\/noscript><\/div><figcaption class=\"RTImage-footer\"><span class=\"RTImage-caption\"><\/span><span class=\"RTImage-source\"><span class=\"RTImage-captionItem\">Printscreen X<\/span><\/span><\/figcaption><\/figure>\n<p><strong>Schweizer Komiker wollte Ausl\u00e4nder verteidigen \u2013 der Witz ging nach hinten los<\/strong><\/p>\n<p>Der Schweizer Schauspieler, Kabarettist und Komiker Mike M\u00fcller darf selbstverst\u00e4ndlich auch \u00fcber die dunkelsten Kapitel der Gesellschaft Witze machen\u00a0\u2013 \u00fcber Amokl\u00e4ufe, T\u00e4ter und sogar \u00fcber Tote; die Freiheit des Humors lebt gerade davon, dass sie nicht an der Eingangst\u00fcr der Piet\u00e4t endet.<\/p>\n<p>Doch Freiheit entbindet einen K\u00fcnstler nicht von der Frage, ob eine Pointe zum richtigen Zeitpunkt kommt. In Aarau ist das Opfer noch nicht einmal beerdigt, eine Mutter trauert um ihre Tochter, und eine Familie versucht, mit einer unvorstellbaren Trag\u00f6die weiterzuleben. Ausgerechnet in diesem Moment\u00a0\u00fcber die Herkunft des T\u00e4ters zu scherzen, wirkt weniger mutig als vielmehr erstaunlich unsensibel.<\/p>\n<p>Das Problem ist deshalb nicht, dass M\u00fcller einen Witz gemacht hat\u00a0\u2013 schwarzer Humor darf Grenzen \u00fcberschreiten\u00a0\u2013, sondern dass die Pointe schlicht nicht tr\u00e4gt. Vielleicht ist nicht der schwarze Humor das Problem, sondern einfach schlechter Humor zur falschen Zeit.\u00a0Freiheit bedeutet schliesslich nicht, dass eine Pointe automatisch eine gute Pointe ist.<\/p>\n<p><strong>Mehr zum Thema<\/strong>\u00a0\u2013\u00a0<a target=\"_blank\" rel=\"noopener noreferrer\" href=\"https:\/\/de-rtnews.com\/schweiz\/290222-anti-tagi-putin-derangement-syndrom\/\">Anti-Tagi: Medien-Watchdog mit Biss\u00a0\u2013 heute: NZZ-Russland-L\u00fcgen, Blick-Hysterie, SRF-AfD-Bashing<\/a><\/p>\n<div class=\"EmbedBlock-root EmbedBlock-externalVideo EmbedBlock-rumble\">\n<div class=\"VkEmbed\"><iframe class=\"lazyload\" data-src=\"https:\/\/rumble.com\/embed\/v740oci\" frameborder=\"0\" width=\"853\" height=\"480\" allowfullscreen><\/iframe><\/div>\n<\/p><\/div>\n<\/div>\n","protected":false},"excerpt":{"rendered":"<p>Von Hans-Ueli L\u00e4ppli \u00dcber Wladimir Putin wird in den Schweizer Medien nahezu t\u00e4glich berichtet \u2013 heute etwa mit der Behauptung, Putin sei f\u00fcr den Ansturm von Migranten in Ceuta verantwortlich. Kaum ein internationales Thema wird in Schweizer Redaktionen derart intensiv und kontrovers behandelt. Selbst im Zusammenhang mit der Schweizer Neutralit\u00e4tsinitiative reicht die Berichterstattung inzwischen so [&hellip;]<\/p>\n","protected":false},"author":1,"featured_media":21079,"comment_status":"closed","ping_status":"closed","sticky":false,"template":"","format":"standard","meta":{"_gspb_post_css":"","_uag_custom_page_level_css":"","fifu_image_url":"","fifu_image_alt":"","footnotes":""},"categories":[5],"tags":[],"class_list":["post-21078","post","type-post","status-publish","format-standard","has-post-thumbnail","hentry","category-politik"],"blocksy_meta":{"styles_descriptor":{"styles":{"desktop":"","tablet":"","mobile":""},"google_fonts":[],"version":8}},"uagb_featured_image_src":{"full":["https:\/\/mleexelnfod5.i.optimole.com\/cb:W1qy.d3c\/w:auto\/h:auto\/q:mauto\/f:best\/https:\/\/meiser-tv.de\/wp-content\/uploads\/2026\/09\/6a9ab8dcb480cc1fcf2e599f.png",1090,612,false],"thumbnail":["https:\/\/mleexelnfod5.i.optimole.com\/cb:W1qy.d3c\/w:150\/h:150\/q:mauto\/rt:fill\/g:ce\/f:best\/https:\/\/meiser-tv.de\/wp-content\/uploads\/2026\/09\/6a9ab8dcb480cc1fcf2e599f.png",150,150,true],"medium":["https:\/\/mleexelnfod5.i.optimole.com\/cb:W1qy.d3c\/w:300\/h:168\/q:mauto\/f:best\/https:\/\/meiser-tv.de\/wp-content\/uploads\/2026\/09\/6a9ab8dcb480cc1fcf2e599f.png",300,168,true],"medium_large":["https:\/\/mleexelnfod5.i.optimole.com\/cb:W1qy.d3c\/w:768\/h:431\/q:mauto\/f:best\/https:\/\/meiser-tv.de\/wp-content\/uploads\/2026\/09\/6a9ab8dcb480cc1fcf2e599f.png",768,431,true],"large":["https:\/\/mleexelnfod5.i.optimole.com\/cb:W1qy.d3c\/w:1024\/h:575\/q:mauto\/f:best\/https:\/\/meiser-tv.de\/wp-content\/uploads\/2026\/09\/6a9ab8dcb480cc1fcf2e599f.png",1024,575,true],"1536x1536":["https:\/\/mleexelnfod5.i.optimole.com\/cb:W1qy.d3c\/w:auto\/h:auto\/q:mauto\/f:best\/https:\/\/meiser-tv.de\/wp-content\/uploads\/2026\/09\/6a9ab8dcb480cc1fcf2e599f.png",1090,612,false],"2048x2048":["https:\/\/mleexelnfod5.i.optimole.com\/cb:W1qy.d3c\/w:auto\/h:auto\/q:mauto\/f:best\/https:\/\/meiser-tv.de\/wp-content\/uploads\/2026\/09\/6a9ab8dcb480cc1fcf2e599f.png",1090,612,false],"trp-custom-language-flag":["https:\/\/mleexelnfod5.i.optimole.com\/cb:W1qy.d3c\/w:18\/h:10\/q:mauto\/f:best\/dpr:2\/https:\/\/meiser-tv.de\/wp-content\/uploads\/2026\/09\/6a9ab8dcb480cc1fcf2e599f.png",18,10,true]},"uagb_author_info":{"display_name":"admin","author_link":"https:\/\/meiser-tv.de\/en\/author\/admin\/"},"uagb_comment_info":0,"uagb_excerpt":"Von Hans-Ueli L\u00e4ppli \u00dcber Wladimir Putin wird in den Schweizer Medien nahezu t\u00e4glich berichtet \u2013 heute etwa mit der Behauptung, Putin sei f\u00fcr den Ansturm von Migranten in Ceuta verantwortlich. Kaum ein internationales Thema wird in Schweizer Redaktionen derart intensiv und kontrovers behandelt. Selbst im Zusammenhang mit der Schweizer Neutralit\u00e4tsinitiative reicht die Berichterstattung inzwischen so&hellip;","_links":{"self":[{"href":"https:\/\/meiser-tv.de\/en\/wp-json\/wp\/v2\/posts\/21078","targetHints":{"allow":["GET"]}}],"collection":[{"href":"https:\/\/meiser-tv.de\/en\/wp-json\/wp\/v2\/posts"}],"about":[{"href":"https:\/\/meiser-tv.de\/en\/wp-json\/wp\/v2\/types\/post"}],"author":[{"embeddable":true,"href":"https:\/\/meiser-tv.de\/en\/wp-json\/wp\/v2\/users\/1"}],"replies":[{"embeddable":true,"href":"https:\/\/meiser-tv.de\/en\/wp-json\/wp\/v2\/comments?post=21078"}],"version-history":[{"count":0,"href":"https:\/\/meiser-tv.de\/en\/wp-json\/wp\/v2\/posts\/21078\/revisions"}],"wp:featuredmedia":[{"embeddable":true,"href":"https:\/\/meiser-tv.de\/en\/wp-json\/wp\/v2\/media\/21079"}],"wp:attachment":[{"href":"https:\/\/meiser-tv.de\/en\/wp-json\/wp\/v2\/media?parent=21078"}],"wp:term":[{"taxonomy":"category","embeddable":true,"href":"https:\/\/meiser-tv.de\/en\/wp-json\/wp\/v2\/categories?post=21078"},{"taxonomy":"post_tag","embeddable":true,"href":"https:\/\/meiser-tv.de\/en\/wp-json\/wp\/v2\/tags?post=21078"}],"curies":[{"name":"wp","href":"https:\/\/api.w.org\/{rel}","templated":true}]}}