{"id":21082,"date":"2026-09-04T22:03:34","date_gmt":"2026-09-04T20:03:34","guid":{"rendered":"https:\/\/meiser-tv.de\/politik\/ceuta-migranten-sollen-delfinbaby-zu-tode-gepruegelt-haben-video\/"},"modified":"2026-09-04T22:03:34","modified_gmt":"2026-09-04T20:03:34","slug":"ceuta-migranten-sollen-delfinbaby-zu-tode-gepruegelt-haben-video","status":"publish","type":"post","link":"https:\/\/meiser-tv.de\/en\/politik\/ceuta-migranten-sollen-delfinbaby-zu-tode-gepruegelt-haben-video\/","title":{"rendered":"Ceuta: Migranten sollen Delfinbaby zu Tode gepr\u00fcgelt haben (VIDEO)"},"content":{"rendered":"<div>\n<p>Einer Gruppe von Migranten in der spanischen nordafrikanischen Exklave Ceuta wird vorgeworfen, ein Delfinbaby aus dem Meer gezogen und zu Tode gepr\u00fcgelt zu haben; Ausl\u00f6ser f\u00fcr die Emp\u00f6rung im Internet waren verst\u00f6rende Videoaufnahmen.<\/p>\n<p>Wie die Lokalzeitung <em>El Faro de Ceuta<\/em> berichtete, wurde das Gro\u00dfe-T\u00fcmmler-Kalb am Mittwoch nahe dem Strand El Trampol\u00edn schwimmend gesichtet, bevor mehrere M\u00e4nner es aus dem Wasser zogen. Einer von ihnen soll das Tier mit einem Stock auf den Kopf geschlagen und es dabei t\u00f6dlich verletzt haben.<\/p>\n<p>Berichten zufolge stellte ein Strandmitarbeiter die Gruppe zur Rede, forderte sie auf, den Delfin nicht zu ber\u00fchren, und wies sie an, den Wildtiernotdienst zu verst\u00e4ndigen. Daraufhin versuchten sie, das Tier ins Meer zur\u00fcckzubringen, doch es schien bereits tot zu sein.<\/p>\n<p>Der in Ceuta ans\u00e4ssige Blogger Juan Ruiz filmte, wie Mitglieder der Gruppe den Delfin wie eine Troph\u00e4e in die H\u00f6he hielten, als er sich ihnen n\u00e4herte. &#8222;Ihr k\u00f6nnt das nicht mitnehmen, das ist ein Delfin, so etwas isst man nicht!&#8220;, rief er, bevor er wissen wollte, wer das Tier get\u00f6tet hatte.<\/p>\n<p>Als Personen aus der Gruppe offenbar behaupteten, das Tier sei bereits im Wasser tot gewesen, entgegnete Ruiz sarkastisch: &#8222;Ja, klar, es ist von selbst im Wasser gestorben.&#8220;<\/p>\n<div class=\"EmbedBlock-root EmbedBlock-video\">\n<div class=\"VideoEmbed\">\n<p>        <script src=\"https:\/\/de.russiatoday.com\/static\/libs\/jwplayer\/jwplayer-7.8.4\/jwplayer.js\"><\/script><\/p>\n<div class=\"mediaplayer\" id=\"mediaplayer-js-mediaplayer-6a9b0685b480cc6174118540-block\">\n<div id=\"js-mediaplayer-6a9b0685b480cc6174118540\"><\/div>\n<p>                    <script src=\"https:\/\/de.russiatoday.com\/static\/js\/streamsense.4.1411.18.min.js\" type=\"text\/javascript\"><\/script><br \/>\n            <script type=\"text\/javascript\">\n                var myStreamingTag = new ns_.StreamingTag( { customerC2: '17935924', C3: 'deutsch' } );\n                                                                var metadata = {\n                    ns_st_ci: \"6a9b0685b480cc6174118540\", \/\/ \u0438\u0434\u0435\u043d\u0442\u0438\u0444\u0438\u043a\u0430\u0442\u043e\u0440 \u043a\u043e\u043d\u0442\u0435\u043d\u0442\u0430 (\u0432\u0438\u0434\u0435\u043e)\n                    c3: \"deutsch\",\n                    c4: \"*null\",\n                    c6: \"*null\"\n                };\n            <\/script>\n            <\/div>\n<p>    <script data-player-settings=\"https:\/\/de.russiatoday.com\/static\/js\/streamsense.4.1411.18.min.js\">\n        jwplayer.key=\"kESrsgULvYO7r2MfUelqj3vs+2i8JdQBqjGNmA==\";<\/p>\n<p>        jwplayer(\"js-mediaplayer-6a9b0685b480cc6174118540\").setup({\n            advertising: {\n                client: \"googima\",\n            },\n            file: \"https:\/\/mf.b37mrtl.ru\/deutsch\/video\/2026.09\/6a9b0685b480cc6174118540.mp4\",\n                                    image: \"https:\/\/mf.b37mrtl.ru\/deutsch\/images\/2026.09\/article\/6a9b067ab480cc62fe05b7dd.png\",\n            \/\/ stretching: 'fill',\n                        \/\/ title: \"Delfin\",\n            aspectratio: \"16:9\",\n            skin: {\n                name: \"five\",\n                active: \"#77bd1e\",\n                background: \"rgba(0, 0, 0, 0.5)\",\n                inactive: \"#FFFFFF\"\n            },\n            width: \"100%\",\n            autostart: false,\n            mute: false,\n            startparam: \"start\",\n            ga: {},\n                        sharing: {\n                code: encodeURI('<\/p>\n<div style=\"position: relative;padding-bottom: 56.25%; padding-top: 25px; height: 0;\"><iframe style=\"position: absolute;top: 0;left: 0;width: 100%;height: 100%;\" src=\"' +\n                    location.protocol + '\/\/' + location.host + '\/europa\/290730-ceuta-migranten-sollen-delfinbaby-zu-tode-gepruegelt-haben\/\/video\/6a9b0685b480cc6174118540\" frameborder=\"0\" allowfullscreen><\/script><\/div>\n<p>&#8218;),<br \/>\n                link: &#8222;\/europa\/290730-ceuta-migranten-sollen-delfinbaby-zu-tode-gepruegelt-haben\/&#8220;<br \/>\n            },<br \/>\n                        events: {<br \/>\n                onPlay: function(){<br \/>\n                    myStreamingTag.playVideoContentPart(metadata);<br \/>\n                    var playingVideoId = &#8218;js-mediaplayer-6a9b0685b480cc6174118540&#8216;; \/\/ id \u0442\u0435\u043a\u0443\u0449\u0435\u0433\u043e \u043f\u043b\u0435\u0435\u0440\u0430<br \/>\n                    playersTmplBehavior.pauseMedia(playingVideoId); \/\/\u0437\u0430\u043f\u0443\u0441\u043a\u0430\u0435\u043c \u0444\u0443\u043d\u043a\u0446\u0438\u044e \u043e\u0441\u0442\u0430\u043d\u043e\u0432\u043a\u0438 \u0432\u0441\u0435\u0445 \u0438\u0433\u0440\u0430\u044e\u0449\u0438\u0445 \u043f\u043b\u0435\u0435\u0440\u043e\u0432 \u043a\u0440\u043e\u043c\u0435 \u044d\u0442\u043e\u0433\u043e \u041a\u043e\u043b<\/p>\n<p>                                    },<br \/>\n                onPause: function(){<br \/>\n                    myStreamingTag.stop();<br \/>\n                },<br \/>\n                onComplete: function(){<br \/>\n                    myStreamingTag.stop();<\/p>\n<p>                                    },<br \/>\n            }<br \/>\n        });<\/p>\n<p>        var playersTmplBehavior = {};<\/p>\n<p>        \/\/\u0424\u0443\u043d\u043a\u0446\u0438\u044f \u043f\u0440\u043e\u0431\u0435\u0433\u0430\u0435\u0442 \u043f\u043e \u0432\u0441\u0435\u043c \u043f\u043b\u0435\u0435\u0440\u0430\u043c jwplayer, \u043a\u0440\u043e\u043c\u0435 \u043f\u0435\u0440\u0435\u0434\u0430\u043d\u043d\u043e\u0433\u043e, \u0438 \u0441\u0442\u0430\u0432\u0438\u0442 \u0438\u0445 \u043d\u0430 \u043f\u0430\u0443\u0437\u0443<br \/>\n        playersTmplBehavior.pauseMedia = function(playingMediaId) {<br \/>\n            var players = document.querySelectorAll(&#8218;.jwplayer, object&#8216;);<\/p>\n<p>            for (var i = 0, max = players.length; i &lt; max; i++) {<br \/>\n                var currentMediaId = players[i].id;<br \/>\n                if( jwplayer(players[i]).getState() == &#8222;PLAYING&#8220; || jwplayer(players[i]).getState() == &#8222;BUFFERING&#8220; ) {<br \/>\n                    if(currentMediaId != playingMediaId){<br \/>\n                        jwplayer(players[i]).play(false);<br \/>\n                    }<br \/>\n                }<br \/>\n            }<br \/>\n        };<\/p><\/div>\n<\/p><\/div>\n","protected":false},"excerpt":{"rendered":"<p>Einer Gruppe von Migranten in der spanischen nordafrikanischen Exklave Ceuta wird vorgeworfen, ein Delfinbaby aus dem Meer gezogen und zu Tode gepr\u00fcgelt zu haben; Ausl\u00f6ser f\u00fcr die Emp\u00f6rung im Internet waren verst\u00f6rende Videoaufnahmen. Wie die Lokalzeitung El Faro de Ceuta berichtete, wurde das Gro\u00dfe-T\u00fcmmler-Kalb am Mittwoch nahe dem Strand El Trampol\u00edn schwimmend gesichtet, bevor mehrere [&hellip;]<\/p>\n","protected":false},"author":1,"featured_media":4846,"comment_status":"closed","ping_status":"closed","sticky":false,"template":"","format":"standard","meta":{"_gspb_post_css":"","_uag_custom_page_level_css":"","fifu_image_url":"","fifu_image_alt":"","footnotes":""},"categories":[5],"tags":[],"class_list":["post-21082","post","type-post","status-publish","format-standard","has-post-thumbnail","hentry","category-politik"],"blocksy_meta":{"styles_descriptor":{"styles":{"desktop":"","tablet":"","mobile":""},"google_fonts":[],"version":8}},"uagb_featured_image_src":{"full":["https:\/\/mleexelnfod5.i.optimole.com\/w:auto\/h:auto\/q:mauto\/f:best\/https:\/\/i2.wp.com\/meiser-tv.de\/wp-content\/uploads\/2026\/05\/RSS-Hintergrund.jpg?w=1920&fit=1920,1080&ssl=1",1920,1080,true],"thumbnail":["https:\/\/mleexelnfod5.i.optimole.com\/w:auto\/h:auto\/q:mauto\/f:best\/https:\/\/i2.wp.com\/meiser-tv.de\/wp-content\/uploads\/2026\/05\/RSS-Hintergrund.jpg?w=150&resize=150,150&ssl=1",150,150,true],"medium":["https:\/\/mleexelnfod5.i.optimole.com\/w:auto\/h:auto\/q:mauto\/f:best\/https:\/\/i2.wp.com\/meiser-tv.de\/wp-content\/uploads\/2026\/05\/RSS-Hintergrund.jpg?w=300&fit=300,300&ssl=1",300,300,true],"medium_large":["https:\/\/mleexelnfod5.i.optimole.com\/w:auto\/h:auto\/q:mauto\/f:best\/https:\/\/i2.wp.com\/meiser-tv.de\/wp-content\/uploads\/2026\/05\/RSS-Hintergrund.jpg?w=768&resize=768,0&ssl=1",768,0,true],"large":["https:\/\/mleexelnfod5.i.optimole.com\/w:auto\/h:auto\/q:mauto\/f:best\/https:\/\/i2.wp.com\/meiser-tv.de\/wp-content\/uploads\/2026\/05\/RSS-Hintergrund.jpg?w=1024&fit=1024,1024&ssl=1",1024,1024,true],"1536x1536":["https:\/\/mleexelnfod5.i.optimole.com\/w:auto\/h:auto\/q:mauto\/f:best\/https:\/\/i2.wp.com\/meiser-tv.de\/wp-content\/uploads\/2026\/05\/RSS-Hintergrund.jpg?w=1536&fit=1536,1536&ssl=1",1536,1536,true],"2048x2048":["https:\/\/mleexelnfod5.i.optimole.com\/w:auto\/h:auto\/q:mauto\/f:best\/https:\/\/i2.wp.com\/meiser-tv.de\/wp-content\/uploads\/2026\/05\/RSS-Hintergrund.jpg?w=2048&fit=2048,2048&ssl=1",2048,2048,true],"trp-custom-language-flag":["https:\/\/mleexelnfod5.i.optimole.com\/w:auto\/h:auto\/q:mauto\/f:best\/https:\/\/i2.wp.com\/meiser-tv.de\/wp-content\/uploads\/2026\/05\/RSS-Hintergrund.jpg?w=18&fit=18,12&ssl=1",18,12,true]},"uagb_author_info":{"display_name":"admin","author_link":"https:\/\/meiser-tv.de\/en\/author\/admin\/"},"uagb_comment_info":0,"uagb_excerpt":"Einer Gruppe von Migranten in der spanischen nordafrikanischen Exklave Ceuta wird vorgeworfen, ein Delfinbaby aus dem Meer gezogen und zu Tode gepr\u00fcgelt zu haben; Ausl\u00f6ser f\u00fcr die Emp\u00f6rung im Internet waren verst\u00f6rende Videoaufnahmen. Wie die Lokalzeitung El Faro de Ceuta berichtete, wurde das Gro\u00dfe-T\u00fcmmler-Kalb am Mittwoch nahe dem Strand El Trampol\u00edn schwimmend gesichtet, bevor mehrere&hellip;","_links":{"self":[{"href":"https:\/\/meiser-tv.de\/en\/wp-json\/wp\/v2\/posts\/21082","targetHints":{"allow":["GET"]}}],"collection":[{"href":"https:\/\/meiser-tv.de\/en\/wp-json\/wp\/v2\/posts"}],"about":[{"href":"https:\/\/meiser-tv.de\/en\/wp-json\/wp\/v2\/types\/post"}],"author":[{"embeddable":true,"href":"https:\/\/meiser-tv.de\/en\/wp-json\/wp\/v2\/users\/1"}],"replies":[{"embeddable":true,"href":"https:\/\/meiser-tv.de\/en\/wp-json\/wp\/v2\/comments?post=21082"}],"version-history":[{"count":0,"href":"https:\/\/meiser-tv.de\/en\/wp-json\/wp\/v2\/posts\/21082\/revisions"}],"wp:featuredmedia":[{"embeddable":true,"href":"https:\/\/meiser-tv.de\/en\/wp-json\/wp\/v2\/media\/4846"}],"wp:attachment":[{"href":"https:\/\/meiser-tv.de\/en\/wp-json\/wp\/v2\/media?parent=21082"}],"wp:term":[{"taxonomy":"category","embeddable":true,"href":"https:\/\/meiser-tv.de\/en\/wp-json\/wp\/v2\/categories?post=21082"},{"taxonomy":"post_tag","embeddable":true,"href":"https:\/\/meiser-tv.de\/en\/wp-json\/wp\/v2\/tags?post=21082"}],"curies":[{"name":"wp","href":"https:\/\/api.w.org\/{rel}","templated":true}]}}