{"id":21084,"date":"2026-09-04T22:03:34","date_gmt":"2026-09-04T20:03:34","guid":{"rendered":"https:\/\/meiser-tv.de\/politik\/bedrohungen-nach-stade-mord-niedersaechsischer-migrationsbeauftragter-tritt-zurueck\/"},"modified":"2026-09-04T22:03:34","modified_gmt":"2026-09-04T20:03:34","slug":"bedrohungen-nach-stade-mord-niedersaechsischer-migrationsbeauftragter-tritt-zurueck","status":"publish","type":"post","link":"https:\/\/meiser-tv.de\/en\/politik\/bedrohungen-nach-stade-mord-niedersaechsischer-migrationsbeauftragter-tritt-zurueck\/","title":{"rendered":"Bedrohungen nach Stade-Mord: Nieders\u00e4chsischer Migrationsbeauftragter tritt zur\u00fcck"},"content":{"rendered":"<div>\n<p>Der Sozialdemokrat Deniz Kurku zieht sich vom Amt des Nieders\u00e4chsischen Landesbeauftragten f\u00fcr Migration und Teilhabe zur\u00fcck. Den Amtsverzicht des 44\u2011j\u00e4hrigen Delmenhorsters gab heute die Nieders\u00e4chsische Staatskanzlei auf ihrer Homepage bekannt. Kurku hatte die Position des Nieders\u00e4chsischen Migrationsbeauftragten seit November 2022 bekleidet.<\/p>\n<p>Als Begr\u00fcndung f\u00fcr diesen Schritt nannte Kurku &#8222;massive Anfeindungen und Drohungen\u201c gegen seine Person, die ihm eine angemessene Amtsaus\u00fcbung unm\u00f6glich gemacht h\u00e4tten. Der SPD-Landtagsabgeordnete beklagte auch die Verbreitung von Falschbehauptungen \u00fcber ihn in den sozialen Medien und Teilen der \u00f6ffentlichen Berichterstattung.<\/p>\n<p>Der nieders\u00e4chsische Ministerpr\u00e4sident Olaf Lies stellte sich hinter seinen Parteikollegen und bedankte sich bei Kurku f\u00fcr die langj\u00e4hrige engagierte Betreuung von Migranten, Heimatvertriebenen und Sp\u00e4taussiedlern. Es verdiene Anerkennung, dass Kurku sein Ehrenamt jetzt aufgebe, um das Amt vor Schaden zu bewahren.<\/p>\n<p>Zugleich \u00fcbte Lies Kritik am Umgang mit Kurku: &#8222;Die herabw\u00fcrdigenden Kommentare, die Verbreitung von Verschw\u00f6rungsspekulationen, die Anfeindungen bis zu Morddrohungen gegen Deniz Kurku&#8220; seien &#8222;v\u00f6llig inakzeptabel&#8220;. Der Ministerpr\u00e4sident verurteilte ein solches Verhalten in aller Sch\u00e4rfe: &#8222;Wenn Hass und Hetze dazu f\u00fchren, dass engagierte Menschen ihr Ehrenamt niederlegen, ist eine Grenze \u00fcberschritten.&#8220; Zur St\u00e4rkung der Demokratie geh\u00f6re es, Menschen im Ehrenamt zu unterst\u00fctzen, anstatt sie pers\u00f6nlich anzugreifen.<\/p>\n<p>Deniz Kurku war nach dem Sechsfachmord von Stade ins Blickfeld einer weiteren \u00d6ffentlichkeit ger\u00fcckt. Am 29. Juni 2026 hatte dort ein t\u00fcrkischer Vater, dem wegen Gewaltverdachts das Sorgerecht f\u00fcr seine Tochter entzogen worden war, in einer Mutter-Kind-Einrichtung ein Blutbad angerichtet. Sechs Mitarbeiter von Jugendhilfe und Jugendamt kamen dabei durch Sch\u00fcsse ums Leben. Der des Mordes verd\u00e4chtigte Fatih G. konnte wenig sp\u00e4ter festgenommen werden. Er starb am 21. Juli in Untersuchungshaft. Die Beh\u00f6rden gehen von Suizid aus.<\/p>\n<p>Den Fluchtwagen des mutma\u00dflichen T\u00e4ters soll am Tattag Sylvia S., Kurkus Schwiegermutter, gefahren haben. Sie ist zugleich die Patentante des Kindes, um das sich der Sorgerechtsstreit drehte, und soll sich in dem Rechtsstreit zugunsten des Vaters eingesetzt haben. Auch war in der Presse davon die Rede, dass die mutma\u00dfliche Fluchtwagenfahrerin bei einem Integrationsverein in Bremen t\u00e4tig sei. Gegen Sylvia S. ermitteln die Beh\u00f6rden, sie befindet sich derzeit auf freiem Fu\u00df. Umstritten ist, ob Fatih G. die Patentante seines Kindes mit der Schusswaffe bedroht und dadurch zur Fluchtbeihilfe gezwungen hat.<\/p>\n<p>In den Medien war in den darauffolgenden Wochen dar\u00fcber spekuliert worden, ob auch Kurku zum Bekanntenkreis des mutma\u00dflichen T\u00e4ters gez\u00e4hlt habe und in dem Sorgerechtsstreit involviert gewesen sein k\u00f6nnte. Entsprechende Berichte wies Kurku jedoch stets zur\u00fcck. \u00dcber seinen Anwalt erkl\u00e4rte er, er habe weder zum mutma\u00dflichen T\u00e4ter noch zur Mutter des Kindes jemals Kontakt gehabt.<\/p>\n<p>Erneut ins Blickfeld der Presse geriet Kurku, als gestern im Nieders\u00e4chsischen Landtag der Innenausschuss zum Mordfall Stade tagte. Der SPD-Abgeordnete hat einen Sitz im Innenausschuss, blieb aber am Donnerstag der Sitzung auf eigenen Wunsch fern, wie die Nieders\u00e4chsische Staatskanzlei gegen\u00fcber dem Onlinemagazin\u00a0<em>NIUS<\/em>\u00a0erkl\u00e4rte. Die AfD-Fraktion hatte zuvor Kurkus Befragung in seiner Funktion als Migrationsbeauftragter in dem Gremium beantragt.<\/p>\n<p>Im Vorfeld der Sitzung war es auch zur \u00f6ffentlichen Infragestellung von Kurkus Position vonseiten der AfD-Landtagsfraktion gekommen. So\u00a0<a target=\"_blank\" rel=\"noopener noreferrer\" href=\"https:\/\/x.com\/AfDFraktionNDS\/status\/2094810682944352372\">schrieb<\/a>\u00a0deren innenpolitischer Sprecher Stephan Bothe auf\u00a0<em>X<\/em>: &#8222;Inwieweit sich der Landtagsabgeordnete und Migrationsbeauftragte der Landesregierung Deniz Kurku strafbar gemacht hat, muss nun ohne &#8218;SPD-Politiker-Bonus&#8216; \u00fcberpr\u00fcft werden.&#8220;<\/p>\n<p>Daran schloss Bothe eine R\u00fccktrittsaufforderung an: &#8222;Als Landesbeauftragter f\u00fcr Migration und Teilhabe und als Mitglied des Innenausschusses ist Deniz Kurku nicht tragbar. Wir fordern seinen sofortigen R\u00fccktritt von beiden \u00c4mtern.&#8220; Diesem Ansinnen ist Kurku heute teilweise nachgekommen.\u00a0<\/p>\n<p><strong>Mehr zum Thema<\/strong> &#8211; <a target=\"_blank\" rel=\"noopener noreferrer\" href=\"https:\/\/de-rt.com\/inland\/286479-tatverdaechtiger-im-stade-mehrfachmord-ist\/\">Tatverd\u00e4chtiger im Stade-Mehrfachmord begeht Selbstmord<\/a><\/p>\n<div class=\"EmbedBlock-root EmbedBlock-externalVideo EmbedBlock-rumble\">\n<div class=\"VkEmbed\"><iframe class=\"lazyload\" data-src=\"https:\/\/rumble.com\/embed\/v79t8n2\" frameborder=\"0\" width=\"853\" height=\"480\" allowfullscreen><\/iframe><\/div>\n<\/p><\/div>\n<\/p>\n<\/div>","protected":false},"excerpt":{"rendered":"<p>Der Sozialdemokrat Deniz Kurku zieht sich vom Amt des Nieders\u00e4chsischen Landesbeauftragten f\u00fcr Migration und Teilhabe zur\u00fcck. Den Amtsverzicht des 44\u2011j\u00e4hrigen Delmenhorsters gab heute die Nieders\u00e4chsische Staatskanzlei auf ihrer Homepage bekannt. Kurku hatte die Position des Nieders\u00e4chsischen Migrationsbeauftragten seit November 2022 bekleidet. Als Begr\u00fcndung f\u00fcr diesen Schritt nannte Kurku &#8222;massive Anfeindungen und Drohungen\u201c gegen seine Person, [&hellip;]<\/p>\n","protected":false},"author":1,"featured_media":4846,"comment_status":"closed","ping_status":"closed","sticky":false,"template":"","format":"standard","meta":{"_gspb_post_css":"","_uag_custom_page_level_css":"","fifu_image_url":"","fifu_image_alt":"","footnotes":""},"categories":[5],"tags":[],"class_list":["post-21084","post","type-post","status-publish","format-standard","has-post-thumbnail","hentry","category-politik"],"blocksy_meta":{"styles_descriptor":{"styles":{"desktop":"","tablet":"","mobile":""},"google_fonts":[],"version":8}},"uagb_featured_image_src":{"full":["https:\/\/mleexelnfod5.i.optimole.com\/w:auto\/h:auto\/q:mauto\/f:best\/https:\/\/i2.wp.com\/meiser-tv.de\/wp-content\/uploads\/2026\/05\/RSS-Hintergrund.jpg?w=1920&fit=1920,1080&ssl=1",1920,1080,true],"thumbnail":["https:\/\/mleexelnfod5.i.optimole.com\/w:auto\/h:auto\/q:mauto\/f:best\/https:\/\/i2.wp.com\/meiser-tv.de\/wp-content\/uploads\/2026\/05\/RSS-Hintergrund.jpg?w=150&resize=150,150&ssl=1",150,150,true],"medium":["https:\/\/mleexelnfod5.i.optimole.com\/w:auto\/h:auto\/q:mauto\/f:best\/https:\/\/i2.wp.com\/meiser-tv.de\/wp-content\/uploads\/2026\/05\/RSS-Hintergrund.jpg?w=300&fit=300,300&ssl=1",300,300,true],"medium_large":["https:\/\/mleexelnfod5.i.optimole.com\/w:auto\/h:auto\/q:mauto\/f:best\/https:\/\/i2.wp.com\/meiser-tv.de\/wp-content\/uploads\/2026\/05\/RSS-Hintergrund.jpg?w=768&resize=768,0&ssl=1",768,0,true],"large":["https:\/\/mleexelnfod5.i.optimole.com\/w:auto\/h:auto\/q:mauto\/f:best\/https:\/\/i2.wp.com\/meiser-tv.de\/wp-content\/uploads\/2026\/05\/RSS-Hintergrund.jpg?w=1024&fit=1024,1024&ssl=1",1024,1024,true],"1536x1536":["https:\/\/mleexelnfod5.i.optimole.com\/w:auto\/h:auto\/q:mauto\/f:best\/https:\/\/i2.wp.com\/meiser-tv.de\/wp-content\/uploads\/2026\/05\/RSS-Hintergrund.jpg?w=1536&fit=1536,1536&ssl=1",1536,1536,true],"2048x2048":["https:\/\/mleexelnfod5.i.optimole.com\/w:auto\/h:auto\/q:mauto\/f:best\/https:\/\/i2.wp.com\/meiser-tv.de\/wp-content\/uploads\/2026\/05\/RSS-Hintergrund.jpg?w=2048&fit=2048,2048&ssl=1",2048,2048,true],"trp-custom-language-flag":["https:\/\/mleexelnfod5.i.optimole.com\/w:auto\/h:auto\/q:mauto\/f:best\/https:\/\/i2.wp.com\/meiser-tv.de\/wp-content\/uploads\/2026\/05\/RSS-Hintergrund.jpg?w=18&fit=18,12&ssl=1",18,12,true]},"uagb_author_info":{"display_name":"admin","author_link":"https:\/\/meiser-tv.de\/en\/author\/admin\/"},"uagb_comment_info":0,"uagb_excerpt":"Der Sozialdemokrat Deniz Kurku zieht sich vom Amt des Nieders\u00e4chsischen Landesbeauftragten f\u00fcr Migration und Teilhabe zur\u00fcck. Den Amtsverzicht des 44\u2011j\u00e4hrigen Delmenhorsters gab heute die Nieders\u00e4chsische Staatskanzlei auf ihrer Homepage bekannt. Kurku hatte die Position des Nieders\u00e4chsischen Migrationsbeauftragten seit November 2022 bekleidet. Als Begr\u00fcndung f\u00fcr diesen Schritt nannte Kurku &#8222;massive Anfeindungen und Drohungen\u201c gegen seine Person,&hellip;","_links":{"self":[{"href":"https:\/\/meiser-tv.de\/en\/wp-json\/wp\/v2\/posts\/21084","targetHints":{"allow":["GET"]}}],"collection":[{"href":"https:\/\/meiser-tv.de\/en\/wp-json\/wp\/v2\/posts"}],"about":[{"href":"https:\/\/meiser-tv.de\/en\/wp-json\/wp\/v2\/types\/post"}],"author":[{"embeddable":true,"href":"https:\/\/meiser-tv.de\/en\/wp-json\/wp\/v2\/users\/1"}],"replies":[{"embeddable":true,"href":"https:\/\/meiser-tv.de\/en\/wp-json\/wp\/v2\/comments?post=21084"}],"version-history":[{"count":0,"href":"https:\/\/meiser-tv.de\/en\/wp-json\/wp\/v2\/posts\/21084\/revisions"}],"wp:featuredmedia":[{"embeddable":true,"href":"https:\/\/meiser-tv.de\/en\/wp-json\/wp\/v2\/media\/4846"}],"wp:attachment":[{"href":"https:\/\/meiser-tv.de\/en\/wp-json\/wp\/v2\/media?parent=21084"}],"wp:term":[{"taxonomy":"category","embeddable":true,"href":"https:\/\/meiser-tv.de\/en\/wp-json\/wp\/v2\/categories?post=21084"},{"taxonomy":"post_tag","embeddable":true,"href":"https:\/\/meiser-tv.de\/en\/wp-json\/wp\/v2\/tags?post=21084"}],"curies":[{"name":"wp","href":"https:\/\/api.w.org\/{rel}","templated":true}]}}