{"id":21091,"date":"2026-09-05T06:03:18","date_gmt":"2026-09-05T04:03:18","guid":{"rendered":"https:\/\/meiser-tv.de\/politik\/rueckschlag-fuer-trump-dieselpreis-in-den-usa-auf-rekordhoch\/"},"modified":"2026-09-05T06:03:18","modified_gmt":"2026-09-05T04:03:18","slug":"rueckschlag-fuer-trump-dieselpreis-in-den-usa-auf-rekordhoch","status":"publish","type":"post","link":"https:\/\/meiser-tv.de\/en\/politik\/rueckschlag-fuer-trump-dieselpreis-in-den-usa-auf-rekordhoch\/","title":{"rendered":"R\u00fcckschlag f\u00fcr Trump: Dieselpreis in den USA auf Rekordhoch"},"content":{"rendered":"<div>\n<p data-start=\"88\" data-end=\"336\">Der Dieselpreis in den USA ist am Freitag auf ein Rekordniveau gestiegen. Eine Gallone kostete im Durchschnitt erstmals 5,85 Dollar. Grund ist der seit sechs Monaten andauernde Krieg mit Iran, der die weltweiten Treibstoffstr\u00f6me beeintr\u00e4chtigt.<\/p>\n<p data-start=\"338\" data-end=\"651\">Da Diesel f\u00fcr zahlreiche Fracht- und Liefernetzwerke ben\u00f6tigt wird, steigen damit auch die Transportkosten f\u00fcr eine Vielzahl von Alltagsg\u00fctern. Unternehmen aus verschiedenen Branchen geben die h\u00f6heren Kosten zunehmend an die Verbraucher weiter \u2013 etwa durch zus\u00e4tzliche Geb\u00fchren f\u00fcr Online-Bestellungen und Pakete.<\/p>\n<p data-start=\"653\" data-end=\"954\">F\u00fcr die Regierung von Pr\u00e4sident Donald Trump k\u00f6nnte die Entwicklung auch politisch problematisch werden. Viele US-W\u00e4hler sind bereits unzufrieden mit seiner Wirtschaftspolitik. Einer AP-NORC-Umfrage zufolge missbilligten im Sommer zwei von drei Erwachsenen Trumps Umgang mit der US-Wirtschaft.<\/p>\n<p data-start=\"956\" data-end=\"1073\" data-is-last-node=\"\" data-is-only-node=\"\">Die steigenden Kraftstoffkosten k\u00f6nnten sich letztlich auch an den Regalpreisen im Einzelhandel bemerkbar machen.<\/p>\n<p data-start=\"0\" data-end=\"401\">Die unmittelbaren Folgen sind vor allem im Lebensmittelhandel zu sp\u00fcren. Besonders Obst und Gem\u00fcse, Fleisch und andere verderbliche Waren sind betroffen, da sie h\u00e4ufig transportiert und nachgeliefert werden m\u00fcssen. Teilweise werden sie bereits mit dieselbetriebenen Landmaschinen geerntet. Es kann allerdings dauern, bis sich die gestiegenen Kosten vollst\u00e4ndig auf die Verbraucherpreise auswirken.<\/p>\n<p data-start=\"403\" data-end=\"641\">Experten warnen jedoch, dass die Preissteigerungen umso st\u00e4rker ausfallen k\u00f6nnten, je l\u00e4nger der Dieselpreis hoch bleibt. Auch Kleidung, Kosmetik, M\u00f6bel und zahlreiche andere Waren werden mit Diesel-Lkw, Z\u00fcgen oder Schiffen transportiert.<\/p>\n<p data-start=\"643\" data-end=\"1062\" data-is-last-node=\"\" data-is-only-node=\"\">Auch Benzin wird teurer, allerdings deutlich langsamer als Diesel. Der Durchschnittspreis f\u00fcr eine Gallone Normalbenzin lag zuletzt bei 4,15 Dollar, gegen\u00fcber 3,20 Dollar zum gleichen Zeitpunkt im Vorjahr. Nach Angaben des Automobilverbands AAA lag der Benzinpreis an keinem Labor Day (1. September) zuvor \u00fcber der Marke von vier Dollar. Vom Rekordpreis von 5,02 Dollar je Gallone im Juni 2022 ist er jedoch noch ein St\u00fcck weit entfernt.<\/p>\n<p data-start=\"643\" data-end=\"1062\" data-is-last-node=\"\" data-is-only-node=\"\"><strong>Mehr zum Thema<\/strong> &#8211; <a href=\"https:\/\/freedert.online\/inland\/290655-studie-grosspleiten-in-deutschland-erreichen-rekordzahl\/\" target=\"_blank\" rel=\"noopener noreferrer\">Studie: Gro\u00dfpleiten in Deutschland erreichen Rekordzahl<\/a><\/p>\n<div class=\"EmbedBlock-root EmbedBlock-externalVideo EmbedBlock-rumble\">\n<div class=\"VkEmbed\"><iframe class=\"lazyload\" data-src=\"https:\/\/rumble.com\/embed\/v7cr5x6\" frameborder=\"0\" width=\"853\" height=\"480\" allowfullscreen><\/iframe><\/div>\n<\/p><\/div>\n<\/p>\n<\/div>","protected":false},"excerpt":{"rendered":"<p>Der Dieselpreis in den USA ist am Freitag auf ein Rekordniveau gestiegen. Eine Gallone kostete im Durchschnitt erstmals 5,85 Dollar. Grund ist der seit sechs Monaten andauernde Krieg mit Iran, der die weltweiten Treibstoffstr\u00f6me beeintr\u00e4chtigt. Da Diesel f\u00fcr zahlreiche Fracht- und Liefernetzwerke ben\u00f6tigt wird, steigen damit auch die Transportkosten f\u00fcr eine Vielzahl von Alltagsg\u00fctern. Unternehmen [&hellip;]<\/p>\n","protected":false},"author":1,"featured_media":4846,"comment_status":"closed","ping_status":"closed","sticky":false,"template":"","format":"standard","meta":{"_gspb_post_css":"","_uag_custom_page_level_css":"","fifu_image_url":"","fifu_image_alt":"","footnotes":""},"categories":[5],"tags":[],"class_list":["post-21091","post","type-post","status-publish","format-standard","has-post-thumbnail","hentry","category-politik"],"blocksy_meta":{"styles_descriptor":{"styles":{"desktop":"","tablet":"","mobile":""},"google_fonts":[],"version":8}},"uagb_featured_image_src":{"full":["https:\/\/mleexelnfod5.i.optimole.com\/w:auto\/h:auto\/q:mauto\/f:best\/https:\/\/i2.wp.com\/meiser-tv.de\/wp-content\/uploads\/2026\/05\/RSS-Hintergrund.jpg?w=1920&fit=1920,1080&ssl=1",1920,1080,true],"thumbnail":["https:\/\/mleexelnfod5.i.optimole.com\/w:auto\/h:auto\/q:mauto\/f:best\/https:\/\/i2.wp.com\/meiser-tv.de\/wp-content\/uploads\/2026\/05\/RSS-Hintergrund.jpg?w=150&resize=150,150&ssl=1",150,150,true],"medium":["https:\/\/mleexelnfod5.i.optimole.com\/w:auto\/h:auto\/q:mauto\/f:best\/https:\/\/i2.wp.com\/meiser-tv.de\/wp-content\/uploads\/2026\/05\/RSS-Hintergrund.jpg?w=300&fit=300,300&ssl=1",300,300,true],"medium_large":["https:\/\/mleexelnfod5.i.optimole.com\/w:auto\/h:auto\/q:mauto\/f:best\/https:\/\/i2.wp.com\/meiser-tv.de\/wp-content\/uploads\/2026\/05\/RSS-Hintergrund.jpg?w=768&resize=768,0&ssl=1",768,0,true],"large":["https:\/\/mleexelnfod5.i.optimole.com\/w:auto\/h:auto\/q:mauto\/f:best\/https:\/\/i2.wp.com\/meiser-tv.de\/wp-content\/uploads\/2026\/05\/RSS-Hintergrund.jpg?w=1024&fit=1024,1024&ssl=1",1024,1024,true],"1536x1536":["https:\/\/mleexelnfod5.i.optimole.com\/w:auto\/h:auto\/q:mauto\/f:best\/https:\/\/i2.wp.com\/meiser-tv.de\/wp-content\/uploads\/2026\/05\/RSS-Hintergrund.jpg?w=1536&fit=1536,1536&ssl=1",1536,1536,true],"2048x2048":["https:\/\/mleexelnfod5.i.optimole.com\/w:auto\/h:auto\/q:mauto\/f:best\/https:\/\/i2.wp.com\/meiser-tv.de\/wp-content\/uploads\/2026\/05\/RSS-Hintergrund.jpg?w=2048&fit=2048,2048&ssl=1",2048,2048,true],"trp-custom-language-flag":["https:\/\/mleexelnfod5.i.optimole.com\/w:auto\/h:auto\/q:mauto\/f:best\/https:\/\/i2.wp.com\/meiser-tv.de\/wp-content\/uploads\/2026\/05\/RSS-Hintergrund.jpg?w=18&fit=18,12&ssl=1",18,12,true]},"uagb_author_info":{"display_name":"admin","author_link":"https:\/\/meiser-tv.de\/en\/author\/admin\/"},"uagb_comment_info":0,"uagb_excerpt":"Der Dieselpreis in den USA ist am Freitag auf ein Rekordniveau gestiegen. Eine Gallone kostete im Durchschnitt erstmals 5,85 Dollar. Grund ist der seit sechs Monaten andauernde Krieg mit Iran, der die weltweiten Treibstoffstr\u00f6me beeintr\u00e4chtigt. Da Diesel f\u00fcr zahlreiche Fracht- und Liefernetzwerke ben\u00f6tigt wird, steigen damit auch die Transportkosten f\u00fcr eine Vielzahl von Alltagsg\u00fctern. Unternehmen&hellip;","_links":{"self":[{"href":"https:\/\/meiser-tv.de\/en\/wp-json\/wp\/v2\/posts\/21091","targetHints":{"allow":["GET"]}}],"collection":[{"href":"https:\/\/meiser-tv.de\/en\/wp-json\/wp\/v2\/posts"}],"about":[{"href":"https:\/\/meiser-tv.de\/en\/wp-json\/wp\/v2\/types\/post"}],"author":[{"embeddable":true,"href":"https:\/\/meiser-tv.de\/en\/wp-json\/wp\/v2\/users\/1"}],"replies":[{"embeddable":true,"href":"https:\/\/meiser-tv.de\/en\/wp-json\/wp\/v2\/comments?post=21091"}],"version-history":[{"count":0,"href":"https:\/\/meiser-tv.de\/en\/wp-json\/wp\/v2\/posts\/21091\/revisions"}],"wp:featuredmedia":[{"embeddable":true,"href":"https:\/\/meiser-tv.de\/en\/wp-json\/wp\/v2\/media\/4846"}],"wp:attachment":[{"href":"https:\/\/meiser-tv.de\/en\/wp-json\/wp\/v2\/media?parent=21091"}],"wp:term":[{"taxonomy":"category","embeddable":true,"href":"https:\/\/meiser-tv.de\/en\/wp-json\/wp\/v2\/categories?post=21091"},{"taxonomy":"post_tag","embeddable":true,"href":"https:\/\/meiser-tv.de\/en\/wp-json\/wp\/v2\/tags?post=21091"}],"curies":[{"name":"wp","href":"https:\/\/api.w.org\/{rel}","templated":true}]}}