{"id":21093,"date":"2026-09-05T07:03:07","date_gmt":"2026-09-05T05:03:07","guid":{"rendered":"https:\/\/meiser-tv.de\/politik\/nach-druck-trumps-suedkorea-will-truppen-in-die-strasse-von-hormus-entsenden\/"},"modified":"2026-09-05T07:03:07","modified_gmt":"2026-09-05T05:03:07","slug":"nach-druck-trumps-suedkorea-will-truppen-in-die-strasse-von-hormus-entsenden","status":"publish","type":"post","link":"https:\/\/meiser-tv.de\/en\/politik\/nach-druck-trumps-suedkorea-will-truppen-in-die-strasse-von-hormus-entsenden\/","title":{"rendered":"Nach Druck Trumps: S\u00fcdkorea will Truppen in die Stra\u00dfe von Hormus entsenden"},"content":{"rendered":"<div>\n<p>S\u00fcdkorea hat offenbar Vorbereitungen f\u00fcr eine m\u00f6gliche Truppenentsendung in die Stra\u00dfe von Hormus begonnen. Die Regierung in Seoul habe den USA im vergangenen Monat signalisiert, ein Kriegsschiff und Aufkl\u00e4rungsflugzeuge zur Unterst\u00fctzung des amerikanischen Milit\u00e4reinsatzes bereitstellen zu k\u00f6nnen. Dies berichtete die Zeitung <em>Chosun Ilbo<\/em> am Freitag. Das Pr\u00e4sidialamt betonte anschlie\u00dfend, eine endg\u00fcltige Entscheidung \u00fcber eine Entsendung sei noch nicht gefallen. Seoul pr\u00fcfe weiterhin verschiedene Optionen.<\/p>\n<p>Ein Vertreter des Pr\u00e4sidialamts erkl\u00e4rte vor Journalisten, S\u00fcdkorea habe \u00fcber konkrete M\u00f6glichkeiten beraten, zur freien Schifffahrt in der Stra\u00dfe von Hormus beizutragen.\u00a0Das Milit\u00e4r k\u00f6nne\u00a0dort einen Beitrag leisten, ohne dass S\u00fcdkorea seine Einsatzbereitschaft auf der koreanischen Halbinsel beeintr\u00e4chtige.<\/p>\n<p data-start=\"18\" data-end=\"247\" data-is-last-node=\"\" data-is-only-node=\"\">Nach Angaben der\u00a0<em>Chosun Ilbo<\/em> hat die Regierung zudem bereits Vorbereitungen getroffen, um die f\u00fcr den Milit\u00e4reinsatz erforderliche Zustimmung des Parlaments einzuholen. Diese k\u00f6nnte noch im September erfolgen.<\/p>\n<p data-start=\"18\" data-end=\"247\" data-is-last-node=\"\" data-is-only-node=\"\">Der koreanische Sender <em>SBS<\/em> berichtete, S\u00fcdkorea verhandle bereits mit Anrainerstaaten \u00fcber m\u00f6gliche Anlaufh\u00e4fen und einen St\u00fctzpunkt f\u00fcr den geplanten Einsatz. Im Gespr\u00e4ch seien das neue s\u00fcdkoreanische Logistikschiff &#8222;Soyang&#8220; sowie P\u20118A\u2011Seefernaufkl\u00e4rer. Nach Angaben weiterer koreanischer Medien k\u00f6nnte Seoul diese Kr\u00e4fte bis Ende des Jahres in die Region verlegen. Auch der Einsatz von Minensuchbooten werde erwogen.<\/p>\n<p data-start=\"18\" data-end=\"247\" data-is-last-node=\"\" data-is-only-node=\"\">Damit reagiert Pr\u00e4sident Lee Jae-myung auf den Druck von US-Pr\u00e4sident Donald Trump, der von S\u00fcdkorea seit Monaten eine direkte Unterst\u00fctzung im Krieg gegen Iran fordert. &#8222;Ich habe den s\u00fcdkoreanischen Pr\u00e4sidenten gefragt, ob er bereit sei, sich den Bem\u00fchungen zur Denuklearisierung Irans anzuschlie\u00dfen, aber er sagte: &#8218;Nein, danke!'&#8220;, schrieb Trump Mitte August auf seiner Plattform Truth Social.<\/p>\n<p data-start=\"18\" data-end=\"247\" data-is-last-node=\"\" data-is-only-node=\"\">Wenig sp\u00e4ter lie\u00df Trump ein zentrales gemeinsames Gro\u00dfman\u00f6ver mit S\u00fcdkorea, das der Abschreckung Nordkoreas dient, von zwei auf eine Woche verk\u00fcrzen. Er begr\u00fcndete dies neben seinem guten Verh\u00e4ltnis zum nordkoreanischen\u00a0Staatschef Kim Jong-un auch mit der aus seiner Sicht mangelnden Unterst\u00fctzung S\u00fcdkoreas f\u00fcr seinen Krieg gegen Iran.<\/p>\n<p data-start=\"18\" data-end=\"247\" data-is-last-node=\"\" data-is-only-node=\"\">Der Druck der USA auf S\u00fcdkorea schien zuletzt auch im Wirtschaftsbereich zuzunehmen. Anfang der Woche erkl\u00e4rte US-Handelsminister Howard Lutnick, die Trump-Regierung arbeite an einer &#8222;gezielten&#8220; und &#8222;durchdachten&#8220; Zollpolitik f\u00fcr Halbleiter.<\/p>\n<p data-start=\"18\" data-end=\"247\" data-is-last-node=\"\" data-is-only-node=\"\">Die \u00f6ffentliche Unterst\u00fctzung f\u00fcr einen solchen Einsatz d\u00fcrfte in S\u00fcdkorea begrenzt sein. Eine Umfrage von Gallup Korea vom M\u00e4rz ergab, dass 55 Prozent der Befragten gegen die Entsendung s\u00fcdkoreanischer Kriegsschiffe in die Stra\u00dfe von Hormus waren, w\u00e4hrend 30 Prozent einen solchen Schritt bef\u00fcrworteten.<\/p>\n<p data-start=\"18\" data-end=\"247\" data-is-last-node=\"\" data-is-only-node=\"\">Zuletzt reagierte S\u00fcdkorea 2004 positiv auf ein amerikanisches Ersuchen um milit\u00e4rische Unterst\u00fctzung in einem Krieg, als Seoul eine eigene Einheit in den Irak entsandte. 2009 beteiligte sich S\u00fcdkorea zudem an einer internationalen Anti-Piraterie-Mission im Golf von Aden.<\/p>\n<p data-start=\"18\" data-end=\"247\" data-is-last-node=\"\" data-is-only-node=\"\"><strong>Mehr zum Thema<\/strong> &#8211; <a href=\"https:\/\/freedert.online\/der-nahe-osten\/290534-kuwait-meldet-abwehr-iranischer-raketen\/\" target=\"_blank\" rel=\"noopener noreferrer\">Pentagon verl\u00e4ngert US-Truppeneins\u00e4tze in Nahost \u2013 Kuwait meldet Abwehr iranischer Raketenangriffe<\/a><\/p>\n<div class=\"EmbedBlock-root EmbedBlock-externalVideo EmbedBlock-rumble\">\n<div class=\"VkEmbed\"><iframe class=\"lazyload\" data-src=\"https:\/\/rumble.com\/embed\/v7cuoa4\" frameborder=\"0\" width=\"853\" height=\"480\" allowfullscreen><\/iframe><\/div>\n<\/p><\/div>\n<\/div>","protected":false},"excerpt":{"rendered":"<p>S\u00fcdkorea hat offenbar Vorbereitungen f\u00fcr eine m\u00f6gliche Truppenentsendung in die Stra\u00dfe von Hormus begonnen. Die Regierung in Seoul habe den USA im vergangenen Monat signalisiert, ein Kriegsschiff und Aufkl\u00e4rungsflugzeuge zur Unterst\u00fctzung des amerikanischen Milit\u00e4reinsatzes bereitstellen zu k\u00f6nnen. Dies berichtete die Zeitung Chosun Ilbo am Freitag. Das Pr\u00e4sidialamt betonte anschlie\u00dfend, eine endg\u00fcltige Entscheidung \u00fcber eine Entsendung [&hellip;]<\/p>\n","protected":false},"author":1,"featured_media":4846,"comment_status":"closed","ping_status":"closed","sticky":false,"template":"","format":"standard","meta":{"_gspb_post_css":"","_uag_custom_page_level_css":"","fifu_image_url":"","fifu_image_alt":"","footnotes":""},"categories":[5],"tags":[],"class_list":["post-21093","post","type-post","status-publish","format-standard","has-post-thumbnail","hentry","category-politik"],"blocksy_meta":{"styles_descriptor":{"styles":{"desktop":"","tablet":"","mobile":""},"google_fonts":[],"version":8}},"uagb_featured_image_src":{"full":["https:\/\/mleexelnfod5.i.optimole.com\/w:auto\/h:auto\/q:mauto\/f:best\/https:\/\/i2.wp.com\/meiser-tv.de\/wp-content\/uploads\/2026\/05\/RSS-Hintergrund.jpg?w=1920&fit=1920,1080&ssl=1",1920,1080,true],"thumbnail":["https:\/\/mleexelnfod5.i.optimole.com\/w:auto\/h:auto\/q:mauto\/f:best\/https:\/\/i2.wp.com\/meiser-tv.de\/wp-content\/uploads\/2026\/05\/RSS-Hintergrund.jpg?w=150&resize=150,150&ssl=1",150,150,true],"medium":["https:\/\/mleexelnfod5.i.optimole.com\/w:auto\/h:auto\/q:mauto\/f:best\/https:\/\/i2.wp.com\/meiser-tv.de\/wp-content\/uploads\/2026\/05\/RSS-Hintergrund.jpg?w=300&fit=300,300&ssl=1",300,300,true],"medium_large":["https:\/\/mleexelnfod5.i.optimole.com\/w:auto\/h:auto\/q:mauto\/f:best\/https:\/\/i2.wp.com\/meiser-tv.de\/wp-content\/uploads\/2026\/05\/RSS-Hintergrund.jpg?w=768&resize=768,0&ssl=1",768,0,true],"large":["https:\/\/mleexelnfod5.i.optimole.com\/w:auto\/h:auto\/q:mauto\/f:best\/https:\/\/i2.wp.com\/meiser-tv.de\/wp-content\/uploads\/2026\/05\/RSS-Hintergrund.jpg?w=1024&fit=1024,1024&ssl=1",1024,1024,true],"1536x1536":["https:\/\/mleexelnfod5.i.optimole.com\/w:auto\/h:auto\/q:mauto\/f:best\/https:\/\/i2.wp.com\/meiser-tv.de\/wp-content\/uploads\/2026\/05\/RSS-Hintergrund.jpg?w=1536&fit=1536,1536&ssl=1",1536,1536,true],"2048x2048":["https:\/\/mleexelnfod5.i.optimole.com\/w:auto\/h:auto\/q:mauto\/f:best\/https:\/\/i2.wp.com\/meiser-tv.de\/wp-content\/uploads\/2026\/05\/RSS-Hintergrund.jpg?w=2048&fit=2048,2048&ssl=1",2048,2048,true],"trp-custom-language-flag":["https:\/\/mleexelnfod5.i.optimole.com\/w:auto\/h:auto\/q:mauto\/f:best\/https:\/\/i2.wp.com\/meiser-tv.de\/wp-content\/uploads\/2026\/05\/RSS-Hintergrund.jpg?w=18&fit=18,12&ssl=1",18,12,true]},"uagb_author_info":{"display_name":"admin","author_link":"https:\/\/meiser-tv.de\/en\/author\/admin\/"},"uagb_comment_info":0,"uagb_excerpt":"S\u00fcdkorea hat offenbar Vorbereitungen f\u00fcr eine m\u00f6gliche Truppenentsendung in die Stra\u00dfe von Hormus begonnen. Die Regierung in Seoul habe den USA im vergangenen Monat signalisiert, ein Kriegsschiff und Aufkl\u00e4rungsflugzeuge zur Unterst\u00fctzung des amerikanischen Milit\u00e4reinsatzes bereitstellen zu k\u00f6nnen. Dies berichtete die Zeitung Chosun Ilbo am Freitag. Das Pr\u00e4sidialamt betonte anschlie\u00dfend, eine endg\u00fcltige Entscheidung \u00fcber eine Entsendung&hellip;","_links":{"self":[{"href":"https:\/\/meiser-tv.de\/en\/wp-json\/wp\/v2\/posts\/21093","targetHints":{"allow":["GET"]}}],"collection":[{"href":"https:\/\/meiser-tv.de\/en\/wp-json\/wp\/v2\/posts"}],"about":[{"href":"https:\/\/meiser-tv.de\/en\/wp-json\/wp\/v2\/types\/post"}],"author":[{"embeddable":true,"href":"https:\/\/meiser-tv.de\/en\/wp-json\/wp\/v2\/users\/1"}],"replies":[{"embeddable":true,"href":"https:\/\/meiser-tv.de\/en\/wp-json\/wp\/v2\/comments?post=21093"}],"version-history":[{"count":0,"href":"https:\/\/meiser-tv.de\/en\/wp-json\/wp\/v2\/posts\/21093\/revisions"}],"wp:featuredmedia":[{"embeddable":true,"href":"https:\/\/meiser-tv.de\/en\/wp-json\/wp\/v2\/media\/4846"}],"wp:attachment":[{"href":"https:\/\/meiser-tv.de\/en\/wp-json\/wp\/v2\/media?parent=21093"}],"wp:term":[{"taxonomy":"category","embeddable":true,"href":"https:\/\/meiser-tv.de\/en\/wp-json\/wp\/v2\/categories?post=21093"},{"taxonomy":"post_tag","embeddable":true,"href":"https:\/\/meiser-tv.de\/en\/wp-json\/wp\/v2\/tags?post=21093"}],"curies":[{"name":"wp","href":"https:\/\/api.w.org\/{rel}","templated":true}]}}