{"id":21096,"date":"2026-09-05T08:03:36","date_gmt":"2026-09-05T06:03:36","guid":{"rendered":"https:\/\/meiser-tv.de\/uncategorized\/spanien-vergast-seine-eigene-bevoelkerung-polizei-ermittelt-wegen-saeurekaeufen-durch-migranten-und-soros-ngos-in-ceuta\/"},"modified":"2026-09-05T08:03:36","modified_gmt":"2026-09-05T06:03:36","slug":"spanien-vergast-seine-eigene-bevoelkerung-polizei-ermittelt-wegen-saeurekaeufen-durch-migranten-und-soros-ngos-in-ceuta","status":"publish","type":"post","link":"https:\/\/meiser-tv.de\/en\/uncategorized\/spanien-vergast-seine-eigene-bevoelkerung-polizei-ermittelt-wegen-saeurekaeufen-durch-migranten-und-soros-ngos-in-ceuta\/","title":{"rendered":"Spanien vergast seine eigene Bev\u00f6lkerung; Polizei ermittelt wegen S\u00e4urek\u00e4ufen durch Migranten- und Soros-NGOs in Ceuta"},"content":{"rendered":"<div>\n<p class=\"wp-block-paragraph\"><em>Von Tyler Durden<\/em><\/p>\n<p class=\"wp-block-paragraph\"><em>Verfasst von Steve Watson via Modernity News,<\/em><\/p>\n<p class=\"wp-block-paragraph\"><strong>Die spanische Nationalpolizei untersucht derzeit einen Gro\u00dfkauf von Salzs\u00e4ure und Aluminiumfolie in Ceuta, nachdem Mitarbeiter eines Supermarkts eine gro\u00dfe Gruppe von Migranten \u2013 bei denen es sich Berichten zufolge \u00fcberwiegend um Marokkaner handelte \u2013 darauf aufmerksam gemacht hatten, die beide Produkte zusammen gekauft hatten.<\/strong><\/p>\n<p class=\"wp-block-paragraph\">Spanische Medien berichteten unter Berufung auf Polizeiquellen, dass Aktivisten der Nichtregierungsorganisation \u201eNo Name Kitchen\u201c diese K\u00e4ufer begleitet h\u00e4tten.<\/p>\n<p class=\"wp-block-paragraph\">Die Ermittler versuchen derzeit zu kl\u00e4ren, ob die Materialien f\u00fcr selbstgebaute \u201eS\u00e4urebomben\u201c bestimmt waren \u2013 Plastikflaschen, die mit S\u00e4ure und Folie gef\u00fcllt sind und eine kleine Explosion, Gas sowie \u00e4tzenden Spr\u00fchnebel erzeugen \u2013 und ob jemand dabei half, die gekauften Gegenst\u00e4nde zu verstecken.<\/p>\n<blockquote class=\"twitter-tweet\">\n<p lang=\"en\" dir=\"ltr\">Spanish police are investigating after a large group of illegal migrants, mainly Moroccans, accompanied by members of an NGO funded by George Soros, bought large quantities of hydrochloric acid and aluminum foil from a supermarket in Ceuta, that could be intended to make homemade\u2026 <a target=\"_blank\" rel=\"noopener noreferrer\" href=\"https:\/\/t.co\/YfrFXcyMLS\">pic.twitter.com\/YfrFXcyMLS<\/a><\/p>\n<p>\u2014 Visegr\u00e1d 24 (@visegrad24) <a target=\"_blank\" rel=\"noopener noreferrer\" href=\"https:\/\/x.com\/visegrad24\/status\/2095363152678617499?ref_src=twsrc%5Etfw\">September 3, 2026<\/a><\/p><\/blockquote>\n<p> <script async src=\"https:\/\/platform.x.com\/widgets.js\" charset=\"utf-8\"><\/script><\/p>\n<p class=\"wp-block-paragraph\"><em><strong>\u00dcbersetzung von \u201eX\u201c<\/strong>: Die spanische Polizei ermittelt, nachdem eine gro\u00dfe Gruppe illegaler Migranten, haupts\u00e4chlich Marokkaner, in Begleitung von Mitgliedern einer von George Soros finanzierten Nichtregierungsorganisation (NGO) in einem Supermarkt in Ceuta gro\u00dfe Mengen Salzs\u00e4ure und Aluminiumfolie gekauft hat, die m\u00f6glicherweise zur Herstellung selbstgebauter S\u00e4urebomben gegen die Polizei und spanische Zivilisten bestimmt waren.<\/em><\/p>\n<p class=\"wp-block-paragraph\"><em>Bei der NGO handelt es sich um \u201eNo Name Kitchen\u201c, die von George Soros\u2019 \u201eOpen Society Foundations\u201c finanziert wird.<\/em><\/p>\n<p class=\"wp-block-paragraph\"><em>Aktivisten ausl\u00e4ndischer NGOs, die in Ceuta mit illegalen Migranten arbeiten, haben diesen in den letzten Wochen zudem Pfefferspray ausgeh\u00e4ndigt.<\/em><\/p>\n<p class=\"wp-block-paragraph\">Die Vorrichtungen entsprechen den Flaschen mit \u00e4tzender Fl\u00fcssigkeit, die bereits in den Tagen rund um die Razzia in dem Laden auf spanische Soldaten und lokale Demonstranten geworfen wurden.<\/p>\n<p class=\"wp-block-paragraph\">Die chemische Zusammensetzung ist einfach und bereits \u00f6ffentlich bekannt. Polizeiquellen beschreiben <em>Aguafuerte<\/em> \u2013 Salzs\u00e4ure, die auch als <em>Salfum\u00e1n<\/em> verkauft wird \u2013 sowie Aluminiumfolie, manchmal mit Aceton versetzt, die in Plastikflaschen gef\u00fcllt werden.<\/p>\n<p class=\"wp-block-paragraph\">Wird die Mischung geworfen, entsteht \u00dcberdruck, es kommt zum Bersten, und es werden reizendes Gas und \u00e4tzende Fl\u00fcssigkeit freigesetzt. Dies ist laut spanischen Medien das Ger\u00e4t, das gegen Armeepatrouillen und gegen Anwohner eingesetzt wurde, die durch Villajovita marschierten.<\/p>\n<p class=\"wp-block-paragraph\">\u201eNo Name Kitchen\u201c bestreitet jegliche Beteiligung. Der Koordinator der Gruppe, Ric Fern\u00e1ndez, erkl\u00e4rt, dass die Gruppe t\u00e4glich 1.200 bis 1.300 warme Mahlzeiten verpackt, Folie f\u00fcr Lebensmittel und als K\u00fcchenauskleidung kauft und geringe Mengen an L\u00f6sungsmittel zur Reinigung verwendet \u2013 jedoch keine \u201eindustriellen Mengen\u201c f\u00fcr Waffen.<\/p>\n<p class=\"wp-block-paragraph\">Identifizierte Aktivisten wurden nicht festgenommen, da der Kauf der Produkte legal ist.<\/p>\n<p class=\"wp-block-paragraph\">Vertreter des Innenministeriums haben gegen\u00fcber RTVE ebenfalls bestritten, dass die Polizei oder die Guardia Civil gegen \u201eirgendeine NGO\u201c wegen der Lieferung von Sprengstoffmaterialien ermitteln. Diese offizielle Linie steht im Widerspruch zu tagelangen spanischen Kriminalberichten, in denen beschrieben wird, wie Beamte NNK-Mitglieder nach dem Kauf identifiziert haben.<\/p>\n<p class=\"wp-block-paragraph\">Die Regierung des spanischen Ministerpr\u00e4sidenten Pedro S\u00e1nchez hat wiederholt betont, Ceuta sei wieder unter Kontrolle. Au\u00dfenminister Jos\u00e9 Manuel Albares erkl\u00e4rte, \u201epraktisch alle, die nach Ceuta eingereist sind, sind bereits nach Marokko zur\u00fcckgekehrt\u201c. Videoaufnahmen aus der Enklave einen Monat sp\u00e4ter zeigen Zelte, verw\u00fcstete Str\u00e4nde und eine Stadt, die aussieht, als h\u00e4tte sie ein Erdbeben heimgesucht.<\/p>\n<blockquote class=\"twitter-tweet\">\n<p lang=\"en\" dir=\"ltr\">When they told you Ceuta was sorted it was a lie<br \/>It&#8217;s hell on Earth<br \/>African illegal migrants have destroyed that city<\/p>\n<p>When will Europe wake up and realise this insanity must stop <a target=\"_blank\" rel=\"noopener noreferrer\" href=\"https:\/\/t.co\/08xjLvWj3Q\">pic.twitter.com\/08xjLvWj3Q<\/a><\/p>\n<p>\u2014 Basil the Great (@BasilTheGreat) <a target=\"_blank\" rel=\"noopener noreferrer\" href=\"https:\/\/x.com\/BasilTheGreat\/status\/2095132190031884421?ref_src=twsrc%5Etfw\">September 2, 2026<\/a><\/p><\/blockquote>\n<p> <script async src=\"https:\/\/platform.x.com\/widgets.js\" charset=\"utf-8\"><\/script><\/p>\n<p class=\"wp-block-paragraph\"><em><strong>\u00dcbersetzung von \u201eX\u201c<\/strong>: Als man dir sagte, Ceuta sei unter Kontrolle, war das eine L\u00fcge<\/em><\/p>\n<p class=\"wp-block-paragraph\"><em>Es ist die H\u00f6lle auf Erden<\/em><\/p>\n<p class=\"wp-block-paragraph\"><em>Afrikanische illegale Migranten haben diese Stadt zerst\u00f6rt<\/em><\/p>\n<p class=\"wp-block-paragraph\"><em>Wann wird Europa endlich aufwachen und erkennen, dass dieser Wahnsinn ein Ende haben muss?<\/em><\/p>\n<p class=\"wp-block-paragraph\">\u201eNo Name Kitchen\u201c, eine Organisation, die sich gegen die europ\u00e4ische Grenzsicherung einsetzt, war bereits zuvor in Schwierigkeiten geraten. Am 23. August wurden zwei ihrer Aktivisten, ein Kanadier und ein Deutscher, am Strand von Ben\u00edtez festgenommen. Innenminister Fernando Grande-Marlaska erkl\u00e4rte, sie h\u00e4tten \u201egewaltt\u00e4tige Gruppen\u201c \u2013 illegale Migranten \u2013 dazu angestiftet, aggressiv auf die Polizei zu reagieren, und sich den Beamten widersetzt.<\/p>\n<p class=\"wp-block-paragraph\">Die NGO gibt an, die beiden h\u00e4tten gefilmt. <em>El Faro de Ceuta<\/em> berichtete unabh\u00e4ngig davon von einem franz\u00f6sischen Aktivisten, der im selben Viertel nach Zusammenst\u00f6\u00dfen mit der Polizei festgenommen wurde. In viral verbreiteten Clips wurden Freiwillige beschuldigt, Pfefferspray verteilt zu haben. Fern\u00e1ndez erkl\u00e4rte gegen\u00fcber Newtral, dies sei eine \u201eFalschmeldung, um uns zu diskreditieren\u201c, und die Gruppe habe niemals Pfefferspray oder \u201eirgendein Ger\u00e4t, das zu Gewalt anstiften k\u00f6nnte\u201c gekauft.<\/p>\n<p class=\"wp-block-paragraph\">Konservative spanische Medien und Accounts auf X verwiesen auf Eintr\u00e4ge bei DevelopmentAid, in denen George Soros\u2019 Open Society Foundations als eine der F\u00f6rderorganisationen von \u201eNo Name Kitchen\u201c genannt werden, sowie auf die fr\u00fchere Zugeh\u00f6rigkeit der Gruppe zum \u201eBorder Violence Monitoring Network\u201c, das Gelder von der OSF erhalten hat.<\/p>\n<p class=\"wp-block-paragraph\">NNK erkl\u00e4rt, dass sie f\u00fcr Ceuta keine direkten Gelder von Open Society erh\u00e4lt und dass jegliche Verbindung zur OSF \u00fcber ein \u00e4lteres Netzwerk lief.<\/p>\n<p class=\"wp-block-paragraph\">Unterdessen wehren sich einheimische Spanier weiterhin gegen die F\u00f6rderung der Massenmigration durch die Regierung.<\/p>\n<p class=\"wp-block-paragraph\">Am Mittwoch kam es in mehr als 200 St\u00e4dten und Gemeinden zu Protesten. In Ceuta selbst marschierten rund 20.000 Menschen. Sie skandierten \u201eCeuta ist nicht zu verkaufen, Ceuta muss verteidigt werden\u201c und \u201eWeg mit den Eindringlingen\u201c. Auf Plakaten stand \u201eSOS. Europa, rette uns vor unserer verr\u00e4terischen Regierung\u201c. Sp\u00e4ter am Abend vor dem Kongress war die Botschaft noch deutlicher: \u201eDas ist keine Einwanderung, das ist eine Invasion.\u201c<\/p>\n<p class=\"wp-block-paragraph\">Maria S\u00e1nchez, eine 47-j\u00e4hrige Hausfrau, sagte gegen\u00fcber AFP in Ceuta: \u201eWir sind Spanier, wir wollen nicht, dass irgendeine Regierung uns wieder im Stich l\u00e4sst, so wie sie uns schon im Stich gelassen hat.\u201c<\/p>\n<p class=\"wp-block-paragraph\">David Hern\u00e1ndez, ein 45-j\u00e4hriger Lehrer, sagte gegen\u00fcber Reuters: \u201eDie Reaktion war unzureichend, versp\u00e4tet und ging obendrein mit einer v\u00f6lligen Pflichtverletzung seitens der Regierung einher. Wir d\u00fcrfen keine B\u00fcrger zweiter Klasse sein, und unsere Grenze darf nicht vernachl\u00e4ssigt werden.\u201c<\/p>\n<p class=\"wp-block-paragraph\">Eine andere Einwohnerin, die sich nur als Lola vorstellte, sagte, die Situation gerate \u201eau\u00dfer Kontrolle\u201c und \u201ees gibt einen Punkt, an dem dies zu einem Pulverfass wird\u201c.<\/p>\n<blockquote class=\"twitter-tweet\">\n<p lang=\"en\" dir=\"ltr\">Protests in Spain over government&#8217;s handling of Ceuta migrant crisis <a target=\"_blank\" rel=\"noopener noreferrer\" href=\"https:\/\/t.co\/MKlrPpFf0T\">https:\/\/t.co\/MKlrPpFf0T<\/a><\/p>\n<p>\u2014 BBC News (UK) (@BBCNews) <a target=\"_blank\" rel=\"noopener noreferrer\" href=\"https:\/\/x.com\/BBCNews\/status\/2095266175248736499?ref_src=twsrc%5Etfw\">September 2, 2026<\/a><\/p><\/blockquote>\n<p> <script async src=\"https:\/\/platform.x.com\/widgets.js\" charset=\"utf-8\"><\/script><\/p>\n<p class=\"wp-block-paragraph\"><em><strong>\u00dcbersetzung von \u201eX\u201c<\/strong>: Proteste in Spanien gegen den Umgang der Regierung mit der Migrantenkrise in Ceuta<\/em><\/p>\n<p class=\"wp-block-paragraph\">In Madrid zogen sch\u00e4tzungsweise 150.000 Menschen durch die Stra\u00dfen und skandierten \u201eS\u00e1nchez ins Gef\u00e4ngnis\u201c und \u201eEindringlinge \u2013 geht nach Hause\u201c.<\/p>\n<p class=\"wp-block-paragraph\">Der Vorsitzende der PP, Alberto N\u00fa\u00f1ez Feij\u00f3o, stand in dieser Menschenmenge und sagte: \u201eEine spanische Stadt wurde \u00fcberfallen, besetzt, und leider geschah dies mit Wissen der spanischen Regierung.\u201c Sowohl er als auch der Vorsitzende von Vox, Santiago Abascal, warfen S\u00e1nchez vor, die Spanier zu bel\u00fcgen und ein \u201eVerr\u00e4ter an Spanien\u201c sowie ein \u201eLakai Marokkos\u201c zu sein.<\/p>\n<p class=\"wp-block-paragraph\">Der Madrider B\u00fcrgermeister Jos\u00e9 Luis Mart\u00ednez-Almeida sagte: \u201eCeuta ist spanisch und wird nicht im Stich gelassen.\u201c Die Regionalpr\u00e4sidentin Isabel D\u00edaz Ayuso erkl\u00e4rte, die Regierung habe \u201eseit ihrem Amtsantritt nichts als gelogen\u201c und \u201euns im Stich gelassen \u2013 nicht nur die Bev\u00f6lkerung von Ceuta, sondern ganz Spanien vor den Augen der Welt\u201c.<\/p>\n<blockquote class=\"twitter-tweet\">\n<p lang=\"en\" dir=\"ltr\">BREAKING: Millions are out on the streets right now in towns and cities across Spain in a mass protest against Pedro S\u00e1nchez and the invasion of Ceuta<\/p>\n<p>THE FIGHT BACK IS ON!<img data-opt-id=800029053  fetchpriority=\"high\" decoding=\"async\" src=\"https:\/\/mleexelnfod5.i.optimole.com\/w:auto\/h:auto\/q:mauto\/f:best\/https:\/\/meiser-tv.de\/wp-content\/uploads\/2026\/09\/1f525-2.png\" alt=\"\ud83d\udd25\" class=\"wp-smiley\" style=\"height: 1em; max-height: 1em;\"> <a target=\"_blank\" rel=\"noopener noreferrer\" href=\"https:\/\/t.co\/gdOKyljr9d\">pic.twitter.com\/gdOKyljr9d<\/a><\/p>\n<p>\u2014 Inevitable West (@Inevitablewest) <a target=\"_blank\" rel=\"noopener noreferrer\" href=\"https:\/\/x.com\/Inevitablewest\/status\/2095223780779962462?ref_src=twsrc%5Etfw\">September 2, 2026<\/a><\/p><\/blockquote>\n<p> <script async src=\"https:\/\/platform.x.com\/widgets.js\" charset=\"utf-8\"><\/script><\/p>\n<p class=\"wp-block-paragraph\"><em><strong>\u00dcbersetzung von \u201eX\u201c<\/strong>: EILMELDUNG: Millionen Menschen sind gerade in St\u00e4dten und Ortschaften in ganz Spanien auf den Stra\u00dfen, um massiv gegen Pedro S\u00e1nchez und die Invasion von Ceuta zu protestieren<\/em><\/p>\n<p class=\"wp-block-paragraph\"><em>DER KAMPF HAT BEGONNEN!<\/em><\/p>\n<blockquote class=\"twitter-tweet\">\n<p lang=\"en\" dir=\"ltr\">Spain has spoken <img data-opt-id=359095878  fetchpriority=\"high\" decoding=\"async\" src=\"https:\/\/mleexelnfod5.i.optimole.com\/w:auto\/h:auto\/q:mauto\/f:best\/https:\/\/meiser-tv.de\/wp-content\/uploads\/2026\/09\/1f1ea-1f1f8.png\" alt=\"\ud83c\uddea\ud83c\uddf8\" class=\"wp-smiley\" style=\"height: 1em; max-height: 1em;\"> <\/p>\n<p>Millions of Spaniards take to the streets to protest their Government\u2019s betrayal.<\/p>\n<p>Remove the corrupt Socialist party for Treason. <a target=\"_blank\" rel=\"noopener noreferrer\" href=\"https:\/\/t.co\/6cEVJ8a3uY\">pic.twitter.com\/6cEVJ8a3uY<\/a><\/p>\n<p>\u2014 Lozzy B <img data-opt-id=301044285  data-opt-src=\"https:\/\/mleexelnfod5.i.optimole.com\/w:auto\/h:auto\/q:mauto\/f:best\/https:\/\/meiser-tv.de\/wp-content\/uploads\/2026\/09\/1f1e6-1f1fa.png\"  decoding=\"async\" src=\"data:image/svg+xml,%3Csvg%20viewBox%3D%220%200%20100%%20100%%22%20width%3D%22100%%22%20height%3D%22100%%22%20xmlns%3D%22http%3A%2F%2Fwww.w3.org%2F2000%2Fsvg%22%3E%3Crect%20width%3D%22100%%22%20height%3D%22100%%22%20fill%3D%22transparent%22%2F%3E%3C%2Fsvg%3E\" alt=\"\ud83c\udde6\ud83c\uddfa\" class=\"wp-smiley\" style=\"height: 1em; max-height: 1em;\">\ud835\udd4f (@TruthFairy131) <a target=\"_blank\" rel=\"noopener noreferrer\" href=\"https:\/\/x.com\/TruthFairy131\/status\/2095317545448575193?ref_src=twsrc%5Etfw\">September 3, 2026<\/a><\/p><\/blockquote>\n<p> <script async src=\"https:\/\/platform.x.com\/widgets.js\" charset=\"utf-8\"><\/script><\/p>\n<p class=\"wp-block-paragraph\"><em><strong>\u00dcbersetzung von \u201eX\u201c<\/strong>: Spanien hat gesprochen: Millionen Spanier gehen auf die Stra\u00dfe, um gegen den Verrat ihrer Regierung zu protestieren. Die korrupte Sozialistische Partei muss wegen Landesverrats abgesetzt werden.<\/em><\/p>\n<p class=\"wp-block-paragraph\">Als ein Teil der Demonstranten weiter auf den Kongress zu marschierte, soll die Polizei Gummigeschosse und Tr\u00e4nengas eingesetzt haben.<\/p>\n<blockquote class=\"twitter-tweet\">\n<p lang=\"en\" dir=\"ltr\"><img data-opt-id=359095878  fetchpriority=\"high\" decoding=\"async\" src=\"https:\/\/mleexelnfod5.i.optimole.com\/w:auto\/h:auto\/q:mauto\/f:best\/https:\/\/meiser-tv.de\/wp-content\/uploads\/2026\/09\/1f1ea-1f1f8.png\" alt=\"\ud83c\uddea\ud83c\uddf8\" class=\"wp-smiley\" style=\"height: 1em; max-height: 1em;\"> SPANISH POLICE FIRE TEAR GAS AT ANTI-MIGRATION PROTESTERS IN MADRID<\/p>\n<p>Spanish police have fired tear gas and rubber bullets at demonstrators in Madrid, as tens of thousands took to the streets against the government&#8217;s handling of the Ceuta migrant crisis.<\/p>\n<p>Around 50,000\u2026 <a target=\"_blank\" rel=\"noopener noreferrer\" href=\"https:\/\/t.co\/st7OxBbmaK\">pic.twitter.com\/st7OxBbmaK<\/a><\/p>\n<p>\u2014 British Intel (@TheBritishIntel) <a target=\"_blank\" rel=\"noopener noreferrer\" href=\"https:\/\/x.com\/TheBritishIntel\/status\/2095423404237009307?ref_src=twsrc%5Etfw\">September 3, 2026<\/a><\/p><\/blockquote>\n<p> <script async src=\"https:\/\/platform.x.com\/widgets.js\" charset=\"utf-8\"><\/script><\/p>\n<p class=\"wp-block-paragraph\"><em><strong>\u00dcbersetzung von \u201eX\u201c<\/strong>: SPANISCHE POLIZEI SETZT TR\u00c4NENGAS GEGEN MIGRATIONSGEGNER IN MADRID EIN<\/em><\/p>\n<p class=\"wp-block-paragraph\"><em>Die spanische Polizei hat in Madrid Tr\u00e4nengas und Gummigeschosse gegen Demonstranten eingesetzt, als Zehntausende gegen den Umgang der Regierung mit der Migrationskrise in Ceuta auf die Stra\u00dfe gingen.<\/em><\/p>\n<p class=\"wp-block-paragraph\"><em>Allein in der Hauptstadt versammelten sich rund 50.000 Menschen im Rahmen von Protesten in mehr als 200 St\u00e4dten und Gemeinden, schwenkten spanische Flaggen und skandierten \u201eS\u00e1nchez ins Gef\u00e4ngnis\u201c und \u201eEindringlinge, geht nach Hause\u201c. Nach dem Marsch griff die Polizei in der N\u00e4he des Parlamentsgeb\u00e4udes mit Tr\u00e4nengas und Gummigeschossen ein. Dieser Clip zeigt Demonstranten, die sich danach die Augen aussp\u00fclen.<\/em><\/p>\n<p class=\"wp-block-paragraph\"><em>Sie wollen, dass ihre Grenze gesichert wird und ihr Land sicher ist. Daf\u00fcr setzt ihre eigene Regierung Tr\u00e4nengas gegen sie auf der Stra\u00dfe ein.<\/em><\/p>\n<p class=\"wp-block-paragraph\"><em>Die Wut in ganz Spanien kocht \u00fcber. Fr\u00fcher oder sp\u00e4ter muss eine Regierung, die ihr eigenes Volk so behandelt, die Konsequenzen tragen.<\/em><\/p>\n<p class=\"wp-block-paragraph\">Der Staat, der nicht verhindern konnte, dass 70.000 Menschen ungehindert in eine spanische Stadt str\u00f6mten, fand die Mittel, um B\u00fcrger, die Einw\u00e4nde erhoben, mit Tr\u00e4nengas zu attackieren.<\/p>\n<p class=\"wp-block-paragraph\">Am Donnerstag trat S\u00e1nchez vor den Kongress und betonte, die Exekutive habe \u201enichts zu verbergen\u201c. Er bezeichnete es als \u201eabsurd zu glauben, die Regierung habe davon gewusst und nichts unternommen\u201c. Er gab an, mehr als 90 Prozent der Ankommenden seien innerhalb von 72 Stunden zur\u00fcckgeschickt worden \u2013 \u201eeiner der schnellsten R\u00fcckf\u00fchrungsprozesse in der europ\u00e4ischen Geschichte\u201c \u2013 und machte Ger\u00fcchte in den sozialen Medien sowie eine falsch interpretierte Entscheidung des Obersten Gerichtshofs verantwortlich, die sofortige R\u00fcckf\u00fchrungen auf See untersagt habe.<\/p>\n<p class=\"wp-block-paragraph\">Er erkl\u00e4rte erneut, er habe keine Anhaltspunkte daf\u00fcr, dass Marokko den Ansturm organisiert habe. Ceuta und Melilla, f\u00fcgte er hinzu, w\u00fcrden \u201ebis in alle Ewigkeit\u201c spanisch bleiben.<\/p>\n<p class=\"wp-block-paragraph\">Der Ministerrat hat nun ein Notfallpaket in H\u00f6he von 309 Millionen Euro \u2013 f\u00fcr Unterk\u00fcnfte, Dienstleistungen und zus\u00e4tzliche Polizeikr\u00e4fte \u2013 verabschiedet, was etwa 16 Prozent des Bruttoinlandsprodukts von Ceuta f\u00fcr den Rest des Jahres entspricht.<\/p>\n<p class=\"wp-block-paragraph\">Kritiker werfen vor, dass Zeltlager f\u00fcr 1.500 Erwachsene nicht ausreichen, um 5.000 bis 10.000 Menschen unterzubringen, die bereits gelernt haben, dass es sich lohnt, vor Ort zu bleiben. Asylantr\u00e4ge, Vorschriften zum Schutz von Minderj\u00e4hrigen und das \u201eregul\u00e4re R\u00fcckf\u00fchrungsverfahren\u201c sind die Faktoren, durch die aus einem Ansturm eine dauerhafte Ansiedlung wird.<\/p>\n<p class=\"wp-block-paragraph\">Eine Regierung, die die Grenzsicherung als Imagepflege betreibt und dann die \u00d6ffentlichkeit mit Tr\u00e4nengas attackiert, weil sie dies bemerkt und Einw\u00e4nde erhebt, provoziert damit weitere Unruhen und noch mehr Chaos.<\/p>\n<p class=\"wp-block-paragraph\">***<\/p>\n<p class=\"wp-block-paragraph\">\n<\/div>","protected":false},"excerpt":{"rendered":"<p>Von Tyler Durden Verfasst von Steve Watson via Modernity News, Die spanische Nationalpolizei untersucht derzeit einen Gro\u00dfkauf von Salzs\u00e4ure und Aluminiumfolie in Ceuta, nachdem Mitarbeiter eines Supermarkts eine gro\u00dfe Gruppe von Migranten \u2013 bei denen es sich Berichten zufolge \u00fcberwiegend um Marokkaner handelte \u2013 darauf aufmerksam gemacht hatten, die beide Produkte zusammen gekauft hatten. Spanische [&hellip;]<\/p>\n","protected":false},"author":1,"featured_media":21097,"comment_status":"closed","ping_status":"closed","sticky":false,"template":"","format":"standard","meta":{"_gspb_post_css":"","_uag_custom_page_level_css":"","fifu_image_url":"","fifu_image_alt":"","footnotes":""},"categories":[1],"tags":[],"class_list":["post-21096","post","type-post","status-publish","format-standard","has-post-thumbnail","hentry","category-uncategorized"],"blocksy_meta":{"styles_descriptor":{"styles":{"desktop":"","tablet":"","mobile":""},"google_fonts":[],"version":8}},"uagb_featured_image_src":{"full":["https:\/\/mleexelnfod5.i.optimole.com\/w:auto\/h:auto\/q:mauto\/f:best\/https:\/\/meiser-tv.de\/wp-content\/uploads\/2026\/09\/1f6a8-2.png",72,72,false],"thumbnail":["https:\/\/mleexelnfod5.i.optimole.com\/w:auto\/h:auto\/q:mauto\/f:best\/https:\/\/meiser-tv.de\/wp-content\/uploads\/2026\/09\/1f6a8-2.png",72,72,false],"medium":["https:\/\/mleexelnfod5.i.optimole.com\/w:auto\/h:auto\/q:mauto\/f:best\/https:\/\/meiser-tv.de\/wp-content\/uploads\/2026\/09\/1f6a8-2.png",72,72,false],"medium_large":["https:\/\/mleexelnfod5.i.optimole.com\/w:auto\/h:auto\/q:mauto\/f:best\/https:\/\/meiser-tv.de\/wp-content\/uploads\/2026\/09\/1f6a8-2.png",72,72,false],"large":["https:\/\/mleexelnfod5.i.optimole.com\/w:auto\/h:auto\/q:mauto\/f:best\/https:\/\/meiser-tv.de\/wp-content\/uploads\/2026\/09\/1f6a8-2.png",72,72,false],"1536x1536":["https:\/\/mleexelnfod5.i.optimole.com\/w:auto\/h:auto\/q:mauto\/f:best\/https:\/\/meiser-tv.de\/wp-content\/uploads\/2026\/09\/1f6a8-2.png",72,72,false],"2048x2048":["https:\/\/mleexelnfod5.i.optimole.com\/w:auto\/h:auto\/q:mauto\/f:best\/https:\/\/meiser-tv.de\/wp-content\/uploads\/2026\/09\/1f6a8-2.png",72,72,false],"trp-custom-language-flag":["https:\/\/mleexelnfod5.i.optimole.com\/w:12\/h:12\/q:mauto\/f:best\/dpr:2\/https:\/\/meiser-tv.de\/wp-content\/uploads\/2026\/09\/1f6a8-2.png",12,12,true]},"uagb_author_info":{"display_name":"admin","author_link":"https:\/\/meiser-tv.de\/en\/author\/admin\/"},"uagb_comment_info":0,"uagb_excerpt":"Von Tyler Durden Verfasst von Steve Watson via Modernity News, Die spanische Nationalpolizei untersucht derzeit einen Gro\u00dfkauf von Salzs\u00e4ure und Aluminiumfolie in Ceuta, nachdem Mitarbeiter eines Supermarkts eine gro\u00dfe Gruppe von Migranten \u2013 bei denen es sich Berichten zufolge \u00fcberwiegend um Marokkaner handelte \u2013 darauf aufmerksam gemacht hatten, die beide Produkte zusammen gekauft hatten. Spanische&hellip;","_links":{"self":[{"href":"https:\/\/meiser-tv.de\/en\/wp-json\/wp\/v2\/posts\/21096","targetHints":{"allow":["GET"]}}],"collection":[{"href":"https:\/\/meiser-tv.de\/en\/wp-json\/wp\/v2\/posts"}],"about":[{"href":"https:\/\/meiser-tv.de\/en\/wp-json\/wp\/v2\/types\/post"}],"author":[{"embeddable":true,"href":"https:\/\/meiser-tv.de\/en\/wp-json\/wp\/v2\/users\/1"}],"replies":[{"embeddable":true,"href":"https:\/\/meiser-tv.de\/en\/wp-json\/wp\/v2\/comments?post=21096"}],"version-history":[{"count":0,"href":"https:\/\/meiser-tv.de\/en\/wp-json\/wp\/v2\/posts\/21096\/revisions"}],"wp:featuredmedia":[{"embeddable":true,"href":"https:\/\/meiser-tv.de\/en\/wp-json\/wp\/v2\/media\/21097"}],"wp:attachment":[{"href":"https:\/\/meiser-tv.de\/en\/wp-json\/wp\/v2\/media?parent=21096"}],"wp:term":[{"taxonomy":"category","embeddable":true,"href":"https:\/\/meiser-tv.de\/en\/wp-json\/wp\/v2\/categories?post=21096"},{"taxonomy":"post_tag","embeddable":true,"href":"https:\/\/meiser-tv.de\/en\/wp-json\/wp\/v2\/tags?post=21096"}],"curies":[{"name":"wp","href":"https:\/\/api.w.org\/{rel}","templated":true}]}}