{"id":21101,"date":"2026-09-05T08:03:39","date_gmt":"2026-09-05T06:03:39","guid":{"rendered":"https:\/\/meiser-tv.de\/uncategorized\/vance-kein-krieg-aber-iran-konflikt-koennte-bis-zu-den-zwischenwahlen-dauern-und-weitere-updates\/"},"modified":"2026-09-05T08:03:39","modified_gmt":"2026-09-05T06:03:39","slug":"vance-kein-krieg-aber-iran-konflikt-koennte-bis-zu-den-zwischenwahlen-dauern-und-weitere-updates","status":"publish","type":"post","link":"https:\/\/meiser-tv.de\/en\/uncategorized\/vance-kein-krieg-aber-iran-konflikt-koennte-bis-zu-den-zwischenwahlen-dauern-und-weitere-updates\/","title":{"rendered":"Vance: Kein Krieg, aber Iran-Konflikt k\u00f6nnte bis zu den Zwischenwahlen dauern und weitere Updates"},"content":{"rendered":"<div>\n<p class=\"wp-block-paragraph\"><em>Von Tyler Durden<\/em><\/p>\n<p class=\"wp-block-paragraph\">Das Wei\u00dfe Haus ist zu seiner fr\u00fcheren Argumentation zur\u00fcckgekehrt, dass der Krieg gegen den Iran nicht als <em>Krieg<\/em> bezeichnet werden sollte. In fr\u00fcheren Phasen des Konflikts hatte Pr\u00e4sident Trump verschiedene Bezeichnungen verwendet, die weit hinter dem Begriff \u201eKrieg\u201c zur\u00fcckblieben \u2013 von einem \u201eAusflug\u201c \u00fcber einen \u201ekleinen Umweg\u201c und einen \u201eZwischenstopp\u201c bis hin zu einer blo\u00dfen, begrenzten \u201eMilit\u00e4roperation\u201c.<\/p>\n<p class=\"wp-block-paragraph\">Vor ganzen f\u00fcnf Monaten hatte er <a href=\"https:\/\/www.youtube.com\/watch?v=Sse9HAmQtD0\" target=\"_blank\" rel=\"noopener\">verk\u00fcndet<\/a>: <strong>\u201eWir mussten einen kleinen Umweg machen. Es wird nicht lange dauern.\u201c<\/strong> Verschiedene Formulierungen wie diese wurden monatlich wiederholt, da das, was der amerikanischen \u00d6ffentlichkeit als \u201evier bis sechs Wochen dauernde\u201c Operation \u201aversichert\u2018 wurde, diese Woche die Sechs-Monats-Marke weit \u00fcberschritten hat. Und dennoch ist die Regierung wieder bei altem Muster, obwohl es gerade in den letzten Tagen erneut zu heftigen Feuergefechten zwischen den USA und dem Iran gekommen ist.<\/p>\n<p class=\"wp-block-paragraph\">Vizepr\u00e4sident JD Vance lehnte in seinen \u00c4u\u00dferungen am Donnerstag<strong>die Verwendung des Wortes \u201eKrieg\u201c<\/strong> zur Beschreibung des Konflikts mit dem Iran ab und weigerte sich, eine Prognose abzugeben, ob dieser bis zu den Zwischenwahlen im November beendet sein werde. Derzeit verf\u00fcgen die Republikaner \u00fcber eine knappe Mehrheit im Kongress, m\u00fcssen sich nun aber angesichts eines zunehmend unpopul\u00e4ren <del>Sumpf<\/del>-Konflikts im Nahen Osten den W\u00e4hlern stellen. Bei der Beantwortung von Fragen von Reportern versuchte Vance zu begr\u00fcnden: <strong>\u201eIm Moment gibt es keine aktiven Schusswechsel<\/strong>.<strong>\u201c<\/strong><\/p>\n<blockquote class=\"twitter-tweet\">\n<p lang=\"en\" dir=\"ltr\">JD Vance praises Trump for winning wars, says moments later of Iran that &#8222;I wouldn&#8217;t call it a war&#8220;  <a target=\"_blank\" rel=\"noopener noreferrer\" href=\"https:\/\/t.co\/2RAoFtwa9M\">pic.twitter.com\/2RAoFtwa9M<\/a><\/p>\n<p>\u2014 Aaron Rupar (@atrupar) <a target=\"_blank\" rel=\"noopener noreferrer\" href=\"https:\/\/x.com\/atrupar\/status\/2095583701920854059?ref_src=twsrc%5Etfw\">September 3, 2026<\/a><\/p><\/blockquote>\n<p> <script async src=\"https:\/\/platform.x.com\/widgets.js\" charset=\"utf-8\"><\/script><\/p>\n<p class=\"wp-block-paragraph\"><em><strong>\u00dcbersetzung von \u201eX\u201c<\/strong>: JD Vance lobt Trump daf\u00fcr, Kriege gewonnen zu haben, sagt aber kurz darauf in Bezug auf den Iran: \u201eIch w\u00fcrde das nicht als Krieg bezeichnen.\u201c<\/em><\/p>\n<p class=\"wp-block-paragraph\">Ironischerweise hatte der Iran nur wenige Stunden vor Vances \u00c4u\u00dferungen erneut auf den US-Verb\u00fcndeten Kuwait am Persischen Golf geschossen, wobei es auch Berichte gab, wonach die Vereinigten Arabischen Emirate ebenfalls ins Visier genommen worden seien. Und am Tag zuvor <strong>wurden US-St\u00fctzpunkte in Jordanien erneut von Raketen getroffen<\/strong>, obwohl Jordanien angab, die meisten davon abgefangen zu haben. Teheran behauptete, es habe hohe Verluste unter den US-Streitkr\u00e4ften gegeben, w\u00e4hrend das Pentagon versuchte, dies zu entkr\u00e4ften, und bestritt, dass es zu Opfern gekommen sei.<\/p>\n<p class=\"wp-block-paragraph\">Der Vizepr\u00e4sident bezeichnete diese j\u00fcngste Eskalation als \u201eVerantwortung\u201c der USA, Angriffe auf den Iran durchzuf\u00fchren, da dieser Handelsschiffe ins Visier genommen habe, die die Stra\u00dfe von Hormus durchqueren.<\/p>\n<p class=\"wp-block-paragraph\">Vance wollte zudem ausdr\u00fccklich keine \u201ek\u00fcnstlichen Fristen\u201c setzen. Auf die Frage eines Reporters antwortete er: <strong>\u201eAber wenn Sie fragen: \u201aWann wird das enden?\u2018, dann stellen Sie mir eine Frage wie: \u201aWann werden die Iraner aufh\u00f6ren, auf Schiffe zu schie\u00dfen?\u2018\u201c<\/strong>, sagte Vance. \u201eIch denke, die Realit\u00e4t ist, dass <strong>ich die Antwort auf diese Frage nicht kenne<\/strong>. Das m\u00fcssten Sie die Iraner fragen.\u201c<\/p>\n<p class=\"wp-block-paragraph\">Doch die Realit\u00e4t bleibt bestehen \u2013 die USA <strong>k\u00e4mpfen nach wie vor f\u00fcr eine R\u00fcckkehr zum Vorkriegszustand<\/strong> der Stra\u00dfe von Hormuz, die vor dem 28. Februar f\u00fcr den gesamten internationalen Schiffsverkehr offen war, ohne dass Teheran oder andere Staaten der Region \u201eGeb\u00fchren\u201c oder \u201eSteuern\u201c erhoben h\u00e4tten.<\/p>\n<p class=\"wp-block-paragraph\">Erinnern wir uns auch daran, dass <strong>bereits im Mai<\/strong> Au\u00dfenminister Marco Rubio glasklar zum Ausdruck brachte, dass das Ziel des Krieges im Iran darin besteht, <strong>die Stra\u00dfe von Hormus <em>\u201ewieder so herzustellen, wie sie war\u201c<\/em><\/strong>, bevor Trump die Operation \u201eEpic Fury\u201c einleitete.<\/p>\n<blockquote class=\"wp-block-quote is-layout-flow wp-block-quote-is-layout-flow\">\n<p class=\"wp-block-paragraph\"><strong><em>Wieder so, wie sie war<\/em><\/strong><em>\u2026<\/em> \u2014<strong><a href=\"https:\/\/www.state.gov\/releases\/office-of-the-spokesperson\/2026\/05\/secretary-of-state-marco-rubio-remarks-to-press-9\" target=\"_blank\" rel=\"noopener\">Marco Rubio, 5. Mai 2026<\/a><\/strong><\/p>\n<\/blockquote>\n<figure class=\"wp-block-embed aligncenter is-type-video is-provider-youtube wp-block-embed-youtube wp-embed-aspect-16-9 wp-has-aspect-ratio\">\n<div class=\"wp-block-embed__wrapper\">\n<iframe title=\"Rubio on Strait of Hormuz: &amp;apos;Back to the way it was&amp;apos; - the war&amp;apos;s new goal is the old status quo!\" width=\"800\" height=\"450\" src=\"https:\/\/www.youtube.com\/embed\/Apj_ul0buh8?feature=oembed\" frameborder=\"0\" allow=\"accelerometer; autoplay; clipboard-write; encrypted-media; gyroscope; picture-in-picture; web-share\" referrerpolicy=\"strict-origin-when-cross-origin\" allowfullscreen><\/iframe>\n<\/div>\n<\/figure>\n<p class=\"wp-block-paragraph\">Als Vance diese Woche mit Reportern \u00fcber den Zeitplan des <em>Kriegs<\/em>, die Wahlen im November und m\u00f6gliche Auswirkungen auf die Zukunft der Republikanischen Partei diskutierte, hatte das Wei\u00dfe Haus <strong>bereits mit einem miserablen Image zu k\u00e4mpfen<\/strong>.<\/p>\n<p class=\"wp-block-paragraph\">Zunehmend weisen sogar etablierte, konservative Publikationen wie Newsmax darauf hin, wie gefallene und verwundete Soldaten in einem Moment politisiert werden, in dem die USA sich nicht entscheiden k\u00f6nnen, ob sie sich im Krieg befinden oder nicht:<\/p>\n<blockquote class=\"wp-block-quote is-layout-flow wp-block-quote-is-layout-flow\">\n<p class=\"wp-block-paragraph\"><em>Die Regierung geriet im Juli unter Kritik, nachdem sie vier gefallene Soldaten sowie Dutzende verwundete Soldaten in ihrem \u201eDefense Casualty Analysis System\u201c neu klassifiziert hatte \u2013 einem System, auf das Vertreter des Pentagons wiederholt als ma\u00dfgebliche Quelle f\u00fcr die Zahlen der Toten und Verwundeten aus dem Konflikt verwiesen hatten.<\/em><\/p>\n<\/blockquote>\n<blockquote class=\"wp-block-quote is-layout-flow wp-block-quote-is-layout-flow\">\n<p class=\"wp-block-paragraph\"><strong><em>Diejenigen, die bei K\u00e4mpfen ums Leben kamen oder verwundet wurden, nachdem ein kurzes Waffenstillstandsabkommen zwischen den USA und dem Iran zusammengebrochen war, wurden in eine neue Kategorie namens \u201eAuslandseins\u00e4tze\u201c<\/em><\/strong> <em>eingestuft, nachdem sie zun\u00e4chst in den Gesamtzahlen des Krieges erfasst worden waren.<\/em><\/p>\n<\/blockquote>\n<p class=\"wp-block-paragraph\">Ebenfalls in dieser Woche gab es diesen alarmierenden und beunruhigenden Bericht auf der angesehenen Website Military.com: <em>Witwe eines im Iran-Krieg get\u00f6teten Fliegers behauptet, ihr seien Hinterbliebenenleistungen verweigert worden<\/em>.<\/p>\n<p class=\"wp-block-paragraph\"><strong>\u201eDie Luftwaffe teilte mir k\u00fcrzlich mit, dass meine Kinder und ich keinen Anspruch auf bestimmte Leistungen h\u00e4tten, da wir keinen offiziellen Krieg erkl\u00e4rt h\u00e4tten\u201c,<\/strong> schrieb die Witwe des verstorbenen Majors der US-Luftwaffe John \u201eAlex\u201c Klinner. Er kam im Einsatz \u00fcber dem Irak im Zusammenhang mit Operationen im Iran ums Leben.<\/p>\n<figure class=\"wp-block-image aligncenter size-large is-resized\"><img data-opt-id=362333052  fetchpriority=\"high\" decoding=\"async\" src=\"https:\/\/mleexelnfod5.i.optimole.com\/w:auto\/h:auto\/q:mauto\/f:best\/https:\/\/meiser-tv.de\/wp-content\/uploads\/2026\/09\/airmnkilled.jpg\" alt=\"\" style=\"aspect-ratio:1.5835835621774201;width:618px;height:auto\"><\/figure>\n<p class=\"wp-block-paragraph\">Anfang dieser Woche sprach der US-Handelsminister Howard Lutnick bei CNBC \u00fcber den Krieg gegen den Iran, als er behauptete: <strong>\u201eEs gab keine amerikanischen Todesopfer. Es handelt sich wirklich um eine wirtschaftliche Strangulierung.\u201c<\/strong><\/p>\n<p class=\"wp-block-paragraph\">Nach den offiziellen Angaben des Pentagons sind bisher insgesamt 18 US-Soldaten bei Eins\u00e4tzen gegen den Iran ums Leben gekommen. Einige Experten vermuten schon seit Langem, dass es mehr sein k\u00f6nnten und dass das Pentagon tats\u00e4chlich weiterhin politische Spielchen treibt, wenn es darum geht, wie laufende oder potenzielle Todesf\u00e4lle \u201eklassifiziert\u201c werden. Lutnicks \u00c4u\u00dferungen gegen\u00fcber CNBC waren so schockierend, dass Trump direkt eingriff und <strong>behauptete, er habe versehentlich \u201ean Venezuela gedacht\u201c<\/strong>\u2026<\/p>\n<blockquote class=\"twitter-tweet\">\n<p lang=\"en\" dir=\"ltr\">President Trump says Howard Lutnick \u201chad Venezuela on his mind\u201d when Lutnick said there have been no American deaths in the Iran war. <a target=\"_blank\" rel=\"noopener noreferrer\" href=\"https:\/\/t.co\/BTEgyhOIgN\">https:\/\/t.co\/BTEgyhOIgN<\/a> <a target=\"_blank\" rel=\"noopener noreferrer\" href=\"https:\/\/t.co\/WWe6j1NWdq\">pic.twitter.com\/WWe6j1NWdq<\/a><\/p>\n<p>\u2014 The American Conservative (@amconmag) <a target=\"_blank\" rel=\"noopener noreferrer\" href=\"https:\/\/x.com\/amconmag\/status\/2095490951053517255?ref_src=twsrc%5Etfw\">September 3, 2026<\/a><\/p><\/blockquote>\n<p> <script async src=\"https:\/\/platform.x.com\/widgets.js\" charset=\"utf-8\"><\/script><\/p>\n<p class=\"wp-block-paragraph\"><em><strong>\u00dcbersetzung von \u201eX\u201c<\/strong>: Pr\u00e4sident Trump sagt, Howard Lutnick habe \u201eVenezuela im Hinterkopf gehabt\u201c, als Lutnick erkl\u00e4rte, es habe im Iran-Krieg keine amerikanischen Todesopfer gegeben.<\/em><\/p>\n<p class=\"wp-block-paragraph\">Nach all dem wandte sich Trump erneut auf Truth Social, um dort <strong>die Medien<\/strong> und deren kritische Berichterstattung \u00fcber den Iran-Krieg und die Hormuz-Krise zu beschimpfen. Er bezeichnete Journalisten, die die Darstellung des Wei\u00dfen Hauses hinterfragen, als <strong>\u201everr\u00e4terischen Abschaum\u201c<\/strong>.<\/p>\n<p class=\"wp-block-paragraph\">Trump hob insbesondere die j\u00fcngsten und anhaltenden Berichte \u00fcber einen Mangel an US-Raketen und Abfangraketen hervor, die er als falsch zur\u00fcckwies. Er behauptete weiter, die USA verf\u00fcgten \u00fcber \u201e<strong>praktisch unbegrenzte<\/strong> Mengen an Munition mittlerer bis hoher Qualit\u00e4t\u201c.<\/p>\n<figure class=\"wp-block-image aligncenter size-large\"><img data-opt-id=650677179  fetchpriority=\"high\" decoding=\"async\" src=\"https:\/\/mleexelnfod5.i.optimole.com\/w:auto\/h:auto\/q:mauto\/f:best\/https:\/\/meiser-tv.de\/wp-content\/uploads\/2026\/09\/waron_0.jpg\" alt=\"\"><\/figure>\n<p class=\"wp-block-paragraph\">Wahrscheinlich glaubt der Gro\u00dfteil der amerikanischen W\u00e4hler das nicht. Sind all diese Punkte ein Beweis daf\u00fcr, dass man im Sinne von <em>\u201eAmerica First\u201c<\/em> dient und sch\u00fctzt? Wir haben diesen Ausdruck schon lange nicht mehr aus der Regierung geh\u00f6rt.<\/p>\n<p class=\"wp-block-paragraph\">***<\/p>\n<p class=\"wp-block-paragraph\">\n<\/div>","protected":false},"excerpt":{"rendered":"<p>Von Tyler Durden Das Wei\u00dfe Haus ist zu seiner fr\u00fcheren Argumentation zur\u00fcckgekehrt, dass der Krieg gegen den Iran nicht als Krieg bezeichnet werden sollte. In fr\u00fcheren Phasen des Konflikts hatte Pr\u00e4sident Trump verschiedene Bezeichnungen verwendet, die weit hinter dem Begriff \u201eKrieg\u201c zur\u00fcckblieben \u2013 von einem \u201eAusflug\u201c \u00fcber einen \u201ekleinen Umweg\u201c und einen \u201eZwischenstopp\u201c bis hin [&hellip;]<\/p>\n","protected":false},"author":1,"featured_media":21102,"comment_status":"closed","ping_status":"closed","sticky":false,"template":"","format":"standard","meta":{"_gspb_post_css":"","_uag_custom_page_level_css":"","fifu_image_url":"","fifu_image_alt":"","footnotes":""},"categories":[1],"tags":[],"class_list":["post-21101","post","type-post","status-publish","format-standard","has-post-thumbnail","hentry","category-uncategorized"],"blocksy_meta":{"styles_descriptor":{"styles":{"desktop":"","tablet":"","mobile":""},"google_fonts":[],"version":8}},"uagb_featured_image_src":{"full":["https:\/\/mleexelnfod5.i.optimole.com\/w:auto\/h:auto\/q:mauto\/f:best\/https:\/\/meiser-tv.de\/wp-content\/uploads\/2026\/09\/1f974.png",72,72,false],"thumbnail":["https:\/\/mleexelnfod5.i.optimole.com\/w:auto\/h:auto\/q:mauto\/f:best\/https:\/\/meiser-tv.de\/wp-content\/uploads\/2026\/09\/1f974.png",72,72,false],"medium":["https:\/\/mleexelnfod5.i.optimole.com\/w:auto\/h:auto\/q:mauto\/f:best\/https:\/\/meiser-tv.de\/wp-content\/uploads\/2026\/09\/1f974.png",72,72,false],"medium_large":["https:\/\/mleexelnfod5.i.optimole.com\/w:auto\/h:auto\/q:mauto\/f:best\/https:\/\/meiser-tv.de\/wp-content\/uploads\/2026\/09\/1f974.png",72,72,false],"large":["https:\/\/mleexelnfod5.i.optimole.com\/w:auto\/h:auto\/q:mauto\/f:best\/https:\/\/meiser-tv.de\/wp-content\/uploads\/2026\/09\/1f974.png",72,72,false],"1536x1536":["https:\/\/mleexelnfod5.i.optimole.com\/w:auto\/h:auto\/q:mauto\/f:best\/https:\/\/meiser-tv.de\/wp-content\/uploads\/2026\/09\/1f974.png",72,72,false],"2048x2048":["https:\/\/mleexelnfod5.i.optimole.com\/w:auto\/h:auto\/q:mauto\/f:best\/https:\/\/meiser-tv.de\/wp-content\/uploads\/2026\/09\/1f974.png",72,72,false],"trp-custom-language-flag":["https:\/\/mleexelnfod5.i.optimole.com\/w:12\/h:12\/q:mauto\/f:best\/dpr:2\/https:\/\/meiser-tv.de\/wp-content\/uploads\/2026\/09\/1f974.png",12,12,true]},"uagb_author_info":{"display_name":"admin","author_link":"https:\/\/meiser-tv.de\/en\/author\/admin\/"},"uagb_comment_info":0,"uagb_excerpt":"Von Tyler Durden Das Wei\u00dfe Haus ist zu seiner fr\u00fcheren Argumentation zur\u00fcckgekehrt, dass der Krieg gegen den Iran nicht als Krieg bezeichnet werden sollte. In fr\u00fcheren Phasen des Konflikts hatte Pr\u00e4sident Trump verschiedene Bezeichnungen verwendet, die weit hinter dem Begriff \u201eKrieg\u201c zur\u00fcckblieben \u2013 von einem \u201eAusflug\u201c \u00fcber einen \u201ekleinen Umweg\u201c und einen \u201eZwischenstopp\u201c bis hin&hellip;","_links":{"self":[{"href":"https:\/\/meiser-tv.de\/en\/wp-json\/wp\/v2\/posts\/21101","targetHints":{"allow":["GET"]}}],"collection":[{"href":"https:\/\/meiser-tv.de\/en\/wp-json\/wp\/v2\/posts"}],"about":[{"href":"https:\/\/meiser-tv.de\/en\/wp-json\/wp\/v2\/types\/post"}],"author":[{"embeddable":true,"href":"https:\/\/meiser-tv.de\/en\/wp-json\/wp\/v2\/users\/1"}],"replies":[{"embeddable":true,"href":"https:\/\/meiser-tv.de\/en\/wp-json\/wp\/v2\/comments?post=21101"}],"version-history":[{"count":0,"href":"https:\/\/meiser-tv.de\/en\/wp-json\/wp\/v2\/posts\/21101\/revisions"}],"wp:featuredmedia":[{"embeddable":true,"href":"https:\/\/meiser-tv.de\/en\/wp-json\/wp\/v2\/media\/21102"}],"wp:attachment":[{"href":"https:\/\/meiser-tv.de\/en\/wp-json\/wp\/v2\/media?parent=21101"}],"wp:term":[{"taxonomy":"category","embeddable":true,"href":"https:\/\/meiser-tv.de\/en\/wp-json\/wp\/v2\/categories?post=21101"},{"taxonomy":"post_tag","embeddable":true,"href":"https:\/\/meiser-tv.de\/en\/wp-json\/wp\/v2\/tags?post=21101"}],"curies":[{"name":"wp","href":"https:\/\/api.w.org\/{rel}","templated":true}]}}