{"id":21110,"date":"2026-09-05T09:02:59","date_gmt":"2026-09-05T07:02:59","guid":{"rendered":"https:\/\/meiser-tv.de\/politik\/bsw-will-publizistin-krone-schmalz-als-bundespraesidentin\/"},"modified":"2026-09-05T09:02:59","modified_gmt":"2026-09-05T07:02:59","slug":"bsw-will-publizistin-krone-schmalz-als-bundespraesidentin","status":"publish","type":"post","link":"https:\/\/meiser-tv.de\/en\/politik\/bsw-will-publizistin-krone-schmalz-als-bundespraesidentin\/","title":{"rendered":"BSW will Publizistin Krone-Schmalz als Bundespr\u00e4sidentin"},"content":{"rendered":"<div>\n<p>Wie die <em>Deutsche Presse-Agentur <\/em>berichtet, pl\u00e4diert das BSW daf\u00fcr, die Journalistin und Publizistin Gabriele Krone-Schmalz zur Bundespr\u00e4sidentin zu w\u00e4hlen. Als Begr\u00fcndung erkl\u00e4rte die Parteigr\u00fcnderin Sahra Wagenknecht dem Bericht zufolge: &#8222;Gabriele Krone-Schmalz w\u00e4re eine glaubw\u00fcrdige Pers\u00f6nlichkeit, die vielen Menschen aus dem Herzen spricht.&#8220; Die fr\u00fchere Moskau-Korrespondentin der <em>ARD<\/em> war schon mehrmals bei Kundgebungen und Veranstaltungen des BSW als Rednerin aufgetreten.<\/p>\n<p>Auch die beiden BSW-Spitzenkandidaten in Sachsen-Anhalt Claudia Wittig und Thomas Schulze sind von dem Vorschlag angetan. Sollte man in den sachsen-anhaltischen Landtag einziehen, werde man sich in der Bundesversammlung f\u00fcr die 76-j\u00e4hrige Gabriele Krone-Schmalz als &#8222;Kandidatin des Friedens&#8220; einsetzen.<\/p>\n<p>Dies k\u00e4me dem in der Bev\u00f6lkerung verbreiteten Wunsch nach &#8222;einer anderen Politik und gerade auch einer anderen Repr\u00e4sentanz&#8220; entgegen. Dieses Bed\u00fcrfnis habe sich beim vergangenes Wochenende vom BSW ausgerichteten &#8222;Festival der Meinungsfreiheit&#8220; in Magdeburg gezeigt, erkl\u00e4rten sie laut der <em>Ostdeutschen Allgemeinen Zeitung<\/em>.<\/p>\n<p>Nach zwei Amtszeiten darf der bisherige Amtsinhaber Frank-Walter Steinmeier nicht wieder kandidieren. F\u00fcr die am 30. Januar 2027 Bundesversammlung beginnt deshalb bereits die Kandidatensuche. Die schwarz-rote Regierungskoalition hat bisher noch keinen gemeinsamen Kandidaten vorgestellt. Im Februar 2026 hatte Bundeskanzler Friedrich Merz angek\u00fcndigt, nach den Landtagswahlen im September der \u00d6ffentlichkeit einen Vorschlag unterbreiten zu wollen.<\/p>\n<p>In ihren \u00f6ffentlichen Auftritten verwehrt sich die Russlandkennerin Krone-Schmalz bei aller Kritik am Ukraine-Krieg immer wieder gegen das Feindbild Russland und macht sich f\u00fcr Verhandlungen stark. Wie die Publizistin in einem k\u00fcrzlich erschienenen Interview mit der <em>Berliner Zeitung<\/em> schilderte, wird sie deshalb seit dem Februar 2022 nicht mehr in <em>ARD<\/em>&#8211; oder <em>ZDF<\/em>-Talkshows eingeladen.<\/p>\n<p>Die am 1. September von Bundesinnenminister Alexander Dobrindt und Au\u00dfenminister Johann Wadephul verk\u00fcndete Schlie\u00dfung des russischen Konsulats in Bonn und des Russischen Hauses in Berlin kritisierte Krone-Schmalz in dem Interview als unangebracht:<\/p>\n<p>&#8222;Angesichts des Ermittlungsstandes ist es aus meiner Sicht alles andere als verh\u00e4ltnism\u00e4\u00dfig. Und in der Sache bringt das Ma\u00dfnahmenpaket meines Erachtens gar nichts. Es wird dazu f\u00fchren und hat ja schon dazu gef\u00fchrt, dass deutsche Einrichtungen in Russland geschlossen werden. Das hei\u00dft, es gibt immer weniger Begegnungsst\u00e4tten, die gerade jetzt konstruktive Arbeit leisten k\u00f6nnten.&#8220;<\/p>\n<p>Die Frage des <em>FAZ<\/em>-Journalisten Michael Martens, wie die Europ\u00e4er zur T\u00f6tung von mehr russischen Soldaten beitragen k\u00f6nnten, nannte sie &#8222;menschenverachtend und widerw\u00e4rtig&#8220;. Sie habe \u00fcberhaupt kein Verst\u00e4ndnis f\u00fcr diese Art von Fragestellung: &#8222;In einer Situation, in der so viele Menschen ihr Leben und ihre Gesundheit verlieren, halte ich intellektuelle Spielereien mit irgendwelchen Zitaten f\u00fcr unangebracht. Schon gar, wenn sie so menschenverachtend und kriegshetzerisch sind&#8220;, erkl\u00e4rte Krone-Schmalz.<\/p>\n<p><strong>Mehr zum Thema<\/strong> &#8211; <a target=\"_blank\" rel=\"noopener noreferrer\" href=\"https:\/\/de-rt.com\/meinung\/288887-russe-muss-sterben-martens-als\/\">&#8222;Der Russe muss sterben&#8220; \u2013 Martens als Sprachrohr deutscher Ausl\u00f6schungsw\u00fcnsche<\/a><\/p>\n<div class=\"EmbedBlock-root EmbedBlock-externalVideo EmbedBlock-rumble\">\n<div class=\"VkEmbed\"><iframe class=\"lazyload\" data-src=\"https:\/\/rumble.com\/embed\/v6oimiq\" frameborder=\"0\" width=\"853\" height=\"480\" allowfullscreen><\/iframe><\/div>\n<\/p><\/div>\n<\/p>\n<\/div>","protected":false},"excerpt":{"rendered":"<p>Wie die Deutsche Presse-Agentur berichtet, pl\u00e4diert das BSW daf\u00fcr, die Journalistin und Publizistin Gabriele Krone-Schmalz zur Bundespr\u00e4sidentin zu w\u00e4hlen. Als Begr\u00fcndung erkl\u00e4rte die Parteigr\u00fcnderin Sahra Wagenknecht dem Bericht zufolge: &#8222;Gabriele Krone-Schmalz w\u00e4re eine glaubw\u00fcrdige Pers\u00f6nlichkeit, die vielen Menschen aus dem Herzen spricht.&#8220; Die fr\u00fchere Moskau-Korrespondentin der ARD war schon mehrmals bei Kundgebungen und Veranstaltungen des [&hellip;]<\/p>\n","protected":false},"author":1,"featured_media":4846,"comment_status":"closed","ping_status":"closed","sticky":false,"template":"","format":"standard","meta":{"_gspb_post_css":"","_uag_custom_page_level_css":"","fifu_image_url":"","fifu_image_alt":"","footnotes":""},"categories":[5],"tags":[],"class_list":["post-21110","post","type-post","status-publish","format-standard","has-post-thumbnail","hentry","category-politik"],"blocksy_meta":{"styles_descriptor":{"styles":{"desktop":"","tablet":"","mobile":""},"google_fonts":[],"version":8}},"uagb_featured_image_src":{"full":["https:\/\/mleexelnfod5.i.optimole.com\/w:auto\/h:auto\/q:mauto\/f:best\/https:\/\/i2.wp.com\/meiser-tv.de\/wp-content\/uploads\/2026\/05\/RSS-Hintergrund.jpg?w=1920&fit=1920,1080&ssl=1",1920,1080,true],"thumbnail":["https:\/\/mleexelnfod5.i.optimole.com\/w:auto\/h:auto\/q:mauto\/f:best\/https:\/\/i2.wp.com\/meiser-tv.de\/wp-content\/uploads\/2026\/05\/RSS-Hintergrund.jpg?w=150&resize=150,150&ssl=1",150,150,true],"medium":["https:\/\/mleexelnfod5.i.optimole.com\/w:auto\/h:auto\/q:mauto\/f:best\/https:\/\/i2.wp.com\/meiser-tv.de\/wp-content\/uploads\/2026\/05\/RSS-Hintergrund.jpg?w=300&fit=300,300&ssl=1",300,300,true],"medium_large":["https:\/\/mleexelnfod5.i.optimole.com\/w:auto\/h:auto\/q:mauto\/f:best\/https:\/\/i2.wp.com\/meiser-tv.de\/wp-content\/uploads\/2026\/05\/RSS-Hintergrund.jpg?w=768&resize=768,0&ssl=1",768,0,true],"large":["https:\/\/mleexelnfod5.i.optimole.com\/w:auto\/h:auto\/q:mauto\/f:best\/https:\/\/i2.wp.com\/meiser-tv.de\/wp-content\/uploads\/2026\/05\/RSS-Hintergrund.jpg?w=1024&fit=1024,1024&ssl=1",1024,1024,true],"1536x1536":["https:\/\/mleexelnfod5.i.optimole.com\/w:auto\/h:auto\/q:mauto\/f:best\/https:\/\/i2.wp.com\/meiser-tv.de\/wp-content\/uploads\/2026\/05\/RSS-Hintergrund.jpg?w=1536&fit=1536,1536&ssl=1",1536,1536,true],"2048x2048":["https:\/\/mleexelnfod5.i.optimole.com\/w:auto\/h:auto\/q:mauto\/f:best\/https:\/\/i2.wp.com\/meiser-tv.de\/wp-content\/uploads\/2026\/05\/RSS-Hintergrund.jpg?w=2048&fit=2048,2048&ssl=1",2048,2048,true],"trp-custom-language-flag":["https:\/\/mleexelnfod5.i.optimole.com\/w:auto\/h:auto\/q:mauto\/f:best\/https:\/\/i2.wp.com\/meiser-tv.de\/wp-content\/uploads\/2026\/05\/RSS-Hintergrund.jpg?w=18&fit=18,12&ssl=1",18,12,true]},"uagb_author_info":{"display_name":"admin","author_link":"https:\/\/meiser-tv.de\/en\/author\/admin\/"},"uagb_comment_info":0,"uagb_excerpt":"Wie die Deutsche Presse-Agentur berichtet, pl\u00e4diert das BSW daf\u00fcr, die Journalistin und Publizistin Gabriele Krone-Schmalz zur Bundespr\u00e4sidentin zu w\u00e4hlen. Als Begr\u00fcndung erkl\u00e4rte die Parteigr\u00fcnderin Sahra Wagenknecht dem Bericht zufolge: &#8222;Gabriele Krone-Schmalz w\u00e4re eine glaubw\u00fcrdige Pers\u00f6nlichkeit, die vielen Menschen aus dem Herzen spricht.&#8220; Die fr\u00fchere Moskau-Korrespondentin der ARD war schon mehrmals bei Kundgebungen und Veranstaltungen des&hellip;","_links":{"self":[{"href":"https:\/\/meiser-tv.de\/en\/wp-json\/wp\/v2\/posts\/21110","targetHints":{"allow":["GET"]}}],"collection":[{"href":"https:\/\/meiser-tv.de\/en\/wp-json\/wp\/v2\/posts"}],"about":[{"href":"https:\/\/meiser-tv.de\/en\/wp-json\/wp\/v2\/types\/post"}],"author":[{"embeddable":true,"href":"https:\/\/meiser-tv.de\/en\/wp-json\/wp\/v2\/users\/1"}],"replies":[{"embeddable":true,"href":"https:\/\/meiser-tv.de\/en\/wp-json\/wp\/v2\/comments?post=21110"}],"version-history":[{"count":0,"href":"https:\/\/meiser-tv.de\/en\/wp-json\/wp\/v2\/posts\/21110\/revisions"}],"wp:featuredmedia":[{"embeddable":true,"href":"https:\/\/meiser-tv.de\/en\/wp-json\/wp\/v2\/media\/4846"}],"wp:attachment":[{"href":"https:\/\/meiser-tv.de\/en\/wp-json\/wp\/v2\/media?parent=21110"}],"wp:term":[{"taxonomy":"category","embeddable":true,"href":"https:\/\/meiser-tv.de\/en\/wp-json\/wp\/v2\/categories?post=21110"},{"taxonomy":"post_tag","embeddable":true,"href":"https:\/\/meiser-tv.de\/en\/wp-json\/wp\/v2\/tags?post=21110"}],"curies":[{"name":"wp","href":"https:\/\/api.w.org\/{rel}","templated":true}]}}