{"id":21123,"date":"2026-09-05T11:03:11","date_gmt":"2026-09-05T09:03:11","guid":{"rendered":"https:\/\/meiser-tv.de\/politik\/anschlaege-auf-umspannwerke-polizei-auf-der-spur-eines-tatverdaechtigen\/"},"modified":"2026-09-05T11:03:11","modified_gmt":"2026-09-05T09:03:11","slug":"anschlaege-auf-umspannwerke-polizei-auf-der-spur-eines-tatverdaechtigen","status":"publish","type":"post","link":"https:\/\/meiser-tv.de\/en\/politik\/anschlaege-auf-umspannwerke-polizei-auf-der-spur-eines-tatverdaechtigen\/","title":{"rendered":"Anschl\u00e4ge auf Umspannwerke: Polizei auf der Spur eines Tatverd\u00e4chtigen"},"content":{"rendered":"<div>\n<p>Nach Angriffen auf die Strominfrastruktur in Brandenburg und Nordrhein-Westfalen sind die Ermittler nunmehr auf einer konkreten Spur. Denn mittlerweile liegen zwei Bekennerschreiben vor, die mit vollem Namen unterzeichnet sind. Nach dem 48-j\u00e4hrigen Mann aus Gevelsberg im Ennepe-Ruhr-Kreis wird derzeit europaweit gefahndet. Die Ermittlungsbeh\u00f6rden gehen von einem klimaextremistischen Einzelt\u00e4ter aus, erkl\u00e4rte Bundesinnenminister Alexander Dobrindt (CSU) bei einem Presse-Statement.<\/p>\n<p data-start=\"1935\" data-end=\"2515\">Noch ist allerdings unklar, ob der gesuchte Daniel V. wirklich f\u00fcr die Anschl\u00e4ge der vergangenen Tage verantwortlich ist oder ob er nur die Bekennerschreiben verfasst hat. Auff\u00e4llig ist: Auf einem der Bekennerschreiben soll Medienberichten zufolge eine Adresse gestanden haben. Als die Spezialkr\u00e4fte die Doppelhaush\u00e4lfte in Gevelsberg jedoch durchsuchten, trafen sie nur die betagte Mutter des arbeitslosen Mediziners an, schreibt die <em data-start=\"2370\" data-end=\"2375\">taz<\/em>. Auch ein SEK-Einsatz bei einem auff\u00e4lligen Lkw im Hambacher Forst brachte keine Festnahme. Offenbar ist Daniel V. zu Fu\u00df weitergefl\u00fcchtet.<\/p>\n<p>In den Bekennerschreiben finden sich technische Details zu den selbst gebauten Raketen, die auf T\u00e4terwissen hindeuten. In dem an die <em data-start=\"2650\" data-end=\"2655\">taz<\/em> verschickten Schreiben bezichtigt sich Daniel V. offenbar selbst der Sabotage. Die Mutter des Fl\u00fcchtigen will die Handschrift ihres Sohnes auf dem Brief erkannt haben. Die Ermittler sollen bei der Durchsuchung der Wohnung zudem sprengstoffverd\u00e4chtige Gegenst\u00e4nde gefunden haben, unter anderem die Stoffe Kaliumnitrat und Kaliumperchlorat.<\/p>\n<p data-start=\"2996\" data-end=\"3344\">Nordrhein-Westfalens Innenminister Herbert Reul h\u00e4lt die Schreiben f\u00fcr authentisch. Er mahnte laut <em data-start=\"3100\" data-end=\"3105\">ARD<\/em>-Bericht zur Vorsicht, was eine Vorverurteilung von Daniel V. betrifft: &#8222;Wenn jemand seinen Namen druntersetzt, ist er nicht zwingend der Verantwortliche.&#8220; Reul betonte, man m\u00fcsse au\u00dferdem pr\u00fcfen, ob der Gevelsberger allein gehandelt habe.<\/p>\n<p>Auch Zitate aus den Bekennerschreiben sind an die \u00d6ffentlichkeit gelangt. Demnach f\u00fchrt Daniel V. als mutma\u00dflicher Verfasser der Briefe einen &#8222;Kampf gegen fossile Brennstoffe&#8220;, erkl\u00e4rt aber, nicht das Land selbst, sondern die fossile Rohstoffindustrie angreifen zu wollen. Die Stromerzeugung mittels fossiler Brennstoffe sei verbrecherisch und ziehe &#8222;uns\u00e4gliches Leid&#8220; nach sich.<\/p>\n<p data-start=\"3727\" data-end=\"4195\">Der Schreiber des ersten Bekennerschreibens an die <em data-start=\"3778\" data-end=\"3783\">taz<\/em> erkl\u00e4rt, die Taten ver\u00fcben zu m\u00fcssen, &#8222;weil die Medien einen Schei\u00df tun, die Dringlichkeit der Situation zu vermitteln und der Staat da nicht eingreift, um dieses Leid abzuwenden&#8220;. Auch gegen die deutsche R\u00fcstungsindustrie wendet sich der Verfasser. Er w\u00fcrde es begr\u00fc\u00dfen, wenn die von ihm verursachten Stromausf\u00e4lle die Produktion beeintr\u00e4chtigen w\u00fcrden, zumal die BRD &#8222;den V\u00f6lkermord in Pal\u00e4stina&#8220; unterst\u00fctze.<\/p>\n<p data-start=\"3727\" data-end=\"4195\">Wichtig ist Daniel V. als mutma\u00dflichem Verfasser seine Alleint\u00e4terschaft. Er habe niemandem davon erz\u00e4hlt. Er wolle nicht, dass die Sabotageakte der linken Szene zugeschrieben w\u00fcrden, die nichts damit zu tun habe. Er sehe sich gezwungen, weitere Anschl\u00e4ge zu ver\u00fcben: &#8222;Wenn hier Recht und Ordnung herrschten, dann m\u00fcsste ich das Gesetz nicht brechen und einen Haufen Leid in Kauf nehmen, das ich wegen dem Stromausfall und allen Stromausf\u00e4llen, die da noch kommen m\u00fcssen, zu verantworten habe.&#8220;<\/p>\n<p>Mittlerweile geht die Sabotageserie weiter. Nach Brandenburg und Nordrhein-Westfalen traf es nun auch Sachsen. Wie die <em data-start=\"4812\" data-end=\"4837\">Deutsche Presse-Agentur<\/em> unter Berufung auf Sachsens Innenminister Armin Schuster (CDU) berichtet, wurden an zwei Umspannwerken im Landkreis G\u00f6rlitz Spreng- oder Brandvorrichtungen entdeckt. Auch dort soll es ein Bekennerschreiben gegeben haben. Die Polizeikr\u00e4fte arbeiteten am Abend an der Entsch\u00e4rfung der Sprengs\u00e4tze. Eines der vorherigen Bekennerschreiben hatte Schuster zufolge Hinweise auf Sachsen enthalten.<\/p>\n<p data-start=\"5229\" data-end=\"5527\">NRW-Innenminister Reul zufolge ermittelt die Polizei wegen verfassungsfeindlicher Sabotage. Das Vorliegen eines linksextremistischen Hintergrunds und eine m\u00f6gliche &#8222;fremdstaatlich gesteuerte Sabotage&#8220; w\u00fcrden gepr\u00fcft. Die Polizei bittet derweil die Bev\u00f6lkerung um Unterst\u00fctzung bei den Ermittlungen.<\/p>\n<p><strong>Mehr zum Thema<\/strong>\u00a0\u2012 <a target=\"_blank\" rel=\"noopener noreferrer\" href=\"https:\/\/de-rt.com\/inland\/290636-nordrhein-westfalen-polizei-meldet-erneutes\/\">Nordrhein-Westfalen: Polizei meldet erneute &#8222;Sabotagedelikte&#8220; an zwei Umspannwerken<\/a><\/p>\n<div class=\"EmbedBlock-root EmbedBlock-externalVideo EmbedBlock-rumble\">\n<div class=\"VkEmbed\"><iframe class=\"lazyload\" data-src=\"https:\/\/rumble.com\/embed\/v7cuefu\" frameborder=\"0\" width=\"853\" height=\"480\" allowfullscreen><\/iframe><\/div>\n<\/p><\/div>\n<\/p>\n<\/div>","protected":false},"excerpt":{"rendered":"<p>Nach Angriffen auf die Strominfrastruktur in Brandenburg und Nordrhein-Westfalen sind die Ermittler nunmehr auf einer konkreten Spur. Denn mittlerweile liegen zwei Bekennerschreiben vor, die mit vollem Namen unterzeichnet sind. Nach dem 48-j\u00e4hrigen Mann aus Gevelsberg im Ennepe-Ruhr-Kreis wird derzeit europaweit gefahndet. Die Ermittlungsbeh\u00f6rden gehen von einem klimaextremistischen Einzelt\u00e4ter aus, erkl\u00e4rte Bundesinnenminister Alexander Dobrindt (CSU) bei [&hellip;]<\/p>\n","protected":false},"author":1,"featured_media":4846,"comment_status":"closed","ping_status":"closed","sticky":false,"template":"","format":"standard","meta":{"_gspb_post_css":"","_uag_custom_page_level_css":"","fifu_image_url":"","fifu_image_alt":"","footnotes":""},"categories":[5],"tags":[],"class_list":["post-21123","post","type-post","status-publish","format-standard","has-post-thumbnail","hentry","category-politik"],"blocksy_meta":{"styles_descriptor":{"styles":{"desktop":"","tablet":"","mobile":""},"google_fonts":[],"version":8}},"uagb_featured_image_src":{"full":["https:\/\/mleexelnfod5.i.optimole.com\/w:auto\/h:auto\/q:mauto\/f:best\/https:\/\/i2.wp.com\/meiser-tv.de\/wp-content\/uploads\/2026\/05\/RSS-Hintergrund.jpg?w=1920&fit=1920,1080&ssl=1",1920,1080,true],"thumbnail":["https:\/\/mleexelnfod5.i.optimole.com\/w:auto\/h:auto\/q:mauto\/f:best\/https:\/\/i2.wp.com\/meiser-tv.de\/wp-content\/uploads\/2026\/05\/RSS-Hintergrund.jpg?w=150&resize=150,150&ssl=1",150,150,true],"medium":["https:\/\/mleexelnfod5.i.optimole.com\/w:auto\/h:auto\/q:mauto\/f:best\/https:\/\/i2.wp.com\/meiser-tv.de\/wp-content\/uploads\/2026\/05\/RSS-Hintergrund.jpg?w=300&fit=300,300&ssl=1",300,300,true],"medium_large":["https:\/\/mleexelnfod5.i.optimole.com\/w:auto\/h:auto\/q:mauto\/f:best\/https:\/\/i2.wp.com\/meiser-tv.de\/wp-content\/uploads\/2026\/05\/RSS-Hintergrund.jpg?w=768&resize=768,0&ssl=1",768,0,true],"large":["https:\/\/mleexelnfod5.i.optimole.com\/w:auto\/h:auto\/q:mauto\/f:best\/https:\/\/i2.wp.com\/meiser-tv.de\/wp-content\/uploads\/2026\/05\/RSS-Hintergrund.jpg?w=1024&fit=1024,1024&ssl=1",1024,1024,true],"1536x1536":["https:\/\/mleexelnfod5.i.optimole.com\/w:auto\/h:auto\/q:mauto\/f:best\/https:\/\/i2.wp.com\/meiser-tv.de\/wp-content\/uploads\/2026\/05\/RSS-Hintergrund.jpg?w=1536&fit=1536,1536&ssl=1",1536,1536,true],"2048x2048":["https:\/\/mleexelnfod5.i.optimole.com\/w:auto\/h:auto\/q:mauto\/f:best\/https:\/\/i2.wp.com\/meiser-tv.de\/wp-content\/uploads\/2026\/05\/RSS-Hintergrund.jpg?w=2048&fit=2048,2048&ssl=1",2048,2048,true],"trp-custom-language-flag":["https:\/\/mleexelnfod5.i.optimole.com\/w:auto\/h:auto\/q:mauto\/f:best\/https:\/\/i2.wp.com\/meiser-tv.de\/wp-content\/uploads\/2026\/05\/RSS-Hintergrund.jpg?w=18&fit=18,12&ssl=1",18,12,true]},"uagb_author_info":{"display_name":"admin","author_link":"https:\/\/meiser-tv.de\/en\/author\/admin\/"},"uagb_comment_info":0,"uagb_excerpt":"Nach Angriffen auf die Strominfrastruktur in Brandenburg und Nordrhein-Westfalen sind die Ermittler nunmehr auf einer konkreten Spur. Denn mittlerweile liegen zwei Bekennerschreiben vor, die mit vollem Namen unterzeichnet sind. Nach dem 48-j\u00e4hrigen Mann aus Gevelsberg im Ennepe-Ruhr-Kreis wird derzeit europaweit gefahndet. Die Ermittlungsbeh\u00f6rden gehen von einem klimaextremistischen Einzelt\u00e4ter aus, erkl\u00e4rte Bundesinnenminister Alexander Dobrindt (CSU) bei&hellip;","_links":{"self":[{"href":"https:\/\/meiser-tv.de\/en\/wp-json\/wp\/v2\/posts\/21123","targetHints":{"allow":["GET"]}}],"collection":[{"href":"https:\/\/meiser-tv.de\/en\/wp-json\/wp\/v2\/posts"}],"about":[{"href":"https:\/\/meiser-tv.de\/en\/wp-json\/wp\/v2\/types\/post"}],"author":[{"embeddable":true,"href":"https:\/\/meiser-tv.de\/en\/wp-json\/wp\/v2\/users\/1"}],"replies":[{"embeddable":true,"href":"https:\/\/meiser-tv.de\/en\/wp-json\/wp\/v2\/comments?post=21123"}],"version-history":[{"count":0,"href":"https:\/\/meiser-tv.de\/en\/wp-json\/wp\/v2\/posts\/21123\/revisions"}],"wp:featuredmedia":[{"embeddable":true,"href":"https:\/\/meiser-tv.de\/en\/wp-json\/wp\/v2\/media\/4846"}],"wp:attachment":[{"href":"https:\/\/meiser-tv.de\/en\/wp-json\/wp\/v2\/media?parent=21123"}],"wp:term":[{"taxonomy":"category","embeddable":true,"href":"https:\/\/meiser-tv.de\/en\/wp-json\/wp\/v2\/categories?post=21123"},{"taxonomy":"post_tag","embeddable":true,"href":"https:\/\/meiser-tv.de\/en\/wp-json\/wp\/v2\/tags?post=21123"}],"curies":[{"name":"wp","href":"https:\/\/api.w.org\/{rel}","templated":true}]}}