{"id":21138,"date":"2026-09-05T13:02:15","date_gmt":"2026-09-05T11:02:15","guid":{"rendered":"https:\/\/meiser-tv.de\/medienkritik\/mutiger-auswanderer-wenn-die-afd-es-nicht-schafft-sehe-ich-schwarz-fuer-deutschland\/"},"modified":"2026-09-05T13:02:15","modified_gmt":"2026-09-05T11:02:15","slug":"mutiger-auswanderer-wenn-die-afd-es-nicht-schafft-sehe-ich-schwarz-fuer-deutschland","status":"publish","type":"post","link":"https:\/\/meiser-tv.de\/en\/medienkritik\/mutiger-auswanderer-wenn-die-afd-es-nicht-schafft-sehe-ich-schwarz-fuer-deutschland\/","title":{"rendered":"MUTIGER AUSWANDERER: \u201eWenn die AfD es nicht schafft, sehe ich SCHWARZ f\u00fcr Deutschland!\u201c"},"content":{"rendered":"<div>\n<p class=\"wp-block-paragraph\">Der Pfleger und alleinerziehende Vater Matthias K\u00fchn sieht sich mit einer aus seiner Sicht beispiellosen Politjustiz konfrontiert: Nach eigenen Angaben erhielt er vom Amtsgericht Ebersberg einen Strafbefehl \u00fcber 9.000 Euro \u2013 weil er einen patriotischen Slogan wiederholt hatte.<\/p>\n<p class=\"wp-block-paragraph\">Inzwischen ist K\u00fchn gemeinsam mit seinem Sohn in die Schweiz ausgewandert.<\/p>\n<p class=\"wp-block-paragraph\">Im Interview mit DK-Reporter Johannes Sch\u00fcller spricht er Klartext \u00fcber seinen Fall \u2013 und erkl\u00e4rt, unter welchen Voraussetzungen er nach Deutschland zur\u00fcckkehren w\u00fcrde.<\/p>\n<p class=\"wp-block-paragraph\"><img data-opt-id=528265295  fetchpriority=\"high\" decoding=\"async\" src=\"https:\/\/mleexelnfod5.i.optimole.com\/w:auto\/h:auto\/q:mauto\/f:best\/https:\/\/meiser-tv.de\/wp-content\/uploads\/2026\/09\/1f4fa-3.png\" alt=\"\ud83d\udcfa\" class=\"wp-smiley\" style=\"height: 1em; max-height: 1em;\">JETZT UNBEDINGT ANSCHAUEN!<\/p>\n<p><strong>Beitrag:<\/strong> <a target=\"_blank\" rel=\"noopener noreferrer\" href=\"https:\/\/deutschlandkurier.de\/2026\/09\/mutiger-auswanderer-wenn-die-afd-es-nicht-schafft-sehe-ich-schwarz-fuer-deutschland\/\">MUTIGER AUSWANDERER: \u201eWenn die AfD es nicht schafft, sehe ich SCHWARZ f\u00fcr Deutschland!\u201c<\/a> <br><strong>Quelle:<\/strong> Deutschland-Kurier.<\/p>\n<\/div>","protected":false},"excerpt":{"rendered":"<div>\n<p>Der Pfleger und alleinerziehende Vater Matthias K\u00fchn sieht sich mit einer aus seiner Sicht beispiellosen Politjustiz konfrontiert: Nach eigenen Angaben erhielt er vom Amtsgericht Ebersberg einen Strafbefehl \u00fcber 9.000 Euro \u2013 weil er einen patriotischen Slogan wiederholt hatte. Inzwischen ist K\u00fchn gemeinsam mit seinem Sohn in die Schweiz ausgewandert. Im Interview mit DK\ud83c\udde9\ud83c\uddea-Reporter Johannes Sch\u00fcller [\u2026]<\/p>\n<p>The post <a href=\"https:\/\/deutschlandkurier.de\/2026\/09\/mutiger-auswanderer-wenn-die-afd-es-nicht-schafft-sehe-ich-schwarz-fuer-deutschland\/\">MUTIGER AUSWANDERER: \u201eWenn die AfD es nicht schafft, sehe ich SCHWARZ f\u00fcr Deutschland!\u201c<\/a> appeared first on <a href=\"https:\/\/deutschlandkurier.de\/\">Deutschland-Kurier<\/a>.<\/p>\n<\/div>\n","protected":false},"author":1,"featured_media":21139,"comment_status":"closed","ping_status":"closed","sticky":false,"template":"","format":"standard","meta":{"_gspb_post_css":"","_uag_custom_page_level_css":"","fifu_image_url":"","fifu_image_alt":"","footnotes":""},"categories":[17],"tags":[],"class_list":["post-21138","post","type-post","status-publish","format-standard","has-post-thumbnail","hentry","category-medienkritik"],"blocksy_meta":{"styles_descriptor":{"styles":{"desktop":"","tablet":"","mobile":""},"google_fonts":[],"version":8}},"uagb_featured_image_src":{"full":["https:\/\/mleexelnfod5.i.optimole.com\/w:auto\/h:auto\/q:mauto\/f:best\/https:\/\/meiser-tv.de\/wp-content\/uploads\/2026\/09\/1f1e9-1f1ea-4.png",72,72,false],"thumbnail":["https:\/\/mleexelnfod5.i.optimole.com\/w:auto\/h:auto\/q:mauto\/f:best\/https:\/\/meiser-tv.de\/wp-content\/uploads\/2026\/09\/1f1e9-1f1ea-4.png",72,72,false],"medium":["https:\/\/mleexelnfod5.i.optimole.com\/w:auto\/h:auto\/q:mauto\/f:best\/https:\/\/meiser-tv.de\/wp-content\/uploads\/2026\/09\/1f1e9-1f1ea-4.png",72,72,false],"medium_large":["https:\/\/mleexelnfod5.i.optimole.com\/w:auto\/h:auto\/q:mauto\/f:best\/https:\/\/meiser-tv.de\/wp-content\/uploads\/2026\/09\/1f1e9-1f1ea-4.png",72,72,false],"large":["https:\/\/mleexelnfod5.i.optimole.com\/w:auto\/h:auto\/q:mauto\/f:best\/https:\/\/meiser-tv.de\/wp-content\/uploads\/2026\/09\/1f1e9-1f1ea-4.png",72,72,false],"1536x1536":["https:\/\/mleexelnfod5.i.optimole.com\/w:auto\/h:auto\/q:mauto\/f:best\/https:\/\/meiser-tv.de\/wp-content\/uploads\/2026\/09\/1f1e9-1f1ea-4.png",72,72,false],"2048x2048":["https:\/\/mleexelnfod5.i.optimole.com\/w:auto\/h:auto\/q:mauto\/f:best\/https:\/\/meiser-tv.de\/wp-content\/uploads\/2026\/09\/1f1e9-1f1ea-4.png",72,72,false],"trp-custom-language-flag":["https:\/\/mleexelnfod5.i.optimole.com\/w:12\/h:12\/q:mauto\/f:best\/dpr:2\/https:\/\/meiser-tv.de\/wp-content\/uploads\/2026\/09\/1f1e9-1f1ea-4.png",12,12,true]},"uagb_author_info":{"display_name":"admin","author_link":"https:\/\/meiser-tv.de\/en\/author\/admin\/"},"uagb_comment_info":0,"uagb_excerpt":"Der Pfleger und alleinerziehende Vater Matthias K\u00fchn sieht sich mit einer aus seiner Sicht beispiellosen Politjustiz konfrontiert: Nach eigenen Angaben erhielt er vom Amtsgericht Ebersberg einen Strafbefehl \u00fcber 9.000 Euro \u2013 weil er einen patriotischen Slogan wiederholt hatte. Inzwischen ist K\u00fchn gemeinsam mit seinem Sohn in die Schweiz ausgewandert. Im Interview mit DK\ud83c\udde9\ud83c\uddea-Reporter Johannes Sch\u00fcller&hellip;","_links":{"self":[{"href":"https:\/\/meiser-tv.de\/en\/wp-json\/wp\/v2\/posts\/21138","targetHints":{"allow":["GET"]}}],"collection":[{"href":"https:\/\/meiser-tv.de\/en\/wp-json\/wp\/v2\/posts"}],"about":[{"href":"https:\/\/meiser-tv.de\/en\/wp-json\/wp\/v2\/types\/post"}],"author":[{"embeddable":true,"href":"https:\/\/meiser-tv.de\/en\/wp-json\/wp\/v2\/users\/1"}],"replies":[{"embeddable":true,"href":"https:\/\/meiser-tv.de\/en\/wp-json\/wp\/v2\/comments?post=21138"}],"version-history":[{"count":0,"href":"https:\/\/meiser-tv.de\/en\/wp-json\/wp\/v2\/posts\/21138\/revisions"}],"wp:featuredmedia":[{"embeddable":true,"href":"https:\/\/meiser-tv.de\/en\/wp-json\/wp\/v2\/media\/21139"}],"wp:attachment":[{"href":"https:\/\/meiser-tv.de\/en\/wp-json\/wp\/v2\/media?parent=21138"}],"wp:term":[{"taxonomy":"category","embeddable":true,"href":"https:\/\/meiser-tv.de\/en\/wp-json\/wp\/v2\/categories?post=21138"},{"taxonomy":"post_tag","embeddable":true,"href":"https:\/\/meiser-tv.de\/en\/wp-json\/wp\/v2\/tags?post=21138"}],"curies":[{"name":"wp","href":"https:\/\/api.w.org\/{rel}","templated":true}]}}